{"id":4857,"date":"2023-03-20T18:10:36","date_gmt":"2023-03-20T21:10:36","guid":{"rendered":"https:\/\/brasilnoticias.org\/site\/?p=4857"},"modified":"2023-03-20T17:15:29","modified_gmt":"2023-03-20T20:15:29","slug":"micareta-de-feira-tera-leo-santana-claudia-leitte-xanddy-e-mais","status":"publish","type":"post","link":"https:\/\/brasilnoticias.org\/site\/micareta-de-feira-tera-leo-santana-claudia-leitte-xanddy-e-mais\/","title":{"rendered":"Micareta de Feira ter\u00e1 L\u00e9o Santana, Claudia Leitte, Xanddy e mais"},"content":{"rendered":"<p>Depois de tr\u00eas anos de interrup\u00e7\u00f5es por causa da pandemia de Covid-19, a Prefeitura de Feira de Santana divulgou nesta segunda-feira, 20, as atra\u00e7\u00f5es da Micareta deste ano, que acontece entre os dias 20 e 23 de abril.<\/p>\n<p>Neste ano, a festa acontecer\u00e1 por volta das 11h. At\u00e9 sexta-feira, 24, mais nomes ser\u00e3o divulgados. Ainda n\u00e3o h\u00e1 informa\u00e7\u00f5es sobre os dias e hor\u00e1rios que cada artista ir\u00e1 se apresentar.<\/p>\n<p>Al\u00e9m disso, as barracas de bebidas e comidas que anteriormente ficavam na avenida, foram realocadas para as transversais. De acordo com a prefeitura, as ruas transversais s\u00e3o mais seguras para os foli\u00f5es e comerciantes.<\/p>\n<p>Confira a lista de atra\u00e7\u00f5es j\u00e1 confirmadas:<\/p>\n<p>Igor Kann\u00e1rio<\/p>\n<p>Xandy Harmonia<\/p>\n<p>Bell Marques<\/p>\n<p>Thiago Aquino<\/p>\n<p>Olodum<\/p>\n<p>Claudia Leitte<\/p>\n<p>Oh Pol\u00eamico<\/p>\n<p>Jovem Dex<\/p>\n<p>Djalma Ferreira<\/p>\n<p>Lib\u00fa do Reggae<\/p>\n<p>Psirico<\/p>\n<p>Edson Gomes<\/p>\n<p>L\u00e9o Santana<\/p>\n<p>L\u00e1 F\u00faria<\/p>\n<p>Tonho Dionorina<\/p>\n<p>Aud\u00e1cia Pura<\/p>\n<p>Tayrone<\/p>\n<p>M\u00e1rcia Porto<\/p>\n<p>Timbalada<\/p>\n<p>Paulo Bind\u00e1<\/p>\n<p>Foto: Reprodu\u00e7\u00e3o | Micareta de Feira<br \/>\nA Tarde<\/p>\n","protected":false},"excerpt":{"rendered":"<p>Depois de tr\u00eas anos de interrup\u00e7\u00f5es por causa da pandemia de Covid-19, a Prefeitura de Feira de Santana divulgou nesta<\/p>\n","protected":false},"author":1,"featured_media":4858,"comment_status":"open","ping_status":"open","sticky":false,"template":"","format":"standard","meta":{"colormag_page_container_layout":"default_layout","colormag_page_sidebar_layout":"default_layout","_FSMCFIC_featured_image_caption":"","_FSMCFIC_featured_image_nocaption":"","_FSMCFIC_featured_image_hide":"","footnotes":""},"categories":[8,1],"tags":[],"class_list":["post-4857","post","type-post","status-publish","format-standard","has-post-thumbnail","hentry","category-entretenimento","category-ultimas"],"yoast_head":"<!-- This site is optimized with the Yoast SEO plugin v27.1.1 - https:\/\/yoast.com\/product\/yoast-seo-wordpress\/ -->\n<title>Micareta de Feira ter\u00e1 L\u00e9o Santana, Claudia Leitte, Xanddy e mais - Brasil not\u00edcias<\/title>\n<meta name=\"robots\" content=\"index, follow, max-snippet:-1, max-image-preview:large, max-video-preview:-1\" \/>\n<link rel=\"canonical\" href=\"https:\/\/brasilnoticias.org\/site\/micareta-de-feira-tera-leo-santana-claudia-leitte-xanddy-e-mais\/\" \/>\n<meta property=\"og:locale\" content=\"pt_PT\" \/>\n<meta property=\"og:type\" content=\"article\" \/>\n<meta property=\"og:title\" content=\"Micareta de Feira ter\u00e1 L\u00e9o Santana, Claudia Leitte, Xanddy e mais - Brasil not\u00edcias\" \/>\n<meta property=\"og:description\" content=\"Depois de tr\u00eas anos de interrup\u00e7\u00f5es por causa da pandemia de Covid-19, a Prefeitura de Feira de Santana divulgou nesta\" \/>\n<meta property=\"og:url\" content=\"https:\/\/brasilnoticias.org\/site\/micareta-de-feira-tera-leo-santana-claudia-leitte-xanddy-e-mais\/\" \/>\n<meta property=\"og:site_name\" content=\"Brasil not\u00edcias\" \/>\n<meta property=\"article:published_time\" content=\"2023-03-20T21:10:36+00:00\" \/>\n<meta property=\"og:image\" content=\"https:\/\/brasilnoticias.org\/site\/wp-content\/uploads\/2023\/03\/Artigo-Destaque_01222971_00.jpg\" \/>\n\t<meta property=\"og:image:width\" content=\"1024\" \/>\n\t<meta property=\"og:image:height\" content=\"682\" \/>\n\t<meta property=\"og:image:type\" content=\"image\/jpeg\" \/>\n<meta name=\"author\" content=\"Reda\u00e7\u00e3o\" \/>\n<meta name=\"twitter:card\" content=\"summary_large_image\" \/>\n<meta name=\"twitter:label1\" content=\"Escrito por\" \/>\n\t<meta name=\"twitter:data1\" content=\"Reda\u00e7\u00e3o\" \/>\n<script type=\"application\/ld+json\" class=\"yoast-schema-graph\">{\"@context\":\"https:\/\/schema.org\",\"@graph\":[{\"@type\":\"Article\",\"@id\":\"https:\/\/brasilnoticias.org\/site\/micareta-de-feira-tera-leo-santana-claudia-leitte-xanddy-e-mais\/#article\",\"isPartOf\":{\"@id\":\"https:\/\/brasilnoticias.org\/site\/micareta-de-feira-tera-leo-santana-claudia-leitte-xanddy-e-mais\/\"},\"author\":{\"name\":\"Reda\u00e7\u00e3o\",\"@id\":\"https:\/\/brasilnoticias.org\/site\/#\/schema\/person\/a0e05b973ec4d15c658d51911e53507b\"},\"headline\":\"Micareta de Feira ter\u00e1 L\u00e9o Santana, Claudia Leitte, Xanddy e mais\",\"datePublished\":\"2023-03-20T21:10:36+00:00\",\"mainEntityOfPage\":{\"@id\":\"https:\/\/brasilnoticias.org\/site\/micareta-de-feira-tera-leo-santana-claudia-leitte-xanddy-e-mais\/\"},\"wordCount\":180,\"commentCount\":0,\"publisher\":{\"@id\":\"https:\/\/brasilnoticias.org\/site\/#organization\"},\"image\":{\"@id\":\"https:\/\/brasilnoticias.org\/site\/micareta-de-feira-tera-leo-santana-claudia-leitte-xanddy-e-mais\/#primaryimage\"},\"thumbnailUrl\":\"https:\/\/brasilnoticias.org\/site\/wp-content\/uploads\/2023\/03\/Artigo-Destaque_01222971_00.jpg\",\"articleSection\":[\"Entretenimento\",\"\u00daltimas\"],\"inLanguage\":\"pt-PT\",\"potentialAction\":[{\"@type\":\"CommentAction\",\"name\":\"Comment\",\"target\":[\"https:\/\/brasilnoticias.org\/site\/micareta-de-feira-tera-leo-santana-claudia-leitte-xanddy-e-mais\/#respond\"]}]},{\"@type\":\"WebPage\",\"@id\":\"https:\/\/brasilnoticias.org\/site\/micareta-de-feira-tera-leo-santana-claudia-leitte-xanddy-e-mais\/\",\"url\":\"https:\/\/brasilnoticias.org\/site\/micareta-de-feira-tera-leo-santana-claudia-leitte-xanddy-e-mais\/\",\"name\":\"Micareta de Feira ter\u00e1 L\u00e9o Santana, Claudia Leitte, Xanddy e mais - Brasil not\u00edcias\",\"isPartOf\":{\"@id\":\"https:\/\/brasilnoticias.org\/site\/#website\"},\"primaryImageOfPage\":{\"@id\":\"https:\/\/brasilnoticias.org\/site\/micareta-de-feira-tera-leo-santana-claudia-leitte-xanddy-e-mais\/#primaryimage\"},\"image\":{\"@id\":\"https:\/\/brasilnoticias.org\/site\/micareta-de-feira-tera-leo-santana-claudia-leitte-xanddy-e-mais\/#primaryimage\"},\"thumbnailUrl\":\"https:\/\/brasilnoticias.org\/site\/wp-content\/uploads\/2023\/03\/Artigo-Destaque_01222971_00.jpg\",\"datePublished\":\"2023-03-20T21:10:36+00:00\",\"breadcrumb\":{\"@id\":\"https:\/\/brasilnoticias.org\/site\/micareta-de-feira-tera-leo-santana-claudia-leitte-xanddy-e-mais\/#breadcrumb\"},\"inLanguage\":\"pt-PT\",\"potentialAction\":[{\"@type\":\"ReadAction\",\"target\":[\"https:\/\/brasilnoticias.org\/site\/micareta-de-feira-tera-leo-santana-claudia-leitte-xanddy-e-mais\/\"]}]},{\"@type\":\"ImageObject\",\"inLanguage\":\"pt-PT\",\"@id\":\"https:\/\/brasilnoticias.org\/site\/micareta-de-feira-tera-leo-santana-claudia-leitte-xanddy-e-mais\/#primaryimage\",\"url\":\"https:\/\/brasilnoticias.org\/site\/wp-content\/uploads\/2023\/03\/Artigo-Destaque_01222971_00.jpg\",\"contentUrl\":\"https:\/\/brasilnoticias.org\/site\/wp-content\/uploads\/2023\/03\/Artigo-Destaque_01222971_00.jpg\",\"width\":1024,\"height\":682},{\"@type\":\"BreadcrumbList\",\"@id\":\"https:\/\/brasilnoticias.org\/site\/micareta-de-feira-tera-leo-santana-claudia-leitte-xanddy-e-mais\/#breadcrumb\",\"itemListElement\":[{\"@type\":\"ListItem\",\"position\":1,\"name\":\"In\u00edcio\",\"item\":\"https:\/\/brasilnoticias.org\/site\/\"},{\"@type\":\"ListItem\",\"position\":2,\"name\":\"Micareta de Feira ter\u00e1 L\u00e9o Santana, Claudia Leitte, Xanddy e mais\"}]},{\"@type\":\"WebSite\",\"@id\":\"https:\/\/brasilnoticias.org\/site\/#website\",\"url\":\"https:\/\/brasilnoticias.org\/site\/\",\"name\":\"Brasil not\u00edcias\",\"description\":\"Brasil not\u00edcias\",\"publisher\":{\"@id\":\"https:\/\/brasilnoticias.org\/site\/#organization\"},\"potentialAction\":[{\"@type\":\"SearchAction\",\"target\":{\"@type\":\"EntryPoint\",\"urlTemplate\":\"https:\/\/brasilnoticias.org\/site\/?s={search_term_string}\"},\"query-input\":{\"@type\":\"PropertyValueSpecification\",\"valueRequired\":true,\"valueName\":\"search_term_string\"}}],\"inLanguage\":\"pt-PT\"},{\"@type\":\"Organization\",\"@id\":\"https:\/\/brasilnoticias.org\/site\/#organization\",\"name\":\"Brasil not\u00edcias\",\"url\":\"https:\/\/brasilnoticias.org\/site\/\",\"logo\":{\"@type\":\"ImageObject\",\"inLanguage\":\"pt-PT\",\"@id\":\"https:\/\/brasilnoticias.org\/site\/#\/schema\/logo\/image\/\",\"url\":\"https:\/\/brasilnoticias.org\/site\/wp-content\/uploads\/2022\/05\/cropped-brasilnoticias-mini.jpg\",\"contentUrl\":\"https:\/\/brasilnoticias.org\/site\/wp-content\/uploads\/2022\/05\/cropped-brasilnoticias-mini.jpg\",\"width\":314,\"height\":86,\"caption\":\"Brasil not\u00edcias\"},\"image\":{\"@id\":\"https:\/\/brasilnoticias.org\/site\/#\/schema\/logo\/image\/\"}},{\"@type\":\"Person\",\"@id\":\"https:\/\/brasilnoticias.org\/site\/#\/schema\/person\/a0e05b973ec4d15c658d51911e53507b\",\"name\":\"Reda\u00e7\u00e3o\",\"image\":{\"@type\":\"ImageObject\",\"inLanguage\":\"pt-PT\",\"@id\":\"https:\/\/brasilnoticias.org\/site\/#\/schema\/person\/image\/\",\"url\":\"https:\/\/secure.gravatar.com\/avatar\/75d8b050df2de108b08ae78dfb8e374892df24a383c67db9c46a9c604f6aee9c?s=96&d=mm&r=g\",\"contentUrl\":\"https:\/\/secure.gravatar.com\/avatar\/75d8b050df2de108b08ae78dfb8e374892df24a383c67db9c46a9c604f6aee9c?s=96&d=mm&r=g\",\"caption\":\"Reda\u00e7\u00e3o\"},\"sameAs\":[\"https:\/\/brasilnoticias.org\/site\"],\"url\":\"https:\/\/brasilnoticias.org\/site\/author\/fernandozsngmail-com\/\"}]}<\/script>\n<!-- \/ Yoast SEO plugin. -->","yoast_head_json":{"title":"Micareta de Feira ter\u00e1 L\u00e9o Santana, Claudia Leitte, Xanddy e mais - Brasil not\u00edcias","robots":{"index":"index","follow":"follow","max-snippet":"max-snippet:-1","max-image-preview":"max-image-preview:large","max-video-preview":"max-video-preview:-1"},"canonical":"https:\/\/brasilnoticias.org\/site\/micareta-de-feira-tera-leo-santana-claudia-leitte-xanddy-e-mais\/","og_locale":"pt_PT","og_type":"article","og_title":"Micareta de Feira ter\u00e1 L\u00e9o Santana, Claudia Leitte, Xanddy e mais - Brasil not\u00edcias","og_description":"Depois de tr\u00eas anos de interrup\u00e7\u00f5es por causa da pandemia de Covid-19, a Prefeitura de Feira de Santana divulgou nesta","og_url":"https:\/\/brasilnoticias.org\/site\/micareta-de-feira-tera-leo-santana-claudia-leitte-xanddy-e-mais\/","og_site_name":"Brasil not\u00edcias","article_published_time":"2023-03-20T21:10:36+00:00","og_image":[{"width":1024,"height":682,"url":"https:\/\/brasilnoticias.org\/site\/wp-content\/uploads\/2023\/03\/Artigo-Destaque_01222971_00.jpg","type":"image\/jpeg"}],"author":"Reda\u00e7\u00e3o","twitter_card":"summary_large_image","twitter_misc":{"Escrito por":"Reda\u00e7\u00e3o"},"schema":{"@context":"https:\/\/schema.org","@graph":[{"@type":"Article","@id":"https:\/\/brasilnoticias.org\/site\/micareta-de-feira-tera-leo-santana-claudia-leitte-xanddy-e-mais\/#article","isPartOf":{"@id":"https:\/\/brasilnoticias.org\/site\/micareta-de-feira-tera-leo-santana-claudia-leitte-xanddy-e-mais\/"},"author":{"name":"Reda\u00e7\u00e3o","@id":"https:\/\/brasilnoticias.org\/site\/#\/schema\/person\/a0e05b973ec4d15c658d51911e53507b"},"headline":"Micareta de Feira ter\u00e1 L\u00e9o Santana, Claudia Leitte, Xanddy e mais","datePublished":"2023-03-20T21:10:36+00:00","mainEntityOfPage":{"@id":"https:\/\/brasilnoticias.org\/site\/micareta-de-feira-tera-leo-santana-claudia-leitte-xanddy-e-mais\/"},"wordCount":180,"commentCount":0,"publisher":{"@id":"https:\/\/brasilnoticias.org\/site\/#organization"},"image":{"@id":"https:\/\/brasilnoticias.org\/site\/micareta-de-feira-tera-leo-santana-claudia-leitte-xanddy-e-mais\/#primaryimage"},"thumbnailUrl":"https:\/\/brasilnoticias.org\/site\/wp-content\/uploads\/2023\/03\/Artigo-Destaque_01222971_00.jpg","articleSection":["Entretenimento","\u00daltimas"],"inLanguage":"pt-PT","potentialAction":[{"@type":"CommentAction","name":"Comment","target":["https:\/\/brasilnoticias.org\/site\/micareta-de-feira-tera-leo-santana-claudia-leitte-xanddy-e-mais\/#respond"]}]},{"@type":"WebPage","@id":"https:\/\/brasilnoticias.org\/site\/micareta-de-feira-tera-leo-santana-claudia-leitte-xanddy-e-mais\/","url":"https:\/\/brasilnoticias.org\/site\/micareta-de-feira-tera-leo-santana-claudia-leitte-xanddy-e-mais\/","name":"Micareta de Feira ter\u00e1 L\u00e9o Santana, Claudia Leitte, Xanddy e mais - Brasil not\u00edcias","isPartOf":{"@id":"https:\/\/brasilnoticias.org\/site\/#website"},"primaryImageOfPage":{"@id":"https:\/\/brasilnoticias.org\/site\/micareta-de-feira-tera-leo-santana-claudia-leitte-xanddy-e-mais\/#primaryimage"},"image":{"@id":"https:\/\/brasilnoticias.org\/site\/micareta-de-feira-tera-leo-santana-claudia-leitte-xanddy-e-mais\/#primaryimage"},"thumbnailUrl":"https:\/\/brasilnoticias.org\/site\/wp-content\/uploads\/2023\/03\/Artigo-Destaque_01222971_00.jpg","datePublished":"2023-03-20T21:10:36+00:00","breadcrumb":{"@id":"https:\/\/brasilnoticias.org\/site\/micareta-de-feira-tera-leo-santana-claudia-leitte-xanddy-e-mais\/#breadcrumb"},"inLanguage":"pt-PT","potentialAction":[{"@type":"ReadAction","target":["https:\/\/brasilnoticias.org\/site\/micareta-de-feira-tera-leo-santana-claudia-leitte-xanddy-e-mais\/"]}]},{"@type":"ImageObject","inLanguage":"pt-PT","@id":"https:\/\/brasilnoticias.org\/site\/micareta-de-feira-tera-leo-santana-claudia-leitte-xanddy-e-mais\/#primaryimage","url":"https:\/\/brasilnoticias.org\/site\/wp-content\/uploads\/2023\/03\/Artigo-Destaque_01222971_00.jpg","contentUrl":"https:\/\/brasilnoticias.org\/site\/wp-content\/uploads\/2023\/03\/Artigo-Destaque_01222971_00.jpg","width":1024,"height":682},{"@type":"BreadcrumbList","@id":"https:\/\/brasilnoticias.org\/site\/micareta-de-feira-tera-leo-santana-claudia-leitte-xanddy-e-mais\/#breadcrumb","itemListElement":[{"@type":"ListItem","position":1,"name":"In\u00edcio","item":"https:\/\/brasilnoticias.org\/site\/"},{"@type":"ListItem","position":2,"name":"Micareta de Feira ter\u00e1 L\u00e9o Santana, Claudia Leitte, Xanddy e mais"}]},{"@type":"WebSite","@id":"https:\/\/brasilnoticias.org\/site\/#website","url":"https:\/\/brasilnoticias.org\/site\/","name":"Brasil not\u00edcias","description":"Brasil not\u00edcias","publisher":{"@id":"https:\/\/brasilnoticias.org\/site\/#organization"},"potentialAction":[{"@type":"SearchAction","target":{"@type":"EntryPoint","urlTemplate":"https:\/\/brasilnoticias.org\/site\/?s={search_term_string}"},"query-input":{"@type":"PropertyValueSpecification","valueRequired":true,"valueName":"search_term_string"}}],"inLanguage":"pt-PT"},{"@type":"Organization","@id":"https:\/\/brasilnoticias.org\/site\/#organization","name":"Brasil not\u00edcias","url":"https:\/\/brasilnoticias.org\/site\/","logo":{"@type":"ImageObject","inLanguage":"pt-PT","@id":"https:\/\/brasilnoticias.org\/site\/#\/schema\/logo\/image\/","url":"https:\/\/brasilnoticias.org\/site\/wp-content\/uploads\/2022\/05\/cropped-brasilnoticias-mini.jpg","contentUrl":"https:\/\/brasilnoticias.org\/site\/wp-content\/uploads\/2022\/05\/cropped-brasilnoticias-mini.jpg","width":314,"height":86,"caption":"Brasil not\u00edcias"},"image":{"@id":"https:\/\/brasilnoticias.org\/site\/#\/schema\/logo\/image\/"}},{"@type":"Person","@id":"https:\/\/brasilnoticias.org\/site\/#\/schema\/person\/a0e05b973ec4d15c658d51911e53507b","name":"Reda\u00e7\u00e3o","image":{"@type":"ImageObject","inLanguage":"pt-PT","@id":"https:\/\/brasilnoticias.org\/site\/#\/schema\/person\/image\/","url":"https:\/\/secure.gravatar.com\/avatar\/75d8b050df2de108b08ae78dfb8e374892df24a383c67db9c46a9c604f6aee9c?s=96&d=mm&r=g","contentUrl":"https:\/\/secure.gravatar.com\/avatar\/75d8b050df2de108b08ae78dfb8e374892df24a383c67db9c46a9c604f6aee9c?s=96&d=mm&r=g","caption":"Reda\u00e7\u00e3o"},"sameAs":["https:\/\/brasilnoticias.org\/site"],"url":"https:\/\/brasilnoticias.org\/site\/author\/fernandozsngmail-com\/"}]}},"_links":{"self":[{"href":"https:\/\/brasilnoticias.org\/site\/wp-json\/wp\/v2\/posts\/4857","targetHints":{"allow":["GET"]}}],"collection":[{"href":"https:\/\/brasilnoticias.org\/site\/wp-json\/wp\/v2\/posts"}],"about":[{"href":"https:\/\/brasilnoticias.org\/site\/wp-json\/wp\/v2\/types\/post"}],"author":[{"embeddable":true,"href":"https:\/\/brasilnoticias.org\/site\/wp-json\/wp\/v2\/users\/1"}],"replies":[{"embeddable":true,"href":"https:\/\/brasilnoticias.org\/site\/wp-json\/wp\/v2\/comments?post=4857"}],"version-history":[{"count":1,"href":"https:\/\/brasilnoticias.org\/site\/wp-json\/wp\/v2\/posts\/4857\/revisions"}],"predecessor-version":[{"id":4859,"href":"https:\/\/brasilnoticias.org\/site\/wp-json\/wp\/v2\/posts\/4857\/revisions\/4859"}],"wp:featuredmedia":[{"embeddable":true,"href":"https:\/\/brasilnoticias.org\/site\/wp-json\/wp\/v2\/media\/4858"}],"wp:attachment":[{"href":"https:\/\/brasilnoticias.org\/site\/wp-json\/wp\/v2\/media?parent=4857"}],"wp:term":[{"taxonomy":"category","embeddable":true,"href":"https:\/\/brasilnoticias.org\/site\/wp-json\/wp\/v2\/categories?post=4857"},{"taxonomy":"post_tag","embeddable":true,"href":"https:\/\/brasilnoticias.org\/site\/wp-json\/wp\/v2\/tags?post=4857"}],"curies":[{"name":"wp","href":"https:\/\/api.w.org\/{rel}","templated":true}]}}