{"id":4864,"date":"2023-03-20T18:30:48","date_gmt":"2023-03-20T21:30:48","guid":{"rendered":"https:\/\/brasilnoticias.org\/site\/?p=4864"},"modified":"2023-03-20T17:19:16","modified_gmt":"2023-03-20T20:19:16","slug":"apos-queda-de-elevador-moradores-ficaram-nove-minutos-esperando-por-socorro","status":"publish","type":"post","link":"https:\/\/brasilnoticias.org\/site\/apos-queda-de-elevador-moradores-ficaram-nove-minutos-esperando-por-socorro\/","title":{"rendered":"Ap\u00f3s queda de elevador, moradores ficaram nove minutos esperando por socorro"},"content":{"rendered":"<p>Ap\u00f3s a queda de elevador com 11 pessoas em um pr\u00e9dio de Macei\u00f3, as v\u00edtimas tiveram que esperar pelo socorro por cerca de nove minutos. A situa\u00e7\u00e3o foi duramente criticada pelos moradores que se acidentaram.<\/p>\n<p>Depois de aguardar por ajuda por nove minutos, as v\u00edtima tiveram que for\u00e7ar a porta para conseguir sair antes da chegada do resgate. Um morador, que gravou o momento em que eles escaparam do equipamento, mostrou a situa\u00e7\u00e3o dos passageiros, que sentaram no ch\u00e3o apresentando dores.<\/p>\n<p>De acordo com o g1, no v\u00eddeo, o morador reclama da falta de assist\u00eancia ap\u00f3s o acidente. &#8220;Est\u00e1vamos todos dentro, quando ele despencou do zero para o subsolo. Fiquei indignado porque a portaria n\u00e3o tem uma chave para destravar o elevador para fazer um socorro, por mais que voc\u00ea pe\u00e7a. A\u00ed tem que esperar bombeiros ou o dono da empresa do elevador. Enquanto isso, o povo em p\u00e2nico dentro e acidentado&#8221;, disse.<\/p>\n<p>Na filmagem, o homem ainda sugere que haja um curso para que os porteiros sejam instru\u00eddos a abrirem os elevadores do pr\u00e9dio em caso de emerg\u00eancia.<\/p>\n<p>O s\u00edndico do pr\u00e9dio, Leonardo Pereira, disse que \u00e9 um procedimento padr\u00e3o os porteiros n\u00e3o terem uma chave de seguran\u00e7a para evitar que o resgate seja feito de forma inadequada.<\/p>\n<p>O Corpo de Bombeiros informou ter recebido um chamado para atendimento no local, mas retornou antes de chegar ao pr\u00e9dio porque foi informado que as pessoas j\u00e1 haviam sido auxiliados por populares.<\/p>\n<p>O caso<\/p>\n<p>O elevador despencou na tarde deste domingo (19), em Mangabeiras, na cidade de Macei\u00f3, em Alagoas. Estavam, no total, 11 pessoas dentro do equipamento, que recomendava a entrada de apenas oito pessoas.<br \/>\nApesar de o equipamento ter sa\u00eddo do 10\u00ba andar, ele s\u00f3 despencou ao chegar no 1\u00ba, deixando tr\u00eas pessoas feridas, mas sem gravidade.<\/p>\n<p>BNews<br \/>\nFoto Reprodu\u00e7\u00e3o\/Redes sociais<\/p>\n","protected":false},"excerpt":{"rendered":"<p>Ap\u00f3s a queda de elevador com 11 pessoas em um pr\u00e9dio de Macei\u00f3, as v\u00edtimas tiveram que esperar pelo socorro<\/p>\n","protected":false},"author":1,"featured_media":4865,"comment_status":"open","ping_status":"open","sticky":false,"template":"","format":"standard","meta":{"colormag_page_container_layout":"default_layout","colormag_page_sidebar_layout":"default_layout","_FSMCFIC_featured_image_caption":"","_FSMCFIC_featured_image_nocaption":"","_FSMCFIC_featured_image_hide":"","footnotes":""},"categories":[2,1],"tags":[],"class_list":["post-4864","post","type-post","status-publish","format-standard","has-post-thumbnail","hentry","category-noticias","category-ultimas"],"yoast_head":"<!-- This site is optimized with the Yoast SEO plugin v27.1.1 - https:\/\/yoast.com\/product\/yoast-seo-wordpress\/ -->\n<title>Ap\u00f3s queda de elevador, moradores ficaram nove minutos esperando por socorro - Brasil not\u00edcias<\/title>\n<meta name=\"robots\" content=\"index, follow, max-snippet:-1, max-image-preview:large, max-video-preview:-1\" \/>\n<link rel=\"canonical\" href=\"https:\/\/brasilnoticias.org\/site\/apos-queda-de-elevador-moradores-ficaram-nove-minutos-esperando-por-socorro\/\" \/>\n<meta property=\"og:locale\" content=\"pt_PT\" \/>\n<meta property=\"og:type\" content=\"article\" \/>\n<meta property=\"og:title\" content=\"Ap\u00f3s queda de elevador, moradores ficaram nove minutos esperando por socorro - Brasil not\u00edcias\" \/>\n<meta property=\"og:description\" content=\"Ap\u00f3s a queda de elevador com 11 pessoas em um pr\u00e9dio de Macei\u00f3, as v\u00edtimas tiveram que esperar pelo socorro\" \/>\n<meta property=\"og:url\" content=\"https:\/\/brasilnoticias.org\/site\/apos-queda-de-elevador-moradores-ficaram-nove-minutos-esperando-por-socorro\/\" \/>\n<meta property=\"og:site_name\" content=\"Brasil not\u00edcias\" \/>\n<meta property=\"article:published_time\" content=\"2023-03-20T21:30:48+00:00\" \/>\n<meta property=\"og:image\" content=\"https:\/\/brasilnoticias.org\/site\/wp-content\/uploads\/2023\/03\/whatsapp_image_2023-03-20_at_11.42.06_qWhE1wU_widelg.jpeg\" \/>\n\t<meta property=\"og:image:width\" content=\"800\" \/>\n\t<meta property=\"og:image:height\" content=\"450\" \/>\n\t<meta property=\"og:image:type\" content=\"image\/jpeg\" \/>\n<meta name=\"author\" content=\"Reda\u00e7\u00e3o\" \/>\n<meta name=\"twitter:card\" content=\"summary_large_image\" \/>\n<meta name=\"twitter:label1\" content=\"Escrito por\" \/>\n\t<meta name=\"twitter:data1\" content=\"Reda\u00e7\u00e3o\" \/>\n<script type=\"application\/ld+json\" class=\"yoast-schema-graph\">{\"@context\":\"https:\/\/schema.org\",\"@graph\":[{\"@type\":\"Article\",\"@id\":\"https:\/\/brasilnoticias.org\/site\/apos-queda-de-elevador-moradores-ficaram-nove-minutos-esperando-por-socorro\/#article\",\"isPartOf\":{\"@id\":\"https:\/\/brasilnoticias.org\/site\/apos-queda-de-elevador-moradores-ficaram-nove-minutos-esperando-por-socorro\/\"},\"author\":{\"name\":\"Reda\u00e7\u00e3o\",\"@id\":\"https:\/\/brasilnoticias.org\/site\/#\/schema\/person\/a0e05b973ec4d15c658d51911e53507b\"},\"headline\":\"Ap\u00f3s queda de elevador, moradores ficaram nove minutos esperando por socorro\",\"datePublished\":\"2023-03-20T21:30:48+00:00\",\"mainEntityOfPage\":{\"@id\":\"https:\/\/brasilnoticias.org\/site\/apos-queda-de-elevador-moradores-ficaram-nove-minutos-esperando-por-socorro\/\"},\"wordCount\":336,\"commentCount\":0,\"publisher\":{\"@id\":\"https:\/\/brasilnoticias.org\/site\/#organization\"},\"image\":{\"@id\":\"https:\/\/brasilnoticias.org\/site\/apos-queda-de-elevador-moradores-ficaram-nove-minutos-esperando-por-socorro\/#primaryimage\"},\"thumbnailUrl\":\"https:\/\/brasilnoticias.org\/site\/wp-content\/uploads\/2023\/03\/whatsapp_image_2023-03-20_at_11.42.06_qWhE1wU_widelg.jpeg\",\"articleSection\":[\"Not\u00edcias\",\"\u00daltimas\"],\"inLanguage\":\"pt-PT\",\"potentialAction\":[{\"@type\":\"CommentAction\",\"name\":\"Comment\",\"target\":[\"https:\/\/brasilnoticias.org\/site\/apos-queda-de-elevador-moradores-ficaram-nove-minutos-esperando-por-socorro\/#respond\"]}]},{\"@type\":\"WebPage\",\"@id\":\"https:\/\/brasilnoticias.org\/site\/apos-queda-de-elevador-moradores-ficaram-nove-minutos-esperando-por-socorro\/\",\"url\":\"https:\/\/brasilnoticias.org\/site\/apos-queda-de-elevador-moradores-ficaram-nove-minutos-esperando-por-socorro\/\",\"name\":\"Ap\u00f3s queda de elevador, moradores ficaram nove minutos esperando por socorro - Brasil not\u00edcias\",\"isPartOf\":{\"@id\":\"https:\/\/brasilnoticias.org\/site\/#website\"},\"primaryImageOfPage\":{\"@id\":\"https:\/\/brasilnoticias.org\/site\/apos-queda-de-elevador-moradores-ficaram-nove-minutos-esperando-por-socorro\/#primaryimage\"},\"image\":{\"@id\":\"https:\/\/brasilnoticias.org\/site\/apos-queda-de-elevador-moradores-ficaram-nove-minutos-esperando-por-socorro\/#primaryimage\"},\"thumbnailUrl\":\"https:\/\/brasilnoticias.org\/site\/wp-content\/uploads\/2023\/03\/whatsapp_image_2023-03-20_at_11.42.06_qWhE1wU_widelg.jpeg\",\"datePublished\":\"2023-03-20T21:30:48+00:00\",\"breadcrumb\":{\"@id\":\"https:\/\/brasilnoticias.org\/site\/apos-queda-de-elevador-moradores-ficaram-nove-minutos-esperando-por-socorro\/#breadcrumb\"},\"inLanguage\":\"pt-PT\",\"potentialAction\":[{\"@type\":\"ReadAction\",\"target\":[\"https:\/\/brasilnoticias.org\/site\/apos-queda-de-elevador-moradores-ficaram-nove-minutos-esperando-por-socorro\/\"]}]},{\"@type\":\"ImageObject\",\"inLanguage\":\"pt-PT\",\"@id\":\"https:\/\/brasilnoticias.org\/site\/apos-queda-de-elevador-moradores-ficaram-nove-minutos-esperando-por-socorro\/#primaryimage\",\"url\":\"https:\/\/brasilnoticias.org\/site\/wp-content\/uploads\/2023\/03\/whatsapp_image_2023-03-20_at_11.42.06_qWhE1wU_widelg.jpeg\",\"contentUrl\":\"https:\/\/brasilnoticias.org\/site\/wp-content\/uploads\/2023\/03\/whatsapp_image_2023-03-20_at_11.42.06_qWhE1wU_widelg.jpeg\",\"width\":800,\"height\":450},{\"@type\":\"BreadcrumbList\",\"@id\":\"https:\/\/brasilnoticias.org\/site\/apos-queda-de-elevador-moradores-ficaram-nove-minutos-esperando-por-socorro\/#breadcrumb\",\"itemListElement\":[{\"@type\":\"ListItem\",\"position\":1,\"name\":\"In\u00edcio\",\"item\":\"https:\/\/brasilnoticias.org\/site\/\"},{\"@type\":\"ListItem\",\"position\":2,\"name\":\"Ap\u00f3s queda de elevador, moradores ficaram nove minutos esperando por socorro\"}]},{\"@type\":\"WebSite\",\"@id\":\"https:\/\/brasilnoticias.org\/site\/#website\",\"url\":\"https:\/\/brasilnoticias.org\/site\/\",\"name\":\"Brasil not\u00edcias\",\"description\":\"Brasil not\u00edcias\",\"publisher\":{\"@id\":\"https:\/\/brasilnoticias.org\/site\/#organization\"},\"potentialAction\":[{\"@type\":\"SearchAction\",\"target\":{\"@type\":\"EntryPoint\",\"urlTemplate\":\"https:\/\/brasilnoticias.org\/site\/?s={search_term_string}\"},\"query-input\":{\"@type\":\"PropertyValueSpecification\",\"valueRequired\":true,\"valueName\":\"search_term_string\"}}],\"inLanguage\":\"pt-PT\"},{\"@type\":\"Organization\",\"@id\":\"https:\/\/brasilnoticias.org\/site\/#organization\",\"name\":\"Brasil not\u00edcias\",\"url\":\"https:\/\/brasilnoticias.org\/site\/\",\"logo\":{\"@type\":\"ImageObject\",\"inLanguage\":\"pt-PT\",\"@id\":\"https:\/\/brasilnoticias.org\/site\/#\/schema\/logo\/image\/\",\"url\":\"https:\/\/brasilnoticias.org\/site\/wp-content\/uploads\/2022\/05\/cropped-brasilnoticias-mini.jpg\",\"contentUrl\":\"https:\/\/brasilnoticias.org\/site\/wp-content\/uploads\/2022\/05\/cropped-brasilnoticias-mini.jpg\",\"width\":314,\"height\":86,\"caption\":\"Brasil not\u00edcias\"},\"image\":{\"@id\":\"https:\/\/brasilnoticias.org\/site\/#\/schema\/logo\/image\/\"}},{\"@type\":\"Person\",\"@id\":\"https:\/\/brasilnoticias.org\/site\/#\/schema\/person\/a0e05b973ec4d15c658d51911e53507b\",\"name\":\"Reda\u00e7\u00e3o\",\"image\":{\"@type\":\"ImageObject\",\"inLanguage\":\"pt-PT\",\"@id\":\"https:\/\/brasilnoticias.org\/site\/#\/schema\/person\/image\/\",\"url\":\"https:\/\/secure.gravatar.com\/avatar\/75d8b050df2de108b08ae78dfb8e374892df24a383c67db9c46a9c604f6aee9c?s=96&d=mm&r=g\",\"contentUrl\":\"https:\/\/secure.gravatar.com\/avatar\/75d8b050df2de108b08ae78dfb8e374892df24a383c67db9c46a9c604f6aee9c?s=96&d=mm&r=g\",\"caption\":\"Reda\u00e7\u00e3o\"},\"sameAs\":[\"https:\/\/brasilnoticias.org\/site\"],\"url\":\"https:\/\/brasilnoticias.org\/site\/author\/fernandozsngmail-com\/\"}]}<\/script>\n<!-- \/ Yoast SEO plugin. -->","yoast_head_json":{"title":"Ap\u00f3s queda de elevador, moradores ficaram nove minutos esperando por socorro - Brasil not\u00edcias","robots":{"index":"index","follow":"follow","max-snippet":"max-snippet:-1","max-image-preview":"max-image-preview:large","max-video-preview":"max-video-preview:-1"},"canonical":"https:\/\/brasilnoticias.org\/site\/apos-queda-de-elevador-moradores-ficaram-nove-minutos-esperando-por-socorro\/","og_locale":"pt_PT","og_type":"article","og_title":"Ap\u00f3s queda de elevador, moradores ficaram nove minutos esperando por socorro - Brasil not\u00edcias","og_description":"Ap\u00f3s a queda de elevador com 11 pessoas em um pr\u00e9dio de Macei\u00f3, as v\u00edtimas tiveram que esperar pelo socorro","og_url":"https:\/\/brasilnoticias.org\/site\/apos-queda-de-elevador-moradores-ficaram-nove-minutos-esperando-por-socorro\/","og_site_name":"Brasil not\u00edcias","article_published_time":"2023-03-20T21:30:48+00:00","og_image":[{"width":800,"height":450,"url":"https:\/\/brasilnoticias.org\/site\/wp-content\/uploads\/2023\/03\/whatsapp_image_2023-03-20_at_11.42.06_qWhE1wU_widelg.jpeg","type":"image\/jpeg"}],"author":"Reda\u00e7\u00e3o","twitter_card":"summary_large_image","twitter_misc":{"Escrito por":"Reda\u00e7\u00e3o"},"schema":{"@context":"https:\/\/schema.org","@graph":[{"@type":"Article","@id":"https:\/\/brasilnoticias.org\/site\/apos-queda-de-elevador-moradores-ficaram-nove-minutos-esperando-por-socorro\/#article","isPartOf":{"@id":"https:\/\/brasilnoticias.org\/site\/apos-queda-de-elevador-moradores-ficaram-nove-minutos-esperando-por-socorro\/"},"author":{"name":"Reda\u00e7\u00e3o","@id":"https:\/\/brasilnoticias.org\/site\/#\/schema\/person\/a0e05b973ec4d15c658d51911e53507b"},"headline":"Ap\u00f3s queda de elevador, moradores ficaram nove minutos esperando por socorro","datePublished":"2023-03-20T21:30:48+00:00","mainEntityOfPage":{"@id":"https:\/\/brasilnoticias.org\/site\/apos-queda-de-elevador-moradores-ficaram-nove-minutos-esperando-por-socorro\/"},"wordCount":336,"commentCount":0,"publisher":{"@id":"https:\/\/brasilnoticias.org\/site\/#organization"},"image":{"@id":"https:\/\/brasilnoticias.org\/site\/apos-queda-de-elevador-moradores-ficaram-nove-minutos-esperando-por-socorro\/#primaryimage"},"thumbnailUrl":"https:\/\/brasilnoticias.org\/site\/wp-content\/uploads\/2023\/03\/whatsapp_image_2023-03-20_at_11.42.06_qWhE1wU_widelg.jpeg","articleSection":["Not\u00edcias","\u00daltimas"],"inLanguage":"pt-PT","potentialAction":[{"@type":"CommentAction","name":"Comment","target":["https:\/\/brasilnoticias.org\/site\/apos-queda-de-elevador-moradores-ficaram-nove-minutos-esperando-por-socorro\/#respond"]}]},{"@type":"WebPage","@id":"https:\/\/brasilnoticias.org\/site\/apos-queda-de-elevador-moradores-ficaram-nove-minutos-esperando-por-socorro\/","url":"https:\/\/brasilnoticias.org\/site\/apos-queda-de-elevador-moradores-ficaram-nove-minutos-esperando-por-socorro\/","name":"Ap\u00f3s queda de elevador, moradores ficaram nove minutos esperando por socorro - Brasil not\u00edcias","isPartOf":{"@id":"https:\/\/brasilnoticias.org\/site\/#website"},"primaryImageOfPage":{"@id":"https:\/\/brasilnoticias.org\/site\/apos-queda-de-elevador-moradores-ficaram-nove-minutos-esperando-por-socorro\/#primaryimage"},"image":{"@id":"https:\/\/brasilnoticias.org\/site\/apos-queda-de-elevador-moradores-ficaram-nove-minutos-esperando-por-socorro\/#primaryimage"},"thumbnailUrl":"https:\/\/brasilnoticias.org\/site\/wp-content\/uploads\/2023\/03\/whatsapp_image_2023-03-20_at_11.42.06_qWhE1wU_widelg.jpeg","datePublished":"2023-03-20T21:30:48+00:00","breadcrumb":{"@id":"https:\/\/brasilnoticias.org\/site\/apos-queda-de-elevador-moradores-ficaram-nove-minutos-esperando-por-socorro\/#breadcrumb"},"inLanguage":"pt-PT","potentialAction":[{"@type":"ReadAction","target":["https:\/\/brasilnoticias.org\/site\/apos-queda-de-elevador-moradores-ficaram-nove-minutos-esperando-por-socorro\/"]}]},{"@type":"ImageObject","inLanguage":"pt-PT","@id":"https:\/\/brasilnoticias.org\/site\/apos-queda-de-elevador-moradores-ficaram-nove-minutos-esperando-por-socorro\/#primaryimage","url":"https:\/\/brasilnoticias.org\/site\/wp-content\/uploads\/2023\/03\/whatsapp_image_2023-03-20_at_11.42.06_qWhE1wU_widelg.jpeg","contentUrl":"https:\/\/brasilnoticias.org\/site\/wp-content\/uploads\/2023\/03\/whatsapp_image_2023-03-20_at_11.42.06_qWhE1wU_widelg.jpeg","width":800,"height":450},{"@type":"BreadcrumbList","@id":"https:\/\/brasilnoticias.org\/site\/apos-queda-de-elevador-moradores-ficaram-nove-minutos-esperando-por-socorro\/#breadcrumb","itemListElement":[{"@type":"ListItem","position":1,"name":"In\u00edcio","item":"https:\/\/brasilnoticias.org\/site\/"},{"@type":"ListItem","position":2,"name":"Ap\u00f3s queda de elevador, moradores ficaram nove minutos esperando por socorro"}]},{"@type":"WebSite","@id":"https:\/\/brasilnoticias.org\/site\/#website","url":"https:\/\/brasilnoticias.org\/site\/","name":"Brasil not\u00edcias","description":"Brasil not\u00edcias","publisher":{"@id":"https:\/\/brasilnoticias.org\/site\/#organization"},"potentialAction":[{"@type":"SearchAction","target":{"@type":"EntryPoint","urlTemplate":"https:\/\/brasilnoticias.org\/site\/?s={search_term_string}"},"query-input":{"@type":"PropertyValueSpecification","valueRequired":true,"valueName":"search_term_string"}}],"inLanguage":"pt-PT"},{"@type":"Organization","@id":"https:\/\/brasilnoticias.org\/site\/#organization","name":"Brasil not\u00edcias","url":"https:\/\/brasilnoticias.org\/site\/","logo":{"@type":"ImageObject","inLanguage":"pt-PT","@id":"https:\/\/brasilnoticias.org\/site\/#\/schema\/logo\/image\/","url":"https:\/\/brasilnoticias.org\/site\/wp-content\/uploads\/2022\/05\/cropped-brasilnoticias-mini.jpg","contentUrl":"https:\/\/brasilnoticias.org\/site\/wp-content\/uploads\/2022\/05\/cropped-brasilnoticias-mini.jpg","width":314,"height":86,"caption":"Brasil not\u00edcias"},"image":{"@id":"https:\/\/brasilnoticias.org\/site\/#\/schema\/logo\/image\/"}},{"@type":"Person","@id":"https:\/\/brasilnoticias.org\/site\/#\/schema\/person\/a0e05b973ec4d15c658d51911e53507b","name":"Reda\u00e7\u00e3o","image":{"@type":"ImageObject","inLanguage":"pt-PT","@id":"https:\/\/brasilnoticias.org\/site\/#\/schema\/person\/image\/","url":"https:\/\/secure.gravatar.com\/avatar\/75d8b050df2de108b08ae78dfb8e374892df24a383c67db9c46a9c604f6aee9c?s=96&d=mm&r=g","contentUrl":"https:\/\/secure.gravatar.com\/avatar\/75d8b050df2de108b08ae78dfb8e374892df24a383c67db9c46a9c604f6aee9c?s=96&d=mm&r=g","caption":"Reda\u00e7\u00e3o"},"sameAs":["https:\/\/brasilnoticias.org\/site"],"url":"https:\/\/brasilnoticias.org\/site\/author\/fernandozsngmail-com\/"}]}},"_links":{"self":[{"href":"https:\/\/brasilnoticias.org\/site\/wp-json\/wp\/v2\/posts\/4864","targetHints":{"allow":["GET"]}}],"collection":[{"href":"https:\/\/brasilnoticias.org\/site\/wp-json\/wp\/v2\/posts"}],"about":[{"href":"https:\/\/brasilnoticias.org\/site\/wp-json\/wp\/v2\/types\/post"}],"author":[{"embeddable":true,"href":"https:\/\/brasilnoticias.org\/site\/wp-json\/wp\/v2\/users\/1"}],"replies":[{"embeddable":true,"href":"https:\/\/brasilnoticias.org\/site\/wp-json\/wp\/v2\/comments?post=4864"}],"version-history":[{"count":1,"href":"https:\/\/brasilnoticias.org\/site\/wp-json\/wp\/v2\/posts\/4864\/revisions"}],"predecessor-version":[{"id":4866,"href":"https:\/\/brasilnoticias.org\/site\/wp-json\/wp\/v2\/posts\/4864\/revisions\/4866"}],"wp:featuredmedia":[{"embeddable":true,"href":"https:\/\/brasilnoticias.org\/site\/wp-json\/wp\/v2\/media\/4865"}],"wp:attachment":[{"href":"https:\/\/brasilnoticias.org\/site\/wp-json\/wp\/v2\/media?parent=4864"}],"wp:term":[{"taxonomy":"category","embeddable":true,"href":"https:\/\/brasilnoticias.org\/site\/wp-json\/wp\/v2\/categories?post=4864"},{"taxonomy":"post_tag","embeddable":true,"href":"https:\/\/brasilnoticias.org\/site\/wp-json\/wp\/v2\/tags?post=4864"}],"curies":[{"name":"wp","href":"https:\/\/api.w.org\/{rel}","templated":true}]}}