{"id":487,"date":"2022-05-22T18:49:32","date_gmt":"2022-05-22T21:49:32","guid":{"rendered":"https:\/\/brasilnoticias.org\/site\/?p=487"},"modified":"2022-05-22T18:49:32","modified_gmt":"2022-05-22T21:49:32","slug":"oms-confirma-registro-de-92-casos-de-variola-de-macaco-em-12-paises","status":"publish","type":"post","link":"https:\/\/brasilnoticias.org\/site\/oms-confirma-registro-de-92-casos-de-variola-de-macaco-em-12-paises\/","title":{"rendered":"OMS confirma registro de 92 casos de var\u00edola de macaco em 12 pa\u00edses"},"content":{"rendered":"<p>A Organiza\u00e7\u00e3o Mundial da Sa\u00fade (OMS) confirmou, neste domingo (22), que pelo menos 12 pa\u00edses j\u00e1 registraram casos de var\u00edola de macaco. Segundo a organiza\u00e7\u00e3o, ao todo, j\u00e1 foram confirmados\u00a092 casos da doen\u00e7a.\u00a0At\u00e9 o momento, h\u00e1 registros\u00a0nos seguintes pa\u00edses: Austr\u00e1lia, B\u00e9lgica, Canad\u00e1, Fran\u00e7a, Alemanha, It\u00e1lia, Holanda, Portugal, Espanha, Su\u00e9cia, Reino Unido e Estados Unidos.<\/p>\n<p>Segundo a OMS, n\u00e3o foram estabelecidas liga\u00e7\u00f5es entre os casos confirmados e as \u00e1reas onde a doen\u00e7a \u00e9 end\u00eamica. Os pa\u00edses end\u00eamicos s\u00e3o: Benin, Camar\u00f5es, Rep\u00fablica Centro-Africana, Rep\u00fablica Democr\u00e1tica do Congo, Gab\u00e3o, Gana (identificada apenas em animais), Costa do Marfim, Lib\u00e9ria, Nig\u00e9ria, Serra Le\u00e3o e Rep\u00fablica do Congo.<\/p>\n<p>\u201cCom base nas informa\u00e7\u00f5es atualmente dispon\u00edveis, os casos foram identificados principalmente, mas n\u00e3o exclusivamente, entre homens que fazem sexo com homens\u201d, alertou em nota.<\/p>\n<p>A organiza\u00e7\u00e3o afirmou ainda que a situa\u00e7\u00e3o \u201cest\u00e1 evoluindo\u201d e h\u00e1 a previs\u00e3o de \u201cque haver\u00e1 mais casos de var\u00edola de macaco identificados \u00e0 medida que a vigil\u00e2ncia se expande em pa\u00edses n\u00e3o end\u00eamicos\u201d.<\/p>\n<p>De acordo com a OMS, \u201cas evid\u00eancias atuais dispon\u00edveis sugerem que aqueles que est\u00e3o em maior risco s\u00e3o aqueles que tiveram contato f\u00edsico pr\u00f3ximo com algu\u00e9m com var\u00edola de macaco enquanto eram sintom\u00e1ticos\u201d.<\/p>\n<p>Na Alemanha, o primeiro caso de var\u00edola dos macacos foi registrado em um brasileiro de 26 anos. O jovem teria chegado na Alemanha ap\u00f3s uma viagem com origem em Portugal, passando pela Espanha. Ele esteve tamb\u00e9m em\u00a0Munique, no sul da Alemanha. O paciente teria apresentado erup\u00e7\u00f5es cut\u00e2neas, um dos sintomas caracter\u00edsticos da doen\u00e7a. Ele est\u00e1 em isolamento em uma cl\u00ednica na cidade.<\/p>\n","protected":false},"excerpt":{"rendered":"<p>A Organiza\u00e7\u00e3o Mundial da Sa\u00fade (OMS) confirmou, neste domingo (22), que pelo menos 12 pa\u00edses j\u00e1 registraram casos de var\u00edola<\/p>\n","protected":false},"author":2,"featured_media":488,"comment_status":"open","ping_status":"open","sticky":false,"template":"","format":"standard","meta":{"colormag_page_container_layout":"default_layout","colormag_page_sidebar_layout":"default_layout","_FSMCFIC_featured_image_caption":"","_FSMCFIC_featured_image_nocaption":"","_FSMCFIC_featured_image_hide":"","footnotes":""},"categories":[6,1],"tags":[],"class_list":["post-487","post","type-post","status-publish","format-standard","has-post-thumbnail","hentry","category-mundo","category-ultimas"],"yoast_head":"<!-- This site is optimized with the Yoast SEO plugin v27.1.1 - https:\/\/yoast.com\/product\/yoast-seo-wordpress\/ -->\n<title>OMS confirma registro de 92 casos de var\u00edola de macaco em 12 pa\u00edses - Brasil not\u00edcias<\/title>\n<meta name=\"robots\" content=\"index, follow, max-snippet:-1, max-image-preview:large, max-video-preview:-1\" \/>\n<link rel=\"canonical\" href=\"https:\/\/brasilnoticias.org\/site\/oms-confirma-registro-de-92-casos-de-variola-de-macaco-em-12-paises\/\" \/>\n<meta property=\"og:locale\" content=\"pt_PT\" \/>\n<meta property=\"og:type\" content=\"article\" \/>\n<meta property=\"og:title\" content=\"OMS confirma registro de 92 casos de var\u00edola de macaco em 12 pa\u00edses - Brasil not\u00edcias\" \/>\n<meta property=\"og:description\" content=\"A Organiza\u00e7\u00e3o Mundial da Sa\u00fade (OMS) confirmou, neste domingo (22), que pelo menos 12 pa\u00edses j\u00e1 registraram casos de var\u00edola\" \/>\n<meta property=\"og:url\" content=\"https:\/\/brasilnoticias.org\/site\/oms-confirma-registro-de-92-casos-de-variola-de-macaco-em-12-paises\/\" \/>\n<meta property=\"og:site_name\" content=\"Brasil not\u00edcias\" \/>\n<meta property=\"article:published_time\" content=\"2022-05-22T21:49:32+00:00\" \/>\n<meta property=\"og:image\" content=\"https:\/\/brasilnoticias.org\/site\/wp-content\/uploads\/2022\/05\/123622oms-confirma-registro-de-92-casos-de-variola-de-macaco-em-12-paises-3.jpg\" \/>\n\t<meta property=\"og:image:width\" content=\"1600\" \/>\n\t<meta property=\"og:image:height\" content=\"752\" \/>\n\t<meta property=\"og:image:type\" content=\"image\/jpeg\" \/>\n<meta name=\"author\" content=\"Reda\u00e7\u00e3o\" \/>\n<meta name=\"twitter:card\" content=\"summary_large_image\" \/>\n<meta name=\"twitter:label1\" content=\"Escrito por\" \/>\n\t<meta name=\"twitter:data1\" content=\"Reda\u00e7\u00e3o\" \/>\n\t<meta name=\"twitter:label2\" content=\"Tempo estimado de leitura\" \/>\n\t<meta name=\"twitter:data2\" content=\"2 minutos\" \/>\n<script type=\"application\/ld+json\" class=\"yoast-schema-graph\">{\"@context\":\"https:\/\/schema.org\",\"@graph\":[{\"@type\":\"Article\",\"@id\":\"https:\/\/brasilnoticias.org\/site\/oms-confirma-registro-de-92-casos-de-variola-de-macaco-em-12-paises\/#article\",\"isPartOf\":{\"@id\":\"https:\/\/brasilnoticias.org\/site\/oms-confirma-registro-de-92-casos-de-variola-de-macaco-em-12-paises\/\"},\"author\":{\"name\":\"Reda\u00e7\u00e3o\",\"@id\":\"https:\/\/brasilnoticias.org\/site\/#\/schema\/person\/f609fa847b5314f1c8b983342f34c798\"},\"headline\":\"OMS confirma registro de 92 casos de var\u00edola de macaco em 12 pa\u00edses\",\"datePublished\":\"2022-05-22T21:49:32+00:00\",\"mainEntityOfPage\":{\"@id\":\"https:\/\/brasilnoticias.org\/site\/oms-confirma-registro-de-92-casos-de-variola-de-macaco-em-12-paises\/\"},\"wordCount\":322,\"commentCount\":0,\"publisher\":{\"@id\":\"https:\/\/brasilnoticias.org\/site\/#organization\"},\"image\":{\"@id\":\"https:\/\/brasilnoticias.org\/site\/oms-confirma-registro-de-92-casos-de-variola-de-macaco-em-12-paises\/#primaryimage\"},\"thumbnailUrl\":\"https:\/\/brasilnoticias.org\/site\/wp-content\/uploads\/2022\/05\/123622oms-confirma-registro-de-92-casos-de-variola-de-macaco-em-12-paises-3.jpg\",\"articleSection\":[\"Mundo\",\"\u00daltimas\"],\"inLanguage\":\"pt-PT\",\"potentialAction\":[{\"@type\":\"CommentAction\",\"name\":\"Comment\",\"target\":[\"https:\/\/brasilnoticias.org\/site\/oms-confirma-registro-de-92-casos-de-variola-de-macaco-em-12-paises\/#respond\"]}]},{\"@type\":\"WebPage\",\"@id\":\"https:\/\/brasilnoticias.org\/site\/oms-confirma-registro-de-92-casos-de-variola-de-macaco-em-12-paises\/\",\"url\":\"https:\/\/brasilnoticias.org\/site\/oms-confirma-registro-de-92-casos-de-variola-de-macaco-em-12-paises\/\",\"name\":\"OMS confirma registro de 92 casos de var\u00edola de macaco em 12 pa\u00edses - Brasil not\u00edcias\",\"isPartOf\":{\"@id\":\"https:\/\/brasilnoticias.org\/site\/#website\"},\"primaryImageOfPage\":{\"@id\":\"https:\/\/brasilnoticias.org\/site\/oms-confirma-registro-de-92-casos-de-variola-de-macaco-em-12-paises\/#primaryimage\"},\"image\":{\"@id\":\"https:\/\/brasilnoticias.org\/site\/oms-confirma-registro-de-92-casos-de-variola-de-macaco-em-12-paises\/#primaryimage\"},\"thumbnailUrl\":\"https:\/\/brasilnoticias.org\/site\/wp-content\/uploads\/2022\/05\/123622oms-confirma-registro-de-92-casos-de-variola-de-macaco-em-12-paises-3.jpg\",\"datePublished\":\"2022-05-22T21:49:32+00:00\",\"breadcrumb\":{\"@id\":\"https:\/\/brasilnoticias.org\/site\/oms-confirma-registro-de-92-casos-de-variola-de-macaco-em-12-paises\/#breadcrumb\"},\"inLanguage\":\"pt-PT\",\"potentialAction\":[{\"@type\":\"ReadAction\",\"target\":[\"https:\/\/brasilnoticias.org\/site\/oms-confirma-registro-de-92-casos-de-variola-de-macaco-em-12-paises\/\"]}]},{\"@type\":\"ImageObject\",\"inLanguage\":\"pt-PT\",\"@id\":\"https:\/\/brasilnoticias.org\/site\/oms-confirma-registro-de-92-casos-de-variola-de-macaco-em-12-paises\/#primaryimage\",\"url\":\"https:\/\/brasilnoticias.org\/site\/wp-content\/uploads\/2022\/05\/123622oms-confirma-registro-de-92-casos-de-variola-de-macaco-em-12-paises-3.jpg\",\"contentUrl\":\"https:\/\/brasilnoticias.org\/site\/wp-content\/uploads\/2022\/05\/123622oms-confirma-registro-de-92-casos-de-variola-de-macaco-em-12-paises-3.jpg\",\"width\":1600,\"height\":752},{\"@type\":\"BreadcrumbList\",\"@id\":\"https:\/\/brasilnoticias.org\/site\/oms-confirma-registro-de-92-casos-de-variola-de-macaco-em-12-paises\/#breadcrumb\",\"itemListElement\":[{\"@type\":\"ListItem\",\"position\":1,\"name\":\"In\u00edcio\",\"item\":\"https:\/\/brasilnoticias.org\/site\/\"},{\"@type\":\"ListItem\",\"position\":2,\"name\":\"OMS confirma registro de 92 casos de var\u00edola de macaco em 12 pa\u00edses\"}]},{\"@type\":\"WebSite\",\"@id\":\"https:\/\/brasilnoticias.org\/site\/#website\",\"url\":\"https:\/\/brasilnoticias.org\/site\/\",\"name\":\"Brasil not\u00edcias\",\"description\":\"Brasil not\u00edcias\",\"publisher\":{\"@id\":\"https:\/\/brasilnoticias.org\/site\/#organization\"},\"potentialAction\":[{\"@type\":\"SearchAction\",\"target\":{\"@type\":\"EntryPoint\",\"urlTemplate\":\"https:\/\/brasilnoticias.org\/site\/?s={search_term_string}\"},\"query-input\":{\"@type\":\"PropertyValueSpecification\",\"valueRequired\":true,\"valueName\":\"search_term_string\"}}],\"inLanguage\":\"pt-PT\"},{\"@type\":\"Organization\",\"@id\":\"https:\/\/brasilnoticias.org\/site\/#organization\",\"name\":\"Brasil not\u00edcias\",\"url\":\"https:\/\/brasilnoticias.org\/site\/\",\"logo\":{\"@type\":\"ImageObject\",\"inLanguage\":\"pt-PT\",\"@id\":\"https:\/\/brasilnoticias.org\/site\/#\/schema\/logo\/image\/\",\"url\":\"https:\/\/brasilnoticias.org\/site\/wp-content\/uploads\/2022\/05\/cropped-brasilnoticias-mini.jpg\",\"contentUrl\":\"https:\/\/brasilnoticias.org\/site\/wp-content\/uploads\/2022\/05\/cropped-brasilnoticias-mini.jpg\",\"width\":314,\"height\":86,\"caption\":\"Brasil not\u00edcias\"},\"image\":{\"@id\":\"https:\/\/brasilnoticias.org\/site\/#\/schema\/logo\/image\/\"}},{\"@type\":\"Person\",\"@id\":\"https:\/\/brasilnoticias.org\/site\/#\/schema\/person\/f609fa847b5314f1c8b983342f34c798\",\"name\":\"Reda\u00e7\u00e3o\",\"image\":{\"@type\":\"ImageObject\",\"inLanguage\":\"pt-PT\",\"@id\":\"https:\/\/brasilnoticias.org\/site\/#\/schema\/person\/image\/\",\"url\":\"https:\/\/secure.gravatar.com\/avatar\/447284c06c1ad8b46465a36de9cd0d8326b73387a22799b8b1ffb1fbcff2ed0c?s=96&d=mm&r=g\",\"contentUrl\":\"https:\/\/secure.gravatar.com\/avatar\/447284c06c1ad8b46465a36de9cd0d8326b73387a22799b8b1ffb1fbcff2ed0c?s=96&d=mm&r=g\",\"caption\":\"Reda\u00e7\u00e3o\"},\"url\":\"https:\/\/brasilnoticias.org\/site\/author\/redacao\/\"}]}<\/script>\n<!-- \/ Yoast SEO plugin. -->","yoast_head_json":{"title":"OMS confirma registro de 92 casos de var\u00edola de macaco em 12 pa\u00edses - Brasil not\u00edcias","robots":{"index":"index","follow":"follow","max-snippet":"max-snippet:-1","max-image-preview":"max-image-preview:large","max-video-preview":"max-video-preview:-1"},"canonical":"https:\/\/brasilnoticias.org\/site\/oms-confirma-registro-de-92-casos-de-variola-de-macaco-em-12-paises\/","og_locale":"pt_PT","og_type":"article","og_title":"OMS confirma registro de 92 casos de var\u00edola de macaco em 12 pa\u00edses - Brasil not\u00edcias","og_description":"A Organiza\u00e7\u00e3o Mundial da Sa\u00fade (OMS) confirmou, neste domingo (22), que pelo menos 12 pa\u00edses j\u00e1 registraram casos de var\u00edola","og_url":"https:\/\/brasilnoticias.org\/site\/oms-confirma-registro-de-92-casos-de-variola-de-macaco-em-12-paises\/","og_site_name":"Brasil not\u00edcias","article_published_time":"2022-05-22T21:49:32+00:00","og_image":[{"width":1600,"height":752,"url":"https:\/\/brasilnoticias.org\/site\/wp-content\/uploads\/2022\/05\/123622oms-confirma-registro-de-92-casos-de-variola-de-macaco-em-12-paises-3.jpg","type":"image\/jpeg"}],"author":"Reda\u00e7\u00e3o","twitter_card":"summary_large_image","twitter_misc":{"Escrito por":"Reda\u00e7\u00e3o","Tempo estimado de leitura":"2 minutos"},"schema":{"@context":"https:\/\/schema.org","@graph":[{"@type":"Article","@id":"https:\/\/brasilnoticias.org\/site\/oms-confirma-registro-de-92-casos-de-variola-de-macaco-em-12-paises\/#article","isPartOf":{"@id":"https:\/\/brasilnoticias.org\/site\/oms-confirma-registro-de-92-casos-de-variola-de-macaco-em-12-paises\/"},"author":{"name":"Reda\u00e7\u00e3o","@id":"https:\/\/brasilnoticias.org\/site\/#\/schema\/person\/f609fa847b5314f1c8b983342f34c798"},"headline":"OMS confirma registro de 92 casos de var\u00edola de macaco em 12 pa\u00edses","datePublished":"2022-05-22T21:49:32+00:00","mainEntityOfPage":{"@id":"https:\/\/brasilnoticias.org\/site\/oms-confirma-registro-de-92-casos-de-variola-de-macaco-em-12-paises\/"},"wordCount":322,"commentCount":0,"publisher":{"@id":"https:\/\/brasilnoticias.org\/site\/#organization"},"image":{"@id":"https:\/\/brasilnoticias.org\/site\/oms-confirma-registro-de-92-casos-de-variola-de-macaco-em-12-paises\/#primaryimage"},"thumbnailUrl":"https:\/\/brasilnoticias.org\/site\/wp-content\/uploads\/2022\/05\/123622oms-confirma-registro-de-92-casos-de-variola-de-macaco-em-12-paises-3.jpg","articleSection":["Mundo","\u00daltimas"],"inLanguage":"pt-PT","potentialAction":[{"@type":"CommentAction","name":"Comment","target":["https:\/\/brasilnoticias.org\/site\/oms-confirma-registro-de-92-casos-de-variola-de-macaco-em-12-paises\/#respond"]}]},{"@type":"WebPage","@id":"https:\/\/brasilnoticias.org\/site\/oms-confirma-registro-de-92-casos-de-variola-de-macaco-em-12-paises\/","url":"https:\/\/brasilnoticias.org\/site\/oms-confirma-registro-de-92-casos-de-variola-de-macaco-em-12-paises\/","name":"OMS confirma registro de 92 casos de var\u00edola de macaco em 12 pa\u00edses - Brasil not\u00edcias","isPartOf":{"@id":"https:\/\/brasilnoticias.org\/site\/#website"},"primaryImageOfPage":{"@id":"https:\/\/brasilnoticias.org\/site\/oms-confirma-registro-de-92-casos-de-variola-de-macaco-em-12-paises\/#primaryimage"},"image":{"@id":"https:\/\/brasilnoticias.org\/site\/oms-confirma-registro-de-92-casos-de-variola-de-macaco-em-12-paises\/#primaryimage"},"thumbnailUrl":"https:\/\/brasilnoticias.org\/site\/wp-content\/uploads\/2022\/05\/123622oms-confirma-registro-de-92-casos-de-variola-de-macaco-em-12-paises-3.jpg","datePublished":"2022-05-22T21:49:32+00:00","breadcrumb":{"@id":"https:\/\/brasilnoticias.org\/site\/oms-confirma-registro-de-92-casos-de-variola-de-macaco-em-12-paises\/#breadcrumb"},"inLanguage":"pt-PT","potentialAction":[{"@type":"ReadAction","target":["https:\/\/brasilnoticias.org\/site\/oms-confirma-registro-de-92-casos-de-variola-de-macaco-em-12-paises\/"]}]},{"@type":"ImageObject","inLanguage":"pt-PT","@id":"https:\/\/brasilnoticias.org\/site\/oms-confirma-registro-de-92-casos-de-variola-de-macaco-em-12-paises\/#primaryimage","url":"https:\/\/brasilnoticias.org\/site\/wp-content\/uploads\/2022\/05\/123622oms-confirma-registro-de-92-casos-de-variola-de-macaco-em-12-paises-3.jpg","contentUrl":"https:\/\/brasilnoticias.org\/site\/wp-content\/uploads\/2022\/05\/123622oms-confirma-registro-de-92-casos-de-variola-de-macaco-em-12-paises-3.jpg","width":1600,"height":752},{"@type":"BreadcrumbList","@id":"https:\/\/brasilnoticias.org\/site\/oms-confirma-registro-de-92-casos-de-variola-de-macaco-em-12-paises\/#breadcrumb","itemListElement":[{"@type":"ListItem","position":1,"name":"In\u00edcio","item":"https:\/\/brasilnoticias.org\/site\/"},{"@type":"ListItem","position":2,"name":"OMS confirma registro de 92 casos de var\u00edola de macaco em 12 pa\u00edses"}]},{"@type":"WebSite","@id":"https:\/\/brasilnoticias.org\/site\/#website","url":"https:\/\/brasilnoticias.org\/site\/","name":"Brasil not\u00edcias","description":"Brasil not\u00edcias","publisher":{"@id":"https:\/\/brasilnoticias.org\/site\/#organization"},"potentialAction":[{"@type":"SearchAction","target":{"@type":"EntryPoint","urlTemplate":"https:\/\/brasilnoticias.org\/site\/?s={search_term_string}"},"query-input":{"@type":"PropertyValueSpecification","valueRequired":true,"valueName":"search_term_string"}}],"inLanguage":"pt-PT"},{"@type":"Organization","@id":"https:\/\/brasilnoticias.org\/site\/#organization","name":"Brasil not\u00edcias","url":"https:\/\/brasilnoticias.org\/site\/","logo":{"@type":"ImageObject","inLanguage":"pt-PT","@id":"https:\/\/brasilnoticias.org\/site\/#\/schema\/logo\/image\/","url":"https:\/\/brasilnoticias.org\/site\/wp-content\/uploads\/2022\/05\/cropped-brasilnoticias-mini.jpg","contentUrl":"https:\/\/brasilnoticias.org\/site\/wp-content\/uploads\/2022\/05\/cropped-brasilnoticias-mini.jpg","width":314,"height":86,"caption":"Brasil not\u00edcias"},"image":{"@id":"https:\/\/brasilnoticias.org\/site\/#\/schema\/logo\/image\/"}},{"@type":"Person","@id":"https:\/\/brasilnoticias.org\/site\/#\/schema\/person\/f609fa847b5314f1c8b983342f34c798","name":"Reda\u00e7\u00e3o","image":{"@type":"ImageObject","inLanguage":"pt-PT","@id":"https:\/\/brasilnoticias.org\/site\/#\/schema\/person\/image\/","url":"https:\/\/secure.gravatar.com\/avatar\/447284c06c1ad8b46465a36de9cd0d8326b73387a22799b8b1ffb1fbcff2ed0c?s=96&d=mm&r=g","contentUrl":"https:\/\/secure.gravatar.com\/avatar\/447284c06c1ad8b46465a36de9cd0d8326b73387a22799b8b1ffb1fbcff2ed0c?s=96&d=mm&r=g","caption":"Reda\u00e7\u00e3o"},"url":"https:\/\/brasilnoticias.org\/site\/author\/redacao\/"}]}},"_links":{"self":[{"href":"https:\/\/brasilnoticias.org\/site\/wp-json\/wp\/v2\/posts\/487","targetHints":{"allow":["GET"]}}],"collection":[{"href":"https:\/\/brasilnoticias.org\/site\/wp-json\/wp\/v2\/posts"}],"about":[{"href":"https:\/\/brasilnoticias.org\/site\/wp-json\/wp\/v2\/types\/post"}],"author":[{"embeddable":true,"href":"https:\/\/brasilnoticias.org\/site\/wp-json\/wp\/v2\/users\/2"}],"replies":[{"embeddable":true,"href":"https:\/\/brasilnoticias.org\/site\/wp-json\/wp\/v2\/comments?post=487"}],"version-history":[{"count":1,"href":"https:\/\/brasilnoticias.org\/site\/wp-json\/wp\/v2\/posts\/487\/revisions"}],"predecessor-version":[{"id":489,"href":"https:\/\/brasilnoticias.org\/site\/wp-json\/wp\/v2\/posts\/487\/revisions\/489"}],"wp:featuredmedia":[{"embeddable":true,"href":"https:\/\/brasilnoticias.org\/site\/wp-json\/wp\/v2\/media\/488"}],"wp:attachment":[{"href":"https:\/\/brasilnoticias.org\/site\/wp-json\/wp\/v2\/media?parent=487"}],"wp:term":[{"taxonomy":"category","embeddable":true,"href":"https:\/\/brasilnoticias.org\/site\/wp-json\/wp\/v2\/categories?post=487"},{"taxonomy":"post_tag","embeddable":true,"href":"https:\/\/brasilnoticias.org\/site\/wp-json\/wp\/v2\/tags?post=487"}],"curies":[{"name":"wp","href":"https:\/\/api.w.org\/{rel}","templated":true}]}}