{"id":4899,"date":"2023-03-22T07:20:13","date_gmt":"2023-03-22T10:20:13","guid":{"rendered":"https:\/\/brasilnoticias.org\/site\/?p=4899"},"modified":"2023-03-21T18:21:31","modified_gmt":"2023-03-21T21:21:31","slug":"estuprador-e-condenado-a-castracao-por-estupro-de-criancas","status":"publish","type":"post","link":"https:\/\/brasilnoticias.org\/site\/estuprador-e-condenado-a-castracao-por-estupro-de-criancas\/","title":{"rendered":"Estuprador \u00e9 condenado \u00e0 castra\u00e7\u00e3o por estupro de crian\u00e7as"},"content":{"rendered":"<p>Um estuprador de crian\u00e7as foi quimicamente cadastrado antes de ser liberado da pris\u00e3o, de acordo com um juiz de Direito. Ryan Clark, 34, se declarou culpado das acusa\u00e7\u00f5es de estupro em segundo grau, abuso sexual de um menor e agress\u00e3o sexual.<\/p>\n<p>Segundo informa\u00e7\u00f5es do ExpressUK, ele foi condenado a 35 anos de pris\u00e3o no dia (14) pelos crimes. As inje\u00e7\u00f5es qu\u00edmicas que ele receber\u00e1 uma semana antes da soltura, como prev\u00ea a condena\u00e7\u00e3o, devem acontecer em 2048. <\/p>\n<p>A castra\u00e7\u00e3o qu\u00edmica \u00e9 um procedimento controverso que envolve uma s\u00e9rie de inje\u00e7\u00f5es de drogas para reduzir os n\u00edveis de testosterona, por\u00e9m \u00e9 legalizado em nove estados dos EUA. No caso do estado de Louisiana, onde os crimes ocorreram, \u00e9 permitido desde 2008. <\/p>\n<p>O m\u00e9todo, no entanto, \u00e9 permitido apenas em casos espec\u00edficos: abuso sexual de menores, estupro agravado, estupro for\u00e7ado e incesto agravado. O juiz Brian Ables, respons\u00e1vel pelo julgamento, considerou que os crimes cometidos por Clark se enquadram nessas categorias. <\/p>\n<p>A investiga\u00e7\u00e3o sobre os atos do agressor come\u00e7ou em 2022 quando a Par\u00f3quia de Tangipahoa alertou ao Xerife da cidade sobre o at\u00e9 ent\u00e3o suposto comportamento inadequado de Clark com um menor de idade.<\/p>\n<p>Reprodu\u00e7\u00e3o\/Pixabay<br \/>\n    Bnews<\/p>\n","protected":false},"excerpt":{"rendered":"<p>Um estuprador de crian\u00e7as foi quimicamente cadastrado antes de ser liberado da pris\u00e3o, de acordo com um juiz de Direito.<\/p>\n","protected":false},"author":1,"featured_media":4900,"comment_status":"open","ping_status":"open","sticky":false,"template":"","format":"standard","meta":{"colormag_page_container_layout":"default_layout","colormag_page_sidebar_layout":"default_layout","_FSMCFIC_featured_image_caption":"","_FSMCFIC_featured_image_nocaption":"","_FSMCFIC_featured_image_hide":"","footnotes":""},"categories":[7,1],"tags":[],"class_list":["post-4899","post","type-post","status-publish","format-standard","has-post-thumbnail","hentry","category-justica","category-ultimas"],"yoast_head":"<!-- This site is optimized with the Yoast SEO plugin v27.1.1 - https:\/\/yoast.com\/product\/yoast-seo-wordpress\/ -->\n<title>Estuprador \u00e9 condenado \u00e0 castra\u00e7\u00e3o por estupro de crian\u00e7as - Brasil not\u00edcias<\/title>\n<meta name=\"robots\" content=\"index, follow, max-snippet:-1, max-image-preview:large, max-video-preview:-1\" \/>\n<link rel=\"canonical\" href=\"https:\/\/brasilnoticias.org\/site\/estuprador-e-condenado-a-castracao-por-estupro-de-criancas\/\" \/>\n<meta property=\"og:locale\" content=\"pt_PT\" \/>\n<meta property=\"og:type\" content=\"article\" \/>\n<meta property=\"og:title\" content=\"Estuprador \u00e9 condenado \u00e0 castra\u00e7\u00e3o por estupro de crian\u00e7as - Brasil not\u00edcias\" \/>\n<meta property=\"og:description\" content=\"Um estuprador de crian\u00e7as foi quimicamente cadastrado antes de ser liberado da pris\u00e3o, de acordo com um juiz de Direito.\" \/>\n<meta property=\"og:url\" content=\"https:\/\/brasilnoticias.org\/site\/estuprador-e-condenado-a-castracao-por-estupro-de-criancas\/\" \/>\n<meta property=\"og:site_name\" content=\"Brasil not\u00edcias\" \/>\n<meta property=\"article:published_time\" content=\"2023-03-22T10:20:13+00:00\" \/>\n<meta property=\"og:image\" content=\"https:\/\/brasilnoticias.org\/site\/wp-content\/uploads\/2023\/03\/stop-children-suicide-2803437_1920_widelg.jpg\" \/>\n\t<meta property=\"og:image:width\" content=\"800\" \/>\n\t<meta property=\"og:image:height\" content=\"450\" \/>\n\t<meta property=\"og:image:type\" content=\"image\/jpeg\" \/>\n<meta name=\"author\" content=\"Reda\u00e7\u00e3o\" \/>\n<meta name=\"twitter:card\" content=\"summary_large_image\" \/>\n<meta name=\"twitter:label1\" content=\"Escrito por\" \/>\n\t<meta name=\"twitter:data1\" content=\"Reda\u00e7\u00e3o\" \/>\n<script type=\"application\/ld+json\" class=\"yoast-schema-graph\">{\"@context\":\"https:\/\/schema.org\",\"@graph\":[{\"@type\":\"Article\",\"@id\":\"https:\/\/brasilnoticias.org\/site\/estuprador-e-condenado-a-castracao-por-estupro-de-criancas\/#article\",\"isPartOf\":{\"@id\":\"https:\/\/brasilnoticias.org\/site\/estuprador-e-condenado-a-castracao-por-estupro-de-criancas\/\"},\"author\":{\"name\":\"Reda\u00e7\u00e3o\",\"@id\":\"https:\/\/brasilnoticias.org\/site\/#\/schema\/person\/a0e05b973ec4d15c658d51911e53507b\"},\"headline\":\"Estuprador \u00e9 condenado \u00e0 castra\u00e7\u00e3o por estupro de crian\u00e7as\",\"datePublished\":\"2023-03-22T10:20:13+00:00\",\"mainEntityOfPage\":{\"@id\":\"https:\/\/brasilnoticias.org\/site\/estuprador-e-condenado-a-castracao-por-estupro-de-criancas\/\"},\"wordCount\":219,\"commentCount\":0,\"publisher\":{\"@id\":\"https:\/\/brasilnoticias.org\/site\/#organization\"},\"image\":{\"@id\":\"https:\/\/brasilnoticias.org\/site\/estuprador-e-condenado-a-castracao-por-estupro-de-criancas\/#primaryimage\"},\"thumbnailUrl\":\"https:\/\/brasilnoticias.org\/site\/wp-content\/uploads\/2023\/03\/stop-children-suicide-2803437_1920_widelg.jpg\",\"articleSection\":[\"Justi\u00e7a\",\"\u00daltimas\"],\"inLanguage\":\"pt-PT\",\"potentialAction\":[{\"@type\":\"CommentAction\",\"name\":\"Comment\",\"target\":[\"https:\/\/brasilnoticias.org\/site\/estuprador-e-condenado-a-castracao-por-estupro-de-criancas\/#respond\"]}]},{\"@type\":\"WebPage\",\"@id\":\"https:\/\/brasilnoticias.org\/site\/estuprador-e-condenado-a-castracao-por-estupro-de-criancas\/\",\"url\":\"https:\/\/brasilnoticias.org\/site\/estuprador-e-condenado-a-castracao-por-estupro-de-criancas\/\",\"name\":\"Estuprador \u00e9 condenado \u00e0 castra\u00e7\u00e3o por estupro de crian\u00e7as - Brasil not\u00edcias\",\"isPartOf\":{\"@id\":\"https:\/\/brasilnoticias.org\/site\/#website\"},\"primaryImageOfPage\":{\"@id\":\"https:\/\/brasilnoticias.org\/site\/estuprador-e-condenado-a-castracao-por-estupro-de-criancas\/#primaryimage\"},\"image\":{\"@id\":\"https:\/\/brasilnoticias.org\/site\/estuprador-e-condenado-a-castracao-por-estupro-de-criancas\/#primaryimage\"},\"thumbnailUrl\":\"https:\/\/brasilnoticias.org\/site\/wp-content\/uploads\/2023\/03\/stop-children-suicide-2803437_1920_widelg.jpg\",\"datePublished\":\"2023-03-22T10:20:13+00:00\",\"breadcrumb\":{\"@id\":\"https:\/\/brasilnoticias.org\/site\/estuprador-e-condenado-a-castracao-por-estupro-de-criancas\/#breadcrumb\"},\"inLanguage\":\"pt-PT\",\"potentialAction\":[{\"@type\":\"ReadAction\",\"target\":[\"https:\/\/brasilnoticias.org\/site\/estuprador-e-condenado-a-castracao-por-estupro-de-criancas\/\"]}]},{\"@type\":\"ImageObject\",\"inLanguage\":\"pt-PT\",\"@id\":\"https:\/\/brasilnoticias.org\/site\/estuprador-e-condenado-a-castracao-por-estupro-de-criancas\/#primaryimage\",\"url\":\"https:\/\/brasilnoticias.org\/site\/wp-content\/uploads\/2023\/03\/stop-children-suicide-2803437_1920_widelg.jpg\",\"contentUrl\":\"https:\/\/brasilnoticias.org\/site\/wp-content\/uploads\/2023\/03\/stop-children-suicide-2803437_1920_widelg.jpg\",\"width\":800,\"height\":450},{\"@type\":\"BreadcrumbList\",\"@id\":\"https:\/\/brasilnoticias.org\/site\/estuprador-e-condenado-a-castracao-por-estupro-de-criancas\/#breadcrumb\",\"itemListElement\":[{\"@type\":\"ListItem\",\"position\":1,\"name\":\"In\u00edcio\",\"item\":\"https:\/\/brasilnoticias.org\/site\/\"},{\"@type\":\"ListItem\",\"position\":2,\"name\":\"Estuprador \u00e9 condenado \u00e0 castra\u00e7\u00e3o por estupro de crian\u00e7as\"}]},{\"@type\":\"WebSite\",\"@id\":\"https:\/\/brasilnoticias.org\/site\/#website\",\"url\":\"https:\/\/brasilnoticias.org\/site\/\",\"name\":\"Brasil not\u00edcias\",\"description\":\"Brasil not\u00edcias\",\"publisher\":{\"@id\":\"https:\/\/brasilnoticias.org\/site\/#organization\"},\"potentialAction\":[{\"@type\":\"SearchAction\",\"target\":{\"@type\":\"EntryPoint\",\"urlTemplate\":\"https:\/\/brasilnoticias.org\/site\/?s={search_term_string}\"},\"query-input\":{\"@type\":\"PropertyValueSpecification\",\"valueRequired\":true,\"valueName\":\"search_term_string\"}}],\"inLanguage\":\"pt-PT\"},{\"@type\":\"Organization\",\"@id\":\"https:\/\/brasilnoticias.org\/site\/#organization\",\"name\":\"Brasil not\u00edcias\",\"url\":\"https:\/\/brasilnoticias.org\/site\/\",\"logo\":{\"@type\":\"ImageObject\",\"inLanguage\":\"pt-PT\",\"@id\":\"https:\/\/brasilnoticias.org\/site\/#\/schema\/logo\/image\/\",\"url\":\"https:\/\/brasilnoticias.org\/site\/wp-content\/uploads\/2022\/05\/cropped-brasilnoticias-mini.jpg\",\"contentUrl\":\"https:\/\/brasilnoticias.org\/site\/wp-content\/uploads\/2022\/05\/cropped-brasilnoticias-mini.jpg\",\"width\":314,\"height\":86,\"caption\":\"Brasil not\u00edcias\"},\"image\":{\"@id\":\"https:\/\/brasilnoticias.org\/site\/#\/schema\/logo\/image\/\"}},{\"@type\":\"Person\",\"@id\":\"https:\/\/brasilnoticias.org\/site\/#\/schema\/person\/a0e05b973ec4d15c658d51911e53507b\",\"name\":\"Reda\u00e7\u00e3o\",\"image\":{\"@type\":\"ImageObject\",\"inLanguage\":\"pt-PT\",\"@id\":\"https:\/\/brasilnoticias.org\/site\/#\/schema\/person\/image\/\",\"url\":\"https:\/\/secure.gravatar.com\/avatar\/75d8b050df2de108b08ae78dfb8e374892df24a383c67db9c46a9c604f6aee9c?s=96&d=mm&r=g\",\"contentUrl\":\"https:\/\/secure.gravatar.com\/avatar\/75d8b050df2de108b08ae78dfb8e374892df24a383c67db9c46a9c604f6aee9c?s=96&d=mm&r=g\",\"caption\":\"Reda\u00e7\u00e3o\"},\"sameAs\":[\"https:\/\/brasilnoticias.org\/site\"],\"url\":\"https:\/\/brasilnoticias.org\/site\/author\/fernandozsngmail-com\/\"}]}<\/script>\n<!-- \/ Yoast SEO plugin. -->","yoast_head_json":{"title":"Estuprador \u00e9 condenado \u00e0 castra\u00e7\u00e3o por estupro de crian\u00e7as - Brasil not\u00edcias","robots":{"index":"index","follow":"follow","max-snippet":"max-snippet:-1","max-image-preview":"max-image-preview:large","max-video-preview":"max-video-preview:-1"},"canonical":"https:\/\/brasilnoticias.org\/site\/estuprador-e-condenado-a-castracao-por-estupro-de-criancas\/","og_locale":"pt_PT","og_type":"article","og_title":"Estuprador \u00e9 condenado \u00e0 castra\u00e7\u00e3o por estupro de crian\u00e7as - Brasil not\u00edcias","og_description":"Um estuprador de crian\u00e7as foi quimicamente cadastrado antes de ser liberado da pris\u00e3o, de acordo com um juiz de Direito.","og_url":"https:\/\/brasilnoticias.org\/site\/estuprador-e-condenado-a-castracao-por-estupro-de-criancas\/","og_site_name":"Brasil not\u00edcias","article_published_time":"2023-03-22T10:20:13+00:00","og_image":[{"width":800,"height":450,"url":"https:\/\/brasilnoticias.org\/site\/wp-content\/uploads\/2023\/03\/stop-children-suicide-2803437_1920_widelg.jpg","type":"image\/jpeg"}],"author":"Reda\u00e7\u00e3o","twitter_card":"summary_large_image","twitter_misc":{"Escrito por":"Reda\u00e7\u00e3o"},"schema":{"@context":"https:\/\/schema.org","@graph":[{"@type":"Article","@id":"https:\/\/brasilnoticias.org\/site\/estuprador-e-condenado-a-castracao-por-estupro-de-criancas\/#article","isPartOf":{"@id":"https:\/\/brasilnoticias.org\/site\/estuprador-e-condenado-a-castracao-por-estupro-de-criancas\/"},"author":{"name":"Reda\u00e7\u00e3o","@id":"https:\/\/brasilnoticias.org\/site\/#\/schema\/person\/a0e05b973ec4d15c658d51911e53507b"},"headline":"Estuprador \u00e9 condenado \u00e0 castra\u00e7\u00e3o por estupro de crian\u00e7as","datePublished":"2023-03-22T10:20:13+00:00","mainEntityOfPage":{"@id":"https:\/\/brasilnoticias.org\/site\/estuprador-e-condenado-a-castracao-por-estupro-de-criancas\/"},"wordCount":219,"commentCount":0,"publisher":{"@id":"https:\/\/brasilnoticias.org\/site\/#organization"},"image":{"@id":"https:\/\/brasilnoticias.org\/site\/estuprador-e-condenado-a-castracao-por-estupro-de-criancas\/#primaryimage"},"thumbnailUrl":"https:\/\/brasilnoticias.org\/site\/wp-content\/uploads\/2023\/03\/stop-children-suicide-2803437_1920_widelg.jpg","articleSection":["Justi\u00e7a","\u00daltimas"],"inLanguage":"pt-PT","potentialAction":[{"@type":"CommentAction","name":"Comment","target":["https:\/\/brasilnoticias.org\/site\/estuprador-e-condenado-a-castracao-por-estupro-de-criancas\/#respond"]}]},{"@type":"WebPage","@id":"https:\/\/brasilnoticias.org\/site\/estuprador-e-condenado-a-castracao-por-estupro-de-criancas\/","url":"https:\/\/brasilnoticias.org\/site\/estuprador-e-condenado-a-castracao-por-estupro-de-criancas\/","name":"Estuprador \u00e9 condenado \u00e0 castra\u00e7\u00e3o por estupro de crian\u00e7as - Brasil not\u00edcias","isPartOf":{"@id":"https:\/\/brasilnoticias.org\/site\/#website"},"primaryImageOfPage":{"@id":"https:\/\/brasilnoticias.org\/site\/estuprador-e-condenado-a-castracao-por-estupro-de-criancas\/#primaryimage"},"image":{"@id":"https:\/\/brasilnoticias.org\/site\/estuprador-e-condenado-a-castracao-por-estupro-de-criancas\/#primaryimage"},"thumbnailUrl":"https:\/\/brasilnoticias.org\/site\/wp-content\/uploads\/2023\/03\/stop-children-suicide-2803437_1920_widelg.jpg","datePublished":"2023-03-22T10:20:13+00:00","breadcrumb":{"@id":"https:\/\/brasilnoticias.org\/site\/estuprador-e-condenado-a-castracao-por-estupro-de-criancas\/#breadcrumb"},"inLanguage":"pt-PT","potentialAction":[{"@type":"ReadAction","target":["https:\/\/brasilnoticias.org\/site\/estuprador-e-condenado-a-castracao-por-estupro-de-criancas\/"]}]},{"@type":"ImageObject","inLanguage":"pt-PT","@id":"https:\/\/brasilnoticias.org\/site\/estuprador-e-condenado-a-castracao-por-estupro-de-criancas\/#primaryimage","url":"https:\/\/brasilnoticias.org\/site\/wp-content\/uploads\/2023\/03\/stop-children-suicide-2803437_1920_widelg.jpg","contentUrl":"https:\/\/brasilnoticias.org\/site\/wp-content\/uploads\/2023\/03\/stop-children-suicide-2803437_1920_widelg.jpg","width":800,"height":450},{"@type":"BreadcrumbList","@id":"https:\/\/brasilnoticias.org\/site\/estuprador-e-condenado-a-castracao-por-estupro-de-criancas\/#breadcrumb","itemListElement":[{"@type":"ListItem","position":1,"name":"In\u00edcio","item":"https:\/\/brasilnoticias.org\/site\/"},{"@type":"ListItem","position":2,"name":"Estuprador \u00e9 condenado \u00e0 castra\u00e7\u00e3o por estupro de crian\u00e7as"}]},{"@type":"WebSite","@id":"https:\/\/brasilnoticias.org\/site\/#website","url":"https:\/\/brasilnoticias.org\/site\/","name":"Brasil not\u00edcias","description":"Brasil not\u00edcias","publisher":{"@id":"https:\/\/brasilnoticias.org\/site\/#organization"},"potentialAction":[{"@type":"SearchAction","target":{"@type":"EntryPoint","urlTemplate":"https:\/\/brasilnoticias.org\/site\/?s={search_term_string}"},"query-input":{"@type":"PropertyValueSpecification","valueRequired":true,"valueName":"search_term_string"}}],"inLanguage":"pt-PT"},{"@type":"Organization","@id":"https:\/\/brasilnoticias.org\/site\/#organization","name":"Brasil not\u00edcias","url":"https:\/\/brasilnoticias.org\/site\/","logo":{"@type":"ImageObject","inLanguage":"pt-PT","@id":"https:\/\/brasilnoticias.org\/site\/#\/schema\/logo\/image\/","url":"https:\/\/brasilnoticias.org\/site\/wp-content\/uploads\/2022\/05\/cropped-brasilnoticias-mini.jpg","contentUrl":"https:\/\/brasilnoticias.org\/site\/wp-content\/uploads\/2022\/05\/cropped-brasilnoticias-mini.jpg","width":314,"height":86,"caption":"Brasil not\u00edcias"},"image":{"@id":"https:\/\/brasilnoticias.org\/site\/#\/schema\/logo\/image\/"}},{"@type":"Person","@id":"https:\/\/brasilnoticias.org\/site\/#\/schema\/person\/a0e05b973ec4d15c658d51911e53507b","name":"Reda\u00e7\u00e3o","image":{"@type":"ImageObject","inLanguage":"pt-PT","@id":"https:\/\/brasilnoticias.org\/site\/#\/schema\/person\/image\/","url":"https:\/\/secure.gravatar.com\/avatar\/75d8b050df2de108b08ae78dfb8e374892df24a383c67db9c46a9c604f6aee9c?s=96&d=mm&r=g","contentUrl":"https:\/\/secure.gravatar.com\/avatar\/75d8b050df2de108b08ae78dfb8e374892df24a383c67db9c46a9c604f6aee9c?s=96&d=mm&r=g","caption":"Reda\u00e7\u00e3o"},"sameAs":["https:\/\/brasilnoticias.org\/site"],"url":"https:\/\/brasilnoticias.org\/site\/author\/fernandozsngmail-com\/"}]}},"_links":{"self":[{"href":"https:\/\/brasilnoticias.org\/site\/wp-json\/wp\/v2\/posts\/4899","targetHints":{"allow":["GET"]}}],"collection":[{"href":"https:\/\/brasilnoticias.org\/site\/wp-json\/wp\/v2\/posts"}],"about":[{"href":"https:\/\/brasilnoticias.org\/site\/wp-json\/wp\/v2\/types\/post"}],"author":[{"embeddable":true,"href":"https:\/\/brasilnoticias.org\/site\/wp-json\/wp\/v2\/users\/1"}],"replies":[{"embeddable":true,"href":"https:\/\/brasilnoticias.org\/site\/wp-json\/wp\/v2\/comments?post=4899"}],"version-history":[{"count":1,"href":"https:\/\/brasilnoticias.org\/site\/wp-json\/wp\/v2\/posts\/4899\/revisions"}],"predecessor-version":[{"id":4901,"href":"https:\/\/brasilnoticias.org\/site\/wp-json\/wp\/v2\/posts\/4899\/revisions\/4901"}],"wp:featuredmedia":[{"embeddable":true,"href":"https:\/\/brasilnoticias.org\/site\/wp-json\/wp\/v2\/media\/4900"}],"wp:attachment":[{"href":"https:\/\/brasilnoticias.org\/site\/wp-json\/wp\/v2\/media?parent=4899"}],"wp:term":[{"taxonomy":"category","embeddable":true,"href":"https:\/\/brasilnoticias.org\/site\/wp-json\/wp\/v2\/categories?post=4899"},{"taxonomy":"post_tag","embeddable":true,"href":"https:\/\/brasilnoticias.org\/site\/wp-json\/wp\/v2\/tags?post=4899"}],"curies":[{"name":"wp","href":"https:\/\/api.w.org\/{rel}","templated":true}]}}