{"id":4922,"date":"2023-03-22T17:33:09","date_gmt":"2023-03-22T20:33:09","guid":{"rendered":"https:\/\/brasilnoticias.org\/site\/?p=4922"},"modified":"2023-03-22T17:33:09","modified_gmt":"2023-03-22T20:33:09","slug":"medico-baiano-pode-ser-afastado-de-posto-de-saude-por-acusacoes-de-assedio","status":"publish","type":"post","link":"https:\/\/brasilnoticias.org\/site\/medico-baiano-pode-ser-afastado-de-posto-de-saude-por-acusacoes-de-assedio\/","title":{"rendered":"M\u00e9dico baiano pode ser afastado de posto de sa\u00fade por acusa\u00e7\u00f5es de ass\u00e9dio"},"content":{"rendered":"<p>Um m\u00e9dico baiano pode ser afastado do posto de sa\u00fade que trabalhha ap\u00f3s ser acusado de ass\u00e9dio sexual. Os casos teriam acontecido no Posto de Sa\u00fade da Fam\u00edlia do Vale do Cap\u00e3o, distrito de Palmeiras, na Chapada Diamantina. <\/p>\n<p>Segundo informa\u00e7\u00f5es do Balan\u00e7o Geral da Record TV Itapoan, os ass\u00e9dios teriam acontecido h\u00e1 alguns meses, mas s\u00f3 agora as v\u00edtimas denunciaram, sendo elas uma estagi\u00e1ria e duas pacientes menores de idade. <\/p>\n<p>As mulheres divulgaram prints de conversas em uma rede social com teor sexual.<\/p>\n<p>O m\u00e9dico est\u00e1 de f\u00e9rias, por isso ainda n\u00e3o foi afastado oficialmente do cargo.  A delegacia de Palmeiras iniciou uma investiga\u00e7\u00e3o do caso<\/p>\n<p>Foto Marcello Casal Jr\/ Ag\u00eancia Brasil<br \/>\n Bnews<\/p>\n","protected":false},"excerpt":{"rendered":"<p>Um m\u00e9dico baiano pode ser afastado do posto de sa\u00fade que trabalhha ap\u00f3s ser acusado de ass\u00e9dio sexual. Os casos<\/p>\n","protected":false},"author":1,"featured_media":4923,"comment_status":"open","ping_status":"open","sticky":false,"template":"","format":"standard","meta":{"colormag_page_container_layout":"default_layout","colormag_page_sidebar_layout":"default_layout","_FSMCFIC_featured_image_caption":"","_FSMCFIC_featured_image_nocaption":"","_FSMCFIC_featured_image_hide":"","footnotes":""},"categories":[2,1],"tags":[],"class_list":["post-4922","post","type-post","status-publish","format-standard","has-post-thumbnail","hentry","category-noticias","category-ultimas"],"yoast_head":"<!-- This site is optimized with the Yoast SEO plugin v27.1.1 - https:\/\/yoast.com\/product\/yoast-seo-wordpress\/ -->\n<title>M\u00e9dico baiano pode ser afastado de posto de sa\u00fade por acusa\u00e7\u00f5es de ass\u00e9dio - Brasil not\u00edcias<\/title>\n<meta name=\"robots\" content=\"index, follow, max-snippet:-1, max-image-preview:large, max-video-preview:-1\" \/>\n<link rel=\"canonical\" href=\"https:\/\/brasilnoticias.org\/site\/medico-baiano-pode-ser-afastado-de-posto-de-saude-por-acusacoes-de-assedio\/\" \/>\n<meta property=\"og:locale\" content=\"pt_PT\" \/>\n<meta property=\"og:type\" content=\"article\" \/>\n<meta property=\"og:title\" content=\"M\u00e9dico baiano pode ser afastado de posto de sa\u00fade por acusa\u00e7\u00f5es de ass\u00e9dio - Brasil not\u00edcias\" \/>\n<meta property=\"og:description\" content=\"Um m\u00e9dico baiano pode ser afastado do posto de sa\u00fade que trabalhha ap\u00f3s ser acusado de ass\u00e9dio sexual. Os casos\" \/>\n<meta property=\"og:url\" content=\"https:\/\/brasilnoticias.org\/site\/medico-baiano-pode-ser-afastado-de-posto-de-saude-por-acusacoes-de-assedio\/\" \/>\n<meta property=\"og:site_name\" content=\"Brasil not\u00edcias\" \/>\n<meta property=\"article:published_time\" content=\"2023-03-22T20:33:09+00:00\" \/>\n<meta property=\"og:image\" content=\"https:\/\/brasilnoticias.org\/site\/wp-content\/uploads\/2023\/03\/consulta_medica_widelg_widelg_widelg.jpg\" \/>\n\t<meta property=\"og:image:width\" content=\"800\" \/>\n\t<meta property=\"og:image:height\" content=\"450\" \/>\n\t<meta property=\"og:image:type\" content=\"image\/jpeg\" \/>\n<meta name=\"author\" content=\"Reda\u00e7\u00e3o\" \/>\n<meta name=\"twitter:card\" content=\"summary_large_image\" \/>\n<meta name=\"twitter:label1\" content=\"Escrito por\" \/>\n\t<meta name=\"twitter:data1\" content=\"Reda\u00e7\u00e3o\" \/>\n<script type=\"application\/ld+json\" class=\"yoast-schema-graph\">{\"@context\":\"https:\/\/schema.org\",\"@graph\":[{\"@type\":\"Article\",\"@id\":\"https:\/\/brasilnoticias.org\/site\/medico-baiano-pode-ser-afastado-de-posto-de-saude-por-acusacoes-de-assedio\/#article\",\"isPartOf\":{\"@id\":\"https:\/\/brasilnoticias.org\/site\/medico-baiano-pode-ser-afastado-de-posto-de-saude-por-acusacoes-de-assedio\/\"},\"author\":{\"name\":\"Reda\u00e7\u00e3o\",\"@id\":\"https:\/\/brasilnoticias.org\/site\/#\/schema\/person\/a0e05b973ec4d15c658d51911e53507b\"},\"headline\":\"M\u00e9dico baiano pode ser afastado de posto de sa\u00fade por acusa\u00e7\u00f5es de ass\u00e9dio\",\"datePublished\":\"2023-03-22T20:33:09+00:00\",\"mainEntityOfPage\":{\"@id\":\"https:\/\/brasilnoticias.org\/site\/medico-baiano-pode-ser-afastado-de-posto-de-saude-por-acusacoes-de-assedio\/\"},\"wordCount\":147,\"commentCount\":0,\"publisher\":{\"@id\":\"https:\/\/brasilnoticias.org\/site\/#organization\"},\"image\":{\"@id\":\"https:\/\/brasilnoticias.org\/site\/medico-baiano-pode-ser-afastado-de-posto-de-saude-por-acusacoes-de-assedio\/#primaryimage\"},\"thumbnailUrl\":\"https:\/\/brasilnoticias.org\/site\/wp-content\/uploads\/2023\/03\/consulta_medica_widelg_widelg_widelg.jpg\",\"articleSection\":[\"Not\u00edcias\",\"\u00daltimas\"],\"inLanguage\":\"pt-PT\",\"potentialAction\":[{\"@type\":\"CommentAction\",\"name\":\"Comment\",\"target\":[\"https:\/\/brasilnoticias.org\/site\/medico-baiano-pode-ser-afastado-de-posto-de-saude-por-acusacoes-de-assedio\/#respond\"]}]},{\"@type\":\"WebPage\",\"@id\":\"https:\/\/brasilnoticias.org\/site\/medico-baiano-pode-ser-afastado-de-posto-de-saude-por-acusacoes-de-assedio\/\",\"url\":\"https:\/\/brasilnoticias.org\/site\/medico-baiano-pode-ser-afastado-de-posto-de-saude-por-acusacoes-de-assedio\/\",\"name\":\"M\u00e9dico baiano pode ser afastado de posto de sa\u00fade por acusa\u00e7\u00f5es de ass\u00e9dio - Brasil not\u00edcias\",\"isPartOf\":{\"@id\":\"https:\/\/brasilnoticias.org\/site\/#website\"},\"primaryImageOfPage\":{\"@id\":\"https:\/\/brasilnoticias.org\/site\/medico-baiano-pode-ser-afastado-de-posto-de-saude-por-acusacoes-de-assedio\/#primaryimage\"},\"image\":{\"@id\":\"https:\/\/brasilnoticias.org\/site\/medico-baiano-pode-ser-afastado-de-posto-de-saude-por-acusacoes-de-assedio\/#primaryimage\"},\"thumbnailUrl\":\"https:\/\/brasilnoticias.org\/site\/wp-content\/uploads\/2023\/03\/consulta_medica_widelg_widelg_widelg.jpg\",\"datePublished\":\"2023-03-22T20:33:09+00:00\",\"breadcrumb\":{\"@id\":\"https:\/\/brasilnoticias.org\/site\/medico-baiano-pode-ser-afastado-de-posto-de-saude-por-acusacoes-de-assedio\/#breadcrumb\"},\"inLanguage\":\"pt-PT\",\"potentialAction\":[{\"@type\":\"ReadAction\",\"target\":[\"https:\/\/brasilnoticias.org\/site\/medico-baiano-pode-ser-afastado-de-posto-de-saude-por-acusacoes-de-assedio\/\"]}]},{\"@type\":\"ImageObject\",\"inLanguage\":\"pt-PT\",\"@id\":\"https:\/\/brasilnoticias.org\/site\/medico-baiano-pode-ser-afastado-de-posto-de-saude-por-acusacoes-de-assedio\/#primaryimage\",\"url\":\"https:\/\/brasilnoticias.org\/site\/wp-content\/uploads\/2023\/03\/consulta_medica_widelg_widelg_widelg.jpg\",\"contentUrl\":\"https:\/\/brasilnoticias.org\/site\/wp-content\/uploads\/2023\/03\/consulta_medica_widelg_widelg_widelg.jpg\",\"width\":800,\"height\":450},{\"@type\":\"BreadcrumbList\",\"@id\":\"https:\/\/brasilnoticias.org\/site\/medico-baiano-pode-ser-afastado-de-posto-de-saude-por-acusacoes-de-assedio\/#breadcrumb\",\"itemListElement\":[{\"@type\":\"ListItem\",\"position\":1,\"name\":\"In\u00edcio\",\"item\":\"https:\/\/brasilnoticias.org\/site\/\"},{\"@type\":\"ListItem\",\"position\":2,\"name\":\"M\u00e9dico baiano pode ser afastado de posto de sa\u00fade por acusa\u00e7\u00f5es de ass\u00e9dio\"}]},{\"@type\":\"WebSite\",\"@id\":\"https:\/\/brasilnoticias.org\/site\/#website\",\"url\":\"https:\/\/brasilnoticias.org\/site\/\",\"name\":\"Brasil not\u00edcias\",\"description\":\"Brasil not\u00edcias\",\"publisher\":{\"@id\":\"https:\/\/brasilnoticias.org\/site\/#organization\"},\"potentialAction\":[{\"@type\":\"SearchAction\",\"target\":{\"@type\":\"EntryPoint\",\"urlTemplate\":\"https:\/\/brasilnoticias.org\/site\/?s={search_term_string}\"},\"query-input\":{\"@type\":\"PropertyValueSpecification\",\"valueRequired\":true,\"valueName\":\"search_term_string\"}}],\"inLanguage\":\"pt-PT\"},{\"@type\":\"Organization\",\"@id\":\"https:\/\/brasilnoticias.org\/site\/#organization\",\"name\":\"Brasil not\u00edcias\",\"url\":\"https:\/\/brasilnoticias.org\/site\/\",\"logo\":{\"@type\":\"ImageObject\",\"inLanguage\":\"pt-PT\",\"@id\":\"https:\/\/brasilnoticias.org\/site\/#\/schema\/logo\/image\/\",\"url\":\"https:\/\/brasilnoticias.org\/site\/wp-content\/uploads\/2022\/05\/cropped-brasilnoticias-mini.jpg\",\"contentUrl\":\"https:\/\/brasilnoticias.org\/site\/wp-content\/uploads\/2022\/05\/cropped-brasilnoticias-mini.jpg\",\"width\":314,\"height\":86,\"caption\":\"Brasil not\u00edcias\"},\"image\":{\"@id\":\"https:\/\/brasilnoticias.org\/site\/#\/schema\/logo\/image\/\"}},{\"@type\":\"Person\",\"@id\":\"https:\/\/brasilnoticias.org\/site\/#\/schema\/person\/a0e05b973ec4d15c658d51911e53507b\",\"name\":\"Reda\u00e7\u00e3o\",\"image\":{\"@type\":\"ImageObject\",\"inLanguage\":\"pt-PT\",\"@id\":\"https:\/\/brasilnoticias.org\/site\/#\/schema\/person\/image\/\",\"url\":\"https:\/\/secure.gravatar.com\/avatar\/75d8b050df2de108b08ae78dfb8e374892df24a383c67db9c46a9c604f6aee9c?s=96&d=mm&r=g\",\"contentUrl\":\"https:\/\/secure.gravatar.com\/avatar\/75d8b050df2de108b08ae78dfb8e374892df24a383c67db9c46a9c604f6aee9c?s=96&d=mm&r=g\",\"caption\":\"Reda\u00e7\u00e3o\"},\"sameAs\":[\"https:\/\/brasilnoticias.org\/site\"],\"url\":\"https:\/\/brasilnoticias.org\/site\/author\/fernandozsngmail-com\/\"}]}<\/script>\n<!-- \/ Yoast SEO plugin. -->","yoast_head_json":{"title":"M\u00e9dico baiano pode ser afastado de posto de sa\u00fade por acusa\u00e7\u00f5es de ass\u00e9dio - Brasil not\u00edcias","robots":{"index":"index","follow":"follow","max-snippet":"max-snippet:-1","max-image-preview":"max-image-preview:large","max-video-preview":"max-video-preview:-1"},"canonical":"https:\/\/brasilnoticias.org\/site\/medico-baiano-pode-ser-afastado-de-posto-de-saude-por-acusacoes-de-assedio\/","og_locale":"pt_PT","og_type":"article","og_title":"M\u00e9dico baiano pode ser afastado de posto de sa\u00fade por acusa\u00e7\u00f5es de ass\u00e9dio - Brasil not\u00edcias","og_description":"Um m\u00e9dico baiano pode ser afastado do posto de sa\u00fade que trabalhha ap\u00f3s ser acusado de ass\u00e9dio sexual. Os casos","og_url":"https:\/\/brasilnoticias.org\/site\/medico-baiano-pode-ser-afastado-de-posto-de-saude-por-acusacoes-de-assedio\/","og_site_name":"Brasil not\u00edcias","article_published_time":"2023-03-22T20:33:09+00:00","og_image":[{"width":800,"height":450,"url":"https:\/\/brasilnoticias.org\/site\/wp-content\/uploads\/2023\/03\/consulta_medica_widelg_widelg_widelg.jpg","type":"image\/jpeg"}],"author":"Reda\u00e7\u00e3o","twitter_card":"summary_large_image","twitter_misc":{"Escrito por":"Reda\u00e7\u00e3o"},"schema":{"@context":"https:\/\/schema.org","@graph":[{"@type":"Article","@id":"https:\/\/brasilnoticias.org\/site\/medico-baiano-pode-ser-afastado-de-posto-de-saude-por-acusacoes-de-assedio\/#article","isPartOf":{"@id":"https:\/\/brasilnoticias.org\/site\/medico-baiano-pode-ser-afastado-de-posto-de-saude-por-acusacoes-de-assedio\/"},"author":{"name":"Reda\u00e7\u00e3o","@id":"https:\/\/brasilnoticias.org\/site\/#\/schema\/person\/a0e05b973ec4d15c658d51911e53507b"},"headline":"M\u00e9dico baiano pode ser afastado de posto de sa\u00fade por acusa\u00e7\u00f5es de ass\u00e9dio","datePublished":"2023-03-22T20:33:09+00:00","mainEntityOfPage":{"@id":"https:\/\/brasilnoticias.org\/site\/medico-baiano-pode-ser-afastado-de-posto-de-saude-por-acusacoes-de-assedio\/"},"wordCount":147,"commentCount":0,"publisher":{"@id":"https:\/\/brasilnoticias.org\/site\/#organization"},"image":{"@id":"https:\/\/brasilnoticias.org\/site\/medico-baiano-pode-ser-afastado-de-posto-de-saude-por-acusacoes-de-assedio\/#primaryimage"},"thumbnailUrl":"https:\/\/brasilnoticias.org\/site\/wp-content\/uploads\/2023\/03\/consulta_medica_widelg_widelg_widelg.jpg","articleSection":["Not\u00edcias","\u00daltimas"],"inLanguage":"pt-PT","potentialAction":[{"@type":"CommentAction","name":"Comment","target":["https:\/\/brasilnoticias.org\/site\/medico-baiano-pode-ser-afastado-de-posto-de-saude-por-acusacoes-de-assedio\/#respond"]}]},{"@type":"WebPage","@id":"https:\/\/brasilnoticias.org\/site\/medico-baiano-pode-ser-afastado-de-posto-de-saude-por-acusacoes-de-assedio\/","url":"https:\/\/brasilnoticias.org\/site\/medico-baiano-pode-ser-afastado-de-posto-de-saude-por-acusacoes-de-assedio\/","name":"M\u00e9dico baiano pode ser afastado de posto de sa\u00fade por acusa\u00e7\u00f5es de ass\u00e9dio - Brasil not\u00edcias","isPartOf":{"@id":"https:\/\/brasilnoticias.org\/site\/#website"},"primaryImageOfPage":{"@id":"https:\/\/brasilnoticias.org\/site\/medico-baiano-pode-ser-afastado-de-posto-de-saude-por-acusacoes-de-assedio\/#primaryimage"},"image":{"@id":"https:\/\/brasilnoticias.org\/site\/medico-baiano-pode-ser-afastado-de-posto-de-saude-por-acusacoes-de-assedio\/#primaryimage"},"thumbnailUrl":"https:\/\/brasilnoticias.org\/site\/wp-content\/uploads\/2023\/03\/consulta_medica_widelg_widelg_widelg.jpg","datePublished":"2023-03-22T20:33:09+00:00","breadcrumb":{"@id":"https:\/\/brasilnoticias.org\/site\/medico-baiano-pode-ser-afastado-de-posto-de-saude-por-acusacoes-de-assedio\/#breadcrumb"},"inLanguage":"pt-PT","potentialAction":[{"@type":"ReadAction","target":["https:\/\/brasilnoticias.org\/site\/medico-baiano-pode-ser-afastado-de-posto-de-saude-por-acusacoes-de-assedio\/"]}]},{"@type":"ImageObject","inLanguage":"pt-PT","@id":"https:\/\/brasilnoticias.org\/site\/medico-baiano-pode-ser-afastado-de-posto-de-saude-por-acusacoes-de-assedio\/#primaryimage","url":"https:\/\/brasilnoticias.org\/site\/wp-content\/uploads\/2023\/03\/consulta_medica_widelg_widelg_widelg.jpg","contentUrl":"https:\/\/brasilnoticias.org\/site\/wp-content\/uploads\/2023\/03\/consulta_medica_widelg_widelg_widelg.jpg","width":800,"height":450},{"@type":"BreadcrumbList","@id":"https:\/\/brasilnoticias.org\/site\/medico-baiano-pode-ser-afastado-de-posto-de-saude-por-acusacoes-de-assedio\/#breadcrumb","itemListElement":[{"@type":"ListItem","position":1,"name":"In\u00edcio","item":"https:\/\/brasilnoticias.org\/site\/"},{"@type":"ListItem","position":2,"name":"M\u00e9dico baiano pode ser afastado de posto de sa\u00fade por acusa\u00e7\u00f5es de ass\u00e9dio"}]},{"@type":"WebSite","@id":"https:\/\/brasilnoticias.org\/site\/#website","url":"https:\/\/brasilnoticias.org\/site\/","name":"Brasil not\u00edcias","description":"Brasil not\u00edcias","publisher":{"@id":"https:\/\/brasilnoticias.org\/site\/#organization"},"potentialAction":[{"@type":"SearchAction","target":{"@type":"EntryPoint","urlTemplate":"https:\/\/brasilnoticias.org\/site\/?s={search_term_string}"},"query-input":{"@type":"PropertyValueSpecification","valueRequired":true,"valueName":"search_term_string"}}],"inLanguage":"pt-PT"},{"@type":"Organization","@id":"https:\/\/brasilnoticias.org\/site\/#organization","name":"Brasil not\u00edcias","url":"https:\/\/brasilnoticias.org\/site\/","logo":{"@type":"ImageObject","inLanguage":"pt-PT","@id":"https:\/\/brasilnoticias.org\/site\/#\/schema\/logo\/image\/","url":"https:\/\/brasilnoticias.org\/site\/wp-content\/uploads\/2022\/05\/cropped-brasilnoticias-mini.jpg","contentUrl":"https:\/\/brasilnoticias.org\/site\/wp-content\/uploads\/2022\/05\/cropped-brasilnoticias-mini.jpg","width":314,"height":86,"caption":"Brasil not\u00edcias"},"image":{"@id":"https:\/\/brasilnoticias.org\/site\/#\/schema\/logo\/image\/"}},{"@type":"Person","@id":"https:\/\/brasilnoticias.org\/site\/#\/schema\/person\/a0e05b973ec4d15c658d51911e53507b","name":"Reda\u00e7\u00e3o","image":{"@type":"ImageObject","inLanguage":"pt-PT","@id":"https:\/\/brasilnoticias.org\/site\/#\/schema\/person\/image\/","url":"https:\/\/secure.gravatar.com\/avatar\/75d8b050df2de108b08ae78dfb8e374892df24a383c67db9c46a9c604f6aee9c?s=96&d=mm&r=g","contentUrl":"https:\/\/secure.gravatar.com\/avatar\/75d8b050df2de108b08ae78dfb8e374892df24a383c67db9c46a9c604f6aee9c?s=96&d=mm&r=g","caption":"Reda\u00e7\u00e3o"},"sameAs":["https:\/\/brasilnoticias.org\/site"],"url":"https:\/\/brasilnoticias.org\/site\/author\/fernandozsngmail-com\/"}]}},"_links":{"self":[{"href":"https:\/\/brasilnoticias.org\/site\/wp-json\/wp\/v2\/posts\/4922","targetHints":{"allow":["GET"]}}],"collection":[{"href":"https:\/\/brasilnoticias.org\/site\/wp-json\/wp\/v2\/posts"}],"about":[{"href":"https:\/\/brasilnoticias.org\/site\/wp-json\/wp\/v2\/types\/post"}],"author":[{"embeddable":true,"href":"https:\/\/brasilnoticias.org\/site\/wp-json\/wp\/v2\/users\/1"}],"replies":[{"embeddable":true,"href":"https:\/\/brasilnoticias.org\/site\/wp-json\/wp\/v2\/comments?post=4922"}],"version-history":[{"count":1,"href":"https:\/\/brasilnoticias.org\/site\/wp-json\/wp\/v2\/posts\/4922\/revisions"}],"predecessor-version":[{"id":4924,"href":"https:\/\/brasilnoticias.org\/site\/wp-json\/wp\/v2\/posts\/4922\/revisions\/4924"}],"wp:featuredmedia":[{"embeddable":true,"href":"https:\/\/brasilnoticias.org\/site\/wp-json\/wp\/v2\/media\/4923"}],"wp:attachment":[{"href":"https:\/\/brasilnoticias.org\/site\/wp-json\/wp\/v2\/media?parent=4922"}],"wp:term":[{"taxonomy":"category","embeddable":true,"href":"https:\/\/brasilnoticias.org\/site\/wp-json\/wp\/v2\/categories?post=4922"},{"taxonomy":"post_tag","embeddable":true,"href":"https:\/\/brasilnoticias.org\/site\/wp-json\/wp\/v2\/tags?post=4922"}],"curies":[{"name":"wp","href":"https:\/\/api.w.org\/{rel}","templated":true}]}}