{"id":493,"date":"2022-05-23T13:09:14","date_gmt":"2022-05-23T16:09:14","guid":{"rendered":"https:\/\/brasilnoticias.org\/site\/?p=493"},"modified":"2022-05-23T13:09:14","modified_gmt":"2022-05-23T16:09:14","slug":"joao-doria-anuncia-desistencia-da-pre-candidatura-a-presidencia-leia-a-integra-do-pronunciamento","status":"publish","type":"post","link":"https:\/\/brasilnoticias.org\/site\/joao-doria-anuncia-desistencia-da-pre-candidatura-a-presidencia-leia-a-integra-do-pronunciamento\/","title":{"rendered":"Jo\u00e3o Doria anuncia desist\u00eancia da pr\u00e9-candidatura \u00e0 Presid\u00eancia; leia a \u00edntegra do pronunciamento"},"content":{"rendered":"<p>O ex-governador de S\u00e3o Paulo Jo\u00e3o Doria (PSDB) anunciou a desist\u00eancia de sua pr\u00e9-candidatura \u00e0 Presid\u00eancia no in\u00edcio da tarde desta segunda-feira (23), na capital paulista. Doria enfrentava resist\u00eancias internas no PSDB e de partidos da terceira via e fez o an\u00fancio em pronunciamento na Zona Sul de S\u00e3o Paulo.<\/p>\n<p>&#8220;Me retiro da disputa com o cora\u00e7\u00e3o ferido e alma leve&#8221;, disse Doria. A decis\u00e3o do tucano \u00e9 anunciada um dia antes de a executiva do PSDB se reunir para definir como o partido se posicionar\u00e1 na disputa presidencial de outubro&#8221;, disse o ex-governador.<\/p>\n<p>DIS<em>CURSO JO\u00c3O DORIA 23 DE MAIO \/ 2022<\/em><\/p>\n<p><em>Boa tarde a todos.<\/em><br \/>\n<em>Hoje \u00e9 um dia de respostas, mas tamb\u00e9m um dia de perguntas.<\/em><\/p>\n<p><em>As pessoas sempre me perguntam por que deixei uma vida de conforto \u00e0 frente das minhas empresas bem sucedidas, para entrar na pol\u00edtica?\u00a0<\/em><\/p>\n<p><em>Sou filho de um pol\u00edtico cassado pelo golpe militar de 64. Meu pai, tal como eu, come\u00e7ou a vida pobre, mas lutou, trabalhou e alcan\u00e7ou uma vida confort\u00e1vel, dono de uma das maiores ag\u00eancias de publicidade do Brasil. At\u00e9 o dia que decidiu, inspirado por Franco Montoro, a lutar por um Brasil melhor.\u00a0<\/em><\/p>\n<p><em>Nele, era premente e urgente a necessidade de servir ao povo brasileiro, de combater a desigualdade e a injusti\u00e7a social.<\/em><\/p>\n<p><em>Jo\u00e3o Doria foi eleito deputado federal e, em abril de 64, foi cassado pelo golpe militar. Perdeu seus direitos pol\u00edticos, todos os seus bens e foi obrigado a viver no ex\u00edlio.<\/em><\/p>\n<p><em>Inspirado pelos ideais e pela coragem de meu pai, e coincidentemente tamb\u00e9m motivado por Franco Montoro, colaborei desde cedo com a vida p\u00fablica. Com M\u00e1rio Covas fui Presidente da Paulistur e Secret\u00e1rio de Turismo, em S\u00e3o Paulo. Por conta de uma gest\u00e3o bem sucedida, fui convidado a presidir a Embratur, emblematicamente criada por um projeto de lei de autoria de meu pai.\u00a0 Como militante e ativista, organizei, a pedido de Franco Montoro, o hist\u00f3rico com\u00edcio das Diretas J\u00e1, na pra\u00e7a da S\u00e9, em 25 janeiro de 1984, aqui em S\u00e3o Paulo.<\/em><\/p>\n<p><em>Com perseveran\u00e7a, dedica\u00e7\u00e3o e trabalho, constru\u00ed\u00a0 uma carreira s\u00f3lida na\u00a0 iniciativa privada e coloquei de p\u00e9 um grupo empresarial de sucesso.<\/em><\/p>\n<p><em>2015 marcava o auge de uma recess\u00e3o brutal que dizimou milh\u00f5es de empregos, guilhotinou a renda, levou a infla\u00e7\u00e3o \u00e0s alturas e destruiu sonhos. Nada muito diferente do que enfrentamos hoje. Inconformado, acompanhava as medidas econ\u00f4micas equivocadas de um governo incompetente e o desvio de dinheiro p\u00fablico.\u00a0\u00a0<\/em><\/p>\n<p><em>2016 seguindo os passos de meu pai, decidi disputar uma elei\u00e7\u00e3o.<\/em><br \/>\n<em>Come\u00e7a a\u00ed minha saga, no meu partido.<\/em><\/p>\n<p><em>No PSDB disputei 3 pr\u00e9vias: para prefeito, para governador e para presidente.\u00a0 As 3 \u00fanicas pr\u00e9vias na hist\u00f3ria do partido. Venci as pr\u00e9vias em 2016. E logo depois, venc\u00ed as elei\u00e7\u00f5es para a prefeitura da maior cidade do pa\u00eds, no primeiro turno.\u00a0 Fato in\u00e9dito na hist\u00f3ria pol\u00edtica de S\u00e3o Paulo.<\/em><\/p>\n<p><em>Guardo as melhores lembran\u00e7as da prefeitura. E do meu amigo Bruno Covas.<\/em><\/p>\n<p><em>Tenho orgulho de ter zerado a fila de exames nos postos de sa\u00fade, com o in\u00e9dito Coruj\u00e3o da Sa\u00fade. Atendemos a popula\u00e7\u00e3o em situa\u00e7\u00e3o de rua com os Centros de Acolhimento, recuperamos pra\u00e7as, avenidas e ruas. Promovemos a maior inclus\u00e3o de crian\u00e7as desassistidas no redimensionamento das creches e escolas municipais. Lan\u00e7amos os programas de concess\u00e3o do Parque do Ibirapuera, do Pacaemb\u00fa e do Anhemb\u00ed, entre outras conquistas importantes para a cidade.<\/em><\/p>\n<p><em>Em 2018, novamente disputei e fui vitorioso nas pr\u00e9vias do PSDB para a elei\u00e7\u00e3o a governador do Estado de S\u00e3o Paulo.\u00a0 Mais uma vez, venc\u00ed as pr\u00e9vias e venc\u00ed as elei\u00e7\u00f5es, sendo eleito governador de S\u00e3o Paulo.<\/em><\/p>\n<p><em>Tenho orgulho de ter feito uma gest\u00e3o transformadora no estado, reconhecida at\u00e9 mesmo por advers\u00e1rios.\u00a0 Diante do desafio hist\u00f3rico da pandemia, me empenhei pessoalmente para trazer ao Brasil 124 milh\u00f5es de doses da vacina contra a covid 19.\u00a0 Procurei fazer o certo. Salvamos vidas e a economia. Na pandemia, S\u00e3o Paulo cresceu 5 vezes mais do que o Brasil, gerando um ter\u00e7o de todos os novos empregos do pa\u00eds.\u00a0 Por todo o territ\u00f3rio nacional, a vacina foi sinal de esperan\u00e7a, salvando milh\u00f5es de brasileiros. Vencemos com a ci\u00eancia, os discursos do \u00f3dio, das fake news e o negacionismo.\u00a0<\/em><\/p>\n<p><em>Assim como, na sa\u00edda da prefeitura, quando deixei o comando da cidade nas m\u00e3os do saudoso Bruno Covas, desta vez tamb\u00e9m, deixei o governo de S\u00e3o Paulo em boas m\u00e3os.\u00a0 Rodrigo Garcia est\u00e1 levando em frente um trabalho que come\u00e7ou com uma equipe de craques, e que certamente lhe render\u00e1 a vit\u00f3ria nas elei\u00e7\u00f5es deste ano. Rodrigo ser\u00e1, com muita justi\u00e7a, reeleito governador de S\u00e3o Paulo.\u00a0<\/em><\/p>\n<p><em>Em dezembro do ano passado, mais uma vez disputei as pr\u00e9vias do partido para ser candidato a presidente da rep\u00fablica. E mais uma vez, as venc\u00ed.<\/em><\/p>\n<p><em>Fica aqui minha gratid\u00e3o aos brasileiros da cidade de S\u00e3o Paulo que me deram mais de 3 milh\u00f5es de votos na prefeitura, aos quase 11 milh\u00f5es de votos ao governo de S\u00e3o Paulo. E aos mais de 17 mil militantes do PSDB, que me escolheram como candidato a presidente do Brasil.<\/em><\/p>\n<p><em>Agrade\u00e7o tamb\u00e9m aos mais de seis milh\u00f5es de brasileiros que, nas pesquisas de opini\u00e3o p\u00fablica, j\u00e1 manifestaram a inten\u00e7\u00e3o de votar no meu nome para presidente, antes mesmo do come\u00e7o da campanha eleitoral.<\/em><\/p>\n<p><em>O Brasil precisa de uma alternativa para oferecer aos eleitores que n\u00e3o querem os extremos.\u00a0 Que n\u00e3o querem aquele que foi envolvido em esc\u00e2ndalos de corrup\u00e7\u00e3o. E nem aquele que n\u00e3o deu conta de salvar vidas, n\u00e3o deu conta de salvar a economia e que envergonha nosso pa\u00eds em todo o mundo.<\/em><\/p>\n<p><em>Para esta miss\u00e3o, coloquei meu nome \u00e0 disposi\u00e7\u00e3o do partido.<\/em><\/p>\n<p><em>Hoje, neste 23 de maio, serenamente, entendo que n\u00e3o sou a escolha da c\u00fapula do PSDB.\u00a0 Aceito esta realidade com a cabe\u00e7a erguida. Sou um homem que respeita o bom senso, o di\u00e1logo e o equil\u00edbrio. Sempre busquei e seguirei buscando o consenso, mesmo que ele seja contr\u00e1rio \u00e0 minha vontade pessoal. O PSDB saber\u00e1 tomar a melhor decis\u00e3o no seu posicionamento para as elei\u00e7\u00f5es deste ano.\u00a0<\/em><\/p>\n<p><em>Me retiro da disputa com o cora\u00e7\u00e3o ferido, mas com a alma leve. Com a sensa\u00e7\u00e3o inequ\u00edvoca do dever cumprido e miss\u00e3o bem realizada. Com boa gest\u00e3o e sem corrup\u00e7\u00e3o.<\/em><\/p>\n<p><em>Saio com o sentimento de gratid\u00e3o e a certeza de que tudo o que fiz foi em benef\u00edcio de um ideal coletivo, em favor dos paulistanos, dos paulistas e dos brasileiros.\u00a0<\/em><\/p>\n<p><em>Saio como entrei na pol\u00edtica: repleto de ideais, com a alma cheia de esperan\u00e7a e o cora\u00e7\u00e3o pulsante, confiante na for\u00e7a do povo brasileiro que t\u00eam f\u00e9 na vida e em Deus.<\/em><\/p>\n<p><em>Pe\u00e7o desculpas pelos meus erros. Se me exced\u00ed, foi por vontade de acertar. Se exagerei, foi pela pressa em fazer com perfei\u00e7\u00e3o. Se acelerei foi pela urg\u00eancia que as a\u00e7\u00f5es p\u00fablicas exigem.\u00a0 \u00a0<\/em><\/p>\n<div class=\"d-flex justify-content-center my-3\">\n<p><em>Os acertos foram fruto do trabalho em equipe, da ousadia e da coragem, do prop\u00f3sito que sempre persegu\u00ed. De sempre fazer bem feito o que tem que ser feito.\u00a0<\/em><\/p>\n<p><em>Respeito e Trabalho. Fazer do poss\u00edvel o imposs\u00edvel. Esse \u00e9 meu mantra. Levo por onde eu for.<\/em><\/p>\n<p><em>Agrade\u00e7o a minha equipe aguerrida, aos membros do partido que sempre me defenderam, aos que lutaram ao meu lado, aos que foram leais e que defenderam a democracia interna do partido. E defendem, como eu, a liberdade e a igualdade no Brasil.<\/em><\/p>\n<p><em>Agrade\u00e7o aos colaboradores, que estiveram comigo na prefeitura e no Governo do Estado, que se empenharam para os resultados hist\u00f3ricos que alcan\u00e7amos.<\/em><\/p>\n<p><em>Agrade\u00e7o aos militantes do PSDB, extraordin\u00e1rios guerreiros que nunca me abandonaram.<\/em><br \/>\n<em>Agrade\u00e7o a Deus pela disposi\u00e7\u00e3o que sempre me deu, pela capacidade de trabalho, senso de justi\u00e7a e paz no cora\u00e7\u00e3o.<\/em><\/p>\n<p><em>Agrade\u00e7o igualmente \u00e0 minha fam\u00edlia, \u00e0 Bia, aos meus queridos filhos, Johnny, Felipe e Carol, ao meu querido irm\u00e3o Raul e sua linda fam\u00edlia. Agrade\u00e7o tamb\u00e9m a todos os verdadeiros amigos que sempre me apoiaram, em todas as minhas decis\u00f5es.\u00a0<\/em><\/p>\n<p><em>Por fim, relembro aqui o belo poema atribu\u00eddo a Cora Coralina: \u201cTem mais ch\u00e3o nos meus olhos do que o cansa\u00e7o das minhas pernas, mais esperan\u00e7a nos meus passos, do que tristeza nos meus ombros. Mais estrada no meu cora\u00e7\u00e3o do que medo na minha cabe\u00e7a&#8221;.<\/em><\/p>\n<p><em>Seguirei como observador sereno do meu Pa\u00eds. Sempre \u00e0 disposi\u00e7\u00e3o de lutar a guerra para a qual eu for chamado. Na vida p\u00fablica ou na vida privada.<\/em><br \/>\n<em>Que Deus proteja o Brasil.<\/em><\/p>\n<p><em>Muito obrigado e at\u00e9 breve.<\/em><\/p>\n<\/div>\n<p>&nbsp;<\/p>\n<p>&nbsp;<\/p>\n<p>&nbsp;<\/p>\n<p>Bnews<\/p>\n","protected":false},"excerpt":{"rendered":"<p>O ex-governador de S\u00e3o Paulo Jo\u00e3o Doria (PSDB) anunciou a desist\u00eancia de sua pr\u00e9-candidatura \u00e0 Presid\u00eancia no in\u00edcio da tarde<\/p>\n","protected":false},"author":2,"featured_media":494,"comment_status":"open","ping_status":"open","sticky":false,"template":"","format":"standard","meta":{"colormag_page_container_layout":"default_layout","colormag_page_sidebar_layout":"default_layout","_FSMCFIC_featured_image_caption":"","_FSMCFIC_featured_image_nocaption":"","_FSMCFIC_featured_image_hide":"","footnotes":""},"categories":[2,1],"tags":[],"class_list":["post-493","post","type-post","status-publish","format-standard","has-post-thumbnail","hentry","category-noticias","category-ultimas"],"yoast_head":"<!-- This site is optimized with the Yoast SEO plugin v27.1.1 - https:\/\/yoast.com\/product\/yoast-seo-wordpress\/ -->\n<title>Jo\u00e3o Doria anuncia desist\u00eancia da pr\u00e9-candidatura \u00e0 Presid\u00eancia; leia a \u00edntegra do pronunciamento - Brasil not\u00edcias<\/title>\n<meta name=\"robots\" content=\"index, follow, max-snippet:-1, max-image-preview:large, max-video-preview:-1\" \/>\n<link rel=\"canonical\" href=\"https:\/\/brasilnoticias.org\/site\/joao-doria-anuncia-desistencia-da-pre-candidatura-a-presidencia-leia-a-integra-do-pronunciamento\/\" \/>\n<meta property=\"og:locale\" content=\"pt_PT\" \/>\n<meta property=\"og:type\" content=\"article\" \/>\n<meta property=\"og:title\" content=\"Jo\u00e3o Doria anuncia desist\u00eancia da pr\u00e9-candidatura \u00e0 Presid\u00eancia; leia a \u00edntegra do pronunciamento - Brasil not\u00edcias\" \/>\n<meta property=\"og:description\" content=\"O ex-governador de S\u00e3o Paulo Jo\u00e3o Doria (PSDB) anunciou a desist\u00eancia de sua pr\u00e9-candidatura \u00e0 Presid\u00eancia no in\u00edcio da tarde\" \/>\n<meta property=\"og:url\" content=\"https:\/\/brasilnoticias.org\/site\/joao-doria-anuncia-desistencia-da-pre-candidatura-a-presidencia-leia-a-integra-do-pronunciamento\/\" \/>\n<meta property=\"og:site_name\" content=\"Brasil not\u00edcias\" \/>\n<meta property=\"article:published_time\" content=\"2022-05-23T16:09:14+00:00\" \/>\n<meta property=\"og:image\" content=\"https:\/\/brasilnoticias.org\/site\/wp-content\/uploads\/2022\/05\/joao_doria_widelg.jpg\" \/>\n\t<meta property=\"og:image:width\" content=\"800\" \/>\n\t<meta property=\"og:image:height\" content=\"450\" \/>\n\t<meta property=\"og:image:type\" content=\"image\/jpeg\" \/>\n<meta name=\"author\" content=\"Reda\u00e7\u00e3o\" \/>\n<meta name=\"twitter:card\" content=\"summary_large_image\" \/>\n<meta name=\"twitter:label1\" content=\"Escrito por\" \/>\n\t<meta name=\"twitter:data1\" content=\"Reda\u00e7\u00e3o\" \/>\n\t<meta name=\"twitter:label2\" content=\"Tempo estimado de leitura\" \/>\n\t<meta name=\"twitter:data2\" content=\"8 minutos\" \/>\n<script type=\"application\/ld+json\" class=\"yoast-schema-graph\">{\"@context\":\"https:\/\/schema.org\",\"@graph\":[{\"@type\":\"Article\",\"@id\":\"https:\/\/brasilnoticias.org\/site\/joao-doria-anuncia-desistencia-da-pre-candidatura-a-presidencia-leia-a-integra-do-pronunciamento\/#article\",\"isPartOf\":{\"@id\":\"https:\/\/brasilnoticias.org\/site\/joao-doria-anuncia-desistencia-da-pre-candidatura-a-presidencia-leia-a-integra-do-pronunciamento\/\"},\"author\":{\"name\":\"Reda\u00e7\u00e3o\",\"@id\":\"https:\/\/brasilnoticias.org\/site\/#\/schema\/person\/f609fa847b5314f1c8b983342f34c798\"},\"headline\":\"Jo\u00e3o Doria anuncia desist\u00eancia da pr\u00e9-candidatura \u00e0 Presid\u00eancia; leia a \u00edntegra do pronunciamento\",\"datePublished\":\"2022-05-23T16:09:14+00:00\",\"mainEntityOfPage\":{\"@id\":\"https:\/\/brasilnoticias.org\/site\/joao-doria-anuncia-desistencia-da-pre-candidatura-a-presidencia-leia-a-integra-do-pronunciamento\/\"},\"wordCount\":1543,\"commentCount\":0,\"publisher\":{\"@id\":\"https:\/\/brasilnoticias.org\/site\/#organization\"},\"image\":{\"@id\":\"https:\/\/brasilnoticias.org\/site\/joao-doria-anuncia-desistencia-da-pre-candidatura-a-presidencia-leia-a-integra-do-pronunciamento\/#primaryimage\"},\"thumbnailUrl\":\"https:\/\/brasilnoticias.org\/site\/wp-content\/uploads\/2022\/05\/joao_doria_widelg.jpg\",\"articleSection\":[\"Not\u00edcias\",\"\u00daltimas\"],\"inLanguage\":\"pt-PT\",\"potentialAction\":[{\"@type\":\"CommentAction\",\"name\":\"Comment\",\"target\":[\"https:\/\/brasilnoticias.org\/site\/joao-doria-anuncia-desistencia-da-pre-candidatura-a-presidencia-leia-a-integra-do-pronunciamento\/#respond\"]}]},{\"@type\":\"WebPage\",\"@id\":\"https:\/\/brasilnoticias.org\/site\/joao-doria-anuncia-desistencia-da-pre-candidatura-a-presidencia-leia-a-integra-do-pronunciamento\/\",\"url\":\"https:\/\/brasilnoticias.org\/site\/joao-doria-anuncia-desistencia-da-pre-candidatura-a-presidencia-leia-a-integra-do-pronunciamento\/\",\"name\":\"Jo\u00e3o Doria anuncia desist\u00eancia da pr\u00e9-candidatura \u00e0 Presid\u00eancia; leia a \u00edntegra do pronunciamento - Brasil not\u00edcias\",\"isPartOf\":{\"@id\":\"https:\/\/brasilnoticias.org\/site\/#website\"},\"primaryImageOfPage\":{\"@id\":\"https:\/\/brasilnoticias.org\/site\/joao-doria-anuncia-desistencia-da-pre-candidatura-a-presidencia-leia-a-integra-do-pronunciamento\/#primaryimage\"},\"image\":{\"@id\":\"https:\/\/brasilnoticias.org\/site\/joao-doria-anuncia-desistencia-da-pre-candidatura-a-presidencia-leia-a-integra-do-pronunciamento\/#primaryimage\"},\"thumbnailUrl\":\"https:\/\/brasilnoticias.org\/site\/wp-content\/uploads\/2022\/05\/joao_doria_widelg.jpg\",\"datePublished\":\"2022-05-23T16:09:14+00:00\",\"breadcrumb\":{\"@id\":\"https:\/\/brasilnoticias.org\/site\/joao-doria-anuncia-desistencia-da-pre-candidatura-a-presidencia-leia-a-integra-do-pronunciamento\/#breadcrumb\"},\"inLanguage\":\"pt-PT\",\"potentialAction\":[{\"@type\":\"ReadAction\",\"target\":[\"https:\/\/brasilnoticias.org\/site\/joao-doria-anuncia-desistencia-da-pre-candidatura-a-presidencia-leia-a-integra-do-pronunciamento\/\"]}]},{\"@type\":\"ImageObject\",\"inLanguage\":\"pt-PT\",\"@id\":\"https:\/\/brasilnoticias.org\/site\/joao-doria-anuncia-desistencia-da-pre-candidatura-a-presidencia-leia-a-integra-do-pronunciamento\/#primaryimage\",\"url\":\"https:\/\/brasilnoticias.org\/site\/wp-content\/uploads\/2022\/05\/joao_doria_widelg.jpg\",\"contentUrl\":\"https:\/\/brasilnoticias.org\/site\/wp-content\/uploads\/2022\/05\/joao_doria_widelg.jpg\",\"width\":800,\"height\":450},{\"@type\":\"BreadcrumbList\",\"@id\":\"https:\/\/brasilnoticias.org\/site\/joao-doria-anuncia-desistencia-da-pre-candidatura-a-presidencia-leia-a-integra-do-pronunciamento\/#breadcrumb\",\"itemListElement\":[{\"@type\":\"ListItem\",\"position\":1,\"name\":\"In\u00edcio\",\"item\":\"https:\/\/brasilnoticias.org\/site\/\"},{\"@type\":\"ListItem\",\"position\":2,\"name\":\"Jo\u00e3o Doria anuncia desist\u00eancia da pr\u00e9-candidatura \u00e0 Presid\u00eancia; leia a \u00edntegra do pronunciamento\"}]},{\"@type\":\"WebSite\",\"@id\":\"https:\/\/brasilnoticias.org\/site\/#website\",\"url\":\"https:\/\/brasilnoticias.org\/site\/\",\"name\":\"Brasil not\u00edcias\",\"description\":\"Brasil not\u00edcias\",\"publisher\":{\"@id\":\"https:\/\/brasilnoticias.org\/site\/#organization\"},\"potentialAction\":[{\"@type\":\"SearchAction\",\"target\":{\"@type\":\"EntryPoint\",\"urlTemplate\":\"https:\/\/brasilnoticias.org\/site\/?s={search_term_string}\"},\"query-input\":{\"@type\":\"PropertyValueSpecification\",\"valueRequired\":true,\"valueName\":\"search_term_string\"}}],\"inLanguage\":\"pt-PT\"},{\"@type\":\"Organization\",\"@id\":\"https:\/\/brasilnoticias.org\/site\/#organization\",\"name\":\"Brasil not\u00edcias\",\"url\":\"https:\/\/brasilnoticias.org\/site\/\",\"logo\":{\"@type\":\"ImageObject\",\"inLanguage\":\"pt-PT\",\"@id\":\"https:\/\/brasilnoticias.org\/site\/#\/schema\/logo\/image\/\",\"url\":\"https:\/\/brasilnoticias.org\/site\/wp-content\/uploads\/2022\/05\/cropped-brasilnoticias-mini.jpg\",\"contentUrl\":\"https:\/\/brasilnoticias.org\/site\/wp-content\/uploads\/2022\/05\/cropped-brasilnoticias-mini.jpg\",\"width\":314,\"height\":86,\"caption\":\"Brasil not\u00edcias\"},\"image\":{\"@id\":\"https:\/\/brasilnoticias.org\/site\/#\/schema\/logo\/image\/\"}},{\"@type\":\"Person\",\"@id\":\"https:\/\/brasilnoticias.org\/site\/#\/schema\/person\/f609fa847b5314f1c8b983342f34c798\",\"name\":\"Reda\u00e7\u00e3o\",\"image\":{\"@type\":\"ImageObject\",\"inLanguage\":\"pt-PT\",\"@id\":\"https:\/\/brasilnoticias.org\/site\/#\/schema\/person\/image\/\",\"url\":\"https:\/\/secure.gravatar.com\/avatar\/447284c06c1ad8b46465a36de9cd0d8326b73387a22799b8b1ffb1fbcff2ed0c?s=96&d=mm&r=g\",\"contentUrl\":\"https:\/\/secure.gravatar.com\/avatar\/447284c06c1ad8b46465a36de9cd0d8326b73387a22799b8b1ffb1fbcff2ed0c?s=96&d=mm&r=g\",\"caption\":\"Reda\u00e7\u00e3o\"},\"url\":\"https:\/\/brasilnoticias.org\/site\/author\/redacao\/\"}]}<\/script>\n<!-- \/ Yoast SEO plugin. -->","yoast_head_json":{"title":"Jo\u00e3o Doria anuncia desist\u00eancia da pr\u00e9-candidatura \u00e0 Presid\u00eancia; leia a \u00edntegra do pronunciamento - Brasil not\u00edcias","robots":{"index":"index","follow":"follow","max-snippet":"max-snippet:-1","max-image-preview":"max-image-preview:large","max-video-preview":"max-video-preview:-1"},"canonical":"https:\/\/brasilnoticias.org\/site\/joao-doria-anuncia-desistencia-da-pre-candidatura-a-presidencia-leia-a-integra-do-pronunciamento\/","og_locale":"pt_PT","og_type":"article","og_title":"Jo\u00e3o Doria anuncia desist\u00eancia da pr\u00e9-candidatura \u00e0 Presid\u00eancia; leia a \u00edntegra do pronunciamento - Brasil not\u00edcias","og_description":"O ex-governador de S\u00e3o Paulo Jo\u00e3o Doria (PSDB) anunciou a desist\u00eancia de sua pr\u00e9-candidatura \u00e0 Presid\u00eancia no in\u00edcio da tarde","og_url":"https:\/\/brasilnoticias.org\/site\/joao-doria-anuncia-desistencia-da-pre-candidatura-a-presidencia-leia-a-integra-do-pronunciamento\/","og_site_name":"Brasil not\u00edcias","article_published_time":"2022-05-23T16:09:14+00:00","og_image":[{"width":800,"height":450,"url":"https:\/\/brasilnoticias.org\/site\/wp-content\/uploads\/2022\/05\/joao_doria_widelg.jpg","type":"image\/jpeg"}],"author":"Reda\u00e7\u00e3o","twitter_card":"summary_large_image","twitter_misc":{"Escrito por":"Reda\u00e7\u00e3o","Tempo estimado de leitura":"8 minutos"},"schema":{"@context":"https:\/\/schema.org","@graph":[{"@type":"Article","@id":"https:\/\/brasilnoticias.org\/site\/joao-doria-anuncia-desistencia-da-pre-candidatura-a-presidencia-leia-a-integra-do-pronunciamento\/#article","isPartOf":{"@id":"https:\/\/brasilnoticias.org\/site\/joao-doria-anuncia-desistencia-da-pre-candidatura-a-presidencia-leia-a-integra-do-pronunciamento\/"},"author":{"name":"Reda\u00e7\u00e3o","@id":"https:\/\/brasilnoticias.org\/site\/#\/schema\/person\/f609fa847b5314f1c8b983342f34c798"},"headline":"Jo\u00e3o Doria anuncia desist\u00eancia da pr\u00e9-candidatura \u00e0 Presid\u00eancia; leia a \u00edntegra do pronunciamento","datePublished":"2022-05-23T16:09:14+00:00","mainEntityOfPage":{"@id":"https:\/\/brasilnoticias.org\/site\/joao-doria-anuncia-desistencia-da-pre-candidatura-a-presidencia-leia-a-integra-do-pronunciamento\/"},"wordCount":1543,"commentCount":0,"publisher":{"@id":"https:\/\/brasilnoticias.org\/site\/#organization"},"image":{"@id":"https:\/\/brasilnoticias.org\/site\/joao-doria-anuncia-desistencia-da-pre-candidatura-a-presidencia-leia-a-integra-do-pronunciamento\/#primaryimage"},"thumbnailUrl":"https:\/\/brasilnoticias.org\/site\/wp-content\/uploads\/2022\/05\/joao_doria_widelg.jpg","articleSection":["Not\u00edcias","\u00daltimas"],"inLanguage":"pt-PT","potentialAction":[{"@type":"CommentAction","name":"Comment","target":["https:\/\/brasilnoticias.org\/site\/joao-doria-anuncia-desistencia-da-pre-candidatura-a-presidencia-leia-a-integra-do-pronunciamento\/#respond"]}]},{"@type":"WebPage","@id":"https:\/\/brasilnoticias.org\/site\/joao-doria-anuncia-desistencia-da-pre-candidatura-a-presidencia-leia-a-integra-do-pronunciamento\/","url":"https:\/\/brasilnoticias.org\/site\/joao-doria-anuncia-desistencia-da-pre-candidatura-a-presidencia-leia-a-integra-do-pronunciamento\/","name":"Jo\u00e3o Doria anuncia desist\u00eancia da pr\u00e9-candidatura \u00e0 Presid\u00eancia; leia a \u00edntegra do pronunciamento - Brasil not\u00edcias","isPartOf":{"@id":"https:\/\/brasilnoticias.org\/site\/#website"},"primaryImageOfPage":{"@id":"https:\/\/brasilnoticias.org\/site\/joao-doria-anuncia-desistencia-da-pre-candidatura-a-presidencia-leia-a-integra-do-pronunciamento\/#primaryimage"},"image":{"@id":"https:\/\/brasilnoticias.org\/site\/joao-doria-anuncia-desistencia-da-pre-candidatura-a-presidencia-leia-a-integra-do-pronunciamento\/#primaryimage"},"thumbnailUrl":"https:\/\/brasilnoticias.org\/site\/wp-content\/uploads\/2022\/05\/joao_doria_widelg.jpg","datePublished":"2022-05-23T16:09:14+00:00","breadcrumb":{"@id":"https:\/\/brasilnoticias.org\/site\/joao-doria-anuncia-desistencia-da-pre-candidatura-a-presidencia-leia-a-integra-do-pronunciamento\/#breadcrumb"},"inLanguage":"pt-PT","potentialAction":[{"@type":"ReadAction","target":["https:\/\/brasilnoticias.org\/site\/joao-doria-anuncia-desistencia-da-pre-candidatura-a-presidencia-leia-a-integra-do-pronunciamento\/"]}]},{"@type":"ImageObject","inLanguage":"pt-PT","@id":"https:\/\/brasilnoticias.org\/site\/joao-doria-anuncia-desistencia-da-pre-candidatura-a-presidencia-leia-a-integra-do-pronunciamento\/#primaryimage","url":"https:\/\/brasilnoticias.org\/site\/wp-content\/uploads\/2022\/05\/joao_doria_widelg.jpg","contentUrl":"https:\/\/brasilnoticias.org\/site\/wp-content\/uploads\/2022\/05\/joao_doria_widelg.jpg","width":800,"height":450},{"@type":"BreadcrumbList","@id":"https:\/\/brasilnoticias.org\/site\/joao-doria-anuncia-desistencia-da-pre-candidatura-a-presidencia-leia-a-integra-do-pronunciamento\/#breadcrumb","itemListElement":[{"@type":"ListItem","position":1,"name":"In\u00edcio","item":"https:\/\/brasilnoticias.org\/site\/"},{"@type":"ListItem","position":2,"name":"Jo\u00e3o Doria anuncia desist\u00eancia da pr\u00e9-candidatura \u00e0 Presid\u00eancia; leia a \u00edntegra do pronunciamento"}]},{"@type":"WebSite","@id":"https:\/\/brasilnoticias.org\/site\/#website","url":"https:\/\/brasilnoticias.org\/site\/","name":"Brasil not\u00edcias","description":"Brasil not\u00edcias","publisher":{"@id":"https:\/\/brasilnoticias.org\/site\/#organization"},"potentialAction":[{"@type":"SearchAction","target":{"@type":"EntryPoint","urlTemplate":"https:\/\/brasilnoticias.org\/site\/?s={search_term_string}"},"query-input":{"@type":"PropertyValueSpecification","valueRequired":true,"valueName":"search_term_string"}}],"inLanguage":"pt-PT"},{"@type":"Organization","@id":"https:\/\/brasilnoticias.org\/site\/#organization","name":"Brasil not\u00edcias","url":"https:\/\/brasilnoticias.org\/site\/","logo":{"@type":"ImageObject","inLanguage":"pt-PT","@id":"https:\/\/brasilnoticias.org\/site\/#\/schema\/logo\/image\/","url":"https:\/\/brasilnoticias.org\/site\/wp-content\/uploads\/2022\/05\/cropped-brasilnoticias-mini.jpg","contentUrl":"https:\/\/brasilnoticias.org\/site\/wp-content\/uploads\/2022\/05\/cropped-brasilnoticias-mini.jpg","width":314,"height":86,"caption":"Brasil not\u00edcias"},"image":{"@id":"https:\/\/brasilnoticias.org\/site\/#\/schema\/logo\/image\/"}},{"@type":"Person","@id":"https:\/\/brasilnoticias.org\/site\/#\/schema\/person\/f609fa847b5314f1c8b983342f34c798","name":"Reda\u00e7\u00e3o","image":{"@type":"ImageObject","inLanguage":"pt-PT","@id":"https:\/\/brasilnoticias.org\/site\/#\/schema\/person\/image\/","url":"https:\/\/secure.gravatar.com\/avatar\/447284c06c1ad8b46465a36de9cd0d8326b73387a22799b8b1ffb1fbcff2ed0c?s=96&d=mm&r=g","contentUrl":"https:\/\/secure.gravatar.com\/avatar\/447284c06c1ad8b46465a36de9cd0d8326b73387a22799b8b1ffb1fbcff2ed0c?s=96&d=mm&r=g","caption":"Reda\u00e7\u00e3o"},"url":"https:\/\/brasilnoticias.org\/site\/author\/redacao\/"}]}},"_links":{"self":[{"href":"https:\/\/brasilnoticias.org\/site\/wp-json\/wp\/v2\/posts\/493","targetHints":{"allow":["GET"]}}],"collection":[{"href":"https:\/\/brasilnoticias.org\/site\/wp-json\/wp\/v2\/posts"}],"about":[{"href":"https:\/\/brasilnoticias.org\/site\/wp-json\/wp\/v2\/types\/post"}],"author":[{"embeddable":true,"href":"https:\/\/brasilnoticias.org\/site\/wp-json\/wp\/v2\/users\/2"}],"replies":[{"embeddable":true,"href":"https:\/\/brasilnoticias.org\/site\/wp-json\/wp\/v2\/comments?post=493"}],"version-history":[{"count":1,"href":"https:\/\/brasilnoticias.org\/site\/wp-json\/wp\/v2\/posts\/493\/revisions"}],"predecessor-version":[{"id":495,"href":"https:\/\/brasilnoticias.org\/site\/wp-json\/wp\/v2\/posts\/493\/revisions\/495"}],"wp:featuredmedia":[{"embeddable":true,"href":"https:\/\/brasilnoticias.org\/site\/wp-json\/wp\/v2\/media\/494"}],"wp:attachment":[{"href":"https:\/\/brasilnoticias.org\/site\/wp-json\/wp\/v2\/media?parent=493"}],"wp:term":[{"taxonomy":"category","embeddable":true,"href":"https:\/\/brasilnoticias.org\/site\/wp-json\/wp\/v2\/categories?post=493"},{"taxonomy":"post_tag","embeddable":true,"href":"https:\/\/brasilnoticias.org\/site\/wp-json\/wp\/v2\/tags?post=493"}],"curies":[{"name":"wp","href":"https:\/\/api.w.org\/{rel}","templated":true}]}}