{"id":4932,"date":"2023-03-23T10:00:17","date_gmt":"2023-03-23T13:00:17","guid":{"rendered":"https:\/\/brasilnoticias.org\/site\/?p=4932"},"modified":"2023-03-23T10:00:17","modified_gmt":"2023-03-23T13:00:17","slug":"veja-ranking-do-que-e-mais-buscado-sobre-salvador-no-google","status":"publish","type":"post","link":"https:\/\/brasilnoticias.org\/site\/veja-ranking-do-que-e-mais-buscado-sobre-salvador-no-google\/","title":{"rendered":"Veja ranking do que \u00e9 mais buscado sobre Salvador no Google"},"content":{"rendered":"<p>\u201cQue horas s\u00e3o em Salvador?\u201d. Voc\u00ea n\u00e3o leu errado. Esta \u00e9 a pergunta mais buscada sobre a capital baiana no Google. Os dados s\u00e3o extra\u00eddos da ferramenta Google Trends registra os termos e assuntos mais buscados da internet. Um balan\u00e7o foi apresentado nesta quarta-feira (22). Depois da pergunta um tanto quanto \u00f3bvia aparecem servi\u00e7os e dados como \u201co que fazer em Salvador?\u201d, \u201cquem fundou a cidade de Salvador?\u201d e \u201conde comer em Salvador?\u201d. A lista \u00e9 extensa, e tem cada coisa&#8230;<\/p>\n<p>O balan\u00e7o divulgado ainda mostrou listas divididas pelo tipo de busca. Quando a quest\u00e3o \u00e9 divers\u00e3o, por exemplo, os bairros mais procurados s\u00e3o \u201co que fazer na Barra, Rio Vermelho, Itapu\u00e3, Ondina e Ribeira\u201d, nessa ordem. E as respostas s\u00e3o pontos e roteiros tur\u00edsticos, praias, igrejas, festas, bares e restaurantes. <\/p>\n<p>O ranqueamento das p\u00e1ginas \u00e9 feito com base em algoritmos que levam em considera\u00e7\u00e3o par\u00e2metros estabelecidos pela empresa. O Google Trends registra tudo que \u00e9 digitado na caixa de pesquisa e depois organiza essas bilh\u00f5es de informa\u00e7\u00f5es. Os dados dos usu\u00e1rios n\u00e3o s\u00e3o coletados, por isso, n\u00e3o h\u00e1 an\u00e1lises socioecon\u00f4micas ou perfis dos pesquisadores. Nesta quarta-feira (22), a empresa apresentou o balan\u00e7o de tudo que \u00e9 pesquisado em Salvador desde 2004, quando come\u00e7ou a s\u00e9rie hist\u00f3rica. <\/p>\n<p>Confira as listas dos mais buscados em Salvador:<\/p>\n<p>Perguntas mais buscadas sobre Salvador desde 2004<br \/>\nQue horas s\u00e3o em Salvador?<br \/>\nO que fazer em Salvador?<br \/>\nQuem fundou a cidade de Salvador?<br \/>\nOnde comer em Salvador?<br \/>\nQuantos anos tem a cidade de Salvador?<br \/>\nQual o munic\u00edpio de Salvador?<br \/>\nComo marcar consulta pelo SUS em Salvador?<br \/>\nQuantas igrejas t\u00eam em Salvador?<br \/>\nComo est\u00e1 o tempo em Salvador?<br \/>\nO que abre hoje em Salvador?<br \/>\nOs porqu\u00eas mais buscados sobre Salvador pesquisados desde 2004<br \/>\nPor que Salvador tem esse nome?<br \/>\nPor que a cidade de Salvador foi fundada?<br \/>\nPor que Salvador foi dividida em Cidade Alta e Cidade Baixa?<br \/>\nPor que Salvador foi a primeira capital do Brasil?<br \/>\nPor que a sigla de Salvador \u00e9 SSA?<br \/>\nPor que Salvador \u00e9 considerada uma cidade hist\u00f3rica?<br \/>\nPor que Salvador deixou de ser capital do Brasil?<br \/>\nPor que o metr\u00f4 de Salvador n\u00e3o \u00e9 subterr\u00e2neo?<br \/>\nPor que est\u00e1 chovendo tanto em Salvador?<br \/>\nPor que Salvador foi chamada de cidade fortaleza?<br \/>\nComidas mais buscadas em Salvador desde 2004<br \/>\nBolo de cenoura<br \/>\nOmelete<br \/>\nPanqueca<br \/>\nBolo de chocolate<br \/>\nPudim<br \/>\nBolo de milho<br \/>\nTorta de frango<br \/>\nYakisoba<br \/>\nEmpanada<br \/>\nFricass\u00e9 de frango<br \/>\nComidas \u2018baianas\u2019 mais buscadas desde 2004<br \/>\nCaruru baiano<br \/>\nFeijoada baiana<br \/>\nCozido baiano<br \/>\nVatap\u00e1 baiano<br \/>\nDobradinha baiana<br \/>\nMoqueca de peixe baiana<br \/>\nQuiabada baiana<br \/>\nFeij\u00e3o fradinho baiano<br \/>\nMoqueca de camar\u00e3o baiana<br \/>\nMariscada baiana<br \/>\nReceitas mais buscadas em Salvador desde 2004<br \/>\nReceita de panqueca<br \/>\nReceita de bolo<br \/>\nReceita de empanada<br \/>\nReceita de pudim<br \/>\nReceita de bolo de cenoura<br \/>\nReceita de pizza<br \/>\nReceita de bolo de chocolate<br \/>\nReceita de empanada de sardinha<br \/>\nReceita de brigadeiro<br \/>\nReceita de p\u00e3o caseiro<br \/>\nAtra\u00e7\u00f5es tur\u00edsticas de Salvador mais buscadas desde 2004<br \/>\nPelourinho<br \/>\nArena Fonte Nova<br \/>\nFarol da Barra<br \/>\nPraia do Flamengo<br \/>\nElevador Lacerda<br \/>\nMercado Modelo<br \/>\nTeatro Castro Alves<br \/>\nPraia da Barra<br \/>\nMercado do Rio Vermelho<br \/>\nMuseu de Arte da Bahia<br \/>\nMuseu e centros culturais de Salvador mais buscados desde 2004<br \/>\nMuseu de Arte da Bahia<br \/>\nCasa do Rio Vermelho<br \/>\nCaixa Cultural de Salvador<br \/>\nMuseu de Arte Moderna<br \/>\nCasa do Carnaval<br \/>\nMuseu de Arte Sacra<br \/>\nMuseu da Cidade<br \/>\nMuseu Costa Pinto<br \/>\nMuseu N\u00e1utico<br \/>\nMuseu da Miseric\u00f3rdia<br \/>\nFestividade de Salvador mais buscadas desde 2004<br \/>\nCarnaval de Salvador<br \/>\nLavagem do Bonfim<br \/>\nFesta de Reis<br \/>\nFesta de Iemanj\u00e1<br \/>\nFesta de Santa B\u00e1rbara<br \/>\nCantores baianos mais buscados no Brasil desde 2004<br \/>\nIvete Sangalo<br \/>\nRaul Seixas<br \/>\nPitty<br \/>\nCaetano Veloso<br \/>\nL\u00e9o Santana<br \/>\nSimone<br \/>\nGilberto Gil<br \/>\nMaria Beth\u00e2nia<br \/>\nGal Costa<br \/>\nMara Maravilha<\/p>\n<p>Foto: Reprodu\u00e7\u00e3o<br \/>\nPor: Metro1 <\/p>\n","protected":false},"excerpt":{"rendered":"<p>\u201cQue horas s\u00e3o em Salvador?\u201d. Voc\u00ea n\u00e3o leu errado. Esta \u00e9 a pergunta mais buscada sobre a capital baiana no<\/p>\n","protected":false},"author":1,"featured_media":4933,"comment_status":"open","ping_status":"open","sticky":false,"template":"","format":"standard","meta":{"colormag_page_container_layout":"default_layout","colormag_page_sidebar_layout":"default_layout","_FSMCFIC_featured_image_caption":"","_FSMCFIC_featured_image_nocaption":"","_FSMCFIC_featured_image_hide":"","footnotes":""},"categories":[8,1],"tags":[],"class_list":["post-4932","post","type-post","status-publish","format-standard","has-post-thumbnail","hentry","category-entretenimento","category-ultimas"],"yoast_head":"<!-- This site is optimized with the Yoast SEO plugin v27.1.1 - https:\/\/yoast.com\/product\/yoast-seo-wordpress\/ -->\n<title>Veja ranking do que \u00e9 mais buscado sobre Salvador no Google - Brasil not\u00edcias<\/title>\n<meta name=\"robots\" content=\"index, follow, max-snippet:-1, max-image-preview:large, max-video-preview:-1\" \/>\n<link rel=\"canonical\" href=\"https:\/\/brasilnoticias.org\/site\/veja-ranking-do-que-e-mais-buscado-sobre-salvador-no-google\/\" \/>\n<meta property=\"og:locale\" content=\"pt_PT\" \/>\n<meta property=\"og:type\" content=\"article\" \/>\n<meta property=\"og:title\" content=\"Veja ranking do que \u00e9 mais buscado sobre Salvador no Google - Brasil not\u00edcias\" \/>\n<meta property=\"og:description\" content=\"\u201cQue horas s\u00e3o em Salvador?\u201d. Voc\u00ea n\u00e3o leu errado. Esta \u00e9 a pergunta mais buscada sobre a capital baiana no\" \/>\n<meta property=\"og:url\" content=\"https:\/\/brasilnoticias.org\/site\/veja-ranking-do-que-e-mais-buscado-sobre-salvador-no-google\/\" \/>\n<meta property=\"og:site_name\" content=\"Brasil not\u00edcias\" \/>\n<meta property=\"article:published_time\" content=\"2023-03-23T13:00:17+00:00\" \/>\n<meta property=\"og:image\" content=\"https:\/\/brasilnoticias.org\/site\/wp-content\/uploads\/2023\/03\/134343veja-ranking-do-que-e-mais-buscado-sobre-salvador-no-google-3.jpg\" \/>\n\t<meta property=\"og:image:width\" content=\"1600\" \/>\n\t<meta property=\"og:image:height\" content=\"752\" \/>\n\t<meta property=\"og:image:type\" content=\"image\/jpeg\" \/>\n<meta name=\"author\" content=\"Reda\u00e7\u00e3o\" \/>\n<meta name=\"twitter:card\" content=\"summary_large_image\" \/>\n<meta name=\"twitter:label1\" content=\"Escrito por\" \/>\n\t<meta name=\"twitter:data1\" content=\"Reda\u00e7\u00e3o\" \/>\n<script type=\"application\/ld+json\" class=\"yoast-schema-graph\">{\"@context\":\"https:\/\/schema.org\",\"@graph\":[{\"@type\":\"Article\",\"@id\":\"https:\/\/brasilnoticias.org\/site\/veja-ranking-do-que-e-mais-buscado-sobre-salvador-no-google\/#article\",\"isPartOf\":{\"@id\":\"https:\/\/brasilnoticias.org\/site\/veja-ranking-do-que-e-mais-buscado-sobre-salvador-no-google\/\"},\"author\":{\"name\":\"Reda\u00e7\u00e3o\",\"@id\":\"https:\/\/brasilnoticias.org\/site\/#\/schema\/person\/a0e05b973ec4d15c658d51911e53507b\"},\"headline\":\"Veja ranking do que \u00e9 mais buscado sobre Salvador no Google\",\"datePublished\":\"2023-03-23T13:00:17+00:00\",\"mainEntityOfPage\":{\"@id\":\"https:\/\/brasilnoticias.org\/site\/veja-ranking-do-que-e-mais-buscado-sobre-salvador-no-google\/\"},\"wordCount\":641,\"commentCount\":0,\"publisher\":{\"@id\":\"https:\/\/brasilnoticias.org\/site\/#organization\"},\"image\":{\"@id\":\"https:\/\/brasilnoticias.org\/site\/veja-ranking-do-que-e-mais-buscado-sobre-salvador-no-google\/#primaryimage\"},\"thumbnailUrl\":\"https:\/\/brasilnoticias.org\/site\/wp-content\/uploads\/2023\/03\/134343veja-ranking-do-que-e-mais-buscado-sobre-salvador-no-google-3.jpg\",\"articleSection\":[\"Entretenimento\",\"\u00daltimas\"],\"inLanguage\":\"pt-PT\",\"potentialAction\":[{\"@type\":\"CommentAction\",\"name\":\"Comment\",\"target\":[\"https:\/\/brasilnoticias.org\/site\/veja-ranking-do-que-e-mais-buscado-sobre-salvador-no-google\/#respond\"]}]},{\"@type\":\"WebPage\",\"@id\":\"https:\/\/brasilnoticias.org\/site\/veja-ranking-do-que-e-mais-buscado-sobre-salvador-no-google\/\",\"url\":\"https:\/\/brasilnoticias.org\/site\/veja-ranking-do-que-e-mais-buscado-sobre-salvador-no-google\/\",\"name\":\"Veja ranking do que \u00e9 mais buscado sobre Salvador no Google - Brasil not\u00edcias\",\"isPartOf\":{\"@id\":\"https:\/\/brasilnoticias.org\/site\/#website\"},\"primaryImageOfPage\":{\"@id\":\"https:\/\/brasilnoticias.org\/site\/veja-ranking-do-que-e-mais-buscado-sobre-salvador-no-google\/#primaryimage\"},\"image\":{\"@id\":\"https:\/\/brasilnoticias.org\/site\/veja-ranking-do-que-e-mais-buscado-sobre-salvador-no-google\/#primaryimage\"},\"thumbnailUrl\":\"https:\/\/brasilnoticias.org\/site\/wp-content\/uploads\/2023\/03\/134343veja-ranking-do-que-e-mais-buscado-sobre-salvador-no-google-3.jpg\",\"datePublished\":\"2023-03-23T13:00:17+00:00\",\"breadcrumb\":{\"@id\":\"https:\/\/brasilnoticias.org\/site\/veja-ranking-do-que-e-mais-buscado-sobre-salvador-no-google\/#breadcrumb\"},\"inLanguage\":\"pt-PT\",\"potentialAction\":[{\"@type\":\"ReadAction\",\"target\":[\"https:\/\/brasilnoticias.org\/site\/veja-ranking-do-que-e-mais-buscado-sobre-salvador-no-google\/\"]}]},{\"@type\":\"ImageObject\",\"inLanguage\":\"pt-PT\",\"@id\":\"https:\/\/brasilnoticias.org\/site\/veja-ranking-do-que-e-mais-buscado-sobre-salvador-no-google\/#primaryimage\",\"url\":\"https:\/\/brasilnoticias.org\/site\/wp-content\/uploads\/2023\/03\/134343veja-ranking-do-que-e-mais-buscado-sobre-salvador-no-google-3.jpg\",\"contentUrl\":\"https:\/\/brasilnoticias.org\/site\/wp-content\/uploads\/2023\/03\/134343veja-ranking-do-que-e-mais-buscado-sobre-salvador-no-google-3.jpg\",\"width\":1600,\"height\":752},{\"@type\":\"BreadcrumbList\",\"@id\":\"https:\/\/brasilnoticias.org\/site\/veja-ranking-do-que-e-mais-buscado-sobre-salvador-no-google\/#breadcrumb\",\"itemListElement\":[{\"@type\":\"ListItem\",\"position\":1,\"name\":\"In\u00edcio\",\"item\":\"https:\/\/brasilnoticias.org\/site\/\"},{\"@type\":\"ListItem\",\"position\":2,\"name\":\"Veja ranking do que \u00e9 mais buscado sobre Salvador no Google\"}]},{\"@type\":\"WebSite\",\"@id\":\"https:\/\/brasilnoticias.org\/site\/#website\",\"url\":\"https:\/\/brasilnoticias.org\/site\/\",\"name\":\"Brasil not\u00edcias\",\"description\":\"Brasil not\u00edcias\",\"publisher\":{\"@id\":\"https:\/\/brasilnoticias.org\/site\/#organization\"},\"potentialAction\":[{\"@type\":\"SearchAction\",\"target\":{\"@type\":\"EntryPoint\",\"urlTemplate\":\"https:\/\/brasilnoticias.org\/site\/?s={search_term_string}\"},\"query-input\":{\"@type\":\"PropertyValueSpecification\",\"valueRequired\":true,\"valueName\":\"search_term_string\"}}],\"inLanguage\":\"pt-PT\"},{\"@type\":\"Organization\",\"@id\":\"https:\/\/brasilnoticias.org\/site\/#organization\",\"name\":\"Brasil not\u00edcias\",\"url\":\"https:\/\/brasilnoticias.org\/site\/\",\"logo\":{\"@type\":\"ImageObject\",\"inLanguage\":\"pt-PT\",\"@id\":\"https:\/\/brasilnoticias.org\/site\/#\/schema\/logo\/image\/\",\"url\":\"https:\/\/brasilnoticias.org\/site\/wp-content\/uploads\/2022\/05\/cropped-brasilnoticias-mini.jpg\",\"contentUrl\":\"https:\/\/brasilnoticias.org\/site\/wp-content\/uploads\/2022\/05\/cropped-brasilnoticias-mini.jpg\",\"width\":314,\"height\":86,\"caption\":\"Brasil not\u00edcias\"},\"image\":{\"@id\":\"https:\/\/brasilnoticias.org\/site\/#\/schema\/logo\/image\/\"}},{\"@type\":\"Person\",\"@id\":\"https:\/\/brasilnoticias.org\/site\/#\/schema\/person\/a0e05b973ec4d15c658d51911e53507b\",\"name\":\"Reda\u00e7\u00e3o\",\"image\":{\"@type\":\"ImageObject\",\"inLanguage\":\"pt-PT\",\"@id\":\"https:\/\/brasilnoticias.org\/site\/#\/schema\/person\/image\/\",\"url\":\"https:\/\/secure.gravatar.com\/avatar\/75d8b050df2de108b08ae78dfb8e374892df24a383c67db9c46a9c604f6aee9c?s=96&d=mm&r=g\",\"contentUrl\":\"https:\/\/secure.gravatar.com\/avatar\/75d8b050df2de108b08ae78dfb8e374892df24a383c67db9c46a9c604f6aee9c?s=96&d=mm&r=g\",\"caption\":\"Reda\u00e7\u00e3o\"},\"sameAs\":[\"https:\/\/brasilnoticias.org\/site\"],\"url\":\"https:\/\/brasilnoticias.org\/site\/author\/fernandozsngmail-com\/\"}]}<\/script>\n<!-- \/ Yoast SEO plugin. -->","yoast_head_json":{"title":"Veja ranking do que \u00e9 mais buscado sobre Salvador no Google - Brasil not\u00edcias","robots":{"index":"index","follow":"follow","max-snippet":"max-snippet:-1","max-image-preview":"max-image-preview:large","max-video-preview":"max-video-preview:-1"},"canonical":"https:\/\/brasilnoticias.org\/site\/veja-ranking-do-que-e-mais-buscado-sobre-salvador-no-google\/","og_locale":"pt_PT","og_type":"article","og_title":"Veja ranking do que \u00e9 mais buscado sobre Salvador no Google - Brasil not\u00edcias","og_description":"\u201cQue horas s\u00e3o em Salvador?\u201d. Voc\u00ea n\u00e3o leu errado. Esta \u00e9 a pergunta mais buscada sobre a capital baiana no","og_url":"https:\/\/brasilnoticias.org\/site\/veja-ranking-do-que-e-mais-buscado-sobre-salvador-no-google\/","og_site_name":"Brasil not\u00edcias","article_published_time":"2023-03-23T13:00:17+00:00","og_image":[{"width":1600,"height":752,"url":"https:\/\/brasilnoticias.org\/site\/wp-content\/uploads\/2023\/03\/134343veja-ranking-do-que-e-mais-buscado-sobre-salvador-no-google-3.jpg","type":"image\/jpeg"}],"author":"Reda\u00e7\u00e3o","twitter_card":"summary_large_image","twitter_misc":{"Escrito por":"Reda\u00e7\u00e3o"},"schema":{"@context":"https:\/\/schema.org","@graph":[{"@type":"Article","@id":"https:\/\/brasilnoticias.org\/site\/veja-ranking-do-que-e-mais-buscado-sobre-salvador-no-google\/#article","isPartOf":{"@id":"https:\/\/brasilnoticias.org\/site\/veja-ranking-do-que-e-mais-buscado-sobre-salvador-no-google\/"},"author":{"name":"Reda\u00e7\u00e3o","@id":"https:\/\/brasilnoticias.org\/site\/#\/schema\/person\/a0e05b973ec4d15c658d51911e53507b"},"headline":"Veja ranking do que \u00e9 mais buscado sobre Salvador no Google","datePublished":"2023-03-23T13:00:17+00:00","mainEntityOfPage":{"@id":"https:\/\/brasilnoticias.org\/site\/veja-ranking-do-que-e-mais-buscado-sobre-salvador-no-google\/"},"wordCount":641,"commentCount":0,"publisher":{"@id":"https:\/\/brasilnoticias.org\/site\/#organization"},"image":{"@id":"https:\/\/brasilnoticias.org\/site\/veja-ranking-do-que-e-mais-buscado-sobre-salvador-no-google\/#primaryimage"},"thumbnailUrl":"https:\/\/brasilnoticias.org\/site\/wp-content\/uploads\/2023\/03\/134343veja-ranking-do-que-e-mais-buscado-sobre-salvador-no-google-3.jpg","articleSection":["Entretenimento","\u00daltimas"],"inLanguage":"pt-PT","potentialAction":[{"@type":"CommentAction","name":"Comment","target":["https:\/\/brasilnoticias.org\/site\/veja-ranking-do-que-e-mais-buscado-sobre-salvador-no-google\/#respond"]}]},{"@type":"WebPage","@id":"https:\/\/brasilnoticias.org\/site\/veja-ranking-do-que-e-mais-buscado-sobre-salvador-no-google\/","url":"https:\/\/brasilnoticias.org\/site\/veja-ranking-do-que-e-mais-buscado-sobre-salvador-no-google\/","name":"Veja ranking do que \u00e9 mais buscado sobre Salvador no Google - Brasil not\u00edcias","isPartOf":{"@id":"https:\/\/brasilnoticias.org\/site\/#website"},"primaryImageOfPage":{"@id":"https:\/\/brasilnoticias.org\/site\/veja-ranking-do-que-e-mais-buscado-sobre-salvador-no-google\/#primaryimage"},"image":{"@id":"https:\/\/brasilnoticias.org\/site\/veja-ranking-do-que-e-mais-buscado-sobre-salvador-no-google\/#primaryimage"},"thumbnailUrl":"https:\/\/brasilnoticias.org\/site\/wp-content\/uploads\/2023\/03\/134343veja-ranking-do-que-e-mais-buscado-sobre-salvador-no-google-3.jpg","datePublished":"2023-03-23T13:00:17+00:00","breadcrumb":{"@id":"https:\/\/brasilnoticias.org\/site\/veja-ranking-do-que-e-mais-buscado-sobre-salvador-no-google\/#breadcrumb"},"inLanguage":"pt-PT","potentialAction":[{"@type":"ReadAction","target":["https:\/\/brasilnoticias.org\/site\/veja-ranking-do-que-e-mais-buscado-sobre-salvador-no-google\/"]}]},{"@type":"ImageObject","inLanguage":"pt-PT","@id":"https:\/\/brasilnoticias.org\/site\/veja-ranking-do-que-e-mais-buscado-sobre-salvador-no-google\/#primaryimage","url":"https:\/\/brasilnoticias.org\/site\/wp-content\/uploads\/2023\/03\/134343veja-ranking-do-que-e-mais-buscado-sobre-salvador-no-google-3.jpg","contentUrl":"https:\/\/brasilnoticias.org\/site\/wp-content\/uploads\/2023\/03\/134343veja-ranking-do-que-e-mais-buscado-sobre-salvador-no-google-3.jpg","width":1600,"height":752},{"@type":"BreadcrumbList","@id":"https:\/\/brasilnoticias.org\/site\/veja-ranking-do-que-e-mais-buscado-sobre-salvador-no-google\/#breadcrumb","itemListElement":[{"@type":"ListItem","position":1,"name":"In\u00edcio","item":"https:\/\/brasilnoticias.org\/site\/"},{"@type":"ListItem","position":2,"name":"Veja ranking do que \u00e9 mais buscado sobre Salvador no Google"}]},{"@type":"WebSite","@id":"https:\/\/brasilnoticias.org\/site\/#website","url":"https:\/\/brasilnoticias.org\/site\/","name":"Brasil not\u00edcias","description":"Brasil not\u00edcias","publisher":{"@id":"https:\/\/brasilnoticias.org\/site\/#organization"},"potentialAction":[{"@type":"SearchAction","target":{"@type":"EntryPoint","urlTemplate":"https:\/\/brasilnoticias.org\/site\/?s={search_term_string}"},"query-input":{"@type":"PropertyValueSpecification","valueRequired":true,"valueName":"search_term_string"}}],"inLanguage":"pt-PT"},{"@type":"Organization","@id":"https:\/\/brasilnoticias.org\/site\/#organization","name":"Brasil not\u00edcias","url":"https:\/\/brasilnoticias.org\/site\/","logo":{"@type":"ImageObject","inLanguage":"pt-PT","@id":"https:\/\/brasilnoticias.org\/site\/#\/schema\/logo\/image\/","url":"https:\/\/brasilnoticias.org\/site\/wp-content\/uploads\/2022\/05\/cropped-brasilnoticias-mini.jpg","contentUrl":"https:\/\/brasilnoticias.org\/site\/wp-content\/uploads\/2022\/05\/cropped-brasilnoticias-mini.jpg","width":314,"height":86,"caption":"Brasil not\u00edcias"},"image":{"@id":"https:\/\/brasilnoticias.org\/site\/#\/schema\/logo\/image\/"}},{"@type":"Person","@id":"https:\/\/brasilnoticias.org\/site\/#\/schema\/person\/a0e05b973ec4d15c658d51911e53507b","name":"Reda\u00e7\u00e3o","image":{"@type":"ImageObject","inLanguage":"pt-PT","@id":"https:\/\/brasilnoticias.org\/site\/#\/schema\/person\/image\/","url":"https:\/\/secure.gravatar.com\/avatar\/75d8b050df2de108b08ae78dfb8e374892df24a383c67db9c46a9c604f6aee9c?s=96&d=mm&r=g","contentUrl":"https:\/\/secure.gravatar.com\/avatar\/75d8b050df2de108b08ae78dfb8e374892df24a383c67db9c46a9c604f6aee9c?s=96&d=mm&r=g","caption":"Reda\u00e7\u00e3o"},"sameAs":["https:\/\/brasilnoticias.org\/site"],"url":"https:\/\/brasilnoticias.org\/site\/author\/fernandozsngmail-com\/"}]}},"_links":{"self":[{"href":"https:\/\/brasilnoticias.org\/site\/wp-json\/wp\/v2\/posts\/4932","targetHints":{"allow":["GET"]}}],"collection":[{"href":"https:\/\/brasilnoticias.org\/site\/wp-json\/wp\/v2\/posts"}],"about":[{"href":"https:\/\/brasilnoticias.org\/site\/wp-json\/wp\/v2\/types\/post"}],"author":[{"embeddable":true,"href":"https:\/\/brasilnoticias.org\/site\/wp-json\/wp\/v2\/users\/1"}],"replies":[{"embeddable":true,"href":"https:\/\/brasilnoticias.org\/site\/wp-json\/wp\/v2\/comments?post=4932"}],"version-history":[{"count":1,"href":"https:\/\/brasilnoticias.org\/site\/wp-json\/wp\/v2\/posts\/4932\/revisions"}],"predecessor-version":[{"id":4934,"href":"https:\/\/brasilnoticias.org\/site\/wp-json\/wp\/v2\/posts\/4932\/revisions\/4934"}],"wp:featuredmedia":[{"embeddable":true,"href":"https:\/\/brasilnoticias.org\/site\/wp-json\/wp\/v2\/media\/4933"}],"wp:attachment":[{"href":"https:\/\/brasilnoticias.org\/site\/wp-json\/wp\/v2\/media?parent=4932"}],"wp:term":[{"taxonomy":"category","embeddable":true,"href":"https:\/\/brasilnoticias.org\/site\/wp-json\/wp\/v2\/categories?post=4932"},{"taxonomy":"post_tag","embeddable":true,"href":"https:\/\/brasilnoticias.org\/site\/wp-json\/wp\/v2\/tags?post=4932"}],"curies":[{"name":"wp","href":"https:\/\/api.w.org\/{rel}","templated":true}]}}