{"id":4935,"date":"2023-03-23T10:03:07","date_gmt":"2023-03-23T13:03:07","guid":{"rendered":"https:\/\/brasilnoticias.org\/site\/?p=4935"},"modified":"2023-03-23T10:03:07","modified_gmt":"2023-03-23T13:03:07","slug":"capitao-alden-comemora-noticia-de-que-cpmi-do-dia-8-de-janeiro-tera-andamento","status":"publish","type":"post","link":"https:\/\/brasilnoticias.org\/site\/capitao-alden-comemora-noticia-de-que-cpmi-do-dia-8-de-janeiro-tera-andamento\/","title":{"rendered":"Capit\u00e3o Alden comemora not\u00edcia de que CPMI do dia 8 de janeiro ter\u00e1 andamento"},"content":{"rendered":"<p>Ap\u00f3s o deputado federal Andr\u00e9 Fernandes (PL-CE) usar as redes sociais para anunciar que, em conversa com o presidente do Congresso, o senador Rodrigo Pacheco, foi garantida o andamento da Comiss\u00e3o Parlamentar de Inqu\u00e9rito (CPMI), o deputado Capit\u00e3o Alden (PL-BA) reafirmou a import\u00e2ncia de maiorz\u00f5es investiga\u00e7\u00f5es sobre os atos do dia 8 de janeiro. <\/p>\n<p>De acordo com parlamentar cearense, ficou acordado que a sess\u00e3o conjunta acontecer\u00e1 na primeira quinzena de abril, tendo o requerimento do pedido de instala\u00e7\u00e3o lido consequentemente. <\/p>\n<p>Um dos primeiros a assinar o pedidos de CPMI, Alden comemorou a not\u00edcia e enfatizou que o poder legislativo tem o \u201ccompromisso\u201d de investigar as motiva\u00e7\u00f5es do ato. <\/p>\n<p>\u201cApesar do Governo Federal tentar retirar assinaturas, inclusive oferecendo cargos aos parlamentares, o povo brasileiro precisa saber o que de fato aconteceu no dia 8 de janeiro. N\u00e3o entendemos o motivo de tanto desespero do presidente Lula em tentar fazer com que a CPMI n\u00e3o aconte\u00e7a. Pois ela vai acontecer e prestar\u00e1 contas \u00e0 na\u00e7\u00e3o\u201d, disse Capit\u00e3o Alden.<\/p>\n","protected":false},"excerpt":{"rendered":"<p>Ap\u00f3s o deputado federal Andr\u00e9 Fernandes (PL-CE) usar as redes sociais para anunciar que, em conversa com o presidente do<\/p>\n","protected":false},"author":1,"featured_media":4936,"comment_status":"open","ping_status":"open","sticky":false,"template":"","format":"standard","meta":{"colormag_page_container_layout":"default_layout","colormag_page_sidebar_layout":"default_layout","_FSMCFIC_featured_image_caption":"","_FSMCFIC_featured_image_nocaption":"","_FSMCFIC_featured_image_hide":"","footnotes":""},"categories":[5,1],"tags":[],"class_list":["post-4935","post","type-post","status-publish","format-standard","has-post-thumbnail","hentry","category-politica","category-ultimas"],"yoast_head":"<!-- This site is optimized with the Yoast SEO plugin v27.1.1 - https:\/\/yoast.com\/product\/yoast-seo-wordpress\/ -->\n<title>Capit\u00e3o Alden comemora not\u00edcia de que CPMI do dia 8 de janeiro ter\u00e1 andamento - Brasil not\u00edcias<\/title>\n<meta name=\"robots\" content=\"index, follow, max-snippet:-1, max-image-preview:large, max-video-preview:-1\" \/>\n<link rel=\"canonical\" href=\"https:\/\/brasilnoticias.org\/site\/capitao-alden-comemora-noticia-de-que-cpmi-do-dia-8-de-janeiro-tera-andamento\/\" \/>\n<meta property=\"og:locale\" content=\"pt_PT\" \/>\n<meta property=\"og:type\" content=\"article\" \/>\n<meta property=\"og:title\" content=\"Capit\u00e3o Alden comemora not\u00edcia de que CPMI do dia 8 de janeiro ter\u00e1 andamento - Brasil not\u00edcias\" \/>\n<meta property=\"og:description\" content=\"Ap\u00f3s o deputado federal Andr\u00e9 Fernandes (PL-CE) usar as redes sociais para anunciar que, em conversa com o presidente do\" \/>\n<meta property=\"og:url\" content=\"https:\/\/brasilnoticias.org\/site\/capitao-alden-comemora-noticia-de-que-cpmi-do-dia-8-de-janeiro-tera-andamento\/\" \/>\n<meta property=\"og:site_name\" content=\"Brasil not\u00edcias\" \/>\n<meta property=\"article:published_time\" content=\"2023-03-23T13:03:07+00:00\" \/>\n<meta property=\"og:image\" content=\"https:\/\/brasilnoticias.org\/site\/wp-content\/uploads\/2023\/03\/WhatsApp-Image-2023-03-23-at-08.14.57.jpeg\" \/>\n\t<meta property=\"og:image:width\" content=\"1000\" \/>\n\t<meta property=\"og:image:height\" content=\"667\" \/>\n\t<meta property=\"og:image:type\" content=\"image\/jpeg\" \/>\n<meta name=\"author\" content=\"Reda\u00e7\u00e3o\" \/>\n<meta name=\"twitter:card\" content=\"summary_large_image\" \/>\n<meta name=\"twitter:label1\" content=\"Escrito por\" \/>\n\t<meta name=\"twitter:data1\" content=\"Reda\u00e7\u00e3o\" \/>\n<script type=\"application\/ld+json\" class=\"yoast-schema-graph\">{\"@context\":\"https:\/\/schema.org\",\"@graph\":[{\"@type\":\"Article\",\"@id\":\"https:\/\/brasilnoticias.org\/site\/capitao-alden-comemora-noticia-de-que-cpmi-do-dia-8-de-janeiro-tera-andamento\/#article\",\"isPartOf\":{\"@id\":\"https:\/\/brasilnoticias.org\/site\/capitao-alden-comemora-noticia-de-que-cpmi-do-dia-8-de-janeiro-tera-andamento\/\"},\"author\":{\"name\":\"Reda\u00e7\u00e3o\",\"@id\":\"https:\/\/brasilnoticias.org\/site\/#\/schema\/person\/a0e05b973ec4d15c658d51911e53507b\"},\"headline\":\"Capit\u00e3o Alden comemora not\u00edcia de que CPMI do dia 8 de janeiro ter\u00e1 andamento\",\"datePublished\":\"2023-03-23T13:03:07+00:00\",\"mainEntityOfPage\":{\"@id\":\"https:\/\/brasilnoticias.org\/site\/capitao-alden-comemora-noticia-de-que-cpmi-do-dia-8-de-janeiro-tera-andamento\/\"},\"wordCount\":194,\"commentCount\":0,\"publisher\":{\"@id\":\"https:\/\/brasilnoticias.org\/site\/#organization\"},\"image\":{\"@id\":\"https:\/\/brasilnoticias.org\/site\/capitao-alden-comemora-noticia-de-que-cpmi-do-dia-8-de-janeiro-tera-andamento\/#primaryimage\"},\"thumbnailUrl\":\"https:\/\/brasilnoticias.org\/site\/wp-content\/uploads\/2023\/03\/WhatsApp-Image-2023-03-23-at-08.14.57.jpeg\",\"articleSection\":[\"Pol\u00edtica\",\"\u00daltimas\"],\"inLanguage\":\"pt-PT\",\"potentialAction\":[{\"@type\":\"CommentAction\",\"name\":\"Comment\",\"target\":[\"https:\/\/brasilnoticias.org\/site\/capitao-alden-comemora-noticia-de-que-cpmi-do-dia-8-de-janeiro-tera-andamento\/#respond\"]}]},{\"@type\":\"WebPage\",\"@id\":\"https:\/\/brasilnoticias.org\/site\/capitao-alden-comemora-noticia-de-que-cpmi-do-dia-8-de-janeiro-tera-andamento\/\",\"url\":\"https:\/\/brasilnoticias.org\/site\/capitao-alden-comemora-noticia-de-que-cpmi-do-dia-8-de-janeiro-tera-andamento\/\",\"name\":\"Capit\u00e3o Alden comemora not\u00edcia de que CPMI do dia 8 de janeiro ter\u00e1 andamento - Brasil not\u00edcias\",\"isPartOf\":{\"@id\":\"https:\/\/brasilnoticias.org\/site\/#website\"},\"primaryImageOfPage\":{\"@id\":\"https:\/\/brasilnoticias.org\/site\/capitao-alden-comemora-noticia-de-que-cpmi-do-dia-8-de-janeiro-tera-andamento\/#primaryimage\"},\"image\":{\"@id\":\"https:\/\/brasilnoticias.org\/site\/capitao-alden-comemora-noticia-de-que-cpmi-do-dia-8-de-janeiro-tera-andamento\/#primaryimage\"},\"thumbnailUrl\":\"https:\/\/brasilnoticias.org\/site\/wp-content\/uploads\/2023\/03\/WhatsApp-Image-2023-03-23-at-08.14.57.jpeg\",\"datePublished\":\"2023-03-23T13:03:07+00:00\",\"breadcrumb\":{\"@id\":\"https:\/\/brasilnoticias.org\/site\/capitao-alden-comemora-noticia-de-que-cpmi-do-dia-8-de-janeiro-tera-andamento\/#breadcrumb\"},\"inLanguage\":\"pt-PT\",\"potentialAction\":[{\"@type\":\"ReadAction\",\"target\":[\"https:\/\/brasilnoticias.org\/site\/capitao-alden-comemora-noticia-de-que-cpmi-do-dia-8-de-janeiro-tera-andamento\/\"]}]},{\"@type\":\"ImageObject\",\"inLanguage\":\"pt-PT\",\"@id\":\"https:\/\/brasilnoticias.org\/site\/capitao-alden-comemora-noticia-de-que-cpmi-do-dia-8-de-janeiro-tera-andamento\/#primaryimage\",\"url\":\"https:\/\/brasilnoticias.org\/site\/wp-content\/uploads\/2023\/03\/WhatsApp-Image-2023-03-23-at-08.14.57.jpeg\",\"contentUrl\":\"https:\/\/brasilnoticias.org\/site\/wp-content\/uploads\/2023\/03\/WhatsApp-Image-2023-03-23-at-08.14.57.jpeg\",\"width\":1000,\"height\":667},{\"@type\":\"BreadcrumbList\",\"@id\":\"https:\/\/brasilnoticias.org\/site\/capitao-alden-comemora-noticia-de-que-cpmi-do-dia-8-de-janeiro-tera-andamento\/#breadcrumb\",\"itemListElement\":[{\"@type\":\"ListItem\",\"position\":1,\"name\":\"In\u00edcio\",\"item\":\"https:\/\/brasilnoticias.org\/site\/\"},{\"@type\":\"ListItem\",\"position\":2,\"name\":\"Capit\u00e3o Alden comemora not\u00edcia de que CPMI do dia 8 de janeiro ter\u00e1 andamento\"}]},{\"@type\":\"WebSite\",\"@id\":\"https:\/\/brasilnoticias.org\/site\/#website\",\"url\":\"https:\/\/brasilnoticias.org\/site\/\",\"name\":\"Brasil not\u00edcias\",\"description\":\"Brasil not\u00edcias\",\"publisher\":{\"@id\":\"https:\/\/brasilnoticias.org\/site\/#organization\"},\"potentialAction\":[{\"@type\":\"SearchAction\",\"target\":{\"@type\":\"EntryPoint\",\"urlTemplate\":\"https:\/\/brasilnoticias.org\/site\/?s={search_term_string}\"},\"query-input\":{\"@type\":\"PropertyValueSpecification\",\"valueRequired\":true,\"valueName\":\"search_term_string\"}}],\"inLanguage\":\"pt-PT\"},{\"@type\":\"Organization\",\"@id\":\"https:\/\/brasilnoticias.org\/site\/#organization\",\"name\":\"Brasil not\u00edcias\",\"url\":\"https:\/\/brasilnoticias.org\/site\/\",\"logo\":{\"@type\":\"ImageObject\",\"inLanguage\":\"pt-PT\",\"@id\":\"https:\/\/brasilnoticias.org\/site\/#\/schema\/logo\/image\/\",\"url\":\"https:\/\/brasilnoticias.org\/site\/wp-content\/uploads\/2022\/05\/cropped-brasilnoticias-mini.jpg\",\"contentUrl\":\"https:\/\/brasilnoticias.org\/site\/wp-content\/uploads\/2022\/05\/cropped-brasilnoticias-mini.jpg\",\"width\":314,\"height\":86,\"caption\":\"Brasil not\u00edcias\"},\"image\":{\"@id\":\"https:\/\/brasilnoticias.org\/site\/#\/schema\/logo\/image\/\"}},{\"@type\":\"Person\",\"@id\":\"https:\/\/brasilnoticias.org\/site\/#\/schema\/person\/a0e05b973ec4d15c658d51911e53507b\",\"name\":\"Reda\u00e7\u00e3o\",\"image\":{\"@type\":\"ImageObject\",\"inLanguage\":\"pt-PT\",\"@id\":\"https:\/\/brasilnoticias.org\/site\/#\/schema\/person\/image\/\",\"url\":\"https:\/\/secure.gravatar.com\/avatar\/75d8b050df2de108b08ae78dfb8e374892df24a383c67db9c46a9c604f6aee9c?s=96&d=mm&r=g\",\"contentUrl\":\"https:\/\/secure.gravatar.com\/avatar\/75d8b050df2de108b08ae78dfb8e374892df24a383c67db9c46a9c604f6aee9c?s=96&d=mm&r=g\",\"caption\":\"Reda\u00e7\u00e3o\"},\"sameAs\":[\"https:\/\/brasilnoticias.org\/site\"],\"url\":\"https:\/\/brasilnoticias.org\/site\/author\/fernandozsngmail-com\/\"}]}<\/script>\n<!-- \/ Yoast SEO plugin. -->","yoast_head_json":{"title":"Capit\u00e3o Alden comemora not\u00edcia de que CPMI do dia 8 de janeiro ter\u00e1 andamento - Brasil not\u00edcias","robots":{"index":"index","follow":"follow","max-snippet":"max-snippet:-1","max-image-preview":"max-image-preview:large","max-video-preview":"max-video-preview:-1"},"canonical":"https:\/\/brasilnoticias.org\/site\/capitao-alden-comemora-noticia-de-que-cpmi-do-dia-8-de-janeiro-tera-andamento\/","og_locale":"pt_PT","og_type":"article","og_title":"Capit\u00e3o Alden comemora not\u00edcia de que CPMI do dia 8 de janeiro ter\u00e1 andamento - Brasil not\u00edcias","og_description":"Ap\u00f3s o deputado federal Andr\u00e9 Fernandes (PL-CE) usar as redes sociais para anunciar que, em conversa com o presidente do","og_url":"https:\/\/brasilnoticias.org\/site\/capitao-alden-comemora-noticia-de-que-cpmi-do-dia-8-de-janeiro-tera-andamento\/","og_site_name":"Brasil not\u00edcias","article_published_time":"2023-03-23T13:03:07+00:00","og_image":[{"width":1000,"height":667,"url":"https:\/\/brasilnoticias.org\/site\/wp-content\/uploads\/2023\/03\/WhatsApp-Image-2023-03-23-at-08.14.57.jpeg","type":"image\/jpeg"}],"author":"Reda\u00e7\u00e3o","twitter_card":"summary_large_image","twitter_misc":{"Escrito por":"Reda\u00e7\u00e3o"},"schema":{"@context":"https:\/\/schema.org","@graph":[{"@type":"Article","@id":"https:\/\/brasilnoticias.org\/site\/capitao-alden-comemora-noticia-de-que-cpmi-do-dia-8-de-janeiro-tera-andamento\/#article","isPartOf":{"@id":"https:\/\/brasilnoticias.org\/site\/capitao-alden-comemora-noticia-de-que-cpmi-do-dia-8-de-janeiro-tera-andamento\/"},"author":{"name":"Reda\u00e7\u00e3o","@id":"https:\/\/brasilnoticias.org\/site\/#\/schema\/person\/a0e05b973ec4d15c658d51911e53507b"},"headline":"Capit\u00e3o Alden comemora not\u00edcia de que CPMI do dia 8 de janeiro ter\u00e1 andamento","datePublished":"2023-03-23T13:03:07+00:00","mainEntityOfPage":{"@id":"https:\/\/brasilnoticias.org\/site\/capitao-alden-comemora-noticia-de-que-cpmi-do-dia-8-de-janeiro-tera-andamento\/"},"wordCount":194,"commentCount":0,"publisher":{"@id":"https:\/\/brasilnoticias.org\/site\/#organization"},"image":{"@id":"https:\/\/brasilnoticias.org\/site\/capitao-alden-comemora-noticia-de-que-cpmi-do-dia-8-de-janeiro-tera-andamento\/#primaryimage"},"thumbnailUrl":"https:\/\/brasilnoticias.org\/site\/wp-content\/uploads\/2023\/03\/WhatsApp-Image-2023-03-23-at-08.14.57.jpeg","articleSection":["Pol\u00edtica","\u00daltimas"],"inLanguage":"pt-PT","potentialAction":[{"@type":"CommentAction","name":"Comment","target":["https:\/\/brasilnoticias.org\/site\/capitao-alden-comemora-noticia-de-que-cpmi-do-dia-8-de-janeiro-tera-andamento\/#respond"]}]},{"@type":"WebPage","@id":"https:\/\/brasilnoticias.org\/site\/capitao-alden-comemora-noticia-de-que-cpmi-do-dia-8-de-janeiro-tera-andamento\/","url":"https:\/\/brasilnoticias.org\/site\/capitao-alden-comemora-noticia-de-que-cpmi-do-dia-8-de-janeiro-tera-andamento\/","name":"Capit\u00e3o Alden comemora not\u00edcia de que CPMI do dia 8 de janeiro ter\u00e1 andamento - Brasil not\u00edcias","isPartOf":{"@id":"https:\/\/brasilnoticias.org\/site\/#website"},"primaryImageOfPage":{"@id":"https:\/\/brasilnoticias.org\/site\/capitao-alden-comemora-noticia-de-que-cpmi-do-dia-8-de-janeiro-tera-andamento\/#primaryimage"},"image":{"@id":"https:\/\/brasilnoticias.org\/site\/capitao-alden-comemora-noticia-de-que-cpmi-do-dia-8-de-janeiro-tera-andamento\/#primaryimage"},"thumbnailUrl":"https:\/\/brasilnoticias.org\/site\/wp-content\/uploads\/2023\/03\/WhatsApp-Image-2023-03-23-at-08.14.57.jpeg","datePublished":"2023-03-23T13:03:07+00:00","breadcrumb":{"@id":"https:\/\/brasilnoticias.org\/site\/capitao-alden-comemora-noticia-de-que-cpmi-do-dia-8-de-janeiro-tera-andamento\/#breadcrumb"},"inLanguage":"pt-PT","potentialAction":[{"@type":"ReadAction","target":["https:\/\/brasilnoticias.org\/site\/capitao-alden-comemora-noticia-de-que-cpmi-do-dia-8-de-janeiro-tera-andamento\/"]}]},{"@type":"ImageObject","inLanguage":"pt-PT","@id":"https:\/\/brasilnoticias.org\/site\/capitao-alden-comemora-noticia-de-que-cpmi-do-dia-8-de-janeiro-tera-andamento\/#primaryimage","url":"https:\/\/brasilnoticias.org\/site\/wp-content\/uploads\/2023\/03\/WhatsApp-Image-2023-03-23-at-08.14.57.jpeg","contentUrl":"https:\/\/brasilnoticias.org\/site\/wp-content\/uploads\/2023\/03\/WhatsApp-Image-2023-03-23-at-08.14.57.jpeg","width":1000,"height":667},{"@type":"BreadcrumbList","@id":"https:\/\/brasilnoticias.org\/site\/capitao-alden-comemora-noticia-de-que-cpmi-do-dia-8-de-janeiro-tera-andamento\/#breadcrumb","itemListElement":[{"@type":"ListItem","position":1,"name":"In\u00edcio","item":"https:\/\/brasilnoticias.org\/site\/"},{"@type":"ListItem","position":2,"name":"Capit\u00e3o Alden comemora not\u00edcia de que CPMI do dia 8 de janeiro ter\u00e1 andamento"}]},{"@type":"WebSite","@id":"https:\/\/brasilnoticias.org\/site\/#website","url":"https:\/\/brasilnoticias.org\/site\/","name":"Brasil not\u00edcias","description":"Brasil not\u00edcias","publisher":{"@id":"https:\/\/brasilnoticias.org\/site\/#organization"},"potentialAction":[{"@type":"SearchAction","target":{"@type":"EntryPoint","urlTemplate":"https:\/\/brasilnoticias.org\/site\/?s={search_term_string}"},"query-input":{"@type":"PropertyValueSpecification","valueRequired":true,"valueName":"search_term_string"}}],"inLanguage":"pt-PT"},{"@type":"Organization","@id":"https:\/\/brasilnoticias.org\/site\/#organization","name":"Brasil not\u00edcias","url":"https:\/\/brasilnoticias.org\/site\/","logo":{"@type":"ImageObject","inLanguage":"pt-PT","@id":"https:\/\/brasilnoticias.org\/site\/#\/schema\/logo\/image\/","url":"https:\/\/brasilnoticias.org\/site\/wp-content\/uploads\/2022\/05\/cropped-brasilnoticias-mini.jpg","contentUrl":"https:\/\/brasilnoticias.org\/site\/wp-content\/uploads\/2022\/05\/cropped-brasilnoticias-mini.jpg","width":314,"height":86,"caption":"Brasil not\u00edcias"},"image":{"@id":"https:\/\/brasilnoticias.org\/site\/#\/schema\/logo\/image\/"}},{"@type":"Person","@id":"https:\/\/brasilnoticias.org\/site\/#\/schema\/person\/a0e05b973ec4d15c658d51911e53507b","name":"Reda\u00e7\u00e3o","image":{"@type":"ImageObject","inLanguage":"pt-PT","@id":"https:\/\/brasilnoticias.org\/site\/#\/schema\/person\/image\/","url":"https:\/\/secure.gravatar.com\/avatar\/75d8b050df2de108b08ae78dfb8e374892df24a383c67db9c46a9c604f6aee9c?s=96&d=mm&r=g","contentUrl":"https:\/\/secure.gravatar.com\/avatar\/75d8b050df2de108b08ae78dfb8e374892df24a383c67db9c46a9c604f6aee9c?s=96&d=mm&r=g","caption":"Reda\u00e7\u00e3o"},"sameAs":["https:\/\/brasilnoticias.org\/site"],"url":"https:\/\/brasilnoticias.org\/site\/author\/fernandozsngmail-com\/"}]}},"_links":{"self":[{"href":"https:\/\/brasilnoticias.org\/site\/wp-json\/wp\/v2\/posts\/4935","targetHints":{"allow":["GET"]}}],"collection":[{"href":"https:\/\/brasilnoticias.org\/site\/wp-json\/wp\/v2\/posts"}],"about":[{"href":"https:\/\/brasilnoticias.org\/site\/wp-json\/wp\/v2\/types\/post"}],"author":[{"embeddable":true,"href":"https:\/\/brasilnoticias.org\/site\/wp-json\/wp\/v2\/users\/1"}],"replies":[{"embeddable":true,"href":"https:\/\/brasilnoticias.org\/site\/wp-json\/wp\/v2\/comments?post=4935"}],"version-history":[{"count":1,"href":"https:\/\/brasilnoticias.org\/site\/wp-json\/wp\/v2\/posts\/4935\/revisions"}],"predecessor-version":[{"id":4937,"href":"https:\/\/brasilnoticias.org\/site\/wp-json\/wp\/v2\/posts\/4935\/revisions\/4937"}],"wp:featuredmedia":[{"embeddable":true,"href":"https:\/\/brasilnoticias.org\/site\/wp-json\/wp\/v2\/media\/4936"}],"wp:attachment":[{"href":"https:\/\/brasilnoticias.org\/site\/wp-json\/wp\/v2\/media?parent=4935"}],"wp:term":[{"taxonomy":"category","embeddable":true,"href":"https:\/\/brasilnoticias.org\/site\/wp-json\/wp\/v2\/categories?post=4935"},{"taxonomy":"post_tag","embeddable":true,"href":"https:\/\/brasilnoticias.org\/site\/wp-json\/wp\/v2\/tags?post=4935"}],"curies":[{"name":"wp","href":"https:\/\/api.w.org\/{rel}","templated":true}]}}