{"id":4938,"date":"2023-03-23T10:05:13","date_gmt":"2023-03-23T13:05:13","guid":{"rendered":"https:\/\/brasilnoticias.org\/site\/?p=4938"},"modified":"2023-03-23T10:05:13","modified_gmt":"2023-03-23T13:05:13","slug":"capitao-alden-e-deputados-da-oposicao-na-camara-se-encontram-com-dino-para-tratar-sobre-decreto-de-armas","status":"publish","type":"post","link":"https:\/\/brasilnoticias.org\/site\/capitao-alden-e-deputados-da-oposicao-na-camara-se-encontram-com-dino-para-tratar-sobre-decreto-de-armas\/","title":{"rendered":"Capit\u00e3o Alden e deputados da oposi\u00e7\u00e3o na C\u00e2mara se encontram com Dino para tratar sobre decreto de armas"},"content":{"rendered":"<p>O deputado federal Capit\u00e3o Alden (PL-BA) foi um dos 35 deputados da oposi\u00e7\u00e3o que se reuniram com o ministro da Justi\u00e7a, Fl\u00e1vio Dino, para tratar sobre o decreto de armas, que foi assinado pelo presidente Lula (PT) em seu primeiro dia de mandato. <\/p>\n<p>Trata-se da Lei 11.366\/2023, que reduz o acesso \u00e0s armas e muni\u00e7\u00f5es e cancela novos registros de escolas de tiros para os Ca\u00e7adores, Atiradores e Colecionadores (CACs), at\u00e9 que o Estatuto do Desarmamento seja reeditado.<\/p>\n<p>Na oportunidade, foram apresentadas 11 propostas para o ministro, que se comprometeu em apresentar uma devolutiva sobre o pedido at\u00e9 a pr\u00f3xima ter\u00e7a-feira (28). Entre os assuntos tratados na reuni\u00e3o est\u00e1 o prazo para o recadastramento dos CACs, que acaba na sexta-feira (31). <\/p>\n<p>\u201cMesmo que consigamos avan\u00e7ar neste processo, ele ainda vai sofrer burocracias. A gente precisa resolver o problema de pessoas que n\u00e3o est\u00e3o vendendo nada, est\u00e3o passando fome. Esse revoga\u00e7o \u00e9 um atentado tamb\u00e9m \u00e0 economia. Por isso que precisamos, neste momento, fazer articula\u00e7\u00e3o pol\u00edtica, por isso nos reunimos com o Fl\u00e1vio Dino para tratar do assunto. Precisamos exercer essa capacidade de dialogar com pessoas que n\u00e3o tenham qualquer tipo de rela\u00e7\u00e3o ideol\u00f3gica e pol\u00edtica. Ainda que eu n\u00e3o goste, essa \u00e9 a realidade. Estamos fazendo a nossa parte, acredito que vamos vencer este processo\u201d, disse Alden ao explicar o di\u00e1logo com o ministro que n\u00e3o comunga com os fatores ideol\u00f3gicos do grupo de parlamentares armamentistas.<\/p>\n","protected":false},"excerpt":{"rendered":"<p>O deputado federal Capit\u00e3o Alden (PL-BA) foi um dos 35 deputados da oposi\u00e7\u00e3o que se reuniram com o ministro da<\/p>\n","protected":false},"author":1,"featured_media":4939,"comment_status":"open","ping_status":"open","sticky":false,"template":"","format":"standard","meta":{"colormag_page_container_layout":"default_layout","colormag_page_sidebar_layout":"default_layout","_FSMCFIC_featured_image_caption":"","_FSMCFIC_featured_image_nocaption":"","_FSMCFIC_featured_image_hide":"","footnotes":""},"categories":[5,1],"tags":[],"class_list":["post-4938","post","type-post","status-publish","format-standard","has-post-thumbnail","hentry","category-politica","category-ultimas"],"yoast_head":"<!-- This site is optimized with the Yoast SEO plugin v27.1.1 - https:\/\/yoast.com\/product\/yoast-seo-wordpress\/ -->\n<title>Capit\u00e3o Alden e deputados da oposi\u00e7\u00e3o na C\u00e2mara se encontram com Dino para tratar sobre decreto de armas - Brasil not\u00edcias<\/title>\n<meta name=\"robots\" content=\"index, follow, max-snippet:-1, max-image-preview:large, max-video-preview:-1\" \/>\n<link rel=\"canonical\" href=\"https:\/\/brasilnoticias.org\/site\/capitao-alden-e-deputados-da-oposicao-na-camara-se-encontram-com-dino-para-tratar-sobre-decreto-de-armas\/\" \/>\n<meta property=\"og:locale\" content=\"pt_PT\" \/>\n<meta property=\"og:type\" content=\"article\" \/>\n<meta property=\"og:title\" content=\"Capit\u00e3o Alden e deputados da oposi\u00e7\u00e3o na C\u00e2mara se encontram com Dino para tratar sobre decreto de armas - Brasil not\u00edcias\" \/>\n<meta property=\"og:description\" content=\"O deputado federal Capit\u00e3o Alden (PL-BA) foi um dos 35 deputados da oposi\u00e7\u00e3o que se reuniram com o ministro da\" \/>\n<meta property=\"og:url\" content=\"https:\/\/brasilnoticias.org\/site\/capitao-alden-e-deputados-da-oposicao-na-camara-se-encontram-com-dino-para-tratar-sobre-decreto-de-armas\/\" \/>\n<meta property=\"og:site_name\" content=\"Brasil not\u00edcias\" \/>\n<meta property=\"article:published_time\" content=\"2023-03-23T13:05:13+00:00\" \/>\n<meta property=\"og:image\" content=\"https:\/\/brasilnoticias.org\/site\/wp-content\/uploads\/2023\/03\/WhatsApp-Image-2023-03-22-at-20.46.56.jpeg\" \/>\n\t<meta property=\"og:image:width\" content=\"1024\" \/>\n\t<meta property=\"og:image:height\" content=\"576\" \/>\n\t<meta property=\"og:image:type\" content=\"image\/jpeg\" \/>\n<meta name=\"author\" content=\"Reda\u00e7\u00e3o\" \/>\n<meta name=\"twitter:card\" content=\"summary_large_image\" \/>\n<meta name=\"twitter:label1\" content=\"Escrito por\" \/>\n\t<meta name=\"twitter:data1\" content=\"Reda\u00e7\u00e3o\" \/>\n<script type=\"application\/ld+json\" class=\"yoast-schema-graph\">{\"@context\":\"https:\/\/schema.org\",\"@graph\":[{\"@type\":\"Article\",\"@id\":\"https:\/\/brasilnoticias.org\/site\/capitao-alden-e-deputados-da-oposicao-na-camara-se-encontram-com-dino-para-tratar-sobre-decreto-de-armas\/#article\",\"isPartOf\":{\"@id\":\"https:\/\/brasilnoticias.org\/site\/capitao-alden-e-deputados-da-oposicao-na-camara-se-encontram-com-dino-para-tratar-sobre-decreto-de-armas\/\"},\"author\":{\"name\":\"Reda\u00e7\u00e3o\",\"@id\":\"https:\/\/brasilnoticias.org\/site\/#\/schema\/person\/a0e05b973ec4d15c658d51911e53507b\"},\"headline\":\"Capit\u00e3o Alden e deputados da oposi\u00e7\u00e3o na C\u00e2mara se encontram com Dino para tratar sobre decreto de armas\",\"datePublished\":\"2023-03-23T13:05:13+00:00\",\"mainEntityOfPage\":{\"@id\":\"https:\/\/brasilnoticias.org\/site\/capitao-alden-e-deputados-da-oposicao-na-camara-se-encontram-com-dino-para-tratar-sobre-decreto-de-armas\/\"},\"wordCount\":275,\"commentCount\":0,\"publisher\":{\"@id\":\"https:\/\/brasilnoticias.org\/site\/#organization\"},\"image\":{\"@id\":\"https:\/\/brasilnoticias.org\/site\/capitao-alden-e-deputados-da-oposicao-na-camara-se-encontram-com-dino-para-tratar-sobre-decreto-de-armas\/#primaryimage\"},\"thumbnailUrl\":\"https:\/\/brasilnoticias.org\/site\/wp-content\/uploads\/2023\/03\/WhatsApp-Image-2023-03-22-at-20.46.56.jpeg\",\"articleSection\":[\"Pol\u00edtica\",\"\u00daltimas\"],\"inLanguage\":\"pt-PT\",\"potentialAction\":[{\"@type\":\"CommentAction\",\"name\":\"Comment\",\"target\":[\"https:\/\/brasilnoticias.org\/site\/capitao-alden-e-deputados-da-oposicao-na-camara-se-encontram-com-dino-para-tratar-sobre-decreto-de-armas\/#respond\"]}]},{\"@type\":\"WebPage\",\"@id\":\"https:\/\/brasilnoticias.org\/site\/capitao-alden-e-deputados-da-oposicao-na-camara-se-encontram-com-dino-para-tratar-sobre-decreto-de-armas\/\",\"url\":\"https:\/\/brasilnoticias.org\/site\/capitao-alden-e-deputados-da-oposicao-na-camara-se-encontram-com-dino-para-tratar-sobre-decreto-de-armas\/\",\"name\":\"Capit\u00e3o Alden e deputados da oposi\u00e7\u00e3o na C\u00e2mara se encontram com Dino para tratar sobre decreto de armas - Brasil not\u00edcias\",\"isPartOf\":{\"@id\":\"https:\/\/brasilnoticias.org\/site\/#website\"},\"primaryImageOfPage\":{\"@id\":\"https:\/\/brasilnoticias.org\/site\/capitao-alden-e-deputados-da-oposicao-na-camara-se-encontram-com-dino-para-tratar-sobre-decreto-de-armas\/#primaryimage\"},\"image\":{\"@id\":\"https:\/\/brasilnoticias.org\/site\/capitao-alden-e-deputados-da-oposicao-na-camara-se-encontram-com-dino-para-tratar-sobre-decreto-de-armas\/#primaryimage\"},\"thumbnailUrl\":\"https:\/\/brasilnoticias.org\/site\/wp-content\/uploads\/2023\/03\/WhatsApp-Image-2023-03-22-at-20.46.56.jpeg\",\"datePublished\":\"2023-03-23T13:05:13+00:00\",\"breadcrumb\":{\"@id\":\"https:\/\/brasilnoticias.org\/site\/capitao-alden-e-deputados-da-oposicao-na-camara-se-encontram-com-dino-para-tratar-sobre-decreto-de-armas\/#breadcrumb\"},\"inLanguage\":\"pt-PT\",\"potentialAction\":[{\"@type\":\"ReadAction\",\"target\":[\"https:\/\/brasilnoticias.org\/site\/capitao-alden-e-deputados-da-oposicao-na-camara-se-encontram-com-dino-para-tratar-sobre-decreto-de-armas\/\"]}]},{\"@type\":\"ImageObject\",\"inLanguage\":\"pt-PT\",\"@id\":\"https:\/\/brasilnoticias.org\/site\/capitao-alden-e-deputados-da-oposicao-na-camara-se-encontram-com-dino-para-tratar-sobre-decreto-de-armas\/#primaryimage\",\"url\":\"https:\/\/brasilnoticias.org\/site\/wp-content\/uploads\/2023\/03\/WhatsApp-Image-2023-03-22-at-20.46.56.jpeg\",\"contentUrl\":\"https:\/\/brasilnoticias.org\/site\/wp-content\/uploads\/2023\/03\/WhatsApp-Image-2023-03-22-at-20.46.56.jpeg\",\"width\":1024,\"height\":576},{\"@type\":\"BreadcrumbList\",\"@id\":\"https:\/\/brasilnoticias.org\/site\/capitao-alden-e-deputados-da-oposicao-na-camara-se-encontram-com-dino-para-tratar-sobre-decreto-de-armas\/#breadcrumb\",\"itemListElement\":[{\"@type\":\"ListItem\",\"position\":1,\"name\":\"In\u00edcio\",\"item\":\"https:\/\/brasilnoticias.org\/site\/\"},{\"@type\":\"ListItem\",\"position\":2,\"name\":\"Capit\u00e3o Alden e deputados da oposi\u00e7\u00e3o na C\u00e2mara se encontram com Dino para tratar sobre decreto de armas\"}]},{\"@type\":\"WebSite\",\"@id\":\"https:\/\/brasilnoticias.org\/site\/#website\",\"url\":\"https:\/\/brasilnoticias.org\/site\/\",\"name\":\"Brasil not\u00edcias\",\"description\":\"Brasil not\u00edcias\",\"publisher\":{\"@id\":\"https:\/\/brasilnoticias.org\/site\/#organization\"},\"potentialAction\":[{\"@type\":\"SearchAction\",\"target\":{\"@type\":\"EntryPoint\",\"urlTemplate\":\"https:\/\/brasilnoticias.org\/site\/?s={search_term_string}\"},\"query-input\":{\"@type\":\"PropertyValueSpecification\",\"valueRequired\":true,\"valueName\":\"search_term_string\"}}],\"inLanguage\":\"pt-PT\"},{\"@type\":\"Organization\",\"@id\":\"https:\/\/brasilnoticias.org\/site\/#organization\",\"name\":\"Brasil not\u00edcias\",\"url\":\"https:\/\/brasilnoticias.org\/site\/\",\"logo\":{\"@type\":\"ImageObject\",\"inLanguage\":\"pt-PT\",\"@id\":\"https:\/\/brasilnoticias.org\/site\/#\/schema\/logo\/image\/\",\"url\":\"https:\/\/brasilnoticias.org\/site\/wp-content\/uploads\/2022\/05\/cropped-brasilnoticias-mini.jpg\",\"contentUrl\":\"https:\/\/brasilnoticias.org\/site\/wp-content\/uploads\/2022\/05\/cropped-brasilnoticias-mini.jpg\",\"width\":314,\"height\":86,\"caption\":\"Brasil not\u00edcias\"},\"image\":{\"@id\":\"https:\/\/brasilnoticias.org\/site\/#\/schema\/logo\/image\/\"}},{\"@type\":\"Person\",\"@id\":\"https:\/\/brasilnoticias.org\/site\/#\/schema\/person\/a0e05b973ec4d15c658d51911e53507b\",\"name\":\"Reda\u00e7\u00e3o\",\"image\":{\"@type\":\"ImageObject\",\"inLanguage\":\"pt-PT\",\"@id\":\"https:\/\/brasilnoticias.org\/site\/#\/schema\/person\/image\/\",\"url\":\"https:\/\/secure.gravatar.com\/avatar\/75d8b050df2de108b08ae78dfb8e374892df24a383c67db9c46a9c604f6aee9c?s=96&d=mm&r=g\",\"contentUrl\":\"https:\/\/secure.gravatar.com\/avatar\/75d8b050df2de108b08ae78dfb8e374892df24a383c67db9c46a9c604f6aee9c?s=96&d=mm&r=g\",\"caption\":\"Reda\u00e7\u00e3o\"},\"sameAs\":[\"https:\/\/brasilnoticias.org\/site\"],\"url\":\"https:\/\/brasilnoticias.org\/site\/author\/fernandozsngmail-com\/\"}]}<\/script>\n<!-- \/ Yoast SEO plugin. -->","yoast_head_json":{"title":"Capit\u00e3o Alden e deputados da oposi\u00e7\u00e3o na C\u00e2mara se encontram com Dino para tratar sobre decreto de armas - Brasil not\u00edcias","robots":{"index":"index","follow":"follow","max-snippet":"max-snippet:-1","max-image-preview":"max-image-preview:large","max-video-preview":"max-video-preview:-1"},"canonical":"https:\/\/brasilnoticias.org\/site\/capitao-alden-e-deputados-da-oposicao-na-camara-se-encontram-com-dino-para-tratar-sobre-decreto-de-armas\/","og_locale":"pt_PT","og_type":"article","og_title":"Capit\u00e3o Alden e deputados da oposi\u00e7\u00e3o na C\u00e2mara se encontram com Dino para tratar sobre decreto de armas - Brasil not\u00edcias","og_description":"O deputado federal Capit\u00e3o Alden (PL-BA) foi um dos 35 deputados da oposi\u00e7\u00e3o que se reuniram com o ministro da","og_url":"https:\/\/brasilnoticias.org\/site\/capitao-alden-e-deputados-da-oposicao-na-camara-se-encontram-com-dino-para-tratar-sobre-decreto-de-armas\/","og_site_name":"Brasil not\u00edcias","article_published_time":"2023-03-23T13:05:13+00:00","og_image":[{"width":1024,"height":576,"url":"https:\/\/brasilnoticias.org\/site\/wp-content\/uploads\/2023\/03\/WhatsApp-Image-2023-03-22-at-20.46.56.jpeg","type":"image\/jpeg"}],"author":"Reda\u00e7\u00e3o","twitter_card":"summary_large_image","twitter_misc":{"Escrito por":"Reda\u00e7\u00e3o"},"schema":{"@context":"https:\/\/schema.org","@graph":[{"@type":"Article","@id":"https:\/\/brasilnoticias.org\/site\/capitao-alden-e-deputados-da-oposicao-na-camara-se-encontram-com-dino-para-tratar-sobre-decreto-de-armas\/#article","isPartOf":{"@id":"https:\/\/brasilnoticias.org\/site\/capitao-alden-e-deputados-da-oposicao-na-camara-se-encontram-com-dino-para-tratar-sobre-decreto-de-armas\/"},"author":{"name":"Reda\u00e7\u00e3o","@id":"https:\/\/brasilnoticias.org\/site\/#\/schema\/person\/a0e05b973ec4d15c658d51911e53507b"},"headline":"Capit\u00e3o Alden e deputados da oposi\u00e7\u00e3o na C\u00e2mara se encontram com Dino para tratar sobre decreto de armas","datePublished":"2023-03-23T13:05:13+00:00","mainEntityOfPage":{"@id":"https:\/\/brasilnoticias.org\/site\/capitao-alden-e-deputados-da-oposicao-na-camara-se-encontram-com-dino-para-tratar-sobre-decreto-de-armas\/"},"wordCount":275,"commentCount":0,"publisher":{"@id":"https:\/\/brasilnoticias.org\/site\/#organization"},"image":{"@id":"https:\/\/brasilnoticias.org\/site\/capitao-alden-e-deputados-da-oposicao-na-camara-se-encontram-com-dino-para-tratar-sobre-decreto-de-armas\/#primaryimage"},"thumbnailUrl":"https:\/\/brasilnoticias.org\/site\/wp-content\/uploads\/2023\/03\/WhatsApp-Image-2023-03-22-at-20.46.56.jpeg","articleSection":["Pol\u00edtica","\u00daltimas"],"inLanguage":"pt-PT","potentialAction":[{"@type":"CommentAction","name":"Comment","target":["https:\/\/brasilnoticias.org\/site\/capitao-alden-e-deputados-da-oposicao-na-camara-se-encontram-com-dino-para-tratar-sobre-decreto-de-armas\/#respond"]}]},{"@type":"WebPage","@id":"https:\/\/brasilnoticias.org\/site\/capitao-alden-e-deputados-da-oposicao-na-camara-se-encontram-com-dino-para-tratar-sobre-decreto-de-armas\/","url":"https:\/\/brasilnoticias.org\/site\/capitao-alden-e-deputados-da-oposicao-na-camara-se-encontram-com-dino-para-tratar-sobre-decreto-de-armas\/","name":"Capit\u00e3o Alden e deputados da oposi\u00e7\u00e3o na C\u00e2mara se encontram com Dino para tratar sobre decreto de armas - Brasil not\u00edcias","isPartOf":{"@id":"https:\/\/brasilnoticias.org\/site\/#website"},"primaryImageOfPage":{"@id":"https:\/\/brasilnoticias.org\/site\/capitao-alden-e-deputados-da-oposicao-na-camara-se-encontram-com-dino-para-tratar-sobre-decreto-de-armas\/#primaryimage"},"image":{"@id":"https:\/\/brasilnoticias.org\/site\/capitao-alden-e-deputados-da-oposicao-na-camara-se-encontram-com-dino-para-tratar-sobre-decreto-de-armas\/#primaryimage"},"thumbnailUrl":"https:\/\/brasilnoticias.org\/site\/wp-content\/uploads\/2023\/03\/WhatsApp-Image-2023-03-22-at-20.46.56.jpeg","datePublished":"2023-03-23T13:05:13+00:00","breadcrumb":{"@id":"https:\/\/brasilnoticias.org\/site\/capitao-alden-e-deputados-da-oposicao-na-camara-se-encontram-com-dino-para-tratar-sobre-decreto-de-armas\/#breadcrumb"},"inLanguage":"pt-PT","potentialAction":[{"@type":"ReadAction","target":["https:\/\/brasilnoticias.org\/site\/capitao-alden-e-deputados-da-oposicao-na-camara-se-encontram-com-dino-para-tratar-sobre-decreto-de-armas\/"]}]},{"@type":"ImageObject","inLanguage":"pt-PT","@id":"https:\/\/brasilnoticias.org\/site\/capitao-alden-e-deputados-da-oposicao-na-camara-se-encontram-com-dino-para-tratar-sobre-decreto-de-armas\/#primaryimage","url":"https:\/\/brasilnoticias.org\/site\/wp-content\/uploads\/2023\/03\/WhatsApp-Image-2023-03-22-at-20.46.56.jpeg","contentUrl":"https:\/\/brasilnoticias.org\/site\/wp-content\/uploads\/2023\/03\/WhatsApp-Image-2023-03-22-at-20.46.56.jpeg","width":1024,"height":576},{"@type":"BreadcrumbList","@id":"https:\/\/brasilnoticias.org\/site\/capitao-alden-e-deputados-da-oposicao-na-camara-se-encontram-com-dino-para-tratar-sobre-decreto-de-armas\/#breadcrumb","itemListElement":[{"@type":"ListItem","position":1,"name":"In\u00edcio","item":"https:\/\/brasilnoticias.org\/site\/"},{"@type":"ListItem","position":2,"name":"Capit\u00e3o Alden e deputados da oposi\u00e7\u00e3o na C\u00e2mara se encontram com Dino para tratar sobre decreto de armas"}]},{"@type":"WebSite","@id":"https:\/\/brasilnoticias.org\/site\/#website","url":"https:\/\/brasilnoticias.org\/site\/","name":"Brasil not\u00edcias","description":"Brasil not\u00edcias","publisher":{"@id":"https:\/\/brasilnoticias.org\/site\/#organization"},"potentialAction":[{"@type":"SearchAction","target":{"@type":"EntryPoint","urlTemplate":"https:\/\/brasilnoticias.org\/site\/?s={search_term_string}"},"query-input":{"@type":"PropertyValueSpecification","valueRequired":true,"valueName":"search_term_string"}}],"inLanguage":"pt-PT"},{"@type":"Organization","@id":"https:\/\/brasilnoticias.org\/site\/#organization","name":"Brasil not\u00edcias","url":"https:\/\/brasilnoticias.org\/site\/","logo":{"@type":"ImageObject","inLanguage":"pt-PT","@id":"https:\/\/brasilnoticias.org\/site\/#\/schema\/logo\/image\/","url":"https:\/\/brasilnoticias.org\/site\/wp-content\/uploads\/2022\/05\/cropped-brasilnoticias-mini.jpg","contentUrl":"https:\/\/brasilnoticias.org\/site\/wp-content\/uploads\/2022\/05\/cropped-brasilnoticias-mini.jpg","width":314,"height":86,"caption":"Brasil not\u00edcias"},"image":{"@id":"https:\/\/brasilnoticias.org\/site\/#\/schema\/logo\/image\/"}},{"@type":"Person","@id":"https:\/\/brasilnoticias.org\/site\/#\/schema\/person\/a0e05b973ec4d15c658d51911e53507b","name":"Reda\u00e7\u00e3o","image":{"@type":"ImageObject","inLanguage":"pt-PT","@id":"https:\/\/brasilnoticias.org\/site\/#\/schema\/person\/image\/","url":"https:\/\/secure.gravatar.com\/avatar\/75d8b050df2de108b08ae78dfb8e374892df24a383c67db9c46a9c604f6aee9c?s=96&d=mm&r=g","contentUrl":"https:\/\/secure.gravatar.com\/avatar\/75d8b050df2de108b08ae78dfb8e374892df24a383c67db9c46a9c604f6aee9c?s=96&d=mm&r=g","caption":"Reda\u00e7\u00e3o"},"sameAs":["https:\/\/brasilnoticias.org\/site"],"url":"https:\/\/brasilnoticias.org\/site\/author\/fernandozsngmail-com\/"}]}},"_links":{"self":[{"href":"https:\/\/brasilnoticias.org\/site\/wp-json\/wp\/v2\/posts\/4938","targetHints":{"allow":["GET"]}}],"collection":[{"href":"https:\/\/brasilnoticias.org\/site\/wp-json\/wp\/v2\/posts"}],"about":[{"href":"https:\/\/brasilnoticias.org\/site\/wp-json\/wp\/v2\/types\/post"}],"author":[{"embeddable":true,"href":"https:\/\/brasilnoticias.org\/site\/wp-json\/wp\/v2\/users\/1"}],"replies":[{"embeddable":true,"href":"https:\/\/brasilnoticias.org\/site\/wp-json\/wp\/v2\/comments?post=4938"}],"version-history":[{"count":1,"href":"https:\/\/brasilnoticias.org\/site\/wp-json\/wp\/v2\/posts\/4938\/revisions"}],"predecessor-version":[{"id":4940,"href":"https:\/\/brasilnoticias.org\/site\/wp-json\/wp\/v2\/posts\/4938\/revisions\/4940"}],"wp:featuredmedia":[{"embeddable":true,"href":"https:\/\/brasilnoticias.org\/site\/wp-json\/wp\/v2\/media\/4939"}],"wp:attachment":[{"href":"https:\/\/brasilnoticias.org\/site\/wp-json\/wp\/v2\/media?parent=4938"}],"wp:term":[{"taxonomy":"category","embeddable":true,"href":"https:\/\/brasilnoticias.org\/site\/wp-json\/wp\/v2\/categories?post=4938"},{"taxonomy":"post_tag","embeddable":true,"href":"https:\/\/brasilnoticias.org\/site\/wp-json\/wp\/v2\/tags?post=4938"}],"curies":[{"name":"wp","href":"https:\/\/api.w.org\/{rel}","templated":true}]}}