{"id":4966,"date":"2023-03-24T07:34:49","date_gmt":"2023-03-24T10:34:49","guid":{"rendered":"https:\/\/brasilnoticias.org\/site\/?p=4966"},"modified":"2023-03-24T07:34:49","modified_gmt":"2023-03-24T10:34:49","slug":"falta-de-medicos-e-atrasos-de-salarios-comprometem-saude-de-jacobina","status":"publish","type":"post","link":"https:\/\/brasilnoticias.org\/site\/falta-de-medicos-e-atrasos-de-salarios-comprometem-saude-de-jacobina\/","title":{"rendered":"Falta de m\u00e9dicos e atrasos de sal\u00e1rios comprometem Sa\u00fade de Jacobina"},"content":{"rendered":"<p>D\u00e9ficit de profissionais, incluindo m\u00e9dicos, falta de equipamentos e materiais, al\u00e9m de sal\u00e1rios em atraso. Essas foram algumas mazelas encontradas em unidades de Sa\u00fade do munic\u00edpio de Jacobina, centro-norte da Bahia, ap\u00f3s fiscaliza\u00e7\u00e3o realizada durante esta semana, pelo Conselho Regional de Medicina do Estado da Bahia (Cremeb).<\/p>\n<p>As visitas foram realizadas no Hospital Municipal Ant\u00f4nio Teixeira Sobrinho, Hospital Regional Vicentina Goulart e na Unidade de Pronto Atendimento (UPA) local. Dois m\u00e9dicos fiscais compuseram a equipe que  visitou as tr\u00eas principais unidades de sa\u00fade p\u00fablica do munic\u00edpio. O objetivo foi verificar poss\u00edveis irregularidades denunciadas ao Conselho, tanto pela categoria m\u00e9dica quanto pela sociedade, que alegam &#8220;desassist\u00eancia&#8221; por parte da gest\u00e3o municipal do prefeito Tiago Dias (PCdoB).<\/p>\n<p>No Hospital Ant\u00f4nio Teixeira Sobrinho, de compet\u00eancia do munic\u00edpio, a equipe constatou subutiliza\u00e7\u00e3o da unidade, pela falta de profissionais, inclusive m\u00e9dicos, al\u00e9m da falta de equipamentos e materiais. Dos 100 leitos existentes no munic\u00edpio apenas 48 funcionam, j\u00e1 que com as chuvas do ano passado, 52 foram interditados e est\u00e3o sem condi\u00e7\u00f5es de uso, por\u00e9m somente 7 estavam sendo utilizados, o que representa apenas 15% dos leitos ocupados, com quatro pacientes que aguardavam m\u00e9dico anestesiologista, sendo tr\u00eas gestantes esperando cesariana e um paciente esperando cirurgia para apendicite.<\/p>\n<p>M\u00e9dicos plantonistas que estavam no Hospital Municipal nos dias de visitas, disseram para os fiscais que a falta de profissionais se deve a &#8220;atrasos de sal\u00e1rios&#8221;.  De acordo com o Conselho, a ultrassonografia, por exemplo, est\u00e1 fechada h\u00e1 dois meses por falta de pagamento ao profissional. Medicamento como dipirona est\u00e3o em falta na unidade, que sequer tinha registro no Cremeb, o que j\u00e1 foi solicitado.<\/p>\n<p>No Hospital Regional Vicentina Goulart, que esta semana teve aprovado o projeto de concess\u00e3o pela C\u00e2mara Municipal local, foi constatada a subutiliza\u00e7\u00e3o do espa\u00e7o f\u00edsico, al\u00e9m de alguns setores paralisados por obras. Na unidade, os fiscais receberam a informa\u00e7\u00e3o de n\u00e3o haver atraso de sal\u00e1rio, o que foi contestado por parte de profissionais que atuam na unidade. Outra queixa ao Cremeb, foi sobre a escala de m\u00e9dicos para plant\u00e3o que de forma recorrente aparece convocado para atuar em duas unidades diferentes no mesmo dia e hor\u00e1rio. <\/p>\n<p>Uma enfermeira que estava no plant\u00e3o na UTI da unidade n\u00e3o soube informar aos fiscais o nome do m\u00e9dico que estaria na escala. Questionada sobre como proceder caso houvesse alguma intercorr\u00eancia, a exemplo de uma parada cardiorrespirat\u00f3ria, que necessita da interven\u00e7\u00e3o de um m\u00e9dico, a enfermeira n\u00e3o soube informar.<\/p>\n<p>O que mais chamou a aten\u00e7\u00e3o dos fiscais, j\u00e1 em outra visita, foi o d\u00e9ficit de profissionais m\u00e9dicos para compor as escalas na UPA do munic\u00edpio.<\/p>\n<p>De acordo com o presidente do Cremeb-BA, Ot\u00e1vio Marambaia, os m\u00e9dicos fiscais que participaram da a\u00e7\u00e3o ainda v\u00e3o emitir relat\u00f3rio com detalhes do que foi evidenciado nas visitas. O Conselho vai cobrar ainda dos respons\u00e1veis a resolu\u00e7\u00e3o dos problemas.<\/p>\n<p>\u201cN\u00e3o vamos sossegar enquanto os respons\u00e1veis n\u00e3o forem punidos e a assist\u00eancia \u00e0 sa\u00fade p\u00fablica de Jacobina funcione de forma efetiva. O que os m\u00e9dicos e a popula\u00e7\u00e3o est\u00e3o passando \u00e9 desumano. Vamos tomar todas as medidas para garantir o funcionamento dos servi\u00e7os de sa\u00fade de qualidade e condi\u00e7\u00f5es dignas do trabalho m\u00e9dico do munic\u00edpio, finalizou Marambaia.<\/p>\n<p>A reportagem procurou a Secretaria de Sa\u00fade, bem como a Prefeitura do munic\u00edpio e n\u00e3o obtivemos resposta.<\/p>\n<p> Foto: Divulga\u00e7\u00e3o Cremeb-BA | Divulga\u00e7\u00e3o<br \/>\nA Tarde<\/p>\n","protected":false},"excerpt":{"rendered":"<p>D\u00e9ficit de profissionais, incluindo m\u00e9dicos, falta de equipamentos e materiais, al\u00e9m de sal\u00e1rios em atraso. Essas foram algumas mazelas encontradas<\/p>\n","protected":false},"author":1,"featured_media":4967,"comment_status":"open","ping_status":"open","sticky":false,"template":"","format":"standard","meta":{"colormag_page_container_layout":"default_layout","colormag_page_sidebar_layout":"default_layout","_FSMCFIC_featured_image_caption":"","_FSMCFIC_featured_image_nocaption":"","_FSMCFIC_featured_image_hide":"","footnotes":""},"categories":[3,1],"tags":[],"class_list":["post-4966","post","type-post","status-publish","format-standard","has-post-thumbnail","hentry","category-policia","category-ultimas"],"yoast_head":"<!-- This site is optimized with the Yoast SEO plugin v27.1.1 - https:\/\/yoast.com\/product\/yoast-seo-wordpress\/ -->\n<title>Falta de m\u00e9dicos e atrasos de sal\u00e1rios comprometem Sa\u00fade de Jacobina - Brasil not\u00edcias<\/title>\n<meta name=\"robots\" content=\"index, follow, max-snippet:-1, max-image-preview:large, max-video-preview:-1\" \/>\n<link rel=\"canonical\" href=\"https:\/\/brasilnoticias.org\/site\/falta-de-medicos-e-atrasos-de-salarios-comprometem-saude-de-jacobina\/\" \/>\n<meta property=\"og:locale\" content=\"pt_PT\" \/>\n<meta property=\"og:type\" content=\"article\" \/>\n<meta property=\"og:title\" content=\"Falta de m\u00e9dicos e atrasos de sal\u00e1rios comprometem Sa\u00fade de Jacobina - Brasil not\u00edcias\" \/>\n<meta property=\"og:description\" content=\"D\u00e9ficit de profissionais, incluindo m\u00e9dicos, falta de equipamentos e materiais, al\u00e9m de sal\u00e1rios em atraso. Essas foram algumas mazelas encontradas\" \/>\n<meta property=\"og:url\" content=\"https:\/\/brasilnoticias.org\/site\/falta-de-medicos-e-atrasos-de-salarios-comprometem-saude-de-jacobina\/\" \/>\n<meta property=\"og:site_name\" content=\"Brasil not\u00edcias\" \/>\n<meta property=\"article:published_time\" content=\"2023-03-24T10:34:49+00:00\" \/>\n<meta property=\"og:image\" content=\"https:\/\/brasilnoticias.org\/site\/wp-content\/uploads\/2023\/03\/Artigo-Destaque_01223355_00.jpg\" \/>\n\t<meta property=\"og:image:width\" content=\"1601\" \/>\n\t<meta property=\"og:image:height\" content=\"901\" \/>\n\t<meta property=\"og:image:type\" content=\"image\/jpeg\" \/>\n<meta name=\"author\" content=\"Reda\u00e7\u00e3o\" \/>\n<meta name=\"twitter:card\" content=\"summary_large_image\" \/>\n<meta name=\"twitter:label1\" content=\"Escrito por\" \/>\n\t<meta name=\"twitter:data1\" content=\"Reda\u00e7\u00e3o\" \/>\n<script type=\"application\/ld+json\" class=\"yoast-schema-graph\">{\"@context\":\"https:\/\/schema.org\",\"@graph\":[{\"@type\":\"Article\",\"@id\":\"https:\/\/brasilnoticias.org\/site\/falta-de-medicos-e-atrasos-de-salarios-comprometem-saude-de-jacobina\/#article\",\"isPartOf\":{\"@id\":\"https:\/\/brasilnoticias.org\/site\/falta-de-medicos-e-atrasos-de-salarios-comprometem-saude-de-jacobina\/\"},\"author\":{\"name\":\"Reda\u00e7\u00e3o\",\"@id\":\"https:\/\/brasilnoticias.org\/site\/#\/schema\/person\/a0e05b973ec4d15c658d51911e53507b\"},\"headline\":\"Falta de m\u00e9dicos e atrasos de sal\u00e1rios comprometem Sa\u00fade de Jacobina\",\"datePublished\":\"2023-03-24T10:34:49+00:00\",\"mainEntityOfPage\":{\"@id\":\"https:\/\/brasilnoticias.org\/site\/falta-de-medicos-e-atrasos-de-salarios-comprometem-saude-de-jacobina\/\"},\"wordCount\":637,\"commentCount\":0,\"publisher\":{\"@id\":\"https:\/\/brasilnoticias.org\/site\/#organization\"},\"image\":{\"@id\":\"https:\/\/brasilnoticias.org\/site\/falta-de-medicos-e-atrasos-de-salarios-comprometem-saude-de-jacobina\/#primaryimage\"},\"thumbnailUrl\":\"https:\/\/brasilnoticias.org\/site\/wp-content\/uploads\/2023\/03\/Artigo-Destaque_01223355_00.jpg\",\"articleSection\":[\"Pol\u00edcia\",\"\u00daltimas\"],\"inLanguage\":\"pt-PT\",\"potentialAction\":[{\"@type\":\"CommentAction\",\"name\":\"Comment\",\"target\":[\"https:\/\/brasilnoticias.org\/site\/falta-de-medicos-e-atrasos-de-salarios-comprometem-saude-de-jacobina\/#respond\"]}]},{\"@type\":\"WebPage\",\"@id\":\"https:\/\/brasilnoticias.org\/site\/falta-de-medicos-e-atrasos-de-salarios-comprometem-saude-de-jacobina\/\",\"url\":\"https:\/\/brasilnoticias.org\/site\/falta-de-medicos-e-atrasos-de-salarios-comprometem-saude-de-jacobina\/\",\"name\":\"Falta de m\u00e9dicos e atrasos de sal\u00e1rios comprometem Sa\u00fade de Jacobina - Brasil not\u00edcias\",\"isPartOf\":{\"@id\":\"https:\/\/brasilnoticias.org\/site\/#website\"},\"primaryImageOfPage\":{\"@id\":\"https:\/\/brasilnoticias.org\/site\/falta-de-medicos-e-atrasos-de-salarios-comprometem-saude-de-jacobina\/#primaryimage\"},\"image\":{\"@id\":\"https:\/\/brasilnoticias.org\/site\/falta-de-medicos-e-atrasos-de-salarios-comprometem-saude-de-jacobina\/#primaryimage\"},\"thumbnailUrl\":\"https:\/\/brasilnoticias.org\/site\/wp-content\/uploads\/2023\/03\/Artigo-Destaque_01223355_00.jpg\",\"datePublished\":\"2023-03-24T10:34:49+00:00\",\"breadcrumb\":{\"@id\":\"https:\/\/brasilnoticias.org\/site\/falta-de-medicos-e-atrasos-de-salarios-comprometem-saude-de-jacobina\/#breadcrumb\"},\"inLanguage\":\"pt-PT\",\"potentialAction\":[{\"@type\":\"ReadAction\",\"target\":[\"https:\/\/brasilnoticias.org\/site\/falta-de-medicos-e-atrasos-de-salarios-comprometem-saude-de-jacobina\/\"]}]},{\"@type\":\"ImageObject\",\"inLanguage\":\"pt-PT\",\"@id\":\"https:\/\/brasilnoticias.org\/site\/falta-de-medicos-e-atrasos-de-salarios-comprometem-saude-de-jacobina\/#primaryimage\",\"url\":\"https:\/\/brasilnoticias.org\/site\/wp-content\/uploads\/2023\/03\/Artigo-Destaque_01223355_00.jpg\",\"contentUrl\":\"https:\/\/brasilnoticias.org\/site\/wp-content\/uploads\/2023\/03\/Artigo-Destaque_01223355_00.jpg\",\"width\":1601,\"height\":901},{\"@type\":\"BreadcrumbList\",\"@id\":\"https:\/\/brasilnoticias.org\/site\/falta-de-medicos-e-atrasos-de-salarios-comprometem-saude-de-jacobina\/#breadcrumb\",\"itemListElement\":[{\"@type\":\"ListItem\",\"position\":1,\"name\":\"In\u00edcio\",\"item\":\"https:\/\/brasilnoticias.org\/site\/\"},{\"@type\":\"ListItem\",\"position\":2,\"name\":\"Falta de m\u00e9dicos e atrasos de sal\u00e1rios comprometem Sa\u00fade de Jacobina\"}]},{\"@type\":\"WebSite\",\"@id\":\"https:\/\/brasilnoticias.org\/site\/#website\",\"url\":\"https:\/\/brasilnoticias.org\/site\/\",\"name\":\"Brasil not\u00edcias\",\"description\":\"Brasil not\u00edcias\",\"publisher\":{\"@id\":\"https:\/\/brasilnoticias.org\/site\/#organization\"},\"potentialAction\":[{\"@type\":\"SearchAction\",\"target\":{\"@type\":\"EntryPoint\",\"urlTemplate\":\"https:\/\/brasilnoticias.org\/site\/?s={search_term_string}\"},\"query-input\":{\"@type\":\"PropertyValueSpecification\",\"valueRequired\":true,\"valueName\":\"search_term_string\"}}],\"inLanguage\":\"pt-PT\"},{\"@type\":\"Organization\",\"@id\":\"https:\/\/brasilnoticias.org\/site\/#organization\",\"name\":\"Brasil not\u00edcias\",\"url\":\"https:\/\/brasilnoticias.org\/site\/\",\"logo\":{\"@type\":\"ImageObject\",\"inLanguage\":\"pt-PT\",\"@id\":\"https:\/\/brasilnoticias.org\/site\/#\/schema\/logo\/image\/\",\"url\":\"https:\/\/brasilnoticias.org\/site\/wp-content\/uploads\/2022\/05\/cropped-brasilnoticias-mini.jpg\",\"contentUrl\":\"https:\/\/brasilnoticias.org\/site\/wp-content\/uploads\/2022\/05\/cropped-brasilnoticias-mini.jpg\",\"width\":314,\"height\":86,\"caption\":\"Brasil not\u00edcias\"},\"image\":{\"@id\":\"https:\/\/brasilnoticias.org\/site\/#\/schema\/logo\/image\/\"}},{\"@type\":\"Person\",\"@id\":\"https:\/\/brasilnoticias.org\/site\/#\/schema\/person\/a0e05b973ec4d15c658d51911e53507b\",\"name\":\"Reda\u00e7\u00e3o\",\"image\":{\"@type\":\"ImageObject\",\"inLanguage\":\"pt-PT\",\"@id\":\"https:\/\/brasilnoticias.org\/site\/#\/schema\/person\/image\/\",\"url\":\"https:\/\/secure.gravatar.com\/avatar\/75d8b050df2de108b08ae78dfb8e374892df24a383c67db9c46a9c604f6aee9c?s=96&d=mm&r=g\",\"contentUrl\":\"https:\/\/secure.gravatar.com\/avatar\/75d8b050df2de108b08ae78dfb8e374892df24a383c67db9c46a9c604f6aee9c?s=96&d=mm&r=g\",\"caption\":\"Reda\u00e7\u00e3o\"},\"sameAs\":[\"https:\/\/brasilnoticias.org\/site\"],\"url\":\"https:\/\/brasilnoticias.org\/site\/author\/fernandozsngmail-com\/\"}]}<\/script>\n<!-- \/ Yoast SEO plugin. -->","yoast_head_json":{"title":"Falta de m\u00e9dicos e atrasos de sal\u00e1rios comprometem Sa\u00fade de Jacobina - Brasil not\u00edcias","robots":{"index":"index","follow":"follow","max-snippet":"max-snippet:-1","max-image-preview":"max-image-preview:large","max-video-preview":"max-video-preview:-1"},"canonical":"https:\/\/brasilnoticias.org\/site\/falta-de-medicos-e-atrasos-de-salarios-comprometem-saude-de-jacobina\/","og_locale":"pt_PT","og_type":"article","og_title":"Falta de m\u00e9dicos e atrasos de sal\u00e1rios comprometem Sa\u00fade de Jacobina - Brasil not\u00edcias","og_description":"D\u00e9ficit de profissionais, incluindo m\u00e9dicos, falta de equipamentos e materiais, al\u00e9m de sal\u00e1rios em atraso. Essas foram algumas mazelas encontradas","og_url":"https:\/\/brasilnoticias.org\/site\/falta-de-medicos-e-atrasos-de-salarios-comprometem-saude-de-jacobina\/","og_site_name":"Brasil not\u00edcias","article_published_time":"2023-03-24T10:34:49+00:00","og_image":[{"width":1601,"height":901,"url":"https:\/\/brasilnoticias.org\/site\/wp-content\/uploads\/2023\/03\/Artigo-Destaque_01223355_00.jpg","type":"image\/jpeg"}],"author":"Reda\u00e7\u00e3o","twitter_card":"summary_large_image","twitter_misc":{"Escrito por":"Reda\u00e7\u00e3o"},"schema":{"@context":"https:\/\/schema.org","@graph":[{"@type":"Article","@id":"https:\/\/brasilnoticias.org\/site\/falta-de-medicos-e-atrasos-de-salarios-comprometem-saude-de-jacobina\/#article","isPartOf":{"@id":"https:\/\/brasilnoticias.org\/site\/falta-de-medicos-e-atrasos-de-salarios-comprometem-saude-de-jacobina\/"},"author":{"name":"Reda\u00e7\u00e3o","@id":"https:\/\/brasilnoticias.org\/site\/#\/schema\/person\/a0e05b973ec4d15c658d51911e53507b"},"headline":"Falta de m\u00e9dicos e atrasos de sal\u00e1rios comprometem Sa\u00fade de Jacobina","datePublished":"2023-03-24T10:34:49+00:00","mainEntityOfPage":{"@id":"https:\/\/brasilnoticias.org\/site\/falta-de-medicos-e-atrasos-de-salarios-comprometem-saude-de-jacobina\/"},"wordCount":637,"commentCount":0,"publisher":{"@id":"https:\/\/brasilnoticias.org\/site\/#organization"},"image":{"@id":"https:\/\/brasilnoticias.org\/site\/falta-de-medicos-e-atrasos-de-salarios-comprometem-saude-de-jacobina\/#primaryimage"},"thumbnailUrl":"https:\/\/brasilnoticias.org\/site\/wp-content\/uploads\/2023\/03\/Artigo-Destaque_01223355_00.jpg","articleSection":["Pol\u00edcia","\u00daltimas"],"inLanguage":"pt-PT","potentialAction":[{"@type":"CommentAction","name":"Comment","target":["https:\/\/brasilnoticias.org\/site\/falta-de-medicos-e-atrasos-de-salarios-comprometem-saude-de-jacobina\/#respond"]}]},{"@type":"WebPage","@id":"https:\/\/brasilnoticias.org\/site\/falta-de-medicos-e-atrasos-de-salarios-comprometem-saude-de-jacobina\/","url":"https:\/\/brasilnoticias.org\/site\/falta-de-medicos-e-atrasos-de-salarios-comprometem-saude-de-jacobina\/","name":"Falta de m\u00e9dicos e atrasos de sal\u00e1rios comprometem Sa\u00fade de Jacobina - Brasil not\u00edcias","isPartOf":{"@id":"https:\/\/brasilnoticias.org\/site\/#website"},"primaryImageOfPage":{"@id":"https:\/\/brasilnoticias.org\/site\/falta-de-medicos-e-atrasos-de-salarios-comprometem-saude-de-jacobina\/#primaryimage"},"image":{"@id":"https:\/\/brasilnoticias.org\/site\/falta-de-medicos-e-atrasos-de-salarios-comprometem-saude-de-jacobina\/#primaryimage"},"thumbnailUrl":"https:\/\/brasilnoticias.org\/site\/wp-content\/uploads\/2023\/03\/Artigo-Destaque_01223355_00.jpg","datePublished":"2023-03-24T10:34:49+00:00","breadcrumb":{"@id":"https:\/\/brasilnoticias.org\/site\/falta-de-medicos-e-atrasos-de-salarios-comprometem-saude-de-jacobina\/#breadcrumb"},"inLanguage":"pt-PT","potentialAction":[{"@type":"ReadAction","target":["https:\/\/brasilnoticias.org\/site\/falta-de-medicos-e-atrasos-de-salarios-comprometem-saude-de-jacobina\/"]}]},{"@type":"ImageObject","inLanguage":"pt-PT","@id":"https:\/\/brasilnoticias.org\/site\/falta-de-medicos-e-atrasos-de-salarios-comprometem-saude-de-jacobina\/#primaryimage","url":"https:\/\/brasilnoticias.org\/site\/wp-content\/uploads\/2023\/03\/Artigo-Destaque_01223355_00.jpg","contentUrl":"https:\/\/brasilnoticias.org\/site\/wp-content\/uploads\/2023\/03\/Artigo-Destaque_01223355_00.jpg","width":1601,"height":901},{"@type":"BreadcrumbList","@id":"https:\/\/brasilnoticias.org\/site\/falta-de-medicos-e-atrasos-de-salarios-comprometem-saude-de-jacobina\/#breadcrumb","itemListElement":[{"@type":"ListItem","position":1,"name":"In\u00edcio","item":"https:\/\/brasilnoticias.org\/site\/"},{"@type":"ListItem","position":2,"name":"Falta de m\u00e9dicos e atrasos de sal\u00e1rios comprometem Sa\u00fade de Jacobina"}]},{"@type":"WebSite","@id":"https:\/\/brasilnoticias.org\/site\/#website","url":"https:\/\/brasilnoticias.org\/site\/","name":"Brasil not\u00edcias","description":"Brasil not\u00edcias","publisher":{"@id":"https:\/\/brasilnoticias.org\/site\/#organization"},"potentialAction":[{"@type":"SearchAction","target":{"@type":"EntryPoint","urlTemplate":"https:\/\/brasilnoticias.org\/site\/?s={search_term_string}"},"query-input":{"@type":"PropertyValueSpecification","valueRequired":true,"valueName":"search_term_string"}}],"inLanguage":"pt-PT"},{"@type":"Organization","@id":"https:\/\/brasilnoticias.org\/site\/#organization","name":"Brasil not\u00edcias","url":"https:\/\/brasilnoticias.org\/site\/","logo":{"@type":"ImageObject","inLanguage":"pt-PT","@id":"https:\/\/brasilnoticias.org\/site\/#\/schema\/logo\/image\/","url":"https:\/\/brasilnoticias.org\/site\/wp-content\/uploads\/2022\/05\/cropped-brasilnoticias-mini.jpg","contentUrl":"https:\/\/brasilnoticias.org\/site\/wp-content\/uploads\/2022\/05\/cropped-brasilnoticias-mini.jpg","width":314,"height":86,"caption":"Brasil not\u00edcias"},"image":{"@id":"https:\/\/brasilnoticias.org\/site\/#\/schema\/logo\/image\/"}},{"@type":"Person","@id":"https:\/\/brasilnoticias.org\/site\/#\/schema\/person\/a0e05b973ec4d15c658d51911e53507b","name":"Reda\u00e7\u00e3o","image":{"@type":"ImageObject","inLanguage":"pt-PT","@id":"https:\/\/brasilnoticias.org\/site\/#\/schema\/person\/image\/","url":"https:\/\/secure.gravatar.com\/avatar\/75d8b050df2de108b08ae78dfb8e374892df24a383c67db9c46a9c604f6aee9c?s=96&d=mm&r=g","contentUrl":"https:\/\/secure.gravatar.com\/avatar\/75d8b050df2de108b08ae78dfb8e374892df24a383c67db9c46a9c604f6aee9c?s=96&d=mm&r=g","caption":"Reda\u00e7\u00e3o"},"sameAs":["https:\/\/brasilnoticias.org\/site"],"url":"https:\/\/brasilnoticias.org\/site\/author\/fernandozsngmail-com\/"}]}},"_links":{"self":[{"href":"https:\/\/brasilnoticias.org\/site\/wp-json\/wp\/v2\/posts\/4966","targetHints":{"allow":["GET"]}}],"collection":[{"href":"https:\/\/brasilnoticias.org\/site\/wp-json\/wp\/v2\/posts"}],"about":[{"href":"https:\/\/brasilnoticias.org\/site\/wp-json\/wp\/v2\/types\/post"}],"author":[{"embeddable":true,"href":"https:\/\/brasilnoticias.org\/site\/wp-json\/wp\/v2\/users\/1"}],"replies":[{"embeddable":true,"href":"https:\/\/brasilnoticias.org\/site\/wp-json\/wp\/v2\/comments?post=4966"}],"version-history":[{"count":1,"href":"https:\/\/brasilnoticias.org\/site\/wp-json\/wp\/v2\/posts\/4966\/revisions"}],"predecessor-version":[{"id":4968,"href":"https:\/\/brasilnoticias.org\/site\/wp-json\/wp\/v2\/posts\/4966\/revisions\/4968"}],"wp:featuredmedia":[{"embeddable":true,"href":"https:\/\/brasilnoticias.org\/site\/wp-json\/wp\/v2\/media\/4967"}],"wp:attachment":[{"href":"https:\/\/brasilnoticias.org\/site\/wp-json\/wp\/v2\/media?parent=4966"}],"wp:term":[{"taxonomy":"category","embeddable":true,"href":"https:\/\/brasilnoticias.org\/site\/wp-json\/wp\/v2\/categories?post=4966"},{"taxonomy":"post_tag","embeddable":true,"href":"https:\/\/brasilnoticias.org\/site\/wp-json\/wp\/v2\/tags?post=4966"}],"curies":[{"name":"wp","href":"https:\/\/api.w.org\/{rel}","templated":true}]}}