{"id":4970,"date":"2023-03-25T06:19:30","date_gmt":"2023-03-25T09:19:30","guid":{"rendered":"https:\/\/brasilnoticias.org\/site\/?p=4970"},"modified":"2023-03-25T06:19:30","modified_gmt":"2023-03-25T09:19:30","slug":"rui-costa-ganha-apelido-nos-corredores-de-brasilia-saiba-qual","status":"publish","type":"post","link":"https:\/\/brasilnoticias.org\/site\/rui-costa-ganha-apelido-nos-corredores-de-brasilia-saiba-qual\/","title":{"rendered":"Rui Costa ganha apelido nos corredores de Bras\u00edlia; saiba qual"},"content":{"rendered":"<p>O ministro da Casa Civil, Rui Costa (PT), ganhou um apelido nada amig\u00e1vel nos corredores de Bras\u00edlia, mas que est\u00e1 relacionado ao &#8220;Correria&#8221; ao qual se acostumou quando era governador da Bahia, diante da pressa em resolver problemas.<\/p>\n<p>A alcunha vem em um momento no qual o petista vem sendo alvo de reclama\u00e7\u00f5es n\u00e3o apenas dentro do governo, mas tamb\u00e9m na c\u00fapula do PT. O apelido de &#8220;Rui Disparada&#8221; surgiu pelo costume de sair andando sem dar aten\u00e7\u00e3o a pessoas que tentam abord\u00e1-lo.<\/p>\n<p>Entre os membros do partido, conforme a coluna Painel, da Folha de S.Paulo, a queixa \u00e9 que o ministro nunca tem tempo para receber dirigentes e que parece sempre afoito para cortar longas conversas. Segundo um dirigente do partido, a fun\u00e7\u00e3o dele no governo requer paci\u00eancia para ouvir pleitos e reclama\u00e7\u00f5es, o que ele parece n\u00e3o ter.<\/p>\n<p>Al\u00e9m de Rui, outro alvo de queixas \u00e9 o ministro das Rela\u00e7\u00f5es Institucionais, Alexandre Padilha, mas o motivo seria outro: o de privilegiar indica\u00e7\u00f5es pol\u00edticas da &#8220;Constru\u00edndo um Novo Brasil&#8221;, corrente majorit\u00e1ria do PT.<\/p>\n<p>Foto Jos\u00e9 Cruz\/Ag\u00eancia Brasil<br \/>\nBnews<\/p>\n","protected":false},"excerpt":{"rendered":"<p>O ministro da Casa Civil, Rui Costa (PT), ganhou um apelido nada amig\u00e1vel nos corredores de Bras\u00edlia, mas que est\u00e1<\/p>\n","protected":false},"author":1,"featured_media":4971,"comment_status":"open","ping_status":"open","sticky":false,"template":"","format":"standard","meta":{"colormag_page_container_layout":"default_layout","colormag_page_sidebar_layout":"default_layout","_FSMCFIC_featured_image_caption":"","_FSMCFIC_featured_image_nocaption":"","_FSMCFIC_featured_image_hide":"","footnotes":""},"categories":[5,1],"tags":[],"class_list":["post-4970","post","type-post","status-publish","format-standard","has-post-thumbnail","hentry","category-politica","category-ultimas"],"yoast_head":"<!-- This site is optimized with the Yoast SEO plugin v27.1.1 - https:\/\/yoast.com\/product\/yoast-seo-wordpress\/ -->\n<title>Rui Costa ganha apelido nos corredores de Bras\u00edlia; saiba qual - Brasil not\u00edcias<\/title>\n<meta name=\"robots\" content=\"index, follow, max-snippet:-1, max-image-preview:large, max-video-preview:-1\" \/>\n<link rel=\"canonical\" href=\"https:\/\/brasilnoticias.org\/site\/rui-costa-ganha-apelido-nos-corredores-de-brasilia-saiba-qual\/\" \/>\n<meta property=\"og:locale\" content=\"pt_PT\" \/>\n<meta property=\"og:type\" content=\"article\" \/>\n<meta property=\"og:title\" content=\"Rui Costa ganha apelido nos corredores de Bras\u00edlia; saiba qual - Brasil not\u00edcias\" \/>\n<meta property=\"og:description\" content=\"O ministro da Casa Civil, Rui Costa (PT), ganhou um apelido nada amig\u00e1vel nos corredores de Bras\u00edlia, mas que est\u00e1\" \/>\n<meta property=\"og:url\" content=\"https:\/\/brasilnoticias.org\/site\/rui-costa-ganha-apelido-nos-corredores-de-brasilia-saiba-qual\/\" \/>\n<meta property=\"og:site_name\" content=\"Brasil not\u00edcias\" \/>\n<meta property=\"article:published_time\" content=\"2023-03-25T09:19:30+00:00\" \/>\n<meta property=\"og:image\" content=\"https:\/\/brasilnoticias.org\/site\/wp-content\/uploads\/2023\/03\/rui-costa-jose-cruz-agbr_widelg.jpg\" \/>\n\t<meta property=\"og:image:width\" content=\"800\" \/>\n\t<meta property=\"og:image:height\" content=\"450\" \/>\n\t<meta property=\"og:image:type\" content=\"image\/jpeg\" \/>\n<meta name=\"author\" content=\"Reda\u00e7\u00e3o\" \/>\n<meta name=\"twitter:card\" content=\"summary_large_image\" \/>\n<meta name=\"twitter:label1\" content=\"Escrito por\" \/>\n\t<meta name=\"twitter:data1\" content=\"Reda\u00e7\u00e3o\" \/>\n<script type=\"application\/ld+json\" class=\"yoast-schema-graph\">{\"@context\":\"https:\/\/schema.org\",\"@graph\":[{\"@type\":\"Article\",\"@id\":\"https:\/\/brasilnoticias.org\/site\/rui-costa-ganha-apelido-nos-corredores-de-brasilia-saiba-qual\/#article\",\"isPartOf\":{\"@id\":\"https:\/\/brasilnoticias.org\/site\/rui-costa-ganha-apelido-nos-corredores-de-brasilia-saiba-qual\/\"},\"author\":{\"name\":\"Reda\u00e7\u00e3o\",\"@id\":\"https:\/\/brasilnoticias.org\/site\/#\/schema\/person\/a0e05b973ec4d15c658d51911e53507b\"},\"headline\":\"Rui Costa ganha apelido nos corredores de Bras\u00edlia; saiba qual\",\"datePublished\":\"2023-03-25T09:19:30+00:00\",\"mainEntityOfPage\":{\"@id\":\"https:\/\/brasilnoticias.org\/site\/rui-costa-ganha-apelido-nos-corredores-de-brasilia-saiba-qual\/\"},\"wordCount\":209,\"commentCount\":0,\"publisher\":{\"@id\":\"https:\/\/brasilnoticias.org\/site\/#organization\"},\"image\":{\"@id\":\"https:\/\/brasilnoticias.org\/site\/rui-costa-ganha-apelido-nos-corredores-de-brasilia-saiba-qual\/#primaryimage\"},\"thumbnailUrl\":\"https:\/\/brasilnoticias.org\/site\/wp-content\/uploads\/2023\/03\/rui-costa-jose-cruz-agbr_widelg.jpg\",\"articleSection\":[\"Pol\u00edtica\",\"\u00daltimas\"],\"inLanguage\":\"pt-PT\",\"potentialAction\":[{\"@type\":\"CommentAction\",\"name\":\"Comment\",\"target\":[\"https:\/\/brasilnoticias.org\/site\/rui-costa-ganha-apelido-nos-corredores-de-brasilia-saiba-qual\/#respond\"]}]},{\"@type\":\"WebPage\",\"@id\":\"https:\/\/brasilnoticias.org\/site\/rui-costa-ganha-apelido-nos-corredores-de-brasilia-saiba-qual\/\",\"url\":\"https:\/\/brasilnoticias.org\/site\/rui-costa-ganha-apelido-nos-corredores-de-brasilia-saiba-qual\/\",\"name\":\"Rui Costa ganha apelido nos corredores de Bras\u00edlia; saiba qual - Brasil not\u00edcias\",\"isPartOf\":{\"@id\":\"https:\/\/brasilnoticias.org\/site\/#website\"},\"primaryImageOfPage\":{\"@id\":\"https:\/\/brasilnoticias.org\/site\/rui-costa-ganha-apelido-nos-corredores-de-brasilia-saiba-qual\/#primaryimage\"},\"image\":{\"@id\":\"https:\/\/brasilnoticias.org\/site\/rui-costa-ganha-apelido-nos-corredores-de-brasilia-saiba-qual\/#primaryimage\"},\"thumbnailUrl\":\"https:\/\/brasilnoticias.org\/site\/wp-content\/uploads\/2023\/03\/rui-costa-jose-cruz-agbr_widelg.jpg\",\"datePublished\":\"2023-03-25T09:19:30+00:00\",\"breadcrumb\":{\"@id\":\"https:\/\/brasilnoticias.org\/site\/rui-costa-ganha-apelido-nos-corredores-de-brasilia-saiba-qual\/#breadcrumb\"},\"inLanguage\":\"pt-PT\",\"potentialAction\":[{\"@type\":\"ReadAction\",\"target\":[\"https:\/\/brasilnoticias.org\/site\/rui-costa-ganha-apelido-nos-corredores-de-brasilia-saiba-qual\/\"]}]},{\"@type\":\"ImageObject\",\"inLanguage\":\"pt-PT\",\"@id\":\"https:\/\/brasilnoticias.org\/site\/rui-costa-ganha-apelido-nos-corredores-de-brasilia-saiba-qual\/#primaryimage\",\"url\":\"https:\/\/brasilnoticias.org\/site\/wp-content\/uploads\/2023\/03\/rui-costa-jose-cruz-agbr_widelg.jpg\",\"contentUrl\":\"https:\/\/brasilnoticias.org\/site\/wp-content\/uploads\/2023\/03\/rui-costa-jose-cruz-agbr_widelg.jpg\",\"width\":800,\"height\":450},{\"@type\":\"BreadcrumbList\",\"@id\":\"https:\/\/brasilnoticias.org\/site\/rui-costa-ganha-apelido-nos-corredores-de-brasilia-saiba-qual\/#breadcrumb\",\"itemListElement\":[{\"@type\":\"ListItem\",\"position\":1,\"name\":\"In\u00edcio\",\"item\":\"https:\/\/brasilnoticias.org\/site\/\"},{\"@type\":\"ListItem\",\"position\":2,\"name\":\"Rui Costa ganha apelido nos corredores de Bras\u00edlia; saiba qual\"}]},{\"@type\":\"WebSite\",\"@id\":\"https:\/\/brasilnoticias.org\/site\/#website\",\"url\":\"https:\/\/brasilnoticias.org\/site\/\",\"name\":\"Brasil not\u00edcias\",\"description\":\"Brasil not\u00edcias\",\"publisher\":{\"@id\":\"https:\/\/brasilnoticias.org\/site\/#organization\"},\"potentialAction\":[{\"@type\":\"SearchAction\",\"target\":{\"@type\":\"EntryPoint\",\"urlTemplate\":\"https:\/\/brasilnoticias.org\/site\/?s={search_term_string}\"},\"query-input\":{\"@type\":\"PropertyValueSpecification\",\"valueRequired\":true,\"valueName\":\"search_term_string\"}}],\"inLanguage\":\"pt-PT\"},{\"@type\":\"Organization\",\"@id\":\"https:\/\/brasilnoticias.org\/site\/#organization\",\"name\":\"Brasil not\u00edcias\",\"url\":\"https:\/\/brasilnoticias.org\/site\/\",\"logo\":{\"@type\":\"ImageObject\",\"inLanguage\":\"pt-PT\",\"@id\":\"https:\/\/brasilnoticias.org\/site\/#\/schema\/logo\/image\/\",\"url\":\"https:\/\/brasilnoticias.org\/site\/wp-content\/uploads\/2022\/05\/cropped-brasilnoticias-mini.jpg\",\"contentUrl\":\"https:\/\/brasilnoticias.org\/site\/wp-content\/uploads\/2022\/05\/cropped-brasilnoticias-mini.jpg\",\"width\":314,\"height\":86,\"caption\":\"Brasil not\u00edcias\"},\"image\":{\"@id\":\"https:\/\/brasilnoticias.org\/site\/#\/schema\/logo\/image\/\"}},{\"@type\":\"Person\",\"@id\":\"https:\/\/brasilnoticias.org\/site\/#\/schema\/person\/a0e05b973ec4d15c658d51911e53507b\",\"name\":\"Reda\u00e7\u00e3o\",\"image\":{\"@type\":\"ImageObject\",\"inLanguage\":\"pt-PT\",\"@id\":\"https:\/\/brasilnoticias.org\/site\/#\/schema\/person\/image\/\",\"url\":\"https:\/\/secure.gravatar.com\/avatar\/75d8b050df2de108b08ae78dfb8e374892df24a383c67db9c46a9c604f6aee9c?s=96&d=mm&r=g\",\"contentUrl\":\"https:\/\/secure.gravatar.com\/avatar\/75d8b050df2de108b08ae78dfb8e374892df24a383c67db9c46a9c604f6aee9c?s=96&d=mm&r=g\",\"caption\":\"Reda\u00e7\u00e3o\"},\"sameAs\":[\"https:\/\/brasilnoticias.org\/site\"],\"url\":\"https:\/\/brasilnoticias.org\/site\/author\/fernandozsngmail-com\/\"}]}<\/script>\n<!-- \/ Yoast SEO plugin. -->","yoast_head_json":{"title":"Rui Costa ganha apelido nos corredores de Bras\u00edlia; saiba qual - Brasil not\u00edcias","robots":{"index":"index","follow":"follow","max-snippet":"max-snippet:-1","max-image-preview":"max-image-preview:large","max-video-preview":"max-video-preview:-1"},"canonical":"https:\/\/brasilnoticias.org\/site\/rui-costa-ganha-apelido-nos-corredores-de-brasilia-saiba-qual\/","og_locale":"pt_PT","og_type":"article","og_title":"Rui Costa ganha apelido nos corredores de Bras\u00edlia; saiba qual - Brasil not\u00edcias","og_description":"O ministro da Casa Civil, Rui Costa (PT), ganhou um apelido nada amig\u00e1vel nos corredores de Bras\u00edlia, mas que est\u00e1","og_url":"https:\/\/brasilnoticias.org\/site\/rui-costa-ganha-apelido-nos-corredores-de-brasilia-saiba-qual\/","og_site_name":"Brasil not\u00edcias","article_published_time":"2023-03-25T09:19:30+00:00","og_image":[{"width":800,"height":450,"url":"https:\/\/brasilnoticias.org\/site\/wp-content\/uploads\/2023\/03\/rui-costa-jose-cruz-agbr_widelg.jpg","type":"image\/jpeg"}],"author":"Reda\u00e7\u00e3o","twitter_card":"summary_large_image","twitter_misc":{"Escrito por":"Reda\u00e7\u00e3o"},"schema":{"@context":"https:\/\/schema.org","@graph":[{"@type":"Article","@id":"https:\/\/brasilnoticias.org\/site\/rui-costa-ganha-apelido-nos-corredores-de-brasilia-saiba-qual\/#article","isPartOf":{"@id":"https:\/\/brasilnoticias.org\/site\/rui-costa-ganha-apelido-nos-corredores-de-brasilia-saiba-qual\/"},"author":{"name":"Reda\u00e7\u00e3o","@id":"https:\/\/brasilnoticias.org\/site\/#\/schema\/person\/a0e05b973ec4d15c658d51911e53507b"},"headline":"Rui Costa ganha apelido nos corredores de Bras\u00edlia; saiba qual","datePublished":"2023-03-25T09:19:30+00:00","mainEntityOfPage":{"@id":"https:\/\/brasilnoticias.org\/site\/rui-costa-ganha-apelido-nos-corredores-de-brasilia-saiba-qual\/"},"wordCount":209,"commentCount":0,"publisher":{"@id":"https:\/\/brasilnoticias.org\/site\/#organization"},"image":{"@id":"https:\/\/brasilnoticias.org\/site\/rui-costa-ganha-apelido-nos-corredores-de-brasilia-saiba-qual\/#primaryimage"},"thumbnailUrl":"https:\/\/brasilnoticias.org\/site\/wp-content\/uploads\/2023\/03\/rui-costa-jose-cruz-agbr_widelg.jpg","articleSection":["Pol\u00edtica","\u00daltimas"],"inLanguage":"pt-PT","potentialAction":[{"@type":"CommentAction","name":"Comment","target":["https:\/\/brasilnoticias.org\/site\/rui-costa-ganha-apelido-nos-corredores-de-brasilia-saiba-qual\/#respond"]}]},{"@type":"WebPage","@id":"https:\/\/brasilnoticias.org\/site\/rui-costa-ganha-apelido-nos-corredores-de-brasilia-saiba-qual\/","url":"https:\/\/brasilnoticias.org\/site\/rui-costa-ganha-apelido-nos-corredores-de-brasilia-saiba-qual\/","name":"Rui Costa ganha apelido nos corredores de Bras\u00edlia; saiba qual - Brasil not\u00edcias","isPartOf":{"@id":"https:\/\/brasilnoticias.org\/site\/#website"},"primaryImageOfPage":{"@id":"https:\/\/brasilnoticias.org\/site\/rui-costa-ganha-apelido-nos-corredores-de-brasilia-saiba-qual\/#primaryimage"},"image":{"@id":"https:\/\/brasilnoticias.org\/site\/rui-costa-ganha-apelido-nos-corredores-de-brasilia-saiba-qual\/#primaryimage"},"thumbnailUrl":"https:\/\/brasilnoticias.org\/site\/wp-content\/uploads\/2023\/03\/rui-costa-jose-cruz-agbr_widelg.jpg","datePublished":"2023-03-25T09:19:30+00:00","breadcrumb":{"@id":"https:\/\/brasilnoticias.org\/site\/rui-costa-ganha-apelido-nos-corredores-de-brasilia-saiba-qual\/#breadcrumb"},"inLanguage":"pt-PT","potentialAction":[{"@type":"ReadAction","target":["https:\/\/brasilnoticias.org\/site\/rui-costa-ganha-apelido-nos-corredores-de-brasilia-saiba-qual\/"]}]},{"@type":"ImageObject","inLanguage":"pt-PT","@id":"https:\/\/brasilnoticias.org\/site\/rui-costa-ganha-apelido-nos-corredores-de-brasilia-saiba-qual\/#primaryimage","url":"https:\/\/brasilnoticias.org\/site\/wp-content\/uploads\/2023\/03\/rui-costa-jose-cruz-agbr_widelg.jpg","contentUrl":"https:\/\/brasilnoticias.org\/site\/wp-content\/uploads\/2023\/03\/rui-costa-jose-cruz-agbr_widelg.jpg","width":800,"height":450},{"@type":"BreadcrumbList","@id":"https:\/\/brasilnoticias.org\/site\/rui-costa-ganha-apelido-nos-corredores-de-brasilia-saiba-qual\/#breadcrumb","itemListElement":[{"@type":"ListItem","position":1,"name":"In\u00edcio","item":"https:\/\/brasilnoticias.org\/site\/"},{"@type":"ListItem","position":2,"name":"Rui Costa ganha apelido nos corredores de Bras\u00edlia; saiba qual"}]},{"@type":"WebSite","@id":"https:\/\/brasilnoticias.org\/site\/#website","url":"https:\/\/brasilnoticias.org\/site\/","name":"Brasil not\u00edcias","description":"Brasil not\u00edcias","publisher":{"@id":"https:\/\/brasilnoticias.org\/site\/#organization"},"potentialAction":[{"@type":"SearchAction","target":{"@type":"EntryPoint","urlTemplate":"https:\/\/brasilnoticias.org\/site\/?s={search_term_string}"},"query-input":{"@type":"PropertyValueSpecification","valueRequired":true,"valueName":"search_term_string"}}],"inLanguage":"pt-PT"},{"@type":"Organization","@id":"https:\/\/brasilnoticias.org\/site\/#organization","name":"Brasil not\u00edcias","url":"https:\/\/brasilnoticias.org\/site\/","logo":{"@type":"ImageObject","inLanguage":"pt-PT","@id":"https:\/\/brasilnoticias.org\/site\/#\/schema\/logo\/image\/","url":"https:\/\/brasilnoticias.org\/site\/wp-content\/uploads\/2022\/05\/cropped-brasilnoticias-mini.jpg","contentUrl":"https:\/\/brasilnoticias.org\/site\/wp-content\/uploads\/2022\/05\/cropped-brasilnoticias-mini.jpg","width":314,"height":86,"caption":"Brasil not\u00edcias"},"image":{"@id":"https:\/\/brasilnoticias.org\/site\/#\/schema\/logo\/image\/"}},{"@type":"Person","@id":"https:\/\/brasilnoticias.org\/site\/#\/schema\/person\/a0e05b973ec4d15c658d51911e53507b","name":"Reda\u00e7\u00e3o","image":{"@type":"ImageObject","inLanguage":"pt-PT","@id":"https:\/\/brasilnoticias.org\/site\/#\/schema\/person\/image\/","url":"https:\/\/secure.gravatar.com\/avatar\/75d8b050df2de108b08ae78dfb8e374892df24a383c67db9c46a9c604f6aee9c?s=96&d=mm&r=g","contentUrl":"https:\/\/secure.gravatar.com\/avatar\/75d8b050df2de108b08ae78dfb8e374892df24a383c67db9c46a9c604f6aee9c?s=96&d=mm&r=g","caption":"Reda\u00e7\u00e3o"},"sameAs":["https:\/\/brasilnoticias.org\/site"],"url":"https:\/\/brasilnoticias.org\/site\/author\/fernandozsngmail-com\/"}]}},"_links":{"self":[{"href":"https:\/\/brasilnoticias.org\/site\/wp-json\/wp\/v2\/posts\/4970","targetHints":{"allow":["GET"]}}],"collection":[{"href":"https:\/\/brasilnoticias.org\/site\/wp-json\/wp\/v2\/posts"}],"about":[{"href":"https:\/\/brasilnoticias.org\/site\/wp-json\/wp\/v2\/types\/post"}],"author":[{"embeddable":true,"href":"https:\/\/brasilnoticias.org\/site\/wp-json\/wp\/v2\/users\/1"}],"replies":[{"embeddable":true,"href":"https:\/\/brasilnoticias.org\/site\/wp-json\/wp\/v2\/comments?post=4970"}],"version-history":[{"count":1,"href":"https:\/\/brasilnoticias.org\/site\/wp-json\/wp\/v2\/posts\/4970\/revisions"}],"predecessor-version":[{"id":4972,"href":"https:\/\/brasilnoticias.org\/site\/wp-json\/wp\/v2\/posts\/4970\/revisions\/4972"}],"wp:featuredmedia":[{"embeddable":true,"href":"https:\/\/brasilnoticias.org\/site\/wp-json\/wp\/v2\/media\/4971"}],"wp:attachment":[{"href":"https:\/\/brasilnoticias.org\/site\/wp-json\/wp\/v2\/media?parent=4970"}],"wp:term":[{"taxonomy":"category","embeddable":true,"href":"https:\/\/brasilnoticias.org\/site\/wp-json\/wp\/v2\/categories?post=4970"},{"taxonomy":"post_tag","embeddable":true,"href":"https:\/\/brasilnoticias.org\/site\/wp-json\/wp\/v2\/tags?post=4970"}],"curies":[{"name":"wp","href":"https:\/\/api.w.org\/{rel}","templated":true}]}}