{"id":4985,"date":"2023-03-25T18:00:03","date_gmt":"2023-03-25T21:00:03","guid":{"rendered":"https:\/\/brasilnoticias.org\/site\/?p=4985"},"modified":"2023-03-25T10:03:13","modified_gmt":"2023-03-25T13:03:13","slug":"suspeito-do-pcc-preso-em-plano-contra-sergio-moro-tem-mesmo-advogado-do-filho-de-lula","status":"publish","type":"post","link":"https:\/\/brasilnoticias.org\/site\/suspeito-do-pcc-preso-em-plano-contra-sergio-moro-tem-mesmo-advogado-do-filho-de-lula\/","title":{"rendered":"Suspeito do PCC preso em plano contra Sergio Moro tem mesmo advogado do filho de Lula"},"content":{"rendered":"<p>Apontado pela Pol\u00edcia Federal como um dos integrantes da fac\u00e7\u00e3o Primeiro Comando da Capital (PCC), que planejavam um atentado contra o senador Sergio Moro, Patric Uelinton Salom\u00e3o, tem o mmesmo advogado de um dos filhos do presidente Lula (PT), o F\u00e1bio Luis Lula da Silva, o Lulinha.<\/p>\n<p>De acordo com o portal Metr\u00f3poles, Patric deixou a pris\u00e3o no in\u00edcio de 2022 ap\u00f3s um alvar\u00e1 de soltura obtido na Justi\u00e7a paulista pelo advogado Fabio Tofic, que livrou um dos filhos de Lula de uma a\u00e7\u00e3o da Opera\u00e7\u00e3o Lava Jato.<\/p>\n<p>Patric \u00e9 conhecido como Forjado dentro do PCC. Ele \u00e9 l\u00edder de um grupo do PCC que organiza e financia sequestros e atentados contra autoridades, segundo a PF.<\/p>\n<p>Ele foi um dos alvos da PF na \u00faltima quarta-feira (22), na Opera\u00e7\u00e3o Sequaz, para desarticular um plano de sequestro e assassinato de Sergio Moro e outras autoridades, como o promotor de Justi\u00e7a paulista Lincoln Gakiya, autor do pedido de transfer\u00eancia da c\u00fapula do PCC para pres\u00eddios federais em 2018, mas n\u00e3o foi encontrado pelos policiais e \u00e9 considerado foragido.<\/p>\n<p>BNews<\/p>\n","protected":false},"excerpt":{"rendered":"<p>Apontado pela Pol\u00edcia Federal como um dos integrantes da fac\u00e7\u00e3o Primeiro Comando da Capital (PCC), que planejavam um atentado contra<\/p>\n","protected":false},"author":1,"featured_media":4986,"comment_status":"open","ping_status":"open","sticky":false,"template":"","format":"standard","meta":{"colormag_page_container_layout":"default_layout","colormag_page_sidebar_layout":"default_layout","_FSMCFIC_featured_image_caption":"","_FSMCFIC_featured_image_nocaption":"","_FSMCFIC_featured_image_hide":"","footnotes":""},"categories":[2,1],"tags":[],"class_list":["post-4985","post","type-post","status-publish","format-standard","has-post-thumbnail","hentry","category-noticias","category-ultimas"],"yoast_head":"<!-- This site is optimized with the Yoast SEO plugin v27.1.1 - https:\/\/yoast.com\/product\/yoast-seo-wordpress\/ -->\n<title>Suspeito do PCC preso em plano contra Sergio Moro tem mesmo advogado do filho de Lula - Brasil not\u00edcias<\/title>\n<meta name=\"robots\" content=\"index, follow, max-snippet:-1, max-image-preview:large, max-video-preview:-1\" \/>\n<link rel=\"canonical\" href=\"https:\/\/brasilnoticias.org\/site\/suspeito-do-pcc-preso-em-plano-contra-sergio-moro-tem-mesmo-advogado-do-filho-de-lula\/\" \/>\n<meta property=\"og:locale\" content=\"pt_PT\" \/>\n<meta property=\"og:type\" content=\"article\" \/>\n<meta property=\"og:title\" content=\"Suspeito do PCC preso em plano contra Sergio Moro tem mesmo advogado do filho de Lula - Brasil not\u00edcias\" \/>\n<meta property=\"og:description\" content=\"Apontado pela Pol\u00edcia Federal como um dos integrantes da fac\u00e7\u00e3o Primeiro Comando da Capital (PCC), que planejavam um atentado contra\" \/>\n<meta property=\"og:url\" content=\"https:\/\/brasilnoticias.org\/site\/suspeito-do-pcc-preso-em-plano-contra-sergio-moro-tem-mesmo-advogado-do-filho-de-lula\/\" \/>\n<meta property=\"og:site_name\" content=\"Brasil not\u00edcias\" \/>\n<meta property=\"article:published_time\" content=\"2023-03-25T21:00:03+00:00\" \/>\n<meta property=\"og:image\" content=\"https:\/\/brasilnoticias.org\/site\/wp-content\/uploads\/2023\/03\/suspeito-do-pcc-preso-em-plano-contra-sergio-moro-tem-mesmo-advogado-do-filho-de-lula_widelg.jpg\" \/>\n\t<meta property=\"og:image:width\" content=\"600\" \/>\n\t<meta property=\"og:image:height\" content=\"380\" \/>\n\t<meta property=\"og:image:type\" content=\"image\/jpeg\" \/>\n<meta name=\"author\" content=\"Reda\u00e7\u00e3o\" \/>\n<meta name=\"twitter:card\" content=\"summary_large_image\" \/>\n<meta name=\"twitter:label1\" content=\"Escrito por\" \/>\n\t<meta name=\"twitter:data1\" content=\"Reda\u00e7\u00e3o\" \/>\n<script type=\"application\/ld+json\" class=\"yoast-schema-graph\">{\"@context\":\"https:\/\/schema.org\",\"@graph\":[{\"@type\":\"Article\",\"@id\":\"https:\/\/brasilnoticias.org\/site\/suspeito-do-pcc-preso-em-plano-contra-sergio-moro-tem-mesmo-advogado-do-filho-de-lula\/#article\",\"isPartOf\":{\"@id\":\"https:\/\/brasilnoticias.org\/site\/suspeito-do-pcc-preso-em-plano-contra-sergio-moro-tem-mesmo-advogado-do-filho-de-lula\/\"},\"author\":{\"name\":\"Reda\u00e7\u00e3o\",\"@id\":\"https:\/\/brasilnoticias.org\/site\/#\/schema\/person\/a0e05b973ec4d15c658d51911e53507b\"},\"headline\":\"Suspeito do PCC preso em plano contra Sergio Moro tem mesmo advogado do filho de Lula\",\"datePublished\":\"2023-03-25T21:00:03+00:00\",\"mainEntityOfPage\":{\"@id\":\"https:\/\/brasilnoticias.org\/site\/suspeito-do-pcc-preso-em-plano-contra-sergio-moro-tem-mesmo-advogado-do-filho-de-lula\/\"},\"wordCount\":205,\"commentCount\":0,\"publisher\":{\"@id\":\"https:\/\/brasilnoticias.org\/site\/#organization\"},\"image\":{\"@id\":\"https:\/\/brasilnoticias.org\/site\/suspeito-do-pcc-preso-em-plano-contra-sergio-moro-tem-mesmo-advogado-do-filho-de-lula\/#primaryimage\"},\"thumbnailUrl\":\"https:\/\/brasilnoticias.org\/site\/wp-content\/uploads\/2023\/03\/suspeito-do-pcc-preso-em-plano-contra-sergio-moro-tem-mesmo-advogado-do-filho-de-lula_widelg.jpg\",\"articleSection\":[\"Not\u00edcias\",\"\u00daltimas\"],\"inLanguage\":\"pt-PT\",\"potentialAction\":[{\"@type\":\"CommentAction\",\"name\":\"Comment\",\"target\":[\"https:\/\/brasilnoticias.org\/site\/suspeito-do-pcc-preso-em-plano-contra-sergio-moro-tem-mesmo-advogado-do-filho-de-lula\/#respond\"]}]},{\"@type\":\"WebPage\",\"@id\":\"https:\/\/brasilnoticias.org\/site\/suspeito-do-pcc-preso-em-plano-contra-sergio-moro-tem-mesmo-advogado-do-filho-de-lula\/\",\"url\":\"https:\/\/brasilnoticias.org\/site\/suspeito-do-pcc-preso-em-plano-contra-sergio-moro-tem-mesmo-advogado-do-filho-de-lula\/\",\"name\":\"Suspeito do PCC preso em plano contra Sergio Moro tem mesmo advogado do filho de Lula - Brasil not\u00edcias\",\"isPartOf\":{\"@id\":\"https:\/\/brasilnoticias.org\/site\/#website\"},\"primaryImageOfPage\":{\"@id\":\"https:\/\/brasilnoticias.org\/site\/suspeito-do-pcc-preso-em-plano-contra-sergio-moro-tem-mesmo-advogado-do-filho-de-lula\/#primaryimage\"},\"image\":{\"@id\":\"https:\/\/brasilnoticias.org\/site\/suspeito-do-pcc-preso-em-plano-contra-sergio-moro-tem-mesmo-advogado-do-filho-de-lula\/#primaryimage\"},\"thumbnailUrl\":\"https:\/\/brasilnoticias.org\/site\/wp-content\/uploads\/2023\/03\/suspeito-do-pcc-preso-em-plano-contra-sergio-moro-tem-mesmo-advogado-do-filho-de-lula_widelg.jpg\",\"datePublished\":\"2023-03-25T21:00:03+00:00\",\"breadcrumb\":{\"@id\":\"https:\/\/brasilnoticias.org\/site\/suspeito-do-pcc-preso-em-plano-contra-sergio-moro-tem-mesmo-advogado-do-filho-de-lula\/#breadcrumb\"},\"inLanguage\":\"pt-PT\",\"potentialAction\":[{\"@type\":\"ReadAction\",\"target\":[\"https:\/\/brasilnoticias.org\/site\/suspeito-do-pcc-preso-em-plano-contra-sergio-moro-tem-mesmo-advogado-do-filho-de-lula\/\"]}]},{\"@type\":\"ImageObject\",\"inLanguage\":\"pt-PT\",\"@id\":\"https:\/\/brasilnoticias.org\/site\/suspeito-do-pcc-preso-em-plano-contra-sergio-moro-tem-mesmo-advogado-do-filho-de-lula\/#primaryimage\",\"url\":\"https:\/\/brasilnoticias.org\/site\/wp-content\/uploads\/2023\/03\/suspeito-do-pcc-preso-em-plano-contra-sergio-moro-tem-mesmo-advogado-do-filho-de-lula_widelg.jpg\",\"contentUrl\":\"https:\/\/brasilnoticias.org\/site\/wp-content\/uploads\/2023\/03\/suspeito-do-pcc-preso-em-plano-contra-sergio-moro-tem-mesmo-advogado-do-filho-de-lula_widelg.jpg\",\"width\":600,\"height\":380},{\"@type\":\"BreadcrumbList\",\"@id\":\"https:\/\/brasilnoticias.org\/site\/suspeito-do-pcc-preso-em-plano-contra-sergio-moro-tem-mesmo-advogado-do-filho-de-lula\/#breadcrumb\",\"itemListElement\":[{\"@type\":\"ListItem\",\"position\":1,\"name\":\"In\u00edcio\",\"item\":\"https:\/\/brasilnoticias.org\/site\/\"},{\"@type\":\"ListItem\",\"position\":2,\"name\":\"Suspeito do PCC preso em plano contra Sergio Moro tem mesmo advogado do filho de Lula\"}]},{\"@type\":\"WebSite\",\"@id\":\"https:\/\/brasilnoticias.org\/site\/#website\",\"url\":\"https:\/\/brasilnoticias.org\/site\/\",\"name\":\"Brasil not\u00edcias\",\"description\":\"Brasil not\u00edcias\",\"publisher\":{\"@id\":\"https:\/\/brasilnoticias.org\/site\/#organization\"},\"potentialAction\":[{\"@type\":\"SearchAction\",\"target\":{\"@type\":\"EntryPoint\",\"urlTemplate\":\"https:\/\/brasilnoticias.org\/site\/?s={search_term_string}\"},\"query-input\":{\"@type\":\"PropertyValueSpecification\",\"valueRequired\":true,\"valueName\":\"search_term_string\"}}],\"inLanguage\":\"pt-PT\"},{\"@type\":\"Organization\",\"@id\":\"https:\/\/brasilnoticias.org\/site\/#organization\",\"name\":\"Brasil not\u00edcias\",\"url\":\"https:\/\/brasilnoticias.org\/site\/\",\"logo\":{\"@type\":\"ImageObject\",\"inLanguage\":\"pt-PT\",\"@id\":\"https:\/\/brasilnoticias.org\/site\/#\/schema\/logo\/image\/\",\"url\":\"https:\/\/brasilnoticias.org\/site\/wp-content\/uploads\/2022\/05\/cropped-brasilnoticias-mini.jpg\",\"contentUrl\":\"https:\/\/brasilnoticias.org\/site\/wp-content\/uploads\/2022\/05\/cropped-brasilnoticias-mini.jpg\",\"width\":314,\"height\":86,\"caption\":\"Brasil not\u00edcias\"},\"image\":{\"@id\":\"https:\/\/brasilnoticias.org\/site\/#\/schema\/logo\/image\/\"}},{\"@type\":\"Person\",\"@id\":\"https:\/\/brasilnoticias.org\/site\/#\/schema\/person\/a0e05b973ec4d15c658d51911e53507b\",\"name\":\"Reda\u00e7\u00e3o\",\"image\":{\"@type\":\"ImageObject\",\"inLanguage\":\"pt-PT\",\"@id\":\"https:\/\/brasilnoticias.org\/site\/#\/schema\/person\/image\/\",\"url\":\"https:\/\/secure.gravatar.com\/avatar\/75d8b050df2de108b08ae78dfb8e374892df24a383c67db9c46a9c604f6aee9c?s=96&d=mm&r=g\",\"contentUrl\":\"https:\/\/secure.gravatar.com\/avatar\/75d8b050df2de108b08ae78dfb8e374892df24a383c67db9c46a9c604f6aee9c?s=96&d=mm&r=g\",\"caption\":\"Reda\u00e7\u00e3o\"},\"sameAs\":[\"https:\/\/brasilnoticias.org\/site\"],\"url\":\"https:\/\/brasilnoticias.org\/site\/author\/fernandozsngmail-com\/\"}]}<\/script>\n<!-- \/ Yoast SEO plugin. -->","yoast_head_json":{"title":"Suspeito do PCC preso em plano contra Sergio Moro tem mesmo advogado do filho de Lula - Brasil not\u00edcias","robots":{"index":"index","follow":"follow","max-snippet":"max-snippet:-1","max-image-preview":"max-image-preview:large","max-video-preview":"max-video-preview:-1"},"canonical":"https:\/\/brasilnoticias.org\/site\/suspeito-do-pcc-preso-em-plano-contra-sergio-moro-tem-mesmo-advogado-do-filho-de-lula\/","og_locale":"pt_PT","og_type":"article","og_title":"Suspeito do PCC preso em plano contra Sergio Moro tem mesmo advogado do filho de Lula - Brasil not\u00edcias","og_description":"Apontado pela Pol\u00edcia Federal como um dos integrantes da fac\u00e7\u00e3o Primeiro Comando da Capital (PCC), que planejavam um atentado contra","og_url":"https:\/\/brasilnoticias.org\/site\/suspeito-do-pcc-preso-em-plano-contra-sergio-moro-tem-mesmo-advogado-do-filho-de-lula\/","og_site_name":"Brasil not\u00edcias","article_published_time":"2023-03-25T21:00:03+00:00","og_image":[{"width":600,"height":380,"url":"https:\/\/brasilnoticias.org\/site\/wp-content\/uploads\/2023\/03\/suspeito-do-pcc-preso-em-plano-contra-sergio-moro-tem-mesmo-advogado-do-filho-de-lula_widelg.jpg","type":"image\/jpeg"}],"author":"Reda\u00e7\u00e3o","twitter_card":"summary_large_image","twitter_misc":{"Escrito por":"Reda\u00e7\u00e3o"},"schema":{"@context":"https:\/\/schema.org","@graph":[{"@type":"Article","@id":"https:\/\/brasilnoticias.org\/site\/suspeito-do-pcc-preso-em-plano-contra-sergio-moro-tem-mesmo-advogado-do-filho-de-lula\/#article","isPartOf":{"@id":"https:\/\/brasilnoticias.org\/site\/suspeito-do-pcc-preso-em-plano-contra-sergio-moro-tem-mesmo-advogado-do-filho-de-lula\/"},"author":{"name":"Reda\u00e7\u00e3o","@id":"https:\/\/brasilnoticias.org\/site\/#\/schema\/person\/a0e05b973ec4d15c658d51911e53507b"},"headline":"Suspeito do PCC preso em plano contra Sergio Moro tem mesmo advogado do filho de Lula","datePublished":"2023-03-25T21:00:03+00:00","mainEntityOfPage":{"@id":"https:\/\/brasilnoticias.org\/site\/suspeito-do-pcc-preso-em-plano-contra-sergio-moro-tem-mesmo-advogado-do-filho-de-lula\/"},"wordCount":205,"commentCount":0,"publisher":{"@id":"https:\/\/brasilnoticias.org\/site\/#organization"},"image":{"@id":"https:\/\/brasilnoticias.org\/site\/suspeito-do-pcc-preso-em-plano-contra-sergio-moro-tem-mesmo-advogado-do-filho-de-lula\/#primaryimage"},"thumbnailUrl":"https:\/\/brasilnoticias.org\/site\/wp-content\/uploads\/2023\/03\/suspeito-do-pcc-preso-em-plano-contra-sergio-moro-tem-mesmo-advogado-do-filho-de-lula_widelg.jpg","articleSection":["Not\u00edcias","\u00daltimas"],"inLanguage":"pt-PT","potentialAction":[{"@type":"CommentAction","name":"Comment","target":["https:\/\/brasilnoticias.org\/site\/suspeito-do-pcc-preso-em-plano-contra-sergio-moro-tem-mesmo-advogado-do-filho-de-lula\/#respond"]}]},{"@type":"WebPage","@id":"https:\/\/brasilnoticias.org\/site\/suspeito-do-pcc-preso-em-plano-contra-sergio-moro-tem-mesmo-advogado-do-filho-de-lula\/","url":"https:\/\/brasilnoticias.org\/site\/suspeito-do-pcc-preso-em-plano-contra-sergio-moro-tem-mesmo-advogado-do-filho-de-lula\/","name":"Suspeito do PCC preso em plano contra Sergio Moro tem mesmo advogado do filho de Lula - Brasil not\u00edcias","isPartOf":{"@id":"https:\/\/brasilnoticias.org\/site\/#website"},"primaryImageOfPage":{"@id":"https:\/\/brasilnoticias.org\/site\/suspeito-do-pcc-preso-em-plano-contra-sergio-moro-tem-mesmo-advogado-do-filho-de-lula\/#primaryimage"},"image":{"@id":"https:\/\/brasilnoticias.org\/site\/suspeito-do-pcc-preso-em-plano-contra-sergio-moro-tem-mesmo-advogado-do-filho-de-lula\/#primaryimage"},"thumbnailUrl":"https:\/\/brasilnoticias.org\/site\/wp-content\/uploads\/2023\/03\/suspeito-do-pcc-preso-em-plano-contra-sergio-moro-tem-mesmo-advogado-do-filho-de-lula_widelg.jpg","datePublished":"2023-03-25T21:00:03+00:00","breadcrumb":{"@id":"https:\/\/brasilnoticias.org\/site\/suspeito-do-pcc-preso-em-plano-contra-sergio-moro-tem-mesmo-advogado-do-filho-de-lula\/#breadcrumb"},"inLanguage":"pt-PT","potentialAction":[{"@type":"ReadAction","target":["https:\/\/brasilnoticias.org\/site\/suspeito-do-pcc-preso-em-plano-contra-sergio-moro-tem-mesmo-advogado-do-filho-de-lula\/"]}]},{"@type":"ImageObject","inLanguage":"pt-PT","@id":"https:\/\/brasilnoticias.org\/site\/suspeito-do-pcc-preso-em-plano-contra-sergio-moro-tem-mesmo-advogado-do-filho-de-lula\/#primaryimage","url":"https:\/\/brasilnoticias.org\/site\/wp-content\/uploads\/2023\/03\/suspeito-do-pcc-preso-em-plano-contra-sergio-moro-tem-mesmo-advogado-do-filho-de-lula_widelg.jpg","contentUrl":"https:\/\/brasilnoticias.org\/site\/wp-content\/uploads\/2023\/03\/suspeito-do-pcc-preso-em-plano-contra-sergio-moro-tem-mesmo-advogado-do-filho-de-lula_widelg.jpg","width":600,"height":380},{"@type":"BreadcrumbList","@id":"https:\/\/brasilnoticias.org\/site\/suspeito-do-pcc-preso-em-plano-contra-sergio-moro-tem-mesmo-advogado-do-filho-de-lula\/#breadcrumb","itemListElement":[{"@type":"ListItem","position":1,"name":"In\u00edcio","item":"https:\/\/brasilnoticias.org\/site\/"},{"@type":"ListItem","position":2,"name":"Suspeito do PCC preso em plano contra Sergio Moro tem mesmo advogado do filho de Lula"}]},{"@type":"WebSite","@id":"https:\/\/brasilnoticias.org\/site\/#website","url":"https:\/\/brasilnoticias.org\/site\/","name":"Brasil not\u00edcias","description":"Brasil not\u00edcias","publisher":{"@id":"https:\/\/brasilnoticias.org\/site\/#organization"},"potentialAction":[{"@type":"SearchAction","target":{"@type":"EntryPoint","urlTemplate":"https:\/\/brasilnoticias.org\/site\/?s={search_term_string}"},"query-input":{"@type":"PropertyValueSpecification","valueRequired":true,"valueName":"search_term_string"}}],"inLanguage":"pt-PT"},{"@type":"Organization","@id":"https:\/\/brasilnoticias.org\/site\/#organization","name":"Brasil not\u00edcias","url":"https:\/\/brasilnoticias.org\/site\/","logo":{"@type":"ImageObject","inLanguage":"pt-PT","@id":"https:\/\/brasilnoticias.org\/site\/#\/schema\/logo\/image\/","url":"https:\/\/brasilnoticias.org\/site\/wp-content\/uploads\/2022\/05\/cropped-brasilnoticias-mini.jpg","contentUrl":"https:\/\/brasilnoticias.org\/site\/wp-content\/uploads\/2022\/05\/cropped-brasilnoticias-mini.jpg","width":314,"height":86,"caption":"Brasil not\u00edcias"},"image":{"@id":"https:\/\/brasilnoticias.org\/site\/#\/schema\/logo\/image\/"}},{"@type":"Person","@id":"https:\/\/brasilnoticias.org\/site\/#\/schema\/person\/a0e05b973ec4d15c658d51911e53507b","name":"Reda\u00e7\u00e3o","image":{"@type":"ImageObject","inLanguage":"pt-PT","@id":"https:\/\/brasilnoticias.org\/site\/#\/schema\/person\/image\/","url":"https:\/\/secure.gravatar.com\/avatar\/75d8b050df2de108b08ae78dfb8e374892df24a383c67db9c46a9c604f6aee9c?s=96&d=mm&r=g","contentUrl":"https:\/\/secure.gravatar.com\/avatar\/75d8b050df2de108b08ae78dfb8e374892df24a383c67db9c46a9c604f6aee9c?s=96&d=mm&r=g","caption":"Reda\u00e7\u00e3o"},"sameAs":["https:\/\/brasilnoticias.org\/site"],"url":"https:\/\/brasilnoticias.org\/site\/author\/fernandozsngmail-com\/"}]}},"_links":{"self":[{"href":"https:\/\/brasilnoticias.org\/site\/wp-json\/wp\/v2\/posts\/4985","targetHints":{"allow":["GET"]}}],"collection":[{"href":"https:\/\/brasilnoticias.org\/site\/wp-json\/wp\/v2\/posts"}],"about":[{"href":"https:\/\/brasilnoticias.org\/site\/wp-json\/wp\/v2\/types\/post"}],"author":[{"embeddable":true,"href":"https:\/\/brasilnoticias.org\/site\/wp-json\/wp\/v2\/users\/1"}],"replies":[{"embeddable":true,"href":"https:\/\/brasilnoticias.org\/site\/wp-json\/wp\/v2\/comments?post=4985"}],"version-history":[{"count":1,"href":"https:\/\/brasilnoticias.org\/site\/wp-json\/wp\/v2\/posts\/4985\/revisions"}],"predecessor-version":[{"id":4987,"href":"https:\/\/brasilnoticias.org\/site\/wp-json\/wp\/v2\/posts\/4985\/revisions\/4987"}],"wp:featuredmedia":[{"embeddable":true,"href":"https:\/\/brasilnoticias.org\/site\/wp-json\/wp\/v2\/media\/4986"}],"wp:attachment":[{"href":"https:\/\/brasilnoticias.org\/site\/wp-json\/wp\/v2\/media?parent=4985"}],"wp:term":[{"taxonomy":"category","embeddable":true,"href":"https:\/\/brasilnoticias.org\/site\/wp-json\/wp\/v2\/categories?post=4985"},{"taxonomy":"post_tag","embeddable":true,"href":"https:\/\/brasilnoticias.org\/site\/wp-json\/wp\/v2\/tags?post=4985"}],"curies":[{"name":"wp","href":"https:\/\/api.w.org\/{rel}","templated":true}]}}