{"id":4991,"date":"2023-03-25T18:20:25","date_gmt":"2023-03-25T21:20:25","guid":{"rendered":"https:\/\/brasilnoticias.org\/site\/?p=4991"},"modified":"2023-03-25T10:09:55","modified_gmt":"2023-03-25T13:09:55","slug":"aluno-suspeito-de-planejar-ataque-a-escola-e-preso-pela-interpol","status":"publish","type":"post","link":"https:\/\/brasilnoticias.org\/site\/aluno-suspeito-de-planejar-ataque-a-escola-e-preso-pela-interpol\/","title":{"rendered":"Aluno suspeito de planejar ataque a escola \u00e9 preso pela Interpol"},"content":{"rendered":"<p>Um adolescente de 17 anos foi apreendido dentro de uma escola no centro do Rio de Janeiro nesta sexta-feira (24) por planejar um atentado contra alunos e professores. <\/p>\n<p>O plano era baseado no massacre de Columbine, que deixou 13 mortos e 24 feridos nos Estados Unidos em 1999, de acordo com informa\u00e7\u00f5es do portal Uol.<\/p>\n<p>O adolescente publicava informa\u00e7\u00f5es sobre o plano e fazia apologia ao nazismo nas redes sociais, segundo investiga\u00e7\u00f5es da pol\u00edcia. Outro estudante suspeito de participar da a\u00e7\u00e3o tamb\u00e9m foi apreendido em casa, no bairro Realengo, no Rio. <\/p>\n<p>A opera\u00e7\u00e3o ocorreu ap\u00f3s troca de informa\u00e7\u00f5es entre a Pol\u00edcia Civil, a Pol\u00edcia Federal, a Interpol e a Secretaria de Estado de Educa\u00e7\u00e3o.<\/p>\n<p>O ataque estava planejado para o dia 20 de abril deste ano, data que marca os 24 anos do massacre de Columbine, um dos maiores da hist\u00f3ria dos Estados Unidos, onde dois alunos armados invadiram um col\u00e9gio no estado de Colorado. Os assassinos mataram 12 estudantes, um professor e deixaram 24 feridos. Ap\u00f3s o massacre, tiraram a pr\u00f3pria vida.<\/p>\n<p>Foto Divulga\u00e7\u00e3o\/Pol\u00edcia Civil (RJ)<br \/>\n    BNews<\/p>\n","protected":false},"excerpt":{"rendered":"<p>Um adolescente de 17 anos foi apreendido dentro de uma escola no centro do Rio de Janeiro nesta sexta-feira (24)<\/p>\n","protected":false},"author":1,"featured_media":4992,"comment_status":"open","ping_status":"open","sticky":false,"template":"","format":"standard","meta":{"colormag_page_container_layout":"default_layout","colormag_page_sidebar_layout":"default_layout","_FSMCFIC_featured_image_caption":"","_FSMCFIC_featured_image_nocaption":"","_FSMCFIC_featured_image_hide":"","footnotes":""},"categories":[3,1],"tags":[],"class_list":["post-4991","post","type-post","status-publish","format-standard","has-post-thumbnail","hentry","category-policia","category-ultimas"],"yoast_head":"<!-- This site is optimized with the Yoast SEO plugin v27.1.1 - https:\/\/yoast.com\/product\/yoast-seo-wordpress\/ -->\n<title>Aluno suspeito de planejar ataque a escola \u00e9 preso pela Interpol - Brasil not\u00edcias<\/title>\n<meta name=\"robots\" content=\"index, follow, max-snippet:-1, max-image-preview:large, max-video-preview:-1\" \/>\n<link rel=\"canonical\" href=\"https:\/\/brasilnoticias.org\/site\/aluno-suspeito-de-planejar-ataque-a-escola-e-preso-pela-interpol\/\" \/>\n<meta property=\"og:locale\" content=\"pt_PT\" \/>\n<meta property=\"og:type\" content=\"article\" \/>\n<meta property=\"og:title\" content=\"Aluno suspeito de planejar ataque a escola \u00e9 preso pela Interpol - Brasil not\u00edcias\" \/>\n<meta property=\"og:description\" content=\"Um adolescente de 17 anos foi apreendido dentro de uma escola no centro do Rio de Janeiro nesta sexta-feira (24)\" \/>\n<meta property=\"og:url\" content=\"https:\/\/brasilnoticias.org\/site\/aluno-suspeito-de-planejar-ataque-a-escola-e-preso-pela-interpol\/\" \/>\n<meta property=\"og:site_name\" content=\"Brasil not\u00edcias\" \/>\n<meta property=\"article:published_time\" content=\"2023-03-25T21:20:25+00:00\" \/>\n<meta property=\"og:image\" content=\"https:\/\/brasilnoticias.org\/site\/wp-content\/uploads\/2023\/03\/operacao-teve-troca-de-informacoes-entre-policia-civil-policia-federal-interpol-e-secretaria-de-estado-de-educacao-1679661455146_v2_900x506_widelg.jpg\" \/>\n\t<meta property=\"og:image:width\" content=\"800\" \/>\n\t<meta property=\"og:image:height\" content=\"450\" \/>\n\t<meta property=\"og:image:type\" content=\"image\/jpeg\" \/>\n<meta name=\"author\" content=\"Reda\u00e7\u00e3o\" \/>\n<meta name=\"twitter:card\" content=\"summary_large_image\" \/>\n<meta name=\"twitter:label1\" content=\"Escrito por\" \/>\n\t<meta name=\"twitter:data1\" content=\"Reda\u00e7\u00e3o\" \/>\n<script type=\"application\/ld+json\" class=\"yoast-schema-graph\">{\"@context\":\"https:\/\/schema.org\",\"@graph\":[{\"@type\":\"Article\",\"@id\":\"https:\/\/brasilnoticias.org\/site\/aluno-suspeito-de-planejar-ataque-a-escola-e-preso-pela-interpol\/#article\",\"isPartOf\":{\"@id\":\"https:\/\/brasilnoticias.org\/site\/aluno-suspeito-de-planejar-ataque-a-escola-e-preso-pela-interpol\/\"},\"author\":{\"name\":\"Reda\u00e7\u00e3o\",\"@id\":\"https:\/\/brasilnoticias.org\/site\/#\/schema\/person\/a0e05b973ec4d15c658d51911e53507b\"},\"headline\":\"Aluno suspeito de planejar ataque a escola \u00e9 preso pela Interpol\",\"datePublished\":\"2023-03-25T21:20:25+00:00\",\"mainEntityOfPage\":{\"@id\":\"https:\/\/brasilnoticias.org\/site\/aluno-suspeito-de-planejar-ataque-a-escola-e-preso-pela-interpol\/\"},\"wordCount\":198,\"commentCount\":0,\"publisher\":{\"@id\":\"https:\/\/brasilnoticias.org\/site\/#organization\"},\"image\":{\"@id\":\"https:\/\/brasilnoticias.org\/site\/aluno-suspeito-de-planejar-ataque-a-escola-e-preso-pela-interpol\/#primaryimage\"},\"thumbnailUrl\":\"https:\/\/brasilnoticias.org\/site\/wp-content\/uploads\/2023\/03\/operacao-teve-troca-de-informacoes-entre-policia-civil-policia-federal-interpol-e-secretaria-de-estado-de-educacao-1679661455146_v2_900x506_widelg.jpg\",\"articleSection\":[\"Pol\u00edcia\",\"\u00daltimas\"],\"inLanguage\":\"pt-PT\",\"potentialAction\":[{\"@type\":\"CommentAction\",\"name\":\"Comment\",\"target\":[\"https:\/\/brasilnoticias.org\/site\/aluno-suspeito-de-planejar-ataque-a-escola-e-preso-pela-interpol\/#respond\"]}]},{\"@type\":\"WebPage\",\"@id\":\"https:\/\/brasilnoticias.org\/site\/aluno-suspeito-de-planejar-ataque-a-escola-e-preso-pela-interpol\/\",\"url\":\"https:\/\/brasilnoticias.org\/site\/aluno-suspeito-de-planejar-ataque-a-escola-e-preso-pela-interpol\/\",\"name\":\"Aluno suspeito de planejar ataque a escola \u00e9 preso pela Interpol - Brasil not\u00edcias\",\"isPartOf\":{\"@id\":\"https:\/\/brasilnoticias.org\/site\/#website\"},\"primaryImageOfPage\":{\"@id\":\"https:\/\/brasilnoticias.org\/site\/aluno-suspeito-de-planejar-ataque-a-escola-e-preso-pela-interpol\/#primaryimage\"},\"image\":{\"@id\":\"https:\/\/brasilnoticias.org\/site\/aluno-suspeito-de-planejar-ataque-a-escola-e-preso-pela-interpol\/#primaryimage\"},\"thumbnailUrl\":\"https:\/\/brasilnoticias.org\/site\/wp-content\/uploads\/2023\/03\/operacao-teve-troca-de-informacoes-entre-policia-civil-policia-federal-interpol-e-secretaria-de-estado-de-educacao-1679661455146_v2_900x506_widelg.jpg\",\"datePublished\":\"2023-03-25T21:20:25+00:00\",\"breadcrumb\":{\"@id\":\"https:\/\/brasilnoticias.org\/site\/aluno-suspeito-de-planejar-ataque-a-escola-e-preso-pela-interpol\/#breadcrumb\"},\"inLanguage\":\"pt-PT\",\"potentialAction\":[{\"@type\":\"ReadAction\",\"target\":[\"https:\/\/brasilnoticias.org\/site\/aluno-suspeito-de-planejar-ataque-a-escola-e-preso-pela-interpol\/\"]}]},{\"@type\":\"ImageObject\",\"inLanguage\":\"pt-PT\",\"@id\":\"https:\/\/brasilnoticias.org\/site\/aluno-suspeito-de-planejar-ataque-a-escola-e-preso-pela-interpol\/#primaryimage\",\"url\":\"https:\/\/brasilnoticias.org\/site\/wp-content\/uploads\/2023\/03\/operacao-teve-troca-de-informacoes-entre-policia-civil-policia-federal-interpol-e-secretaria-de-estado-de-educacao-1679661455146_v2_900x506_widelg.jpg\",\"contentUrl\":\"https:\/\/brasilnoticias.org\/site\/wp-content\/uploads\/2023\/03\/operacao-teve-troca-de-informacoes-entre-policia-civil-policia-federal-interpol-e-secretaria-de-estado-de-educacao-1679661455146_v2_900x506_widelg.jpg\",\"width\":800,\"height\":450},{\"@type\":\"BreadcrumbList\",\"@id\":\"https:\/\/brasilnoticias.org\/site\/aluno-suspeito-de-planejar-ataque-a-escola-e-preso-pela-interpol\/#breadcrumb\",\"itemListElement\":[{\"@type\":\"ListItem\",\"position\":1,\"name\":\"In\u00edcio\",\"item\":\"https:\/\/brasilnoticias.org\/site\/\"},{\"@type\":\"ListItem\",\"position\":2,\"name\":\"Aluno suspeito de planejar ataque a escola \u00e9 preso pela Interpol\"}]},{\"@type\":\"WebSite\",\"@id\":\"https:\/\/brasilnoticias.org\/site\/#website\",\"url\":\"https:\/\/brasilnoticias.org\/site\/\",\"name\":\"Brasil not\u00edcias\",\"description\":\"Brasil not\u00edcias\",\"publisher\":{\"@id\":\"https:\/\/brasilnoticias.org\/site\/#organization\"},\"potentialAction\":[{\"@type\":\"SearchAction\",\"target\":{\"@type\":\"EntryPoint\",\"urlTemplate\":\"https:\/\/brasilnoticias.org\/site\/?s={search_term_string}\"},\"query-input\":{\"@type\":\"PropertyValueSpecification\",\"valueRequired\":true,\"valueName\":\"search_term_string\"}}],\"inLanguage\":\"pt-PT\"},{\"@type\":\"Organization\",\"@id\":\"https:\/\/brasilnoticias.org\/site\/#organization\",\"name\":\"Brasil not\u00edcias\",\"url\":\"https:\/\/brasilnoticias.org\/site\/\",\"logo\":{\"@type\":\"ImageObject\",\"inLanguage\":\"pt-PT\",\"@id\":\"https:\/\/brasilnoticias.org\/site\/#\/schema\/logo\/image\/\",\"url\":\"https:\/\/brasilnoticias.org\/site\/wp-content\/uploads\/2022\/05\/cropped-brasilnoticias-mini.jpg\",\"contentUrl\":\"https:\/\/brasilnoticias.org\/site\/wp-content\/uploads\/2022\/05\/cropped-brasilnoticias-mini.jpg\",\"width\":314,\"height\":86,\"caption\":\"Brasil not\u00edcias\"},\"image\":{\"@id\":\"https:\/\/brasilnoticias.org\/site\/#\/schema\/logo\/image\/\"}},{\"@type\":\"Person\",\"@id\":\"https:\/\/brasilnoticias.org\/site\/#\/schema\/person\/a0e05b973ec4d15c658d51911e53507b\",\"name\":\"Reda\u00e7\u00e3o\",\"image\":{\"@type\":\"ImageObject\",\"inLanguage\":\"pt-PT\",\"@id\":\"https:\/\/brasilnoticias.org\/site\/#\/schema\/person\/image\/\",\"url\":\"https:\/\/secure.gravatar.com\/avatar\/75d8b050df2de108b08ae78dfb8e374892df24a383c67db9c46a9c604f6aee9c?s=96&d=mm&r=g\",\"contentUrl\":\"https:\/\/secure.gravatar.com\/avatar\/75d8b050df2de108b08ae78dfb8e374892df24a383c67db9c46a9c604f6aee9c?s=96&d=mm&r=g\",\"caption\":\"Reda\u00e7\u00e3o\"},\"sameAs\":[\"https:\/\/brasilnoticias.org\/site\"],\"url\":\"https:\/\/brasilnoticias.org\/site\/author\/fernandozsngmail-com\/\"}]}<\/script>\n<!-- \/ Yoast SEO plugin. -->","yoast_head_json":{"title":"Aluno suspeito de planejar ataque a escola \u00e9 preso pela Interpol - Brasil not\u00edcias","robots":{"index":"index","follow":"follow","max-snippet":"max-snippet:-1","max-image-preview":"max-image-preview:large","max-video-preview":"max-video-preview:-1"},"canonical":"https:\/\/brasilnoticias.org\/site\/aluno-suspeito-de-planejar-ataque-a-escola-e-preso-pela-interpol\/","og_locale":"pt_PT","og_type":"article","og_title":"Aluno suspeito de planejar ataque a escola \u00e9 preso pela Interpol - Brasil not\u00edcias","og_description":"Um adolescente de 17 anos foi apreendido dentro de uma escola no centro do Rio de Janeiro nesta sexta-feira (24)","og_url":"https:\/\/brasilnoticias.org\/site\/aluno-suspeito-de-planejar-ataque-a-escola-e-preso-pela-interpol\/","og_site_name":"Brasil not\u00edcias","article_published_time":"2023-03-25T21:20:25+00:00","og_image":[{"width":800,"height":450,"url":"https:\/\/brasilnoticias.org\/site\/wp-content\/uploads\/2023\/03\/operacao-teve-troca-de-informacoes-entre-policia-civil-policia-federal-interpol-e-secretaria-de-estado-de-educacao-1679661455146_v2_900x506_widelg.jpg","type":"image\/jpeg"}],"author":"Reda\u00e7\u00e3o","twitter_card":"summary_large_image","twitter_misc":{"Escrito por":"Reda\u00e7\u00e3o"},"schema":{"@context":"https:\/\/schema.org","@graph":[{"@type":"Article","@id":"https:\/\/brasilnoticias.org\/site\/aluno-suspeito-de-planejar-ataque-a-escola-e-preso-pela-interpol\/#article","isPartOf":{"@id":"https:\/\/brasilnoticias.org\/site\/aluno-suspeito-de-planejar-ataque-a-escola-e-preso-pela-interpol\/"},"author":{"name":"Reda\u00e7\u00e3o","@id":"https:\/\/brasilnoticias.org\/site\/#\/schema\/person\/a0e05b973ec4d15c658d51911e53507b"},"headline":"Aluno suspeito de planejar ataque a escola \u00e9 preso pela Interpol","datePublished":"2023-03-25T21:20:25+00:00","mainEntityOfPage":{"@id":"https:\/\/brasilnoticias.org\/site\/aluno-suspeito-de-planejar-ataque-a-escola-e-preso-pela-interpol\/"},"wordCount":198,"commentCount":0,"publisher":{"@id":"https:\/\/brasilnoticias.org\/site\/#organization"},"image":{"@id":"https:\/\/brasilnoticias.org\/site\/aluno-suspeito-de-planejar-ataque-a-escola-e-preso-pela-interpol\/#primaryimage"},"thumbnailUrl":"https:\/\/brasilnoticias.org\/site\/wp-content\/uploads\/2023\/03\/operacao-teve-troca-de-informacoes-entre-policia-civil-policia-federal-interpol-e-secretaria-de-estado-de-educacao-1679661455146_v2_900x506_widelg.jpg","articleSection":["Pol\u00edcia","\u00daltimas"],"inLanguage":"pt-PT","potentialAction":[{"@type":"CommentAction","name":"Comment","target":["https:\/\/brasilnoticias.org\/site\/aluno-suspeito-de-planejar-ataque-a-escola-e-preso-pela-interpol\/#respond"]}]},{"@type":"WebPage","@id":"https:\/\/brasilnoticias.org\/site\/aluno-suspeito-de-planejar-ataque-a-escola-e-preso-pela-interpol\/","url":"https:\/\/brasilnoticias.org\/site\/aluno-suspeito-de-planejar-ataque-a-escola-e-preso-pela-interpol\/","name":"Aluno suspeito de planejar ataque a escola \u00e9 preso pela Interpol - Brasil not\u00edcias","isPartOf":{"@id":"https:\/\/brasilnoticias.org\/site\/#website"},"primaryImageOfPage":{"@id":"https:\/\/brasilnoticias.org\/site\/aluno-suspeito-de-planejar-ataque-a-escola-e-preso-pela-interpol\/#primaryimage"},"image":{"@id":"https:\/\/brasilnoticias.org\/site\/aluno-suspeito-de-planejar-ataque-a-escola-e-preso-pela-interpol\/#primaryimage"},"thumbnailUrl":"https:\/\/brasilnoticias.org\/site\/wp-content\/uploads\/2023\/03\/operacao-teve-troca-de-informacoes-entre-policia-civil-policia-federal-interpol-e-secretaria-de-estado-de-educacao-1679661455146_v2_900x506_widelg.jpg","datePublished":"2023-03-25T21:20:25+00:00","breadcrumb":{"@id":"https:\/\/brasilnoticias.org\/site\/aluno-suspeito-de-planejar-ataque-a-escola-e-preso-pela-interpol\/#breadcrumb"},"inLanguage":"pt-PT","potentialAction":[{"@type":"ReadAction","target":["https:\/\/brasilnoticias.org\/site\/aluno-suspeito-de-planejar-ataque-a-escola-e-preso-pela-interpol\/"]}]},{"@type":"ImageObject","inLanguage":"pt-PT","@id":"https:\/\/brasilnoticias.org\/site\/aluno-suspeito-de-planejar-ataque-a-escola-e-preso-pela-interpol\/#primaryimage","url":"https:\/\/brasilnoticias.org\/site\/wp-content\/uploads\/2023\/03\/operacao-teve-troca-de-informacoes-entre-policia-civil-policia-federal-interpol-e-secretaria-de-estado-de-educacao-1679661455146_v2_900x506_widelg.jpg","contentUrl":"https:\/\/brasilnoticias.org\/site\/wp-content\/uploads\/2023\/03\/operacao-teve-troca-de-informacoes-entre-policia-civil-policia-federal-interpol-e-secretaria-de-estado-de-educacao-1679661455146_v2_900x506_widelg.jpg","width":800,"height":450},{"@type":"BreadcrumbList","@id":"https:\/\/brasilnoticias.org\/site\/aluno-suspeito-de-planejar-ataque-a-escola-e-preso-pela-interpol\/#breadcrumb","itemListElement":[{"@type":"ListItem","position":1,"name":"In\u00edcio","item":"https:\/\/brasilnoticias.org\/site\/"},{"@type":"ListItem","position":2,"name":"Aluno suspeito de planejar ataque a escola \u00e9 preso pela Interpol"}]},{"@type":"WebSite","@id":"https:\/\/brasilnoticias.org\/site\/#website","url":"https:\/\/brasilnoticias.org\/site\/","name":"Brasil not\u00edcias","description":"Brasil not\u00edcias","publisher":{"@id":"https:\/\/brasilnoticias.org\/site\/#organization"},"potentialAction":[{"@type":"SearchAction","target":{"@type":"EntryPoint","urlTemplate":"https:\/\/brasilnoticias.org\/site\/?s={search_term_string}"},"query-input":{"@type":"PropertyValueSpecification","valueRequired":true,"valueName":"search_term_string"}}],"inLanguage":"pt-PT"},{"@type":"Organization","@id":"https:\/\/brasilnoticias.org\/site\/#organization","name":"Brasil not\u00edcias","url":"https:\/\/brasilnoticias.org\/site\/","logo":{"@type":"ImageObject","inLanguage":"pt-PT","@id":"https:\/\/brasilnoticias.org\/site\/#\/schema\/logo\/image\/","url":"https:\/\/brasilnoticias.org\/site\/wp-content\/uploads\/2022\/05\/cropped-brasilnoticias-mini.jpg","contentUrl":"https:\/\/brasilnoticias.org\/site\/wp-content\/uploads\/2022\/05\/cropped-brasilnoticias-mini.jpg","width":314,"height":86,"caption":"Brasil not\u00edcias"},"image":{"@id":"https:\/\/brasilnoticias.org\/site\/#\/schema\/logo\/image\/"}},{"@type":"Person","@id":"https:\/\/brasilnoticias.org\/site\/#\/schema\/person\/a0e05b973ec4d15c658d51911e53507b","name":"Reda\u00e7\u00e3o","image":{"@type":"ImageObject","inLanguage":"pt-PT","@id":"https:\/\/brasilnoticias.org\/site\/#\/schema\/person\/image\/","url":"https:\/\/secure.gravatar.com\/avatar\/75d8b050df2de108b08ae78dfb8e374892df24a383c67db9c46a9c604f6aee9c?s=96&d=mm&r=g","contentUrl":"https:\/\/secure.gravatar.com\/avatar\/75d8b050df2de108b08ae78dfb8e374892df24a383c67db9c46a9c604f6aee9c?s=96&d=mm&r=g","caption":"Reda\u00e7\u00e3o"},"sameAs":["https:\/\/brasilnoticias.org\/site"],"url":"https:\/\/brasilnoticias.org\/site\/author\/fernandozsngmail-com\/"}]}},"_links":{"self":[{"href":"https:\/\/brasilnoticias.org\/site\/wp-json\/wp\/v2\/posts\/4991","targetHints":{"allow":["GET"]}}],"collection":[{"href":"https:\/\/brasilnoticias.org\/site\/wp-json\/wp\/v2\/posts"}],"about":[{"href":"https:\/\/brasilnoticias.org\/site\/wp-json\/wp\/v2\/types\/post"}],"author":[{"embeddable":true,"href":"https:\/\/brasilnoticias.org\/site\/wp-json\/wp\/v2\/users\/1"}],"replies":[{"embeddable":true,"href":"https:\/\/brasilnoticias.org\/site\/wp-json\/wp\/v2\/comments?post=4991"}],"version-history":[{"count":1,"href":"https:\/\/brasilnoticias.org\/site\/wp-json\/wp\/v2\/posts\/4991\/revisions"}],"predecessor-version":[{"id":4993,"href":"https:\/\/brasilnoticias.org\/site\/wp-json\/wp\/v2\/posts\/4991\/revisions\/4993"}],"wp:featuredmedia":[{"embeddable":true,"href":"https:\/\/brasilnoticias.org\/site\/wp-json\/wp\/v2\/media\/4992"}],"wp:attachment":[{"href":"https:\/\/brasilnoticias.org\/site\/wp-json\/wp\/v2\/media?parent=4991"}],"wp:term":[{"taxonomy":"category","embeddable":true,"href":"https:\/\/brasilnoticias.org\/site\/wp-json\/wp\/v2\/categories?post=4991"},{"taxonomy":"post_tag","embeddable":true,"href":"https:\/\/brasilnoticias.org\/site\/wp-json\/wp\/v2\/tags?post=4991"}],"curies":[{"name":"wp","href":"https:\/\/api.w.org\/{rel}","templated":true}]}}