{"id":5002,"date":"2023-03-26T07:10:00","date_gmt":"2023-03-26T10:10:00","guid":{"rendered":"https:\/\/brasilnoticias.org\/site\/?p=5002"},"modified":"2023-03-25T21:22:36","modified_gmt":"2023-03-26T00:22:36","slug":"brasil-perde-para-o-marrocos-em-amistoso-internacional","status":"publish","type":"post","link":"https:\/\/brasilnoticias.org\/site\/brasil-perde-para-o-marrocos-em-amistoso-internacional\/","title":{"rendered":"Brasil perde para o Marrocos em amistoso internacional"},"content":{"rendered":"<p>Em seu primeiro amistoso ap\u00f3s a campanha na Copa do Mundo, a Sele\u00e7\u00e3o Brasileira encarou o Marrocos, neste s\u00e1bado, 25, no est\u00e1dio Ibn Batouta, em T\u00e2nger. Os comandados do t\u00e9cnico interino Ramon Menezes foram derrotados por 2 a 1.  Os gols marroquinos foram marcados por Boufal e Sabiri, um em cada tempo. O volante Casemiro fez o gol brasileiro na etapa final.<\/p>\n<p>O jogo<\/p>\n<p>A primeira chance do jogo foi brasileira. Aos 11 minutos, Rony recebe \u00f3timo passe de Paquet\u00e1 na \u00e1rea, domina e chuta na sa\u00edda do goleiro, mas a bola sai por cima do travess\u00e3o. Ap\u00f3s um certo equil\u00edbrio, Marrocos chegou com perigo aos 22. Mazraoui domina na entrada da \u00e1rea e chuta cruzado, rente \u00e0 trave esquerda de Weverton.<\/p>\n<p>Aos 23, quase o gol brasileiro. A defesa de Marrocos se atrapalha na sa\u00edda de bola, o Brasil recupera a posse com quatro jogadores na entrada da \u00e1rea. Ap\u00f3s duas finaliza\u00e7\u00f5es  o goleiro Bounou se recupera e consegue defender em dois tempos o chute de Andrey Santos.<\/p>\n<p>Aos 25 minutos, Vini Jr recebe, toca na sa\u00edda do goleiro Bounou e marca, por\u00e9m o gol foi anulado por impedimento. Aos 28, o Marrocos abriu o placar. Tr\u00eas jogadores cercam Emerson Royal na intermedi\u00e1ria de ataque e roubam a bola. Boufal domina, passa o p\u00e9 em cima da bola e toca para El Khannouss na \u00e1rea. O camisa 23 devolve para Boufal, que domina, gira e chuta de virada no canto direito sem chances para Weverton, levando a torcida marroquina ao del\u00edrio.<\/p>\n<p>Aos 32, cruzamento rasteiro da direita, a defesa brasileira corta de maneira parcial, Ziyech pega a sobra e chuta cruzado \u00e0 direita do gol. Aos 40, Vinicius Junior recebe pelo lado esquerdo e chuta cruzado, por cima do travess\u00e3o.<\/p>\n<p>Segundo tempo<\/p>\n<p>Aos dois minutos, Rodrygo tabela e chuta de primeira pra grande defesa de Bounou. Aos oito, Ounahi chuta forte da entrada da \u00e1rea e Weverton espalma para o lado. Em seguida, Vinicius Junior faz boa jogada pela esquerda e cruza rasteiro, mas Rony n\u00e3o alcan\u00e7a na pequena \u00e1rea.<\/p>\n<p>Aos 21, o Brasil empata. Passe de Lucas Paquet\u00e1 para Casemiro. O capit\u00e3o brasileiro domina e chuta colocado. A bola passa debaixo do goleiro e vai para o fundo das redes.<\/p>\n<p>Aos 33, o Marrocos amplia. A defesa brasileira sai jogando errado. Pelo lado esquerdo, Allah cruza na \u00e1rea, Milit\u00e3o n\u00e3o consegue cortar e a bola sobra limpa para Sabiri na pequena \u00e1rea chutar forte. A bola bate no travess\u00e3o e entra. Aos 38, Vinicius Junior recebe na esquerda, puxa para o meio e toca para Raphael Veiga na \u00e1rea, mas o meia-atacante tem o chute travado pela marca\u00e7\u00e3o.<\/p>\n<p>Marrocos 2&#215;1 Brasil &#8211; Amistoso Internacional<\/p>\n<p>Local: Est\u00e1dio Ibn Batouta, em T\u00e2nger &#8211; Marrocos<\/p>\n<p>Data: 25\/03\/2023 (s\u00e1bado) <\/p>\n<p>Hor\u00e1rio: 19h (De Bras\u00edlia)<\/p>\n<p>\u00c1rbitro: Selmi Sadok (Tun\u00edsia)<\/p>\n<p>Assistentes:  Hassani Khalil e Bakir Mohamed (ambos da Tun\u00edsia)<\/p>\n<p>Cart\u00f5es Amarelos: El Khannouss, Amrabat (MAR) e Rony (BRA)<\/p>\n<p>Gols: Boufal e Sabiri (MAR);  Casemiro (BRA)<\/p>\n<p>Marrocos: Bounou; Hakimi (Allah) Saiss, Aguerd e Mazraoui; Amrabat, Ounahi (Sabiri) e Elkhannouss (Louza); En-Nesyri (Cheddira), Ziyech e Boufal (Ezzalzouli). T\u00e9cnico: Walid Regragui.<\/p>\n<p>Brasil: Weverton; Emerson Royal (Arthur), \u00c9der Militao, Iba\u00f1ez e Alex Telles; Casemiro, Andrey Santos (Raphael Veiga), Lucas Paquet\u00e1 (Yuri Alberto); Rodrygo (V\u00edtor Roque) e Vini Jr; Rony (Antony). T\u00e9cnico: Ramon Menezes.<\/p>\n<p> Foto: Redes Sociais \/ Sele\u00e7\u00e3o do Marrocos<br \/>\nA Tarde<\/p>\n","protected":false},"excerpt":{"rendered":"<p>Em seu primeiro amistoso ap\u00f3s a campanha na Copa do Mundo, a Sele\u00e7\u00e3o Brasileira encarou o Marrocos, neste s\u00e1bado, 25,<\/p>\n","protected":false},"author":1,"featured_media":5003,"comment_status":"open","ping_status":"open","sticky":false,"template":"","format":"standard","meta":{"colormag_page_container_layout":"default_layout","colormag_page_sidebar_layout":"default_layout","_FSMCFIC_featured_image_caption":"","_FSMCFIC_featured_image_nocaption":"","_FSMCFIC_featured_image_hide":"","footnotes":""},"categories":[4,1],"tags":[],"class_list":["post-5002","post","type-post","status-publish","format-standard","has-post-thumbnail","hentry","category-esporte","category-ultimas"],"yoast_head":"<!-- This site is optimized with the Yoast SEO plugin v27.1.1 - https:\/\/yoast.com\/product\/yoast-seo-wordpress\/ -->\n<title>Brasil perde para o Marrocos em amistoso internacional - Brasil not\u00edcias<\/title>\n<meta name=\"robots\" content=\"index, follow, max-snippet:-1, max-image-preview:large, max-video-preview:-1\" \/>\n<link rel=\"canonical\" href=\"https:\/\/brasilnoticias.org\/site\/brasil-perde-para-o-marrocos-em-amistoso-internacional\/\" \/>\n<meta property=\"og:locale\" content=\"pt_PT\" \/>\n<meta property=\"og:type\" content=\"article\" \/>\n<meta property=\"og:title\" content=\"Brasil perde para o Marrocos em amistoso internacional - Brasil not\u00edcias\" \/>\n<meta property=\"og:description\" content=\"Em seu primeiro amistoso ap\u00f3s a campanha na Copa do Mundo, a Sele\u00e7\u00e3o Brasileira encarou o Marrocos, neste s\u00e1bado, 25,\" \/>\n<meta property=\"og:url\" content=\"https:\/\/brasilnoticias.org\/site\/brasil-perde-para-o-marrocos-em-amistoso-internacional\/\" \/>\n<meta property=\"og:site_name\" content=\"Brasil not\u00edcias\" \/>\n<meta property=\"article:published_time\" content=\"2023-03-26T10:10:00+00:00\" \/>\n<meta property=\"og:image\" content=\"https:\/\/brasilnoticias.org\/site\/wp-content\/uploads\/2023\/03\/Artigo-Destaque_01223632_00.jpg\" \/>\n\t<meta property=\"og:image:width\" content=\"480\" \/>\n\t<meta property=\"og:image:height\" content=\"480\" \/>\n\t<meta property=\"og:image:type\" content=\"image\/jpeg\" \/>\n<meta name=\"author\" content=\"Reda\u00e7\u00e3o\" \/>\n<meta name=\"twitter:card\" content=\"summary_large_image\" \/>\n<meta name=\"twitter:label1\" content=\"Escrito por\" \/>\n\t<meta name=\"twitter:data1\" content=\"Reda\u00e7\u00e3o\" \/>\n<script type=\"application\/ld+json\" class=\"yoast-schema-graph\">{\"@context\":\"https:\/\/schema.org\",\"@graph\":[{\"@type\":\"Article\",\"@id\":\"https:\/\/brasilnoticias.org\/site\/brasil-perde-para-o-marrocos-em-amistoso-internacional\/#article\",\"isPartOf\":{\"@id\":\"https:\/\/brasilnoticias.org\/site\/brasil-perde-para-o-marrocos-em-amistoso-internacional\/\"},\"author\":{\"name\":\"Reda\u00e7\u00e3o\",\"@id\":\"https:\/\/brasilnoticias.org\/site\/#\/schema\/person\/a0e05b973ec4d15c658d51911e53507b\"},\"headline\":\"Brasil perde para o Marrocos em amistoso internacional\",\"datePublished\":\"2023-03-26T10:10:00+00:00\",\"mainEntityOfPage\":{\"@id\":\"https:\/\/brasilnoticias.org\/site\/brasil-perde-para-o-marrocos-em-amistoso-internacional\/\"},\"wordCount\":582,\"commentCount\":0,\"publisher\":{\"@id\":\"https:\/\/brasilnoticias.org\/site\/#organization\"},\"image\":{\"@id\":\"https:\/\/brasilnoticias.org\/site\/brasil-perde-para-o-marrocos-em-amistoso-internacional\/#primaryimage\"},\"thumbnailUrl\":\"https:\/\/brasilnoticias.org\/site\/wp-content\/uploads\/2023\/03\/Artigo-Destaque_01223632_00.jpg\",\"articleSection\":[\"Esporte\",\"\u00daltimas\"],\"inLanguage\":\"pt-PT\",\"potentialAction\":[{\"@type\":\"CommentAction\",\"name\":\"Comment\",\"target\":[\"https:\/\/brasilnoticias.org\/site\/brasil-perde-para-o-marrocos-em-amistoso-internacional\/#respond\"]}]},{\"@type\":\"WebPage\",\"@id\":\"https:\/\/brasilnoticias.org\/site\/brasil-perde-para-o-marrocos-em-amistoso-internacional\/\",\"url\":\"https:\/\/brasilnoticias.org\/site\/brasil-perde-para-o-marrocos-em-amistoso-internacional\/\",\"name\":\"Brasil perde para o Marrocos em amistoso internacional - Brasil not\u00edcias\",\"isPartOf\":{\"@id\":\"https:\/\/brasilnoticias.org\/site\/#website\"},\"primaryImageOfPage\":{\"@id\":\"https:\/\/brasilnoticias.org\/site\/brasil-perde-para-o-marrocos-em-amistoso-internacional\/#primaryimage\"},\"image\":{\"@id\":\"https:\/\/brasilnoticias.org\/site\/brasil-perde-para-o-marrocos-em-amistoso-internacional\/#primaryimage\"},\"thumbnailUrl\":\"https:\/\/brasilnoticias.org\/site\/wp-content\/uploads\/2023\/03\/Artigo-Destaque_01223632_00.jpg\",\"datePublished\":\"2023-03-26T10:10:00+00:00\",\"breadcrumb\":{\"@id\":\"https:\/\/brasilnoticias.org\/site\/brasil-perde-para-o-marrocos-em-amistoso-internacional\/#breadcrumb\"},\"inLanguage\":\"pt-PT\",\"potentialAction\":[{\"@type\":\"ReadAction\",\"target\":[\"https:\/\/brasilnoticias.org\/site\/brasil-perde-para-o-marrocos-em-amistoso-internacional\/\"]}]},{\"@type\":\"ImageObject\",\"inLanguage\":\"pt-PT\",\"@id\":\"https:\/\/brasilnoticias.org\/site\/brasil-perde-para-o-marrocos-em-amistoso-internacional\/#primaryimage\",\"url\":\"https:\/\/brasilnoticias.org\/site\/wp-content\/uploads\/2023\/03\/Artigo-Destaque_01223632_00.jpg\",\"contentUrl\":\"https:\/\/brasilnoticias.org\/site\/wp-content\/uploads\/2023\/03\/Artigo-Destaque_01223632_00.jpg\",\"width\":480,\"height\":480},{\"@type\":\"BreadcrumbList\",\"@id\":\"https:\/\/brasilnoticias.org\/site\/brasil-perde-para-o-marrocos-em-amistoso-internacional\/#breadcrumb\",\"itemListElement\":[{\"@type\":\"ListItem\",\"position\":1,\"name\":\"In\u00edcio\",\"item\":\"https:\/\/brasilnoticias.org\/site\/\"},{\"@type\":\"ListItem\",\"position\":2,\"name\":\"Brasil perde para o Marrocos em amistoso internacional\"}]},{\"@type\":\"WebSite\",\"@id\":\"https:\/\/brasilnoticias.org\/site\/#website\",\"url\":\"https:\/\/brasilnoticias.org\/site\/\",\"name\":\"Brasil not\u00edcias\",\"description\":\"Brasil not\u00edcias\",\"publisher\":{\"@id\":\"https:\/\/brasilnoticias.org\/site\/#organization\"},\"potentialAction\":[{\"@type\":\"SearchAction\",\"target\":{\"@type\":\"EntryPoint\",\"urlTemplate\":\"https:\/\/brasilnoticias.org\/site\/?s={search_term_string}\"},\"query-input\":{\"@type\":\"PropertyValueSpecification\",\"valueRequired\":true,\"valueName\":\"search_term_string\"}}],\"inLanguage\":\"pt-PT\"},{\"@type\":\"Organization\",\"@id\":\"https:\/\/brasilnoticias.org\/site\/#organization\",\"name\":\"Brasil not\u00edcias\",\"url\":\"https:\/\/brasilnoticias.org\/site\/\",\"logo\":{\"@type\":\"ImageObject\",\"inLanguage\":\"pt-PT\",\"@id\":\"https:\/\/brasilnoticias.org\/site\/#\/schema\/logo\/image\/\",\"url\":\"https:\/\/brasilnoticias.org\/site\/wp-content\/uploads\/2022\/05\/cropped-brasilnoticias-mini.jpg\",\"contentUrl\":\"https:\/\/brasilnoticias.org\/site\/wp-content\/uploads\/2022\/05\/cropped-brasilnoticias-mini.jpg\",\"width\":314,\"height\":86,\"caption\":\"Brasil not\u00edcias\"},\"image\":{\"@id\":\"https:\/\/brasilnoticias.org\/site\/#\/schema\/logo\/image\/\"}},{\"@type\":\"Person\",\"@id\":\"https:\/\/brasilnoticias.org\/site\/#\/schema\/person\/a0e05b973ec4d15c658d51911e53507b\",\"name\":\"Reda\u00e7\u00e3o\",\"image\":{\"@type\":\"ImageObject\",\"inLanguage\":\"pt-PT\",\"@id\":\"https:\/\/brasilnoticias.org\/site\/#\/schema\/person\/image\/\",\"url\":\"https:\/\/secure.gravatar.com\/avatar\/75d8b050df2de108b08ae78dfb8e374892df24a383c67db9c46a9c604f6aee9c?s=96&d=mm&r=g\",\"contentUrl\":\"https:\/\/secure.gravatar.com\/avatar\/75d8b050df2de108b08ae78dfb8e374892df24a383c67db9c46a9c604f6aee9c?s=96&d=mm&r=g\",\"caption\":\"Reda\u00e7\u00e3o\"},\"sameAs\":[\"https:\/\/brasilnoticias.org\/site\"],\"url\":\"https:\/\/brasilnoticias.org\/site\/author\/fernandozsngmail-com\/\"}]}<\/script>\n<!-- \/ Yoast SEO plugin. -->","yoast_head_json":{"title":"Brasil perde para o Marrocos em amistoso internacional - Brasil not\u00edcias","robots":{"index":"index","follow":"follow","max-snippet":"max-snippet:-1","max-image-preview":"max-image-preview:large","max-video-preview":"max-video-preview:-1"},"canonical":"https:\/\/brasilnoticias.org\/site\/brasil-perde-para-o-marrocos-em-amistoso-internacional\/","og_locale":"pt_PT","og_type":"article","og_title":"Brasil perde para o Marrocos em amistoso internacional - Brasil not\u00edcias","og_description":"Em seu primeiro amistoso ap\u00f3s a campanha na Copa do Mundo, a Sele\u00e7\u00e3o Brasileira encarou o Marrocos, neste s\u00e1bado, 25,","og_url":"https:\/\/brasilnoticias.org\/site\/brasil-perde-para-o-marrocos-em-amistoso-internacional\/","og_site_name":"Brasil not\u00edcias","article_published_time":"2023-03-26T10:10:00+00:00","og_image":[{"width":480,"height":480,"url":"https:\/\/brasilnoticias.org\/site\/wp-content\/uploads\/2023\/03\/Artigo-Destaque_01223632_00.jpg","type":"image\/jpeg"}],"author":"Reda\u00e7\u00e3o","twitter_card":"summary_large_image","twitter_misc":{"Escrito por":"Reda\u00e7\u00e3o"},"schema":{"@context":"https:\/\/schema.org","@graph":[{"@type":"Article","@id":"https:\/\/brasilnoticias.org\/site\/brasil-perde-para-o-marrocos-em-amistoso-internacional\/#article","isPartOf":{"@id":"https:\/\/brasilnoticias.org\/site\/brasil-perde-para-o-marrocos-em-amistoso-internacional\/"},"author":{"name":"Reda\u00e7\u00e3o","@id":"https:\/\/brasilnoticias.org\/site\/#\/schema\/person\/a0e05b973ec4d15c658d51911e53507b"},"headline":"Brasil perde para o Marrocos em amistoso internacional","datePublished":"2023-03-26T10:10:00+00:00","mainEntityOfPage":{"@id":"https:\/\/brasilnoticias.org\/site\/brasil-perde-para-o-marrocos-em-amistoso-internacional\/"},"wordCount":582,"commentCount":0,"publisher":{"@id":"https:\/\/brasilnoticias.org\/site\/#organization"},"image":{"@id":"https:\/\/brasilnoticias.org\/site\/brasil-perde-para-o-marrocos-em-amistoso-internacional\/#primaryimage"},"thumbnailUrl":"https:\/\/brasilnoticias.org\/site\/wp-content\/uploads\/2023\/03\/Artigo-Destaque_01223632_00.jpg","articleSection":["Esporte","\u00daltimas"],"inLanguage":"pt-PT","potentialAction":[{"@type":"CommentAction","name":"Comment","target":["https:\/\/brasilnoticias.org\/site\/brasil-perde-para-o-marrocos-em-amistoso-internacional\/#respond"]}]},{"@type":"WebPage","@id":"https:\/\/brasilnoticias.org\/site\/brasil-perde-para-o-marrocos-em-amistoso-internacional\/","url":"https:\/\/brasilnoticias.org\/site\/brasil-perde-para-o-marrocos-em-amistoso-internacional\/","name":"Brasil perde para o Marrocos em amistoso internacional - Brasil not\u00edcias","isPartOf":{"@id":"https:\/\/brasilnoticias.org\/site\/#website"},"primaryImageOfPage":{"@id":"https:\/\/brasilnoticias.org\/site\/brasil-perde-para-o-marrocos-em-amistoso-internacional\/#primaryimage"},"image":{"@id":"https:\/\/brasilnoticias.org\/site\/brasil-perde-para-o-marrocos-em-amistoso-internacional\/#primaryimage"},"thumbnailUrl":"https:\/\/brasilnoticias.org\/site\/wp-content\/uploads\/2023\/03\/Artigo-Destaque_01223632_00.jpg","datePublished":"2023-03-26T10:10:00+00:00","breadcrumb":{"@id":"https:\/\/brasilnoticias.org\/site\/brasil-perde-para-o-marrocos-em-amistoso-internacional\/#breadcrumb"},"inLanguage":"pt-PT","potentialAction":[{"@type":"ReadAction","target":["https:\/\/brasilnoticias.org\/site\/brasil-perde-para-o-marrocos-em-amistoso-internacional\/"]}]},{"@type":"ImageObject","inLanguage":"pt-PT","@id":"https:\/\/brasilnoticias.org\/site\/brasil-perde-para-o-marrocos-em-amistoso-internacional\/#primaryimage","url":"https:\/\/brasilnoticias.org\/site\/wp-content\/uploads\/2023\/03\/Artigo-Destaque_01223632_00.jpg","contentUrl":"https:\/\/brasilnoticias.org\/site\/wp-content\/uploads\/2023\/03\/Artigo-Destaque_01223632_00.jpg","width":480,"height":480},{"@type":"BreadcrumbList","@id":"https:\/\/brasilnoticias.org\/site\/brasil-perde-para-o-marrocos-em-amistoso-internacional\/#breadcrumb","itemListElement":[{"@type":"ListItem","position":1,"name":"In\u00edcio","item":"https:\/\/brasilnoticias.org\/site\/"},{"@type":"ListItem","position":2,"name":"Brasil perde para o Marrocos em amistoso internacional"}]},{"@type":"WebSite","@id":"https:\/\/brasilnoticias.org\/site\/#website","url":"https:\/\/brasilnoticias.org\/site\/","name":"Brasil not\u00edcias","description":"Brasil not\u00edcias","publisher":{"@id":"https:\/\/brasilnoticias.org\/site\/#organization"},"potentialAction":[{"@type":"SearchAction","target":{"@type":"EntryPoint","urlTemplate":"https:\/\/brasilnoticias.org\/site\/?s={search_term_string}"},"query-input":{"@type":"PropertyValueSpecification","valueRequired":true,"valueName":"search_term_string"}}],"inLanguage":"pt-PT"},{"@type":"Organization","@id":"https:\/\/brasilnoticias.org\/site\/#organization","name":"Brasil not\u00edcias","url":"https:\/\/brasilnoticias.org\/site\/","logo":{"@type":"ImageObject","inLanguage":"pt-PT","@id":"https:\/\/brasilnoticias.org\/site\/#\/schema\/logo\/image\/","url":"https:\/\/brasilnoticias.org\/site\/wp-content\/uploads\/2022\/05\/cropped-brasilnoticias-mini.jpg","contentUrl":"https:\/\/brasilnoticias.org\/site\/wp-content\/uploads\/2022\/05\/cropped-brasilnoticias-mini.jpg","width":314,"height":86,"caption":"Brasil not\u00edcias"},"image":{"@id":"https:\/\/brasilnoticias.org\/site\/#\/schema\/logo\/image\/"}},{"@type":"Person","@id":"https:\/\/brasilnoticias.org\/site\/#\/schema\/person\/a0e05b973ec4d15c658d51911e53507b","name":"Reda\u00e7\u00e3o","image":{"@type":"ImageObject","inLanguage":"pt-PT","@id":"https:\/\/brasilnoticias.org\/site\/#\/schema\/person\/image\/","url":"https:\/\/secure.gravatar.com\/avatar\/75d8b050df2de108b08ae78dfb8e374892df24a383c67db9c46a9c604f6aee9c?s=96&d=mm&r=g","contentUrl":"https:\/\/secure.gravatar.com\/avatar\/75d8b050df2de108b08ae78dfb8e374892df24a383c67db9c46a9c604f6aee9c?s=96&d=mm&r=g","caption":"Reda\u00e7\u00e3o"},"sameAs":["https:\/\/brasilnoticias.org\/site"],"url":"https:\/\/brasilnoticias.org\/site\/author\/fernandozsngmail-com\/"}]}},"_links":{"self":[{"href":"https:\/\/brasilnoticias.org\/site\/wp-json\/wp\/v2\/posts\/5002","targetHints":{"allow":["GET"]}}],"collection":[{"href":"https:\/\/brasilnoticias.org\/site\/wp-json\/wp\/v2\/posts"}],"about":[{"href":"https:\/\/brasilnoticias.org\/site\/wp-json\/wp\/v2\/types\/post"}],"author":[{"embeddable":true,"href":"https:\/\/brasilnoticias.org\/site\/wp-json\/wp\/v2\/users\/1"}],"replies":[{"embeddable":true,"href":"https:\/\/brasilnoticias.org\/site\/wp-json\/wp\/v2\/comments?post=5002"}],"version-history":[{"count":1,"href":"https:\/\/brasilnoticias.org\/site\/wp-json\/wp\/v2\/posts\/5002\/revisions"}],"predecessor-version":[{"id":5004,"href":"https:\/\/brasilnoticias.org\/site\/wp-json\/wp\/v2\/posts\/5002\/revisions\/5004"}],"wp:featuredmedia":[{"embeddable":true,"href":"https:\/\/brasilnoticias.org\/site\/wp-json\/wp\/v2\/media\/5003"}],"wp:attachment":[{"href":"https:\/\/brasilnoticias.org\/site\/wp-json\/wp\/v2\/media?parent=5002"}],"wp:term":[{"taxonomy":"category","embeddable":true,"href":"https:\/\/brasilnoticias.org\/site\/wp-json\/wp\/v2\/categories?post=5002"},{"taxonomy":"post_tag","embeddable":true,"href":"https:\/\/brasilnoticias.org\/site\/wp-json\/wp\/v2\/tags?post=5002"}],"curies":[{"name":"wp","href":"https:\/\/api.w.org\/{rel}","templated":true}]}}