{"id":5005,"date":"2023-03-26T07:10:45","date_gmt":"2023-03-26T10:10:45","guid":{"rendered":"https:\/\/brasilnoticias.org\/site\/?p=5005"},"modified":"2023-03-25T21:32:54","modified_gmt":"2023-03-26T00:32:54","slug":"fortaleza-goleia-e-e-o-primeiro-semifinalista-da-copa-do-nordeste","status":"publish","type":"post","link":"https:\/\/brasilnoticias.org\/site\/fortaleza-goleia-e-e-o-primeiro-semifinalista-da-copa-do-nordeste\/","title":{"rendered":"Fortaleza goleia e \u00e9 o primeiro semifinalista da Copa do Nordeste"},"content":{"rendered":"<p>Avassalador, o Fortaleza derrotou o Ferrovi\u00e1rio por de 4 a 0, na tarde deste s\u00e1bado, 25, na Arena Castel\u00e3o, em partida v\u00e1lida pelas quartas de final da Copa do Nordeste. O Le\u00e3o do Pici praticamente definiu sua vaga na semifinal logo no primeiro tempo.<\/p>\n<p>Na etapa inicial, Juan Mart\u00edn Lucero fez dois e Calebe encaminhou a classifica\u00e7\u00e3o. Na etapa final, o atacante Thiago Galhardo definiu o marcador e garantiu o Tricolor como primeiro time classificado para a semifinal da Lampions League.<\/p>\n<p>O Fortaleza fica no aguardo do confronto entre Cear\u00e1 e Sergipe para saber quem ser\u00e1 o seu advers\u00e1rio na pr\u00f3xima fase do Nordest\u00e3o. O duelo entre cearenses e sergipanos ser\u00e1 realizado na Arena Castel\u00e3o, neste domingo, 26, \u00e0s 18h.<\/p>\n<p>Quartas de final da Copa do Nordeste:<\/p>\n<p>Fortaleza 4&#215;0 Ferrovi\u00e1rio &#8211; 25\/03 (s\u00e1bado) Arena Castel\u00e3o, em Fortaleza<\/p>\n<p>ABC-RN x N\u00e1utico &#8211; 26\/03 (domingo) Est\u00e1dio Frasqueir\u00e3o, em Natal, \u00e0s 15h30<\/p>\n<p>Cear\u00e1 x Sergipe &#8211;  26\/03 (domingo) Arena Castel\u00e3o, em Fortaleza, \u00e0s 18h;<\/p>\n<p>Sport x CRB Cear\u00e1 x Sergipe &#8211; 26\/03 (domingo) Ilha do Retiro Recife, \u00e0s 18h;  <\/p>\n<p> Foto: Divulga\u00e7\u00e3o | Fortaleza EC<br \/>\nA Tarde<\/p>\n","protected":false},"excerpt":{"rendered":"<p>Avassalador, o Fortaleza derrotou o Ferrovi\u00e1rio por de 4 a 0, na tarde deste s\u00e1bado, 25, na Arena Castel\u00e3o, em<\/p>\n","protected":false},"author":1,"featured_media":5006,"comment_status":"open","ping_status":"open","sticky":false,"template":"","format":"standard","meta":{"colormag_page_container_layout":"default_layout","colormag_page_sidebar_layout":"default_layout","_FSMCFIC_featured_image_caption":"","_FSMCFIC_featured_image_nocaption":"","_FSMCFIC_featured_image_hide":"","footnotes":""},"categories":[4,1],"tags":[],"class_list":["post-5005","post","type-post","status-publish","format-standard","has-post-thumbnail","hentry","category-esporte","category-ultimas"],"yoast_head":"<!-- This site is optimized with the Yoast SEO plugin v27.1.1 - https:\/\/yoast.com\/product\/yoast-seo-wordpress\/ -->\n<title>Fortaleza goleia e \u00e9 o primeiro semifinalista da Copa do Nordeste - Brasil not\u00edcias<\/title>\n<meta name=\"robots\" content=\"index, follow, max-snippet:-1, max-image-preview:large, max-video-preview:-1\" \/>\n<link rel=\"canonical\" href=\"https:\/\/brasilnoticias.org\/site\/fortaleza-goleia-e-e-o-primeiro-semifinalista-da-copa-do-nordeste\/\" \/>\n<meta property=\"og:locale\" content=\"pt_PT\" \/>\n<meta property=\"og:type\" content=\"article\" \/>\n<meta property=\"og:title\" content=\"Fortaleza goleia e \u00e9 o primeiro semifinalista da Copa do Nordeste - Brasil not\u00edcias\" \/>\n<meta property=\"og:description\" content=\"Avassalador, o Fortaleza derrotou o Ferrovi\u00e1rio por de 4 a 0, na tarde deste s\u00e1bado, 25, na Arena Castel\u00e3o, em\" \/>\n<meta property=\"og:url\" content=\"https:\/\/brasilnoticias.org\/site\/fortaleza-goleia-e-e-o-primeiro-semifinalista-da-copa-do-nordeste\/\" \/>\n<meta property=\"og:site_name\" content=\"Brasil not\u00edcias\" \/>\n<meta property=\"article:published_time\" content=\"2023-03-26T10:10:45+00:00\" \/>\n<meta property=\"og:image\" content=\"https:\/\/brasilnoticias.org\/site\/wp-content\/uploads\/2023\/03\/Artigo-Destaque_01223623_00.jpg\" \/>\n\t<meta property=\"og:image:width\" content=\"1796\" \/>\n\t<meta property=\"og:image:height\" content=\"1197\" \/>\n\t<meta property=\"og:image:type\" content=\"image\/jpeg\" \/>\n<meta name=\"author\" content=\"Reda\u00e7\u00e3o\" \/>\n<meta name=\"twitter:card\" content=\"summary_large_image\" \/>\n<meta name=\"twitter:label1\" content=\"Escrito por\" \/>\n\t<meta name=\"twitter:data1\" content=\"Reda\u00e7\u00e3o\" \/>\n<script type=\"application\/ld+json\" class=\"yoast-schema-graph\">{\"@context\":\"https:\/\/schema.org\",\"@graph\":[{\"@type\":\"Article\",\"@id\":\"https:\/\/brasilnoticias.org\/site\/fortaleza-goleia-e-e-o-primeiro-semifinalista-da-copa-do-nordeste\/#article\",\"isPartOf\":{\"@id\":\"https:\/\/brasilnoticias.org\/site\/fortaleza-goleia-e-e-o-primeiro-semifinalista-da-copa-do-nordeste\/\"},\"author\":{\"name\":\"Reda\u00e7\u00e3o\",\"@id\":\"https:\/\/brasilnoticias.org\/site\/#\/schema\/person\/a0e05b973ec4d15c658d51911e53507b\"},\"headline\":\"Fortaleza goleia e \u00e9 o primeiro semifinalista da Copa do Nordeste\",\"datePublished\":\"2023-03-26T10:10:45+00:00\",\"mainEntityOfPage\":{\"@id\":\"https:\/\/brasilnoticias.org\/site\/fortaleza-goleia-e-e-o-primeiro-semifinalista-da-copa-do-nordeste\/\"},\"wordCount\":203,\"commentCount\":0,\"publisher\":{\"@id\":\"https:\/\/brasilnoticias.org\/site\/#organization\"},\"image\":{\"@id\":\"https:\/\/brasilnoticias.org\/site\/fortaleza-goleia-e-e-o-primeiro-semifinalista-da-copa-do-nordeste\/#primaryimage\"},\"thumbnailUrl\":\"https:\/\/brasilnoticias.org\/site\/wp-content\/uploads\/2023\/03\/Artigo-Destaque_01223623_00.jpg\",\"articleSection\":[\"Esporte\",\"\u00daltimas\"],\"inLanguage\":\"pt-PT\",\"potentialAction\":[{\"@type\":\"CommentAction\",\"name\":\"Comment\",\"target\":[\"https:\/\/brasilnoticias.org\/site\/fortaleza-goleia-e-e-o-primeiro-semifinalista-da-copa-do-nordeste\/#respond\"]}]},{\"@type\":\"WebPage\",\"@id\":\"https:\/\/brasilnoticias.org\/site\/fortaleza-goleia-e-e-o-primeiro-semifinalista-da-copa-do-nordeste\/\",\"url\":\"https:\/\/brasilnoticias.org\/site\/fortaleza-goleia-e-e-o-primeiro-semifinalista-da-copa-do-nordeste\/\",\"name\":\"Fortaleza goleia e \u00e9 o primeiro semifinalista da Copa do Nordeste - Brasil not\u00edcias\",\"isPartOf\":{\"@id\":\"https:\/\/brasilnoticias.org\/site\/#website\"},\"primaryImageOfPage\":{\"@id\":\"https:\/\/brasilnoticias.org\/site\/fortaleza-goleia-e-e-o-primeiro-semifinalista-da-copa-do-nordeste\/#primaryimage\"},\"image\":{\"@id\":\"https:\/\/brasilnoticias.org\/site\/fortaleza-goleia-e-e-o-primeiro-semifinalista-da-copa-do-nordeste\/#primaryimage\"},\"thumbnailUrl\":\"https:\/\/brasilnoticias.org\/site\/wp-content\/uploads\/2023\/03\/Artigo-Destaque_01223623_00.jpg\",\"datePublished\":\"2023-03-26T10:10:45+00:00\",\"breadcrumb\":{\"@id\":\"https:\/\/brasilnoticias.org\/site\/fortaleza-goleia-e-e-o-primeiro-semifinalista-da-copa-do-nordeste\/#breadcrumb\"},\"inLanguage\":\"pt-PT\",\"potentialAction\":[{\"@type\":\"ReadAction\",\"target\":[\"https:\/\/brasilnoticias.org\/site\/fortaleza-goleia-e-e-o-primeiro-semifinalista-da-copa-do-nordeste\/\"]}]},{\"@type\":\"ImageObject\",\"inLanguage\":\"pt-PT\",\"@id\":\"https:\/\/brasilnoticias.org\/site\/fortaleza-goleia-e-e-o-primeiro-semifinalista-da-copa-do-nordeste\/#primaryimage\",\"url\":\"https:\/\/brasilnoticias.org\/site\/wp-content\/uploads\/2023\/03\/Artigo-Destaque_01223623_00.jpg\",\"contentUrl\":\"https:\/\/brasilnoticias.org\/site\/wp-content\/uploads\/2023\/03\/Artigo-Destaque_01223623_00.jpg\",\"width\":1796,\"height\":1197},{\"@type\":\"BreadcrumbList\",\"@id\":\"https:\/\/brasilnoticias.org\/site\/fortaleza-goleia-e-e-o-primeiro-semifinalista-da-copa-do-nordeste\/#breadcrumb\",\"itemListElement\":[{\"@type\":\"ListItem\",\"position\":1,\"name\":\"In\u00edcio\",\"item\":\"https:\/\/brasilnoticias.org\/site\/\"},{\"@type\":\"ListItem\",\"position\":2,\"name\":\"Fortaleza goleia e \u00e9 o primeiro semifinalista da Copa do Nordeste\"}]},{\"@type\":\"WebSite\",\"@id\":\"https:\/\/brasilnoticias.org\/site\/#website\",\"url\":\"https:\/\/brasilnoticias.org\/site\/\",\"name\":\"Brasil not\u00edcias\",\"description\":\"Brasil not\u00edcias\",\"publisher\":{\"@id\":\"https:\/\/brasilnoticias.org\/site\/#organization\"},\"potentialAction\":[{\"@type\":\"SearchAction\",\"target\":{\"@type\":\"EntryPoint\",\"urlTemplate\":\"https:\/\/brasilnoticias.org\/site\/?s={search_term_string}\"},\"query-input\":{\"@type\":\"PropertyValueSpecification\",\"valueRequired\":true,\"valueName\":\"search_term_string\"}}],\"inLanguage\":\"pt-PT\"},{\"@type\":\"Organization\",\"@id\":\"https:\/\/brasilnoticias.org\/site\/#organization\",\"name\":\"Brasil not\u00edcias\",\"url\":\"https:\/\/brasilnoticias.org\/site\/\",\"logo\":{\"@type\":\"ImageObject\",\"inLanguage\":\"pt-PT\",\"@id\":\"https:\/\/brasilnoticias.org\/site\/#\/schema\/logo\/image\/\",\"url\":\"https:\/\/brasilnoticias.org\/site\/wp-content\/uploads\/2022\/05\/cropped-brasilnoticias-mini.jpg\",\"contentUrl\":\"https:\/\/brasilnoticias.org\/site\/wp-content\/uploads\/2022\/05\/cropped-brasilnoticias-mini.jpg\",\"width\":314,\"height\":86,\"caption\":\"Brasil not\u00edcias\"},\"image\":{\"@id\":\"https:\/\/brasilnoticias.org\/site\/#\/schema\/logo\/image\/\"}},{\"@type\":\"Person\",\"@id\":\"https:\/\/brasilnoticias.org\/site\/#\/schema\/person\/a0e05b973ec4d15c658d51911e53507b\",\"name\":\"Reda\u00e7\u00e3o\",\"image\":{\"@type\":\"ImageObject\",\"inLanguage\":\"pt-PT\",\"@id\":\"https:\/\/brasilnoticias.org\/site\/#\/schema\/person\/image\/\",\"url\":\"https:\/\/secure.gravatar.com\/avatar\/75d8b050df2de108b08ae78dfb8e374892df24a383c67db9c46a9c604f6aee9c?s=96&d=mm&r=g\",\"contentUrl\":\"https:\/\/secure.gravatar.com\/avatar\/75d8b050df2de108b08ae78dfb8e374892df24a383c67db9c46a9c604f6aee9c?s=96&d=mm&r=g\",\"caption\":\"Reda\u00e7\u00e3o\"},\"sameAs\":[\"https:\/\/brasilnoticias.org\/site\"],\"url\":\"https:\/\/brasilnoticias.org\/site\/author\/fernandozsngmail-com\/\"}]}<\/script>\n<!-- \/ Yoast SEO plugin. -->","yoast_head_json":{"title":"Fortaleza goleia e \u00e9 o primeiro semifinalista da Copa do Nordeste - Brasil not\u00edcias","robots":{"index":"index","follow":"follow","max-snippet":"max-snippet:-1","max-image-preview":"max-image-preview:large","max-video-preview":"max-video-preview:-1"},"canonical":"https:\/\/brasilnoticias.org\/site\/fortaleza-goleia-e-e-o-primeiro-semifinalista-da-copa-do-nordeste\/","og_locale":"pt_PT","og_type":"article","og_title":"Fortaleza goleia e \u00e9 o primeiro semifinalista da Copa do Nordeste - Brasil not\u00edcias","og_description":"Avassalador, o Fortaleza derrotou o Ferrovi\u00e1rio por de 4 a 0, na tarde deste s\u00e1bado, 25, na Arena Castel\u00e3o, em","og_url":"https:\/\/brasilnoticias.org\/site\/fortaleza-goleia-e-e-o-primeiro-semifinalista-da-copa-do-nordeste\/","og_site_name":"Brasil not\u00edcias","article_published_time":"2023-03-26T10:10:45+00:00","og_image":[{"width":1796,"height":1197,"url":"https:\/\/brasilnoticias.org\/site\/wp-content\/uploads\/2023\/03\/Artigo-Destaque_01223623_00.jpg","type":"image\/jpeg"}],"author":"Reda\u00e7\u00e3o","twitter_card":"summary_large_image","twitter_misc":{"Escrito por":"Reda\u00e7\u00e3o"},"schema":{"@context":"https:\/\/schema.org","@graph":[{"@type":"Article","@id":"https:\/\/brasilnoticias.org\/site\/fortaleza-goleia-e-e-o-primeiro-semifinalista-da-copa-do-nordeste\/#article","isPartOf":{"@id":"https:\/\/brasilnoticias.org\/site\/fortaleza-goleia-e-e-o-primeiro-semifinalista-da-copa-do-nordeste\/"},"author":{"name":"Reda\u00e7\u00e3o","@id":"https:\/\/brasilnoticias.org\/site\/#\/schema\/person\/a0e05b973ec4d15c658d51911e53507b"},"headline":"Fortaleza goleia e \u00e9 o primeiro semifinalista da Copa do Nordeste","datePublished":"2023-03-26T10:10:45+00:00","mainEntityOfPage":{"@id":"https:\/\/brasilnoticias.org\/site\/fortaleza-goleia-e-e-o-primeiro-semifinalista-da-copa-do-nordeste\/"},"wordCount":203,"commentCount":0,"publisher":{"@id":"https:\/\/brasilnoticias.org\/site\/#organization"},"image":{"@id":"https:\/\/brasilnoticias.org\/site\/fortaleza-goleia-e-e-o-primeiro-semifinalista-da-copa-do-nordeste\/#primaryimage"},"thumbnailUrl":"https:\/\/brasilnoticias.org\/site\/wp-content\/uploads\/2023\/03\/Artigo-Destaque_01223623_00.jpg","articleSection":["Esporte","\u00daltimas"],"inLanguage":"pt-PT","potentialAction":[{"@type":"CommentAction","name":"Comment","target":["https:\/\/brasilnoticias.org\/site\/fortaleza-goleia-e-e-o-primeiro-semifinalista-da-copa-do-nordeste\/#respond"]}]},{"@type":"WebPage","@id":"https:\/\/brasilnoticias.org\/site\/fortaleza-goleia-e-e-o-primeiro-semifinalista-da-copa-do-nordeste\/","url":"https:\/\/brasilnoticias.org\/site\/fortaleza-goleia-e-e-o-primeiro-semifinalista-da-copa-do-nordeste\/","name":"Fortaleza goleia e \u00e9 o primeiro semifinalista da Copa do Nordeste - Brasil not\u00edcias","isPartOf":{"@id":"https:\/\/brasilnoticias.org\/site\/#website"},"primaryImageOfPage":{"@id":"https:\/\/brasilnoticias.org\/site\/fortaleza-goleia-e-e-o-primeiro-semifinalista-da-copa-do-nordeste\/#primaryimage"},"image":{"@id":"https:\/\/brasilnoticias.org\/site\/fortaleza-goleia-e-e-o-primeiro-semifinalista-da-copa-do-nordeste\/#primaryimage"},"thumbnailUrl":"https:\/\/brasilnoticias.org\/site\/wp-content\/uploads\/2023\/03\/Artigo-Destaque_01223623_00.jpg","datePublished":"2023-03-26T10:10:45+00:00","breadcrumb":{"@id":"https:\/\/brasilnoticias.org\/site\/fortaleza-goleia-e-e-o-primeiro-semifinalista-da-copa-do-nordeste\/#breadcrumb"},"inLanguage":"pt-PT","potentialAction":[{"@type":"ReadAction","target":["https:\/\/brasilnoticias.org\/site\/fortaleza-goleia-e-e-o-primeiro-semifinalista-da-copa-do-nordeste\/"]}]},{"@type":"ImageObject","inLanguage":"pt-PT","@id":"https:\/\/brasilnoticias.org\/site\/fortaleza-goleia-e-e-o-primeiro-semifinalista-da-copa-do-nordeste\/#primaryimage","url":"https:\/\/brasilnoticias.org\/site\/wp-content\/uploads\/2023\/03\/Artigo-Destaque_01223623_00.jpg","contentUrl":"https:\/\/brasilnoticias.org\/site\/wp-content\/uploads\/2023\/03\/Artigo-Destaque_01223623_00.jpg","width":1796,"height":1197},{"@type":"BreadcrumbList","@id":"https:\/\/brasilnoticias.org\/site\/fortaleza-goleia-e-e-o-primeiro-semifinalista-da-copa-do-nordeste\/#breadcrumb","itemListElement":[{"@type":"ListItem","position":1,"name":"In\u00edcio","item":"https:\/\/brasilnoticias.org\/site\/"},{"@type":"ListItem","position":2,"name":"Fortaleza goleia e \u00e9 o primeiro semifinalista da Copa do Nordeste"}]},{"@type":"WebSite","@id":"https:\/\/brasilnoticias.org\/site\/#website","url":"https:\/\/brasilnoticias.org\/site\/","name":"Brasil not\u00edcias","description":"Brasil not\u00edcias","publisher":{"@id":"https:\/\/brasilnoticias.org\/site\/#organization"},"potentialAction":[{"@type":"SearchAction","target":{"@type":"EntryPoint","urlTemplate":"https:\/\/brasilnoticias.org\/site\/?s={search_term_string}"},"query-input":{"@type":"PropertyValueSpecification","valueRequired":true,"valueName":"search_term_string"}}],"inLanguage":"pt-PT"},{"@type":"Organization","@id":"https:\/\/brasilnoticias.org\/site\/#organization","name":"Brasil not\u00edcias","url":"https:\/\/brasilnoticias.org\/site\/","logo":{"@type":"ImageObject","inLanguage":"pt-PT","@id":"https:\/\/brasilnoticias.org\/site\/#\/schema\/logo\/image\/","url":"https:\/\/brasilnoticias.org\/site\/wp-content\/uploads\/2022\/05\/cropped-brasilnoticias-mini.jpg","contentUrl":"https:\/\/brasilnoticias.org\/site\/wp-content\/uploads\/2022\/05\/cropped-brasilnoticias-mini.jpg","width":314,"height":86,"caption":"Brasil not\u00edcias"},"image":{"@id":"https:\/\/brasilnoticias.org\/site\/#\/schema\/logo\/image\/"}},{"@type":"Person","@id":"https:\/\/brasilnoticias.org\/site\/#\/schema\/person\/a0e05b973ec4d15c658d51911e53507b","name":"Reda\u00e7\u00e3o","image":{"@type":"ImageObject","inLanguage":"pt-PT","@id":"https:\/\/brasilnoticias.org\/site\/#\/schema\/person\/image\/","url":"https:\/\/secure.gravatar.com\/avatar\/75d8b050df2de108b08ae78dfb8e374892df24a383c67db9c46a9c604f6aee9c?s=96&d=mm&r=g","contentUrl":"https:\/\/secure.gravatar.com\/avatar\/75d8b050df2de108b08ae78dfb8e374892df24a383c67db9c46a9c604f6aee9c?s=96&d=mm&r=g","caption":"Reda\u00e7\u00e3o"},"sameAs":["https:\/\/brasilnoticias.org\/site"],"url":"https:\/\/brasilnoticias.org\/site\/author\/fernandozsngmail-com\/"}]}},"_links":{"self":[{"href":"https:\/\/brasilnoticias.org\/site\/wp-json\/wp\/v2\/posts\/5005","targetHints":{"allow":["GET"]}}],"collection":[{"href":"https:\/\/brasilnoticias.org\/site\/wp-json\/wp\/v2\/posts"}],"about":[{"href":"https:\/\/brasilnoticias.org\/site\/wp-json\/wp\/v2\/types\/post"}],"author":[{"embeddable":true,"href":"https:\/\/brasilnoticias.org\/site\/wp-json\/wp\/v2\/users\/1"}],"replies":[{"embeddable":true,"href":"https:\/\/brasilnoticias.org\/site\/wp-json\/wp\/v2\/comments?post=5005"}],"version-history":[{"count":1,"href":"https:\/\/brasilnoticias.org\/site\/wp-json\/wp\/v2\/posts\/5005\/revisions"}],"predecessor-version":[{"id":5007,"href":"https:\/\/brasilnoticias.org\/site\/wp-json\/wp\/v2\/posts\/5005\/revisions\/5007"}],"wp:featuredmedia":[{"embeddable":true,"href":"https:\/\/brasilnoticias.org\/site\/wp-json\/wp\/v2\/media\/5006"}],"wp:attachment":[{"href":"https:\/\/brasilnoticias.org\/site\/wp-json\/wp\/v2\/media?parent=5005"}],"wp:term":[{"taxonomy":"category","embeddable":true,"href":"https:\/\/brasilnoticias.org\/site\/wp-json\/wp\/v2\/categories?post=5005"},{"taxonomy":"post_tag","embeddable":true,"href":"https:\/\/brasilnoticias.org\/site\/wp-json\/wp\/v2\/tags?post=5005"}],"curies":[{"name":"wp","href":"https:\/\/api.w.org\/{rel}","templated":true}]}}