{"id":5026,"date":"2023-03-27T07:38:37","date_gmt":"2023-03-27T10:38:37","guid":{"rendered":"https:\/\/brasilnoticias.org\/site\/?p=5026"},"modified":"2023-03-27T07:38:37","modified_gmt":"2023-03-27T10:38:37","slug":"suspeito-de-atirar-contra-filho-do-presidente-do-tj-pi-e-preso","status":"publish","type":"post","link":"https:\/\/brasilnoticias.org\/site\/suspeito-de-atirar-contra-filho-do-presidente-do-tj-pi-e-preso\/","title":{"rendered":"Suspeito de atirar contra filho do presidente do TJ-PI \u00e9 preso"},"content":{"rendered":"<p>A pol\u00edcia prendeu na noite do \u00faltimo s\u00e1bado (25), Francisco Jefferson da Silva Cruz, conhecido como Anjo da Morte, em Parna\u00edba, litoral do Piau\u00ed. Ele \u00e9 suspeito de atirado no advogado Andr\u00e9 de Almeida Sousa, filho do presidente do Tribunal de Justi\u00e7a do Piau\u00ed, o desembargador Hilo de Almeida Sousa.<\/p>\n<p>Al\u00e9m do suspeito, a pol\u00edcia tamb\u00e9m cumpriu um mandado de pris\u00e3o preventiva contra a esposa dele, Suzana do Nascimento Gomes. Com o casal foram apreendidos uma arma, que teria sido usada no crime contra o advogado, um ve\u00edculo com registro de roubo e furto e aparelhos celulares.<\/p>\n<p>O crime ocorreu na \u00faltima quarta-feira (22). De acordo com a Pol\u00edcia Militar, Andr\u00e9 de Almeida Sousa estava discutindo com outro homem em um bar. Em dado momento, o suspeito sacou um rev\u00f3lver e disparou contra o advogado. Em seguida, ele fugiu.<\/p>\n<p>Andr\u00e9 foi atingido na cabe\u00e7a. Ele foi levado em estado grave no Hospital Estadual Dirceu Arcoverde (HEDA) e foi transferido para o Hospital Universit\u00e1rio da UFPI, em Teresina, ainda na manh\u00e3 de quarta (22).<\/p>\n<p>O advogado precisou passar por cirurgia e apresenta evolu\u00e7\u00e3o cl\u00ednica.<\/p>\n<p>Foto Divulga\u00e7\u00e3o\/SSP-PI<\/p>\n<p>BNews<\/p>\n","protected":false},"excerpt":{"rendered":"<p>A pol\u00edcia prendeu na noite do \u00faltimo s\u00e1bado (25), Francisco Jefferson da Silva Cruz, conhecido como Anjo da Morte, em<\/p>\n","protected":false},"author":1,"featured_media":5027,"comment_status":"open","ping_status":"open","sticky":false,"template":"","format":"standard","meta":{"colormag_page_container_layout":"default_layout","colormag_page_sidebar_layout":"default_layout","_FSMCFIC_featured_image_caption":"","_FSMCFIC_featured_image_nocaption":"","_FSMCFIC_featured_image_hide":"","footnotes":""},"categories":[3,1],"tags":[],"class_list":["post-5026","post","type-post","status-publish","format-standard","has-post-thumbnail","hentry","category-policia","category-ultimas"],"yoast_head":"<!-- This site is optimized with the Yoast SEO plugin v27.1.1 - https:\/\/yoast.com\/product\/yoast-seo-wordpress\/ -->\n<title>Suspeito de atirar contra filho do presidente do TJ-PI \u00e9 preso - Brasil not\u00edcias<\/title>\n<meta name=\"robots\" content=\"index, follow, max-snippet:-1, max-image-preview:large, max-video-preview:-1\" \/>\n<link rel=\"canonical\" href=\"https:\/\/brasilnoticias.org\/site\/suspeito-de-atirar-contra-filho-do-presidente-do-tj-pi-e-preso\/\" \/>\n<meta property=\"og:locale\" content=\"pt_PT\" \/>\n<meta property=\"og:type\" content=\"article\" \/>\n<meta property=\"og:title\" content=\"Suspeito de atirar contra filho do presidente do TJ-PI \u00e9 preso - Brasil not\u00edcias\" \/>\n<meta property=\"og:description\" content=\"A pol\u00edcia prendeu na noite do \u00faltimo s\u00e1bado (25), Francisco Jefferson da Silva Cruz, conhecido como Anjo da Morte, em\" \/>\n<meta property=\"og:url\" content=\"https:\/\/brasilnoticias.org\/site\/suspeito-de-atirar-contra-filho-do-presidente-do-tj-pi-e-preso\/\" \/>\n<meta property=\"og:site_name\" content=\"Brasil not\u00edcias\" \/>\n<meta property=\"article:published_time\" content=\"2023-03-27T10:38:37+00:00\" \/>\n<meta property=\"og:image\" content=\"https:\/\/brasilnoticias.org\/site\/wp-content\/uploads\/2023\/03\/whatsapp-image-2023-03-25-at-22.12.07-1-_widelg.jpg\" \/>\n\t<meta property=\"og:image:width\" content=\"800\" \/>\n\t<meta property=\"og:image:height\" content=\"450\" \/>\n\t<meta property=\"og:image:type\" content=\"image\/jpeg\" \/>\n<meta name=\"author\" content=\"Reda\u00e7\u00e3o\" \/>\n<meta name=\"twitter:card\" content=\"summary_large_image\" \/>\n<meta name=\"twitter:label1\" content=\"Escrito por\" \/>\n\t<meta name=\"twitter:data1\" content=\"Reda\u00e7\u00e3o\" \/>\n<script type=\"application\/ld+json\" class=\"yoast-schema-graph\">{\"@context\":\"https:\/\/schema.org\",\"@graph\":[{\"@type\":\"Article\",\"@id\":\"https:\/\/brasilnoticias.org\/site\/suspeito-de-atirar-contra-filho-do-presidente-do-tj-pi-e-preso\/#article\",\"isPartOf\":{\"@id\":\"https:\/\/brasilnoticias.org\/site\/suspeito-de-atirar-contra-filho-do-presidente-do-tj-pi-e-preso\/\"},\"author\":{\"name\":\"Reda\u00e7\u00e3o\",\"@id\":\"https:\/\/brasilnoticias.org\/site\/#\/schema\/person\/a0e05b973ec4d15c658d51911e53507b\"},\"headline\":\"Suspeito de atirar contra filho do presidente do TJ-PI \u00e9 preso\",\"datePublished\":\"2023-03-27T10:38:37+00:00\",\"mainEntityOfPage\":{\"@id\":\"https:\/\/brasilnoticias.org\/site\/suspeito-de-atirar-contra-filho-do-presidente-do-tj-pi-e-preso\/\"},\"wordCount\":209,\"commentCount\":0,\"publisher\":{\"@id\":\"https:\/\/brasilnoticias.org\/site\/#organization\"},\"image\":{\"@id\":\"https:\/\/brasilnoticias.org\/site\/suspeito-de-atirar-contra-filho-do-presidente-do-tj-pi-e-preso\/#primaryimage\"},\"thumbnailUrl\":\"https:\/\/brasilnoticias.org\/site\/wp-content\/uploads\/2023\/03\/whatsapp-image-2023-03-25-at-22.12.07-1-_widelg.jpg\",\"articleSection\":[\"Pol\u00edcia\",\"\u00daltimas\"],\"inLanguage\":\"pt-PT\",\"potentialAction\":[{\"@type\":\"CommentAction\",\"name\":\"Comment\",\"target\":[\"https:\/\/brasilnoticias.org\/site\/suspeito-de-atirar-contra-filho-do-presidente-do-tj-pi-e-preso\/#respond\"]}]},{\"@type\":\"WebPage\",\"@id\":\"https:\/\/brasilnoticias.org\/site\/suspeito-de-atirar-contra-filho-do-presidente-do-tj-pi-e-preso\/\",\"url\":\"https:\/\/brasilnoticias.org\/site\/suspeito-de-atirar-contra-filho-do-presidente-do-tj-pi-e-preso\/\",\"name\":\"Suspeito de atirar contra filho do presidente do TJ-PI \u00e9 preso - Brasil not\u00edcias\",\"isPartOf\":{\"@id\":\"https:\/\/brasilnoticias.org\/site\/#website\"},\"primaryImageOfPage\":{\"@id\":\"https:\/\/brasilnoticias.org\/site\/suspeito-de-atirar-contra-filho-do-presidente-do-tj-pi-e-preso\/#primaryimage\"},\"image\":{\"@id\":\"https:\/\/brasilnoticias.org\/site\/suspeito-de-atirar-contra-filho-do-presidente-do-tj-pi-e-preso\/#primaryimage\"},\"thumbnailUrl\":\"https:\/\/brasilnoticias.org\/site\/wp-content\/uploads\/2023\/03\/whatsapp-image-2023-03-25-at-22.12.07-1-_widelg.jpg\",\"datePublished\":\"2023-03-27T10:38:37+00:00\",\"breadcrumb\":{\"@id\":\"https:\/\/brasilnoticias.org\/site\/suspeito-de-atirar-contra-filho-do-presidente-do-tj-pi-e-preso\/#breadcrumb\"},\"inLanguage\":\"pt-PT\",\"potentialAction\":[{\"@type\":\"ReadAction\",\"target\":[\"https:\/\/brasilnoticias.org\/site\/suspeito-de-atirar-contra-filho-do-presidente-do-tj-pi-e-preso\/\"]}]},{\"@type\":\"ImageObject\",\"inLanguage\":\"pt-PT\",\"@id\":\"https:\/\/brasilnoticias.org\/site\/suspeito-de-atirar-contra-filho-do-presidente-do-tj-pi-e-preso\/#primaryimage\",\"url\":\"https:\/\/brasilnoticias.org\/site\/wp-content\/uploads\/2023\/03\/whatsapp-image-2023-03-25-at-22.12.07-1-_widelg.jpg\",\"contentUrl\":\"https:\/\/brasilnoticias.org\/site\/wp-content\/uploads\/2023\/03\/whatsapp-image-2023-03-25-at-22.12.07-1-_widelg.jpg\",\"width\":800,\"height\":450},{\"@type\":\"BreadcrumbList\",\"@id\":\"https:\/\/brasilnoticias.org\/site\/suspeito-de-atirar-contra-filho-do-presidente-do-tj-pi-e-preso\/#breadcrumb\",\"itemListElement\":[{\"@type\":\"ListItem\",\"position\":1,\"name\":\"In\u00edcio\",\"item\":\"https:\/\/brasilnoticias.org\/site\/\"},{\"@type\":\"ListItem\",\"position\":2,\"name\":\"Suspeito de atirar contra filho do presidente do TJ-PI \u00e9 preso\"}]},{\"@type\":\"WebSite\",\"@id\":\"https:\/\/brasilnoticias.org\/site\/#website\",\"url\":\"https:\/\/brasilnoticias.org\/site\/\",\"name\":\"Brasil not\u00edcias\",\"description\":\"Brasil not\u00edcias\",\"publisher\":{\"@id\":\"https:\/\/brasilnoticias.org\/site\/#organization\"},\"potentialAction\":[{\"@type\":\"SearchAction\",\"target\":{\"@type\":\"EntryPoint\",\"urlTemplate\":\"https:\/\/brasilnoticias.org\/site\/?s={search_term_string}\"},\"query-input\":{\"@type\":\"PropertyValueSpecification\",\"valueRequired\":true,\"valueName\":\"search_term_string\"}}],\"inLanguage\":\"pt-PT\"},{\"@type\":\"Organization\",\"@id\":\"https:\/\/brasilnoticias.org\/site\/#organization\",\"name\":\"Brasil not\u00edcias\",\"url\":\"https:\/\/brasilnoticias.org\/site\/\",\"logo\":{\"@type\":\"ImageObject\",\"inLanguage\":\"pt-PT\",\"@id\":\"https:\/\/brasilnoticias.org\/site\/#\/schema\/logo\/image\/\",\"url\":\"https:\/\/brasilnoticias.org\/site\/wp-content\/uploads\/2022\/05\/cropped-brasilnoticias-mini.jpg\",\"contentUrl\":\"https:\/\/brasilnoticias.org\/site\/wp-content\/uploads\/2022\/05\/cropped-brasilnoticias-mini.jpg\",\"width\":314,\"height\":86,\"caption\":\"Brasil not\u00edcias\"},\"image\":{\"@id\":\"https:\/\/brasilnoticias.org\/site\/#\/schema\/logo\/image\/\"}},{\"@type\":\"Person\",\"@id\":\"https:\/\/brasilnoticias.org\/site\/#\/schema\/person\/a0e05b973ec4d15c658d51911e53507b\",\"name\":\"Reda\u00e7\u00e3o\",\"image\":{\"@type\":\"ImageObject\",\"inLanguage\":\"pt-PT\",\"@id\":\"https:\/\/brasilnoticias.org\/site\/#\/schema\/person\/image\/\",\"url\":\"https:\/\/secure.gravatar.com\/avatar\/75d8b050df2de108b08ae78dfb8e374892df24a383c67db9c46a9c604f6aee9c?s=96&d=mm&r=g\",\"contentUrl\":\"https:\/\/secure.gravatar.com\/avatar\/75d8b050df2de108b08ae78dfb8e374892df24a383c67db9c46a9c604f6aee9c?s=96&d=mm&r=g\",\"caption\":\"Reda\u00e7\u00e3o\"},\"sameAs\":[\"https:\/\/brasilnoticias.org\/site\"],\"url\":\"https:\/\/brasilnoticias.org\/site\/author\/fernandozsngmail-com\/\"}]}<\/script>\n<!-- \/ Yoast SEO plugin. -->","yoast_head_json":{"title":"Suspeito de atirar contra filho do presidente do TJ-PI \u00e9 preso - Brasil not\u00edcias","robots":{"index":"index","follow":"follow","max-snippet":"max-snippet:-1","max-image-preview":"max-image-preview:large","max-video-preview":"max-video-preview:-1"},"canonical":"https:\/\/brasilnoticias.org\/site\/suspeito-de-atirar-contra-filho-do-presidente-do-tj-pi-e-preso\/","og_locale":"pt_PT","og_type":"article","og_title":"Suspeito de atirar contra filho do presidente do TJ-PI \u00e9 preso - Brasil not\u00edcias","og_description":"A pol\u00edcia prendeu na noite do \u00faltimo s\u00e1bado (25), Francisco Jefferson da Silva Cruz, conhecido como Anjo da Morte, em","og_url":"https:\/\/brasilnoticias.org\/site\/suspeito-de-atirar-contra-filho-do-presidente-do-tj-pi-e-preso\/","og_site_name":"Brasil not\u00edcias","article_published_time":"2023-03-27T10:38:37+00:00","og_image":[{"width":800,"height":450,"url":"https:\/\/brasilnoticias.org\/site\/wp-content\/uploads\/2023\/03\/whatsapp-image-2023-03-25-at-22.12.07-1-_widelg.jpg","type":"image\/jpeg"}],"author":"Reda\u00e7\u00e3o","twitter_card":"summary_large_image","twitter_misc":{"Escrito por":"Reda\u00e7\u00e3o"},"schema":{"@context":"https:\/\/schema.org","@graph":[{"@type":"Article","@id":"https:\/\/brasilnoticias.org\/site\/suspeito-de-atirar-contra-filho-do-presidente-do-tj-pi-e-preso\/#article","isPartOf":{"@id":"https:\/\/brasilnoticias.org\/site\/suspeito-de-atirar-contra-filho-do-presidente-do-tj-pi-e-preso\/"},"author":{"name":"Reda\u00e7\u00e3o","@id":"https:\/\/brasilnoticias.org\/site\/#\/schema\/person\/a0e05b973ec4d15c658d51911e53507b"},"headline":"Suspeito de atirar contra filho do presidente do TJ-PI \u00e9 preso","datePublished":"2023-03-27T10:38:37+00:00","mainEntityOfPage":{"@id":"https:\/\/brasilnoticias.org\/site\/suspeito-de-atirar-contra-filho-do-presidente-do-tj-pi-e-preso\/"},"wordCount":209,"commentCount":0,"publisher":{"@id":"https:\/\/brasilnoticias.org\/site\/#organization"},"image":{"@id":"https:\/\/brasilnoticias.org\/site\/suspeito-de-atirar-contra-filho-do-presidente-do-tj-pi-e-preso\/#primaryimage"},"thumbnailUrl":"https:\/\/brasilnoticias.org\/site\/wp-content\/uploads\/2023\/03\/whatsapp-image-2023-03-25-at-22.12.07-1-_widelg.jpg","articleSection":["Pol\u00edcia","\u00daltimas"],"inLanguage":"pt-PT","potentialAction":[{"@type":"CommentAction","name":"Comment","target":["https:\/\/brasilnoticias.org\/site\/suspeito-de-atirar-contra-filho-do-presidente-do-tj-pi-e-preso\/#respond"]}]},{"@type":"WebPage","@id":"https:\/\/brasilnoticias.org\/site\/suspeito-de-atirar-contra-filho-do-presidente-do-tj-pi-e-preso\/","url":"https:\/\/brasilnoticias.org\/site\/suspeito-de-atirar-contra-filho-do-presidente-do-tj-pi-e-preso\/","name":"Suspeito de atirar contra filho do presidente do TJ-PI \u00e9 preso - Brasil not\u00edcias","isPartOf":{"@id":"https:\/\/brasilnoticias.org\/site\/#website"},"primaryImageOfPage":{"@id":"https:\/\/brasilnoticias.org\/site\/suspeito-de-atirar-contra-filho-do-presidente-do-tj-pi-e-preso\/#primaryimage"},"image":{"@id":"https:\/\/brasilnoticias.org\/site\/suspeito-de-atirar-contra-filho-do-presidente-do-tj-pi-e-preso\/#primaryimage"},"thumbnailUrl":"https:\/\/brasilnoticias.org\/site\/wp-content\/uploads\/2023\/03\/whatsapp-image-2023-03-25-at-22.12.07-1-_widelg.jpg","datePublished":"2023-03-27T10:38:37+00:00","breadcrumb":{"@id":"https:\/\/brasilnoticias.org\/site\/suspeito-de-atirar-contra-filho-do-presidente-do-tj-pi-e-preso\/#breadcrumb"},"inLanguage":"pt-PT","potentialAction":[{"@type":"ReadAction","target":["https:\/\/brasilnoticias.org\/site\/suspeito-de-atirar-contra-filho-do-presidente-do-tj-pi-e-preso\/"]}]},{"@type":"ImageObject","inLanguage":"pt-PT","@id":"https:\/\/brasilnoticias.org\/site\/suspeito-de-atirar-contra-filho-do-presidente-do-tj-pi-e-preso\/#primaryimage","url":"https:\/\/brasilnoticias.org\/site\/wp-content\/uploads\/2023\/03\/whatsapp-image-2023-03-25-at-22.12.07-1-_widelg.jpg","contentUrl":"https:\/\/brasilnoticias.org\/site\/wp-content\/uploads\/2023\/03\/whatsapp-image-2023-03-25-at-22.12.07-1-_widelg.jpg","width":800,"height":450},{"@type":"BreadcrumbList","@id":"https:\/\/brasilnoticias.org\/site\/suspeito-de-atirar-contra-filho-do-presidente-do-tj-pi-e-preso\/#breadcrumb","itemListElement":[{"@type":"ListItem","position":1,"name":"In\u00edcio","item":"https:\/\/brasilnoticias.org\/site\/"},{"@type":"ListItem","position":2,"name":"Suspeito de atirar contra filho do presidente do TJ-PI \u00e9 preso"}]},{"@type":"WebSite","@id":"https:\/\/brasilnoticias.org\/site\/#website","url":"https:\/\/brasilnoticias.org\/site\/","name":"Brasil not\u00edcias","description":"Brasil not\u00edcias","publisher":{"@id":"https:\/\/brasilnoticias.org\/site\/#organization"},"potentialAction":[{"@type":"SearchAction","target":{"@type":"EntryPoint","urlTemplate":"https:\/\/brasilnoticias.org\/site\/?s={search_term_string}"},"query-input":{"@type":"PropertyValueSpecification","valueRequired":true,"valueName":"search_term_string"}}],"inLanguage":"pt-PT"},{"@type":"Organization","@id":"https:\/\/brasilnoticias.org\/site\/#organization","name":"Brasil not\u00edcias","url":"https:\/\/brasilnoticias.org\/site\/","logo":{"@type":"ImageObject","inLanguage":"pt-PT","@id":"https:\/\/brasilnoticias.org\/site\/#\/schema\/logo\/image\/","url":"https:\/\/brasilnoticias.org\/site\/wp-content\/uploads\/2022\/05\/cropped-brasilnoticias-mini.jpg","contentUrl":"https:\/\/brasilnoticias.org\/site\/wp-content\/uploads\/2022\/05\/cropped-brasilnoticias-mini.jpg","width":314,"height":86,"caption":"Brasil not\u00edcias"},"image":{"@id":"https:\/\/brasilnoticias.org\/site\/#\/schema\/logo\/image\/"}},{"@type":"Person","@id":"https:\/\/brasilnoticias.org\/site\/#\/schema\/person\/a0e05b973ec4d15c658d51911e53507b","name":"Reda\u00e7\u00e3o","image":{"@type":"ImageObject","inLanguage":"pt-PT","@id":"https:\/\/brasilnoticias.org\/site\/#\/schema\/person\/image\/","url":"https:\/\/secure.gravatar.com\/avatar\/75d8b050df2de108b08ae78dfb8e374892df24a383c67db9c46a9c604f6aee9c?s=96&d=mm&r=g","contentUrl":"https:\/\/secure.gravatar.com\/avatar\/75d8b050df2de108b08ae78dfb8e374892df24a383c67db9c46a9c604f6aee9c?s=96&d=mm&r=g","caption":"Reda\u00e7\u00e3o"},"sameAs":["https:\/\/brasilnoticias.org\/site"],"url":"https:\/\/brasilnoticias.org\/site\/author\/fernandozsngmail-com\/"}]}},"_links":{"self":[{"href":"https:\/\/brasilnoticias.org\/site\/wp-json\/wp\/v2\/posts\/5026","targetHints":{"allow":["GET"]}}],"collection":[{"href":"https:\/\/brasilnoticias.org\/site\/wp-json\/wp\/v2\/posts"}],"about":[{"href":"https:\/\/brasilnoticias.org\/site\/wp-json\/wp\/v2\/types\/post"}],"author":[{"embeddable":true,"href":"https:\/\/brasilnoticias.org\/site\/wp-json\/wp\/v2\/users\/1"}],"replies":[{"embeddable":true,"href":"https:\/\/brasilnoticias.org\/site\/wp-json\/wp\/v2\/comments?post=5026"}],"version-history":[{"count":1,"href":"https:\/\/brasilnoticias.org\/site\/wp-json\/wp\/v2\/posts\/5026\/revisions"}],"predecessor-version":[{"id":5028,"href":"https:\/\/brasilnoticias.org\/site\/wp-json\/wp\/v2\/posts\/5026\/revisions\/5028"}],"wp:featuredmedia":[{"embeddable":true,"href":"https:\/\/brasilnoticias.org\/site\/wp-json\/wp\/v2\/media\/5027"}],"wp:attachment":[{"href":"https:\/\/brasilnoticias.org\/site\/wp-json\/wp\/v2\/media?parent=5026"}],"wp:term":[{"taxonomy":"category","embeddable":true,"href":"https:\/\/brasilnoticias.org\/site\/wp-json\/wp\/v2\/categories?post=5026"},{"taxonomy":"post_tag","embeddable":true,"href":"https:\/\/brasilnoticias.org\/site\/wp-json\/wp\/v2\/tags?post=5026"}],"curies":[{"name":"wp","href":"https:\/\/api.w.org\/{rel}","templated":true}]}}