{"id":5032,"date":"2023-03-27T18:00:54","date_gmt":"2023-03-27T21:00:54","guid":{"rendered":"https:\/\/brasilnoticias.org\/site\/?p=5032"},"modified":"2023-03-27T08:52:35","modified_gmt":"2023-03-27T11:52:35","slug":"policia-diz-que-suspeito-de-matar-medico-no-norte-do-es-era-conhecido-da-vitima","status":"publish","type":"post","link":"https:\/\/brasilnoticias.org\/site\/policia-diz-que-suspeito-de-matar-medico-no-norte-do-es-era-conhecido-da-vitima\/","title":{"rendered":"Pol\u00edcia diz que suspeito de matar m\u00e9dico no Norte do ES era conhecido da v\u00edtima"},"content":{"rendered":"<p>A Pol\u00edcia informou que Carlos Magno Santos Santana, preso neste domingo (26) suspeito de matar e roubar o m\u00e9dico Alo\u00edsio Vieira Silva, de 29 anos, era conhecido da v\u00edtima. O corpo de Alo\u00edsio foi encontrado por amigos dentro do apartamento em que o m\u00e9dico morava no Centro de Montanha, no Norte do Esp\u00edrito Santo, na manh\u00e3 deste domingo. Segundo a Pol\u00edcia Civil, o caso foi considerado latroc\u00ednio (roubo seguido de morte).<\/p>\n<p>Carlos Magno Santos Santana foi detido horas ap\u00f3s o crime, no bairro Cobras, em Concei\u00e7\u00e3o da Barra. O homem estava em um bar e n\u00e3o resistiu a pris\u00e3o.<\/p>\n<p>Com ele, foram encontrados uma mochila com um notebook e um celular, dentre outros objetos pessoais da v\u00edtima.<\/p>\n<p>Alo\u00edsio era da cidade de Lajed\u00e3o, no sul da Bahia, e mudou-se para o Esp\u00edrito Santo para estudar medicina.<\/p>\n<p>Segundo a Prefeitura de Lajed\u00e3o, o vel\u00f3rio e o sepultamento do m\u00e9dico ser\u00e3o realizados na cidade, mas at\u00e9 a \u00faltima atualiza\u00e7\u00e3o desta reportagem, n\u00e3o havia sido divulgada a data nem o hor\u00e1rio da cerim\u00f4nia.<\/p>\n<p>A v\u00edtima se formou m\u00e9dico em 2020 pela Universidade Federal do Esp\u00edrito Santo (Ufes) e, desde ent\u00e3o, atuava em cidades do interior. O profissional trabalhava nas cidades de Pinheiros e Montanha.<\/p>\n<p>Segundo a prefeitura de Pinheiros, o m\u00e9dico dava plant\u00f5es no Hospital Municipal do munic\u00edpio e no Servi\u00e7o de Atendimento M\u00f3vel de Urg\u00eancia (Samu) de Montanha.<\/p>\n<p>G1 BAHIA<br \/>\nFoto: Divulga\u00e7\u00e3o\/Pol\u00edcia Civil<\/p>\n","protected":false},"excerpt":{"rendered":"<p>A Pol\u00edcia informou que Carlos Magno Santos Santana, preso neste domingo (26) suspeito de matar e roubar o m\u00e9dico Alo\u00edsio<\/p>\n","protected":false},"author":1,"featured_media":5033,"comment_status":"open","ping_status":"open","sticky":false,"template":"","format":"standard","meta":{"colormag_page_container_layout":"default_layout","colormag_page_sidebar_layout":"default_layout","_FSMCFIC_featured_image_caption":"","_FSMCFIC_featured_image_nocaption":"","_FSMCFIC_featured_image_hide":"","footnotes":""},"categories":[3,1],"tags":[],"class_list":["post-5032","post","type-post","status-publish","format-standard","has-post-thumbnail","hentry","category-policia","category-ultimas"],"yoast_head":"<!-- This site is optimized with the Yoast SEO plugin v27.1.1 - https:\/\/yoast.com\/product\/yoast-seo-wordpress\/ -->\n<title>Pol\u00edcia diz que suspeito de matar m\u00e9dico no Norte do ES era conhecido da v\u00edtima - Brasil not\u00edcias<\/title>\n<meta name=\"robots\" content=\"index, follow, max-snippet:-1, max-image-preview:large, max-video-preview:-1\" \/>\n<link rel=\"canonical\" href=\"https:\/\/brasilnoticias.org\/site\/policia-diz-que-suspeito-de-matar-medico-no-norte-do-es-era-conhecido-da-vitima\/\" \/>\n<meta property=\"og:locale\" content=\"pt_PT\" \/>\n<meta property=\"og:type\" content=\"article\" \/>\n<meta property=\"og:title\" content=\"Pol\u00edcia diz que suspeito de matar m\u00e9dico no Norte do ES era conhecido da v\u00edtima - Brasil not\u00edcias\" \/>\n<meta property=\"og:description\" content=\"A Pol\u00edcia informou que Carlos Magno Santos Santana, preso neste domingo (26) suspeito de matar e roubar o m\u00e9dico Alo\u00edsio\" \/>\n<meta property=\"og:url\" content=\"https:\/\/brasilnoticias.org\/site\/policia-diz-que-suspeito-de-matar-medico-no-norte-do-es-era-conhecido-da-vitima\/\" \/>\n<meta property=\"og:site_name\" content=\"Brasil not\u00edcias\" \/>\n<meta property=\"article:published_time\" content=\"2023-03-27T21:00:54+00:00\" \/>\n<meta property=\"og:image\" content=\"https:\/\/brasilnoticias.org\/site\/wp-content\/uploads\/2023\/03\/whatsapp-image-2023-03-26-at-16.45.51.webp\" \/>\n\t<meta property=\"og:image:width\" content=\"984\" \/>\n\t<meta property=\"og:image:height\" content=\"738\" \/>\n\t<meta property=\"og:image:type\" content=\"image\/webp\" \/>\n<meta name=\"author\" content=\"Reda\u00e7\u00e3o\" \/>\n<meta name=\"twitter:card\" content=\"summary_large_image\" \/>\n<meta name=\"twitter:label1\" content=\"Escrito por\" \/>\n\t<meta name=\"twitter:data1\" content=\"Reda\u00e7\u00e3o\" \/>\n\t<meta name=\"twitter:label2\" content=\"Tempo estimado de leitura\" \/>\n\t<meta name=\"twitter:data2\" content=\"2 minutos\" \/>\n<script type=\"application\/ld+json\" class=\"yoast-schema-graph\">{\"@context\":\"https:\/\/schema.org\",\"@graph\":[{\"@type\":\"Article\",\"@id\":\"https:\/\/brasilnoticias.org\/site\/policia-diz-que-suspeito-de-matar-medico-no-norte-do-es-era-conhecido-da-vitima\/#article\",\"isPartOf\":{\"@id\":\"https:\/\/brasilnoticias.org\/site\/policia-diz-que-suspeito-de-matar-medico-no-norte-do-es-era-conhecido-da-vitima\/\"},\"author\":{\"name\":\"Reda\u00e7\u00e3o\",\"@id\":\"https:\/\/brasilnoticias.org\/site\/#\/schema\/person\/a0e05b973ec4d15c658d51911e53507b\"},\"headline\":\"Pol\u00edcia diz que suspeito de matar m\u00e9dico no Norte do ES era conhecido da v\u00edtima\",\"datePublished\":\"2023-03-27T21:00:54+00:00\",\"mainEntityOfPage\":{\"@id\":\"https:\/\/brasilnoticias.org\/site\/policia-diz-que-suspeito-de-matar-medico-no-norte-do-es-era-conhecido-da-vitima\/\"},\"wordCount\":284,\"commentCount\":0,\"publisher\":{\"@id\":\"https:\/\/brasilnoticias.org\/site\/#organization\"},\"image\":{\"@id\":\"https:\/\/brasilnoticias.org\/site\/policia-diz-que-suspeito-de-matar-medico-no-norte-do-es-era-conhecido-da-vitima\/#primaryimage\"},\"thumbnailUrl\":\"https:\/\/brasilnoticias.org\/site\/wp-content\/uploads\/2023\/03\/whatsapp-image-2023-03-26-at-16.45.51.webp\",\"articleSection\":[\"Pol\u00edcia\",\"\u00daltimas\"],\"inLanguage\":\"pt-PT\",\"potentialAction\":[{\"@type\":\"CommentAction\",\"name\":\"Comment\",\"target\":[\"https:\/\/brasilnoticias.org\/site\/policia-diz-que-suspeito-de-matar-medico-no-norte-do-es-era-conhecido-da-vitima\/#respond\"]}]},{\"@type\":\"WebPage\",\"@id\":\"https:\/\/brasilnoticias.org\/site\/policia-diz-que-suspeito-de-matar-medico-no-norte-do-es-era-conhecido-da-vitima\/\",\"url\":\"https:\/\/brasilnoticias.org\/site\/policia-diz-que-suspeito-de-matar-medico-no-norte-do-es-era-conhecido-da-vitima\/\",\"name\":\"Pol\u00edcia diz que suspeito de matar m\u00e9dico no Norte do ES era conhecido da v\u00edtima - Brasil not\u00edcias\",\"isPartOf\":{\"@id\":\"https:\/\/brasilnoticias.org\/site\/#website\"},\"primaryImageOfPage\":{\"@id\":\"https:\/\/brasilnoticias.org\/site\/policia-diz-que-suspeito-de-matar-medico-no-norte-do-es-era-conhecido-da-vitima\/#primaryimage\"},\"image\":{\"@id\":\"https:\/\/brasilnoticias.org\/site\/policia-diz-que-suspeito-de-matar-medico-no-norte-do-es-era-conhecido-da-vitima\/#primaryimage\"},\"thumbnailUrl\":\"https:\/\/brasilnoticias.org\/site\/wp-content\/uploads\/2023\/03\/whatsapp-image-2023-03-26-at-16.45.51.webp\",\"datePublished\":\"2023-03-27T21:00:54+00:00\",\"breadcrumb\":{\"@id\":\"https:\/\/brasilnoticias.org\/site\/policia-diz-que-suspeito-de-matar-medico-no-norte-do-es-era-conhecido-da-vitima\/#breadcrumb\"},\"inLanguage\":\"pt-PT\",\"potentialAction\":[{\"@type\":\"ReadAction\",\"target\":[\"https:\/\/brasilnoticias.org\/site\/policia-diz-que-suspeito-de-matar-medico-no-norte-do-es-era-conhecido-da-vitima\/\"]}]},{\"@type\":\"ImageObject\",\"inLanguage\":\"pt-PT\",\"@id\":\"https:\/\/brasilnoticias.org\/site\/policia-diz-que-suspeito-de-matar-medico-no-norte-do-es-era-conhecido-da-vitima\/#primaryimage\",\"url\":\"https:\/\/brasilnoticias.org\/site\/wp-content\/uploads\/2023\/03\/whatsapp-image-2023-03-26-at-16.45.51.webp\",\"contentUrl\":\"https:\/\/brasilnoticias.org\/site\/wp-content\/uploads\/2023\/03\/whatsapp-image-2023-03-26-at-16.45.51.webp\",\"width\":984,\"height\":738},{\"@type\":\"BreadcrumbList\",\"@id\":\"https:\/\/brasilnoticias.org\/site\/policia-diz-que-suspeito-de-matar-medico-no-norte-do-es-era-conhecido-da-vitima\/#breadcrumb\",\"itemListElement\":[{\"@type\":\"ListItem\",\"position\":1,\"name\":\"In\u00edcio\",\"item\":\"https:\/\/brasilnoticias.org\/site\/\"},{\"@type\":\"ListItem\",\"position\":2,\"name\":\"Pol\u00edcia diz que suspeito de matar m\u00e9dico no Norte do ES era conhecido da v\u00edtima\"}]},{\"@type\":\"WebSite\",\"@id\":\"https:\/\/brasilnoticias.org\/site\/#website\",\"url\":\"https:\/\/brasilnoticias.org\/site\/\",\"name\":\"Brasil not\u00edcias\",\"description\":\"Brasil not\u00edcias\",\"publisher\":{\"@id\":\"https:\/\/brasilnoticias.org\/site\/#organization\"},\"potentialAction\":[{\"@type\":\"SearchAction\",\"target\":{\"@type\":\"EntryPoint\",\"urlTemplate\":\"https:\/\/brasilnoticias.org\/site\/?s={search_term_string}\"},\"query-input\":{\"@type\":\"PropertyValueSpecification\",\"valueRequired\":true,\"valueName\":\"search_term_string\"}}],\"inLanguage\":\"pt-PT\"},{\"@type\":\"Organization\",\"@id\":\"https:\/\/brasilnoticias.org\/site\/#organization\",\"name\":\"Brasil not\u00edcias\",\"url\":\"https:\/\/brasilnoticias.org\/site\/\",\"logo\":{\"@type\":\"ImageObject\",\"inLanguage\":\"pt-PT\",\"@id\":\"https:\/\/brasilnoticias.org\/site\/#\/schema\/logo\/image\/\",\"url\":\"https:\/\/brasilnoticias.org\/site\/wp-content\/uploads\/2022\/05\/cropped-brasilnoticias-mini.jpg\",\"contentUrl\":\"https:\/\/brasilnoticias.org\/site\/wp-content\/uploads\/2022\/05\/cropped-brasilnoticias-mini.jpg\",\"width\":314,\"height\":86,\"caption\":\"Brasil not\u00edcias\"},\"image\":{\"@id\":\"https:\/\/brasilnoticias.org\/site\/#\/schema\/logo\/image\/\"}},{\"@type\":\"Person\",\"@id\":\"https:\/\/brasilnoticias.org\/site\/#\/schema\/person\/a0e05b973ec4d15c658d51911e53507b\",\"name\":\"Reda\u00e7\u00e3o\",\"image\":{\"@type\":\"ImageObject\",\"inLanguage\":\"pt-PT\",\"@id\":\"https:\/\/brasilnoticias.org\/site\/#\/schema\/person\/image\/\",\"url\":\"https:\/\/secure.gravatar.com\/avatar\/75d8b050df2de108b08ae78dfb8e374892df24a383c67db9c46a9c604f6aee9c?s=96&d=mm&r=g\",\"contentUrl\":\"https:\/\/secure.gravatar.com\/avatar\/75d8b050df2de108b08ae78dfb8e374892df24a383c67db9c46a9c604f6aee9c?s=96&d=mm&r=g\",\"caption\":\"Reda\u00e7\u00e3o\"},\"sameAs\":[\"https:\/\/brasilnoticias.org\/site\"],\"url\":\"https:\/\/brasilnoticias.org\/site\/author\/fernandozsngmail-com\/\"}]}<\/script>\n<!-- \/ Yoast SEO plugin. -->","yoast_head_json":{"title":"Pol\u00edcia diz que suspeito de matar m\u00e9dico no Norte do ES era conhecido da v\u00edtima - Brasil not\u00edcias","robots":{"index":"index","follow":"follow","max-snippet":"max-snippet:-1","max-image-preview":"max-image-preview:large","max-video-preview":"max-video-preview:-1"},"canonical":"https:\/\/brasilnoticias.org\/site\/policia-diz-que-suspeito-de-matar-medico-no-norte-do-es-era-conhecido-da-vitima\/","og_locale":"pt_PT","og_type":"article","og_title":"Pol\u00edcia diz que suspeito de matar m\u00e9dico no Norte do ES era conhecido da v\u00edtima - Brasil not\u00edcias","og_description":"A Pol\u00edcia informou que Carlos Magno Santos Santana, preso neste domingo (26) suspeito de matar e roubar o m\u00e9dico Alo\u00edsio","og_url":"https:\/\/brasilnoticias.org\/site\/policia-diz-que-suspeito-de-matar-medico-no-norte-do-es-era-conhecido-da-vitima\/","og_site_name":"Brasil not\u00edcias","article_published_time":"2023-03-27T21:00:54+00:00","og_image":[{"width":984,"height":738,"url":"https:\/\/brasilnoticias.org\/site\/wp-content\/uploads\/2023\/03\/whatsapp-image-2023-03-26-at-16.45.51.webp","type":"image\/webp"}],"author":"Reda\u00e7\u00e3o","twitter_card":"summary_large_image","twitter_misc":{"Escrito por":"Reda\u00e7\u00e3o","Tempo estimado de leitura":"2 minutos"},"schema":{"@context":"https:\/\/schema.org","@graph":[{"@type":"Article","@id":"https:\/\/brasilnoticias.org\/site\/policia-diz-que-suspeito-de-matar-medico-no-norte-do-es-era-conhecido-da-vitima\/#article","isPartOf":{"@id":"https:\/\/brasilnoticias.org\/site\/policia-diz-que-suspeito-de-matar-medico-no-norte-do-es-era-conhecido-da-vitima\/"},"author":{"name":"Reda\u00e7\u00e3o","@id":"https:\/\/brasilnoticias.org\/site\/#\/schema\/person\/a0e05b973ec4d15c658d51911e53507b"},"headline":"Pol\u00edcia diz que suspeito de matar m\u00e9dico no Norte do ES era conhecido da v\u00edtima","datePublished":"2023-03-27T21:00:54+00:00","mainEntityOfPage":{"@id":"https:\/\/brasilnoticias.org\/site\/policia-diz-que-suspeito-de-matar-medico-no-norte-do-es-era-conhecido-da-vitima\/"},"wordCount":284,"commentCount":0,"publisher":{"@id":"https:\/\/brasilnoticias.org\/site\/#organization"},"image":{"@id":"https:\/\/brasilnoticias.org\/site\/policia-diz-que-suspeito-de-matar-medico-no-norte-do-es-era-conhecido-da-vitima\/#primaryimage"},"thumbnailUrl":"https:\/\/brasilnoticias.org\/site\/wp-content\/uploads\/2023\/03\/whatsapp-image-2023-03-26-at-16.45.51.webp","articleSection":["Pol\u00edcia","\u00daltimas"],"inLanguage":"pt-PT","potentialAction":[{"@type":"CommentAction","name":"Comment","target":["https:\/\/brasilnoticias.org\/site\/policia-diz-que-suspeito-de-matar-medico-no-norte-do-es-era-conhecido-da-vitima\/#respond"]}]},{"@type":"WebPage","@id":"https:\/\/brasilnoticias.org\/site\/policia-diz-que-suspeito-de-matar-medico-no-norte-do-es-era-conhecido-da-vitima\/","url":"https:\/\/brasilnoticias.org\/site\/policia-diz-que-suspeito-de-matar-medico-no-norte-do-es-era-conhecido-da-vitima\/","name":"Pol\u00edcia diz que suspeito de matar m\u00e9dico no Norte do ES era conhecido da v\u00edtima - Brasil not\u00edcias","isPartOf":{"@id":"https:\/\/brasilnoticias.org\/site\/#website"},"primaryImageOfPage":{"@id":"https:\/\/brasilnoticias.org\/site\/policia-diz-que-suspeito-de-matar-medico-no-norte-do-es-era-conhecido-da-vitima\/#primaryimage"},"image":{"@id":"https:\/\/brasilnoticias.org\/site\/policia-diz-que-suspeito-de-matar-medico-no-norte-do-es-era-conhecido-da-vitima\/#primaryimage"},"thumbnailUrl":"https:\/\/brasilnoticias.org\/site\/wp-content\/uploads\/2023\/03\/whatsapp-image-2023-03-26-at-16.45.51.webp","datePublished":"2023-03-27T21:00:54+00:00","breadcrumb":{"@id":"https:\/\/brasilnoticias.org\/site\/policia-diz-que-suspeito-de-matar-medico-no-norte-do-es-era-conhecido-da-vitima\/#breadcrumb"},"inLanguage":"pt-PT","potentialAction":[{"@type":"ReadAction","target":["https:\/\/brasilnoticias.org\/site\/policia-diz-que-suspeito-de-matar-medico-no-norte-do-es-era-conhecido-da-vitima\/"]}]},{"@type":"ImageObject","inLanguage":"pt-PT","@id":"https:\/\/brasilnoticias.org\/site\/policia-diz-que-suspeito-de-matar-medico-no-norte-do-es-era-conhecido-da-vitima\/#primaryimage","url":"https:\/\/brasilnoticias.org\/site\/wp-content\/uploads\/2023\/03\/whatsapp-image-2023-03-26-at-16.45.51.webp","contentUrl":"https:\/\/brasilnoticias.org\/site\/wp-content\/uploads\/2023\/03\/whatsapp-image-2023-03-26-at-16.45.51.webp","width":984,"height":738},{"@type":"BreadcrumbList","@id":"https:\/\/brasilnoticias.org\/site\/policia-diz-que-suspeito-de-matar-medico-no-norte-do-es-era-conhecido-da-vitima\/#breadcrumb","itemListElement":[{"@type":"ListItem","position":1,"name":"In\u00edcio","item":"https:\/\/brasilnoticias.org\/site\/"},{"@type":"ListItem","position":2,"name":"Pol\u00edcia diz que suspeito de matar m\u00e9dico no Norte do ES era conhecido da v\u00edtima"}]},{"@type":"WebSite","@id":"https:\/\/brasilnoticias.org\/site\/#website","url":"https:\/\/brasilnoticias.org\/site\/","name":"Brasil not\u00edcias","description":"Brasil not\u00edcias","publisher":{"@id":"https:\/\/brasilnoticias.org\/site\/#organization"},"potentialAction":[{"@type":"SearchAction","target":{"@type":"EntryPoint","urlTemplate":"https:\/\/brasilnoticias.org\/site\/?s={search_term_string}"},"query-input":{"@type":"PropertyValueSpecification","valueRequired":true,"valueName":"search_term_string"}}],"inLanguage":"pt-PT"},{"@type":"Organization","@id":"https:\/\/brasilnoticias.org\/site\/#organization","name":"Brasil not\u00edcias","url":"https:\/\/brasilnoticias.org\/site\/","logo":{"@type":"ImageObject","inLanguage":"pt-PT","@id":"https:\/\/brasilnoticias.org\/site\/#\/schema\/logo\/image\/","url":"https:\/\/brasilnoticias.org\/site\/wp-content\/uploads\/2022\/05\/cropped-brasilnoticias-mini.jpg","contentUrl":"https:\/\/brasilnoticias.org\/site\/wp-content\/uploads\/2022\/05\/cropped-brasilnoticias-mini.jpg","width":314,"height":86,"caption":"Brasil not\u00edcias"},"image":{"@id":"https:\/\/brasilnoticias.org\/site\/#\/schema\/logo\/image\/"}},{"@type":"Person","@id":"https:\/\/brasilnoticias.org\/site\/#\/schema\/person\/a0e05b973ec4d15c658d51911e53507b","name":"Reda\u00e7\u00e3o","image":{"@type":"ImageObject","inLanguage":"pt-PT","@id":"https:\/\/brasilnoticias.org\/site\/#\/schema\/person\/image\/","url":"https:\/\/secure.gravatar.com\/avatar\/75d8b050df2de108b08ae78dfb8e374892df24a383c67db9c46a9c604f6aee9c?s=96&d=mm&r=g","contentUrl":"https:\/\/secure.gravatar.com\/avatar\/75d8b050df2de108b08ae78dfb8e374892df24a383c67db9c46a9c604f6aee9c?s=96&d=mm&r=g","caption":"Reda\u00e7\u00e3o"},"sameAs":["https:\/\/brasilnoticias.org\/site"],"url":"https:\/\/brasilnoticias.org\/site\/author\/fernandozsngmail-com\/"}]}},"_links":{"self":[{"href":"https:\/\/brasilnoticias.org\/site\/wp-json\/wp\/v2\/posts\/5032","targetHints":{"allow":["GET"]}}],"collection":[{"href":"https:\/\/brasilnoticias.org\/site\/wp-json\/wp\/v2\/posts"}],"about":[{"href":"https:\/\/brasilnoticias.org\/site\/wp-json\/wp\/v2\/types\/post"}],"author":[{"embeddable":true,"href":"https:\/\/brasilnoticias.org\/site\/wp-json\/wp\/v2\/users\/1"}],"replies":[{"embeddable":true,"href":"https:\/\/brasilnoticias.org\/site\/wp-json\/wp\/v2\/comments?post=5032"}],"version-history":[{"count":1,"href":"https:\/\/brasilnoticias.org\/site\/wp-json\/wp\/v2\/posts\/5032\/revisions"}],"predecessor-version":[{"id":5034,"href":"https:\/\/brasilnoticias.org\/site\/wp-json\/wp\/v2\/posts\/5032\/revisions\/5034"}],"wp:featuredmedia":[{"embeddable":true,"href":"https:\/\/brasilnoticias.org\/site\/wp-json\/wp\/v2\/media\/5033"}],"wp:attachment":[{"href":"https:\/\/brasilnoticias.org\/site\/wp-json\/wp\/v2\/media?parent=5032"}],"wp:term":[{"taxonomy":"category","embeddable":true,"href":"https:\/\/brasilnoticias.org\/site\/wp-json\/wp\/v2\/categories?post=5032"},{"taxonomy":"post_tag","embeddable":true,"href":"https:\/\/brasilnoticias.org\/site\/wp-json\/wp\/v2\/tags?post=5032"}],"curies":[{"name":"wp","href":"https:\/\/api.w.org\/{rel}","templated":true}]}}