{"id":5045,"date":"2023-03-27T17:19:07","date_gmt":"2023-03-27T20:19:07","guid":{"rendered":"https:\/\/brasilnoticias.org\/site\/?p=5045"},"modified":"2023-03-27T17:19:07","modified_gmt":"2023-03-27T20:19:07","slug":"agora-na-camara-federal-capitao-alden-continua-sendo-o-deputado-barulhento-em-defesa-da-bahia","status":"publish","type":"post","link":"https:\/\/brasilnoticias.org\/site\/agora-na-camara-federal-capitao-alden-continua-sendo-o-deputado-barulhento-em-defesa-da-bahia\/","title":{"rendered":"Agora na C\u00e2mara Federal, Capit\u00e3o Alden continua sendo o &#8220;deputado barulhento&#8221; em defesa da Bahia"},"content":{"rendered":"<p>Chamado de &#8220;barulhento&#8221; durante o seu mandato na Assembleia Legislativa da Bahia (Alba) nos \u00faltimos quatro anos, o deputado federal Capit\u00e3o Alden (PL-BA) segue a mesma linha que o sagrou um dos maiores representantes do conservadorismo baiano nos \u00faltimos tempos. Na C\u00e2mara Federal, a postura do bolsonarista n\u00e3o tem sido diferente.<\/p>\n<p>Alden, quando tem o uso da palavra, n\u00e3o deixa de criticar as gest\u00f5es do PT na Bahia e no Brasil. Inclusive, denunciando descasos em \u00e1reas importantes, como educa\u00e7\u00e3o, sa\u00fade e, principalmente, seguran\u00e7a p\u00fablica, sua maior bandeira enquanto parlamentar.<\/p>\n<p>A sua atua\u00e7\u00e3o tem gerado grande repercuss\u00e3o na m\u00eddia nacional, que j\u00e1 o trata como um dos principais nomes da oposi\u00e7\u00e3o ao governo Lula no Congresso. Mesmo tendo apenas dois meses de mandato, o Capit\u00e3o Alden se posicionou contra as invas\u00f5es do Movimento Sem Terra (MST), lamentou pela Bahia ter tr\u00eas cidades entre as 50 mais violentas do mundo, citando que o governo estadual n\u00e3o valoriza os agentes de Seguran\u00e7a P\u00fablica, e lembrou da morte do Soldado Wesley, questionando &#8220;quem mandou matar&#8221; o policial que foi abatido em pra\u00e7a p\u00fablica no Farol da Barra, em Salvador.<\/p>\n<p>&#8220;Se esperavam que o Alden da C\u00e2mara dos Deputados ia ser diferente daquele que foi destaque na Assembleia Legislativa, se enganaram. Continuaremos denunciando os descasos do PT na Bahia e no Brasil, e se for para ser chamado de barulhento de novo, que seja! Fui eleito para representar os baianos que sofrem, hoje, com descaso nos mais variados setores&#8221;, disse o parlamentar.<\/p>\n","protected":false},"excerpt":{"rendered":"<p>Chamado de &#8220;barulhento&#8221; durante o seu mandato na Assembleia Legislativa da Bahia (Alba) nos \u00faltimos quatro anos, o deputado federal<\/p>\n","protected":false},"author":1,"featured_media":5046,"comment_status":"open","ping_status":"open","sticky":false,"template":"","format":"standard","meta":{"colormag_page_container_layout":"default_layout","colormag_page_sidebar_layout":"default_layout","_FSMCFIC_featured_image_caption":"","_FSMCFIC_featured_image_nocaption":"","_FSMCFIC_featured_image_hide":"","footnotes":""},"categories":[5,1],"tags":[],"class_list":["post-5045","post","type-post","status-publish","format-standard","has-post-thumbnail","hentry","category-politica","category-ultimas"],"yoast_head":"<!-- This site is optimized with the Yoast SEO plugin v27.1.1 - https:\/\/yoast.com\/product\/yoast-seo-wordpress\/ -->\n<title>Agora na C\u00e2mara Federal, Capit\u00e3o Alden continua sendo o &quot;deputado barulhento&quot; em defesa da Bahia - Brasil not\u00edcias<\/title>\n<meta name=\"robots\" content=\"index, follow, max-snippet:-1, max-image-preview:large, max-video-preview:-1\" \/>\n<link rel=\"canonical\" href=\"https:\/\/brasilnoticias.org\/site\/agora-na-camara-federal-capitao-alden-continua-sendo-o-deputado-barulhento-em-defesa-da-bahia\/\" \/>\n<meta property=\"og:locale\" content=\"pt_PT\" \/>\n<meta property=\"og:type\" content=\"article\" \/>\n<meta property=\"og:title\" content=\"Agora na C\u00e2mara Federal, Capit\u00e3o Alden continua sendo o &quot;deputado barulhento&quot; em defesa da Bahia - Brasil not\u00edcias\" \/>\n<meta property=\"og:description\" content=\"Chamado de &#8220;barulhento&#8221; durante o seu mandato na Assembleia Legislativa da Bahia (Alba) nos \u00faltimos quatro anos, o deputado federal\" \/>\n<meta property=\"og:url\" content=\"https:\/\/brasilnoticias.org\/site\/agora-na-camara-federal-capitao-alden-continua-sendo-o-deputado-barulhento-em-defesa-da-bahia\/\" \/>\n<meta property=\"og:site_name\" content=\"Brasil not\u00edcias\" \/>\n<meta property=\"article:published_time\" content=\"2023-03-27T20:19:07+00:00\" \/>\n<meta property=\"og:image\" content=\"https:\/\/brasilnoticias.org\/site\/wp-content\/uploads\/2023\/03\/WhatsApp-Image-2023-03-27-at-13.10.12.jpeg\" \/>\n\t<meta property=\"og:image:width\" content=\"800\" \/>\n\t<meta property=\"og:image:height\" content=\"445\" \/>\n\t<meta property=\"og:image:type\" content=\"image\/jpeg\" \/>\n<meta name=\"author\" content=\"Reda\u00e7\u00e3o\" \/>\n<meta name=\"twitter:card\" content=\"summary_large_image\" \/>\n<meta name=\"twitter:label1\" content=\"Escrito por\" \/>\n\t<meta name=\"twitter:data1\" content=\"Reda\u00e7\u00e3o\" \/>\n<script type=\"application\/ld+json\" class=\"yoast-schema-graph\">{\"@context\":\"https:\/\/schema.org\",\"@graph\":[{\"@type\":\"Article\",\"@id\":\"https:\/\/brasilnoticias.org\/site\/agora-na-camara-federal-capitao-alden-continua-sendo-o-deputado-barulhento-em-defesa-da-bahia\/#article\",\"isPartOf\":{\"@id\":\"https:\/\/brasilnoticias.org\/site\/agora-na-camara-federal-capitao-alden-continua-sendo-o-deputado-barulhento-em-defesa-da-bahia\/\"},\"author\":{\"name\":\"Reda\u00e7\u00e3o\",\"@id\":\"https:\/\/brasilnoticias.org\/site\/#\/schema\/person\/a0e05b973ec4d15c658d51911e53507b\"},\"headline\":\"Agora na C\u00e2mara Federal, Capit\u00e3o Alden continua sendo o &#8220;deputado barulhento&#8221; em defesa da Bahia\",\"datePublished\":\"2023-03-27T20:19:07+00:00\",\"mainEntityOfPage\":{\"@id\":\"https:\/\/brasilnoticias.org\/site\/agora-na-camara-federal-capitao-alden-continua-sendo-o-deputado-barulhento-em-defesa-da-bahia\/\"},\"wordCount\":285,\"commentCount\":0,\"publisher\":{\"@id\":\"https:\/\/brasilnoticias.org\/site\/#organization\"},\"image\":{\"@id\":\"https:\/\/brasilnoticias.org\/site\/agora-na-camara-federal-capitao-alden-continua-sendo-o-deputado-barulhento-em-defesa-da-bahia\/#primaryimage\"},\"thumbnailUrl\":\"https:\/\/brasilnoticias.org\/site\/wp-content\/uploads\/2023\/03\/WhatsApp-Image-2023-03-27-at-13.10.12.jpeg\",\"articleSection\":[\"Pol\u00edtica\",\"\u00daltimas\"],\"inLanguage\":\"pt-PT\",\"potentialAction\":[{\"@type\":\"CommentAction\",\"name\":\"Comment\",\"target\":[\"https:\/\/brasilnoticias.org\/site\/agora-na-camara-federal-capitao-alden-continua-sendo-o-deputado-barulhento-em-defesa-da-bahia\/#respond\"]}]},{\"@type\":\"WebPage\",\"@id\":\"https:\/\/brasilnoticias.org\/site\/agora-na-camara-federal-capitao-alden-continua-sendo-o-deputado-barulhento-em-defesa-da-bahia\/\",\"url\":\"https:\/\/brasilnoticias.org\/site\/agora-na-camara-federal-capitao-alden-continua-sendo-o-deputado-barulhento-em-defesa-da-bahia\/\",\"name\":\"Agora na C\u00e2mara Federal, Capit\u00e3o Alden continua sendo o \\\"deputado barulhento\\\" em defesa da Bahia - Brasil not\u00edcias\",\"isPartOf\":{\"@id\":\"https:\/\/brasilnoticias.org\/site\/#website\"},\"primaryImageOfPage\":{\"@id\":\"https:\/\/brasilnoticias.org\/site\/agora-na-camara-federal-capitao-alden-continua-sendo-o-deputado-barulhento-em-defesa-da-bahia\/#primaryimage\"},\"image\":{\"@id\":\"https:\/\/brasilnoticias.org\/site\/agora-na-camara-federal-capitao-alden-continua-sendo-o-deputado-barulhento-em-defesa-da-bahia\/#primaryimage\"},\"thumbnailUrl\":\"https:\/\/brasilnoticias.org\/site\/wp-content\/uploads\/2023\/03\/WhatsApp-Image-2023-03-27-at-13.10.12.jpeg\",\"datePublished\":\"2023-03-27T20:19:07+00:00\",\"breadcrumb\":{\"@id\":\"https:\/\/brasilnoticias.org\/site\/agora-na-camara-federal-capitao-alden-continua-sendo-o-deputado-barulhento-em-defesa-da-bahia\/#breadcrumb\"},\"inLanguage\":\"pt-PT\",\"potentialAction\":[{\"@type\":\"ReadAction\",\"target\":[\"https:\/\/brasilnoticias.org\/site\/agora-na-camara-federal-capitao-alden-continua-sendo-o-deputado-barulhento-em-defesa-da-bahia\/\"]}]},{\"@type\":\"ImageObject\",\"inLanguage\":\"pt-PT\",\"@id\":\"https:\/\/brasilnoticias.org\/site\/agora-na-camara-federal-capitao-alden-continua-sendo-o-deputado-barulhento-em-defesa-da-bahia\/#primaryimage\",\"url\":\"https:\/\/brasilnoticias.org\/site\/wp-content\/uploads\/2023\/03\/WhatsApp-Image-2023-03-27-at-13.10.12.jpeg\",\"contentUrl\":\"https:\/\/brasilnoticias.org\/site\/wp-content\/uploads\/2023\/03\/WhatsApp-Image-2023-03-27-at-13.10.12.jpeg\",\"width\":800,\"height\":445},{\"@type\":\"BreadcrumbList\",\"@id\":\"https:\/\/brasilnoticias.org\/site\/agora-na-camara-federal-capitao-alden-continua-sendo-o-deputado-barulhento-em-defesa-da-bahia\/#breadcrumb\",\"itemListElement\":[{\"@type\":\"ListItem\",\"position\":1,\"name\":\"In\u00edcio\",\"item\":\"https:\/\/brasilnoticias.org\/site\/\"},{\"@type\":\"ListItem\",\"position\":2,\"name\":\"Agora na C\u00e2mara Federal, Capit\u00e3o Alden continua sendo o &#8220;deputado barulhento&#8221; em defesa da Bahia\"}]},{\"@type\":\"WebSite\",\"@id\":\"https:\/\/brasilnoticias.org\/site\/#website\",\"url\":\"https:\/\/brasilnoticias.org\/site\/\",\"name\":\"Brasil not\u00edcias\",\"description\":\"Brasil not\u00edcias\",\"publisher\":{\"@id\":\"https:\/\/brasilnoticias.org\/site\/#organization\"},\"potentialAction\":[{\"@type\":\"SearchAction\",\"target\":{\"@type\":\"EntryPoint\",\"urlTemplate\":\"https:\/\/brasilnoticias.org\/site\/?s={search_term_string}\"},\"query-input\":{\"@type\":\"PropertyValueSpecification\",\"valueRequired\":true,\"valueName\":\"search_term_string\"}}],\"inLanguage\":\"pt-PT\"},{\"@type\":\"Organization\",\"@id\":\"https:\/\/brasilnoticias.org\/site\/#organization\",\"name\":\"Brasil not\u00edcias\",\"url\":\"https:\/\/brasilnoticias.org\/site\/\",\"logo\":{\"@type\":\"ImageObject\",\"inLanguage\":\"pt-PT\",\"@id\":\"https:\/\/brasilnoticias.org\/site\/#\/schema\/logo\/image\/\",\"url\":\"https:\/\/brasilnoticias.org\/site\/wp-content\/uploads\/2022\/05\/cropped-brasilnoticias-mini.jpg\",\"contentUrl\":\"https:\/\/brasilnoticias.org\/site\/wp-content\/uploads\/2022\/05\/cropped-brasilnoticias-mini.jpg\",\"width\":314,\"height\":86,\"caption\":\"Brasil not\u00edcias\"},\"image\":{\"@id\":\"https:\/\/brasilnoticias.org\/site\/#\/schema\/logo\/image\/\"}},{\"@type\":\"Person\",\"@id\":\"https:\/\/brasilnoticias.org\/site\/#\/schema\/person\/a0e05b973ec4d15c658d51911e53507b\",\"name\":\"Reda\u00e7\u00e3o\",\"image\":{\"@type\":\"ImageObject\",\"inLanguage\":\"pt-PT\",\"@id\":\"https:\/\/brasilnoticias.org\/site\/#\/schema\/person\/image\/\",\"url\":\"https:\/\/secure.gravatar.com\/avatar\/75d8b050df2de108b08ae78dfb8e374892df24a383c67db9c46a9c604f6aee9c?s=96&d=mm&r=g\",\"contentUrl\":\"https:\/\/secure.gravatar.com\/avatar\/75d8b050df2de108b08ae78dfb8e374892df24a383c67db9c46a9c604f6aee9c?s=96&d=mm&r=g\",\"caption\":\"Reda\u00e7\u00e3o\"},\"sameAs\":[\"https:\/\/brasilnoticias.org\/site\"],\"url\":\"https:\/\/brasilnoticias.org\/site\/author\/fernandozsngmail-com\/\"}]}<\/script>\n<!-- \/ Yoast SEO plugin. -->","yoast_head_json":{"title":"Agora na C\u00e2mara Federal, Capit\u00e3o Alden continua sendo o \"deputado barulhento\" em defesa da Bahia - Brasil not\u00edcias","robots":{"index":"index","follow":"follow","max-snippet":"max-snippet:-1","max-image-preview":"max-image-preview:large","max-video-preview":"max-video-preview:-1"},"canonical":"https:\/\/brasilnoticias.org\/site\/agora-na-camara-federal-capitao-alden-continua-sendo-o-deputado-barulhento-em-defesa-da-bahia\/","og_locale":"pt_PT","og_type":"article","og_title":"Agora na C\u00e2mara Federal, Capit\u00e3o Alden continua sendo o \"deputado barulhento\" em defesa da Bahia - Brasil not\u00edcias","og_description":"Chamado de &#8220;barulhento&#8221; durante o seu mandato na Assembleia Legislativa da Bahia (Alba) nos \u00faltimos quatro anos, o deputado federal","og_url":"https:\/\/brasilnoticias.org\/site\/agora-na-camara-federal-capitao-alden-continua-sendo-o-deputado-barulhento-em-defesa-da-bahia\/","og_site_name":"Brasil not\u00edcias","article_published_time":"2023-03-27T20:19:07+00:00","og_image":[{"width":800,"height":445,"url":"https:\/\/brasilnoticias.org\/site\/wp-content\/uploads\/2023\/03\/WhatsApp-Image-2023-03-27-at-13.10.12.jpeg","type":"image\/jpeg"}],"author":"Reda\u00e7\u00e3o","twitter_card":"summary_large_image","twitter_misc":{"Escrito por":"Reda\u00e7\u00e3o"},"schema":{"@context":"https:\/\/schema.org","@graph":[{"@type":"Article","@id":"https:\/\/brasilnoticias.org\/site\/agora-na-camara-federal-capitao-alden-continua-sendo-o-deputado-barulhento-em-defesa-da-bahia\/#article","isPartOf":{"@id":"https:\/\/brasilnoticias.org\/site\/agora-na-camara-federal-capitao-alden-continua-sendo-o-deputado-barulhento-em-defesa-da-bahia\/"},"author":{"name":"Reda\u00e7\u00e3o","@id":"https:\/\/brasilnoticias.org\/site\/#\/schema\/person\/a0e05b973ec4d15c658d51911e53507b"},"headline":"Agora na C\u00e2mara Federal, Capit\u00e3o Alden continua sendo o &#8220;deputado barulhento&#8221; em defesa da Bahia","datePublished":"2023-03-27T20:19:07+00:00","mainEntityOfPage":{"@id":"https:\/\/brasilnoticias.org\/site\/agora-na-camara-federal-capitao-alden-continua-sendo-o-deputado-barulhento-em-defesa-da-bahia\/"},"wordCount":285,"commentCount":0,"publisher":{"@id":"https:\/\/brasilnoticias.org\/site\/#organization"},"image":{"@id":"https:\/\/brasilnoticias.org\/site\/agora-na-camara-federal-capitao-alden-continua-sendo-o-deputado-barulhento-em-defesa-da-bahia\/#primaryimage"},"thumbnailUrl":"https:\/\/brasilnoticias.org\/site\/wp-content\/uploads\/2023\/03\/WhatsApp-Image-2023-03-27-at-13.10.12.jpeg","articleSection":["Pol\u00edtica","\u00daltimas"],"inLanguage":"pt-PT","potentialAction":[{"@type":"CommentAction","name":"Comment","target":["https:\/\/brasilnoticias.org\/site\/agora-na-camara-federal-capitao-alden-continua-sendo-o-deputado-barulhento-em-defesa-da-bahia\/#respond"]}]},{"@type":"WebPage","@id":"https:\/\/brasilnoticias.org\/site\/agora-na-camara-federal-capitao-alden-continua-sendo-o-deputado-barulhento-em-defesa-da-bahia\/","url":"https:\/\/brasilnoticias.org\/site\/agora-na-camara-federal-capitao-alden-continua-sendo-o-deputado-barulhento-em-defesa-da-bahia\/","name":"Agora na C\u00e2mara Federal, Capit\u00e3o Alden continua sendo o \"deputado barulhento\" em defesa da Bahia - Brasil not\u00edcias","isPartOf":{"@id":"https:\/\/brasilnoticias.org\/site\/#website"},"primaryImageOfPage":{"@id":"https:\/\/brasilnoticias.org\/site\/agora-na-camara-federal-capitao-alden-continua-sendo-o-deputado-barulhento-em-defesa-da-bahia\/#primaryimage"},"image":{"@id":"https:\/\/brasilnoticias.org\/site\/agora-na-camara-federal-capitao-alden-continua-sendo-o-deputado-barulhento-em-defesa-da-bahia\/#primaryimage"},"thumbnailUrl":"https:\/\/brasilnoticias.org\/site\/wp-content\/uploads\/2023\/03\/WhatsApp-Image-2023-03-27-at-13.10.12.jpeg","datePublished":"2023-03-27T20:19:07+00:00","breadcrumb":{"@id":"https:\/\/brasilnoticias.org\/site\/agora-na-camara-federal-capitao-alden-continua-sendo-o-deputado-barulhento-em-defesa-da-bahia\/#breadcrumb"},"inLanguage":"pt-PT","potentialAction":[{"@type":"ReadAction","target":["https:\/\/brasilnoticias.org\/site\/agora-na-camara-federal-capitao-alden-continua-sendo-o-deputado-barulhento-em-defesa-da-bahia\/"]}]},{"@type":"ImageObject","inLanguage":"pt-PT","@id":"https:\/\/brasilnoticias.org\/site\/agora-na-camara-federal-capitao-alden-continua-sendo-o-deputado-barulhento-em-defesa-da-bahia\/#primaryimage","url":"https:\/\/brasilnoticias.org\/site\/wp-content\/uploads\/2023\/03\/WhatsApp-Image-2023-03-27-at-13.10.12.jpeg","contentUrl":"https:\/\/brasilnoticias.org\/site\/wp-content\/uploads\/2023\/03\/WhatsApp-Image-2023-03-27-at-13.10.12.jpeg","width":800,"height":445},{"@type":"BreadcrumbList","@id":"https:\/\/brasilnoticias.org\/site\/agora-na-camara-federal-capitao-alden-continua-sendo-o-deputado-barulhento-em-defesa-da-bahia\/#breadcrumb","itemListElement":[{"@type":"ListItem","position":1,"name":"In\u00edcio","item":"https:\/\/brasilnoticias.org\/site\/"},{"@type":"ListItem","position":2,"name":"Agora na C\u00e2mara Federal, Capit\u00e3o Alden continua sendo o &#8220;deputado barulhento&#8221; em defesa da Bahia"}]},{"@type":"WebSite","@id":"https:\/\/brasilnoticias.org\/site\/#website","url":"https:\/\/brasilnoticias.org\/site\/","name":"Brasil not\u00edcias","description":"Brasil not\u00edcias","publisher":{"@id":"https:\/\/brasilnoticias.org\/site\/#organization"},"potentialAction":[{"@type":"SearchAction","target":{"@type":"EntryPoint","urlTemplate":"https:\/\/brasilnoticias.org\/site\/?s={search_term_string}"},"query-input":{"@type":"PropertyValueSpecification","valueRequired":true,"valueName":"search_term_string"}}],"inLanguage":"pt-PT"},{"@type":"Organization","@id":"https:\/\/brasilnoticias.org\/site\/#organization","name":"Brasil not\u00edcias","url":"https:\/\/brasilnoticias.org\/site\/","logo":{"@type":"ImageObject","inLanguage":"pt-PT","@id":"https:\/\/brasilnoticias.org\/site\/#\/schema\/logo\/image\/","url":"https:\/\/brasilnoticias.org\/site\/wp-content\/uploads\/2022\/05\/cropped-brasilnoticias-mini.jpg","contentUrl":"https:\/\/brasilnoticias.org\/site\/wp-content\/uploads\/2022\/05\/cropped-brasilnoticias-mini.jpg","width":314,"height":86,"caption":"Brasil not\u00edcias"},"image":{"@id":"https:\/\/brasilnoticias.org\/site\/#\/schema\/logo\/image\/"}},{"@type":"Person","@id":"https:\/\/brasilnoticias.org\/site\/#\/schema\/person\/a0e05b973ec4d15c658d51911e53507b","name":"Reda\u00e7\u00e3o","image":{"@type":"ImageObject","inLanguage":"pt-PT","@id":"https:\/\/brasilnoticias.org\/site\/#\/schema\/person\/image\/","url":"https:\/\/secure.gravatar.com\/avatar\/75d8b050df2de108b08ae78dfb8e374892df24a383c67db9c46a9c604f6aee9c?s=96&d=mm&r=g","contentUrl":"https:\/\/secure.gravatar.com\/avatar\/75d8b050df2de108b08ae78dfb8e374892df24a383c67db9c46a9c604f6aee9c?s=96&d=mm&r=g","caption":"Reda\u00e7\u00e3o"},"sameAs":["https:\/\/brasilnoticias.org\/site"],"url":"https:\/\/brasilnoticias.org\/site\/author\/fernandozsngmail-com\/"}]}},"_links":{"self":[{"href":"https:\/\/brasilnoticias.org\/site\/wp-json\/wp\/v2\/posts\/5045","targetHints":{"allow":["GET"]}}],"collection":[{"href":"https:\/\/brasilnoticias.org\/site\/wp-json\/wp\/v2\/posts"}],"about":[{"href":"https:\/\/brasilnoticias.org\/site\/wp-json\/wp\/v2\/types\/post"}],"author":[{"embeddable":true,"href":"https:\/\/brasilnoticias.org\/site\/wp-json\/wp\/v2\/users\/1"}],"replies":[{"embeddable":true,"href":"https:\/\/brasilnoticias.org\/site\/wp-json\/wp\/v2\/comments?post=5045"}],"version-history":[{"count":1,"href":"https:\/\/brasilnoticias.org\/site\/wp-json\/wp\/v2\/posts\/5045\/revisions"}],"predecessor-version":[{"id":5047,"href":"https:\/\/brasilnoticias.org\/site\/wp-json\/wp\/v2\/posts\/5045\/revisions\/5047"}],"wp:featuredmedia":[{"embeddable":true,"href":"https:\/\/brasilnoticias.org\/site\/wp-json\/wp\/v2\/media\/5046"}],"wp:attachment":[{"href":"https:\/\/brasilnoticias.org\/site\/wp-json\/wp\/v2\/media?parent=5045"}],"wp:term":[{"taxonomy":"category","embeddable":true,"href":"https:\/\/brasilnoticias.org\/site\/wp-json\/wp\/v2\/categories?post=5045"},{"taxonomy":"post_tag","embeddable":true,"href":"https:\/\/brasilnoticias.org\/site\/wp-json\/wp\/v2\/tags?post=5045"}],"curies":[{"name":"wp","href":"https:\/\/api.w.org\/{rel}","templated":true}]}}