{"id":5048,"date":"2023-03-28T06:25:39","date_gmt":"2023-03-28T09:25:39","guid":{"rendered":"https:\/\/brasilnoticias.org\/site\/?p=5048"},"modified":"2023-03-28T06:25:39","modified_gmt":"2023-03-28T09:25:39","slug":"estudante-envia-foto-de-arma-e-faz-ameacas-de-massacre-a-escolao-chicote-vai-estralar","status":"publish","type":"post","link":"https:\/\/brasilnoticias.org\/site\/estudante-envia-foto-de-arma-e-faz-ameacas-de-massacre-a-escolao-chicote-vai-estralar\/","title":{"rendered":"Estudante envia foto de arma e faz amea\u00e7as de massacre a escola:&#8221;O chicote vai estralar&#8221;"},"content":{"rendered":"<p>Um estudante do 2\u00b0 ano do ensino m\u00e9dio enviou uma imagem de uma arma em um grupo de whatsapp amea\u00e7ando realizar um massacre na escola que frequentava. Esse \u00e9 o terceiro caso de amea\u00e7a registrado pelo Centro Educacional (CED), em escolas do Distrito Federal em apenas uma semana.<\/p>\n<p>Nas mensagens enviadas no grupo, o estudante chega a informar que iria matar outros alunos, e anuncia sua poss\u00edvel chegada na escola. \u201cVou aparecer com o \u2018oit\u00e3o\u2019 segunda-feira. J\u00e1 \u00e9 melhor todo mundo faltar\u201d, declarou o menino.<\/p>\n<p>Ao falar sobre o massacre, e pensar que colegas estavam achando que a situa\u00e7\u00e3o era uma brincadeira, o estudante afirma estar falando s\u00e9rio, e segue com as amea\u00e7as. \u201cVou fazer o massacre nessa sala. J\u00e1 \u2018t\u00f4\u2019 avisando logo. O chicote vai estralar\u201d, falou o rapaz.<\/p>\n<p>O aluno chegou a enviar uma imagem da arma, que parecia ser de fabrica\u00e7\u00e3o caseira, no grupo de Whatsapp. Alguns colegas do menino chegaram a debochar da situa\u00e7\u00e3o, n\u00e3o acreditando na amea\u00e7a do rapaz. \u201c\u2018Nois vai\u2019 se matar l\u00e1 ent\u00e3o\u201d, ironizou um dos garotos.<\/p>\n<p>Outras escolas do Distrito Federal vinham sofrendo com amea\u00e7as de massacre, incluindo o caso de um adolescente de 14 anos que foi detido ao planejar um ataque a uma escola infantil. O caso do estudante ainda est\u00e1 sendo investigado, e a escola ainda n\u00e3o se posicionou sobre o acontecimento.<\/p>\n<p>Foto Divulga\u00e7\u00e3o<br \/>\n  Bnews<\/p>\n","protected":false},"excerpt":{"rendered":"<p>Um estudante do 2\u00b0 ano do ensino m\u00e9dio enviou uma imagem de uma arma em um grupo de whatsapp amea\u00e7ando<\/p>\n","protected":false},"author":1,"featured_media":5049,"comment_status":"open","ping_status":"open","sticky":false,"template":"","format":"standard","meta":{"colormag_page_container_layout":"default_layout","colormag_page_sidebar_layout":"default_layout","_FSMCFIC_featured_image_caption":"","_FSMCFIC_featured_image_nocaption":"","_FSMCFIC_featured_image_hide":"","footnotes":""},"categories":[2,1],"tags":[],"class_list":["post-5048","post","type-post","status-publish","format-standard","has-post-thumbnail","hentry","category-noticias","category-ultimas"],"yoast_head":"<!-- This site is optimized with the Yoast SEO plugin v27.1.1 - https:\/\/yoast.com\/product\/yoast-seo-wordpress\/ -->\n<title>Estudante envia foto de arma e faz amea\u00e7as de massacre a escola:&quot;O chicote vai estralar&quot; - Brasil not\u00edcias<\/title>\n<meta name=\"robots\" content=\"index, follow, max-snippet:-1, max-image-preview:large, max-video-preview:-1\" \/>\n<link rel=\"canonical\" href=\"https:\/\/brasilnoticias.org\/site\/estudante-envia-foto-de-arma-e-faz-ameacas-de-massacre-a-escolao-chicote-vai-estralar\/\" \/>\n<meta property=\"og:locale\" content=\"pt_PT\" \/>\n<meta property=\"og:type\" content=\"article\" \/>\n<meta property=\"og:title\" content=\"Estudante envia foto de arma e faz amea\u00e7as de massacre a escola:&quot;O chicote vai estralar&quot; - Brasil not\u00edcias\" \/>\n<meta property=\"og:description\" content=\"Um estudante do 2\u00b0 ano do ensino m\u00e9dio enviou uma imagem de uma arma em um grupo de whatsapp amea\u00e7ando\" \/>\n<meta property=\"og:url\" content=\"https:\/\/brasilnoticias.org\/site\/estudante-envia-foto-de-arma-e-faz-ameacas-de-massacre-a-escolao-chicote-vai-estralar\/\" \/>\n<meta property=\"og:site_name\" content=\"Brasil not\u00edcias\" \/>\n<meta property=\"article:published_time\" content=\"2023-03-28T09:25:39+00:00\" \/>\n<meta property=\"og:image\" content=\"https:\/\/brasilnoticias.org\/site\/wp-content\/uploads\/2023\/03\/design_sem_nome_27_xve0f2W_widelg.jpg\" \/>\n\t<meta property=\"og:image:width\" content=\"800\" \/>\n\t<meta property=\"og:image:height\" content=\"450\" \/>\n\t<meta property=\"og:image:type\" content=\"image\/jpeg\" \/>\n<meta name=\"author\" content=\"Reda\u00e7\u00e3o\" \/>\n<meta name=\"twitter:card\" content=\"summary_large_image\" \/>\n<meta name=\"twitter:label1\" content=\"Escrito por\" \/>\n\t<meta name=\"twitter:data1\" content=\"Reda\u00e7\u00e3o\" \/>\n<script type=\"application\/ld+json\" class=\"yoast-schema-graph\">{\"@context\":\"https:\/\/schema.org\",\"@graph\":[{\"@type\":\"Article\",\"@id\":\"https:\/\/brasilnoticias.org\/site\/estudante-envia-foto-de-arma-e-faz-ameacas-de-massacre-a-escolao-chicote-vai-estralar\/#article\",\"isPartOf\":{\"@id\":\"https:\/\/brasilnoticias.org\/site\/estudante-envia-foto-de-arma-e-faz-ameacas-de-massacre-a-escolao-chicote-vai-estralar\/\"},\"author\":{\"name\":\"Reda\u00e7\u00e3o\",\"@id\":\"https:\/\/brasilnoticias.org\/site\/#\/schema\/person\/a0e05b973ec4d15c658d51911e53507b\"},\"headline\":\"Estudante envia foto de arma e faz amea\u00e7as de massacre a escola:&#8221;O chicote vai estralar&#8221;\",\"datePublished\":\"2023-03-28T09:25:39+00:00\",\"mainEntityOfPage\":{\"@id\":\"https:\/\/brasilnoticias.org\/site\/estudante-envia-foto-de-arma-e-faz-ameacas-de-massacre-a-escolao-chicote-vai-estralar\/\"},\"wordCount\":255,\"commentCount\":0,\"publisher\":{\"@id\":\"https:\/\/brasilnoticias.org\/site\/#organization\"},\"image\":{\"@id\":\"https:\/\/brasilnoticias.org\/site\/estudante-envia-foto-de-arma-e-faz-ameacas-de-massacre-a-escolao-chicote-vai-estralar\/#primaryimage\"},\"thumbnailUrl\":\"https:\/\/brasilnoticias.org\/site\/wp-content\/uploads\/2023\/03\/design_sem_nome_27_xve0f2W_widelg.jpg\",\"articleSection\":[\"Not\u00edcias\",\"\u00daltimas\"],\"inLanguage\":\"pt-PT\",\"potentialAction\":[{\"@type\":\"CommentAction\",\"name\":\"Comment\",\"target\":[\"https:\/\/brasilnoticias.org\/site\/estudante-envia-foto-de-arma-e-faz-ameacas-de-massacre-a-escolao-chicote-vai-estralar\/#respond\"]}]},{\"@type\":\"WebPage\",\"@id\":\"https:\/\/brasilnoticias.org\/site\/estudante-envia-foto-de-arma-e-faz-ameacas-de-massacre-a-escolao-chicote-vai-estralar\/\",\"url\":\"https:\/\/brasilnoticias.org\/site\/estudante-envia-foto-de-arma-e-faz-ameacas-de-massacre-a-escolao-chicote-vai-estralar\/\",\"name\":\"Estudante envia foto de arma e faz amea\u00e7as de massacre a escola:\\\"O chicote vai estralar\\\" - Brasil not\u00edcias\",\"isPartOf\":{\"@id\":\"https:\/\/brasilnoticias.org\/site\/#website\"},\"primaryImageOfPage\":{\"@id\":\"https:\/\/brasilnoticias.org\/site\/estudante-envia-foto-de-arma-e-faz-ameacas-de-massacre-a-escolao-chicote-vai-estralar\/#primaryimage\"},\"image\":{\"@id\":\"https:\/\/brasilnoticias.org\/site\/estudante-envia-foto-de-arma-e-faz-ameacas-de-massacre-a-escolao-chicote-vai-estralar\/#primaryimage\"},\"thumbnailUrl\":\"https:\/\/brasilnoticias.org\/site\/wp-content\/uploads\/2023\/03\/design_sem_nome_27_xve0f2W_widelg.jpg\",\"datePublished\":\"2023-03-28T09:25:39+00:00\",\"breadcrumb\":{\"@id\":\"https:\/\/brasilnoticias.org\/site\/estudante-envia-foto-de-arma-e-faz-ameacas-de-massacre-a-escolao-chicote-vai-estralar\/#breadcrumb\"},\"inLanguage\":\"pt-PT\",\"potentialAction\":[{\"@type\":\"ReadAction\",\"target\":[\"https:\/\/brasilnoticias.org\/site\/estudante-envia-foto-de-arma-e-faz-ameacas-de-massacre-a-escolao-chicote-vai-estralar\/\"]}]},{\"@type\":\"ImageObject\",\"inLanguage\":\"pt-PT\",\"@id\":\"https:\/\/brasilnoticias.org\/site\/estudante-envia-foto-de-arma-e-faz-ameacas-de-massacre-a-escolao-chicote-vai-estralar\/#primaryimage\",\"url\":\"https:\/\/brasilnoticias.org\/site\/wp-content\/uploads\/2023\/03\/design_sem_nome_27_xve0f2W_widelg.jpg\",\"contentUrl\":\"https:\/\/brasilnoticias.org\/site\/wp-content\/uploads\/2023\/03\/design_sem_nome_27_xve0f2W_widelg.jpg\",\"width\":800,\"height\":450},{\"@type\":\"BreadcrumbList\",\"@id\":\"https:\/\/brasilnoticias.org\/site\/estudante-envia-foto-de-arma-e-faz-ameacas-de-massacre-a-escolao-chicote-vai-estralar\/#breadcrumb\",\"itemListElement\":[{\"@type\":\"ListItem\",\"position\":1,\"name\":\"In\u00edcio\",\"item\":\"https:\/\/brasilnoticias.org\/site\/\"},{\"@type\":\"ListItem\",\"position\":2,\"name\":\"Estudante envia foto de arma e faz amea\u00e7as de massacre a escola:&#8221;O chicote vai estralar&#8221;\"}]},{\"@type\":\"WebSite\",\"@id\":\"https:\/\/brasilnoticias.org\/site\/#website\",\"url\":\"https:\/\/brasilnoticias.org\/site\/\",\"name\":\"Brasil not\u00edcias\",\"description\":\"Brasil not\u00edcias\",\"publisher\":{\"@id\":\"https:\/\/brasilnoticias.org\/site\/#organization\"},\"potentialAction\":[{\"@type\":\"SearchAction\",\"target\":{\"@type\":\"EntryPoint\",\"urlTemplate\":\"https:\/\/brasilnoticias.org\/site\/?s={search_term_string}\"},\"query-input\":{\"@type\":\"PropertyValueSpecification\",\"valueRequired\":true,\"valueName\":\"search_term_string\"}}],\"inLanguage\":\"pt-PT\"},{\"@type\":\"Organization\",\"@id\":\"https:\/\/brasilnoticias.org\/site\/#organization\",\"name\":\"Brasil not\u00edcias\",\"url\":\"https:\/\/brasilnoticias.org\/site\/\",\"logo\":{\"@type\":\"ImageObject\",\"inLanguage\":\"pt-PT\",\"@id\":\"https:\/\/brasilnoticias.org\/site\/#\/schema\/logo\/image\/\",\"url\":\"https:\/\/brasilnoticias.org\/site\/wp-content\/uploads\/2022\/05\/cropped-brasilnoticias-mini.jpg\",\"contentUrl\":\"https:\/\/brasilnoticias.org\/site\/wp-content\/uploads\/2022\/05\/cropped-brasilnoticias-mini.jpg\",\"width\":314,\"height\":86,\"caption\":\"Brasil not\u00edcias\"},\"image\":{\"@id\":\"https:\/\/brasilnoticias.org\/site\/#\/schema\/logo\/image\/\"}},{\"@type\":\"Person\",\"@id\":\"https:\/\/brasilnoticias.org\/site\/#\/schema\/person\/a0e05b973ec4d15c658d51911e53507b\",\"name\":\"Reda\u00e7\u00e3o\",\"image\":{\"@type\":\"ImageObject\",\"inLanguage\":\"pt-PT\",\"@id\":\"https:\/\/brasilnoticias.org\/site\/#\/schema\/person\/image\/\",\"url\":\"https:\/\/secure.gravatar.com\/avatar\/75d8b050df2de108b08ae78dfb8e374892df24a383c67db9c46a9c604f6aee9c?s=96&d=mm&r=g\",\"contentUrl\":\"https:\/\/secure.gravatar.com\/avatar\/75d8b050df2de108b08ae78dfb8e374892df24a383c67db9c46a9c604f6aee9c?s=96&d=mm&r=g\",\"caption\":\"Reda\u00e7\u00e3o\"},\"sameAs\":[\"https:\/\/brasilnoticias.org\/site\"],\"url\":\"https:\/\/brasilnoticias.org\/site\/author\/fernandozsngmail-com\/\"}]}<\/script>\n<!-- \/ Yoast SEO plugin. -->","yoast_head_json":{"title":"Estudante envia foto de arma e faz amea\u00e7as de massacre a escola:\"O chicote vai estralar\" - Brasil not\u00edcias","robots":{"index":"index","follow":"follow","max-snippet":"max-snippet:-1","max-image-preview":"max-image-preview:large","max-video-preview":"max-video-preview:-1"},"canonical":"https:\/\/brasilnoticias.org\/site\/estudante-envia-foto-de-arma-e-faz-ameacas-de-massacre-a-escolao-chicote-vai-estralar\/","og_locale":"pt_PT","og_type":"article","og_title":"Estudante envia foto de arma e faz amea\u00e7as de massacre a escola:\"O chicote vai estralar\" - Brasil not\u00edcias","og_description":"Um estudante do 2\u00b0 ano do ensino m\u00e9dio enviou uma imagem de uma arma em um grupo de whatsapp amea\u00e7ando","og_url":"https:\/\/brasilnoticias.org\/site\/estudante-envia-foto-de-arma-e-faz-ameacas-de-massacre-a-escolao-chicote-vai-estralar\/","og_site_name":"Brasil not\u00edcias","article_published_time":"2023-03-28T09:25:39+00:00","og_image":[{"width":800,"height":450,"url":"https:\/\/brasilnoticias.org\/site\/wp-content\/uploads\/2023\/03\/design_sem_nome_27_xve0f2W_widelg.jpg","type":"image\/jpeg"}],"author":"Reda\u00e7\u00e3o","twitter_card":"summary_large_image","twitter_misc":{"Escrito por":"Reda\u00e7\u00e3o"},"schema":{"@context":"https:\/\/schema.org","@graph":[{"@type":"Article","@id":"https:\/\/brasilnoticias.org\/site\/estudante-envia-foto-de-arma-e-faz-ameacas-de-massacre-a-escolao-chicote-vai-estralar\/#article","isPartOf":{"@id":"https:\/\/brasilnoticias.org\/site\/estudante-envia-foto-de-arma-e-faz-ameacas-de-massacre-a-escolao-chicote-vai-estralar\/"},"author":{"name":"Reda\u00e7\u00e3o","@id":"https:\/\/brasilnoticias.org\/site\/#\/schema\/person\/a0e05b973ec4d15c658d51911e53507b"},"headline":"Estudante envia foto de arma e faz amea\u00e7as de massacre a escola:&#8221;O chicote vai estralar&#8221;","datePublished":"2023-03-28T09:25:39+00:00","mainEntityOfPage":{"@id":"https:\/\/brasilnoticias.org\/site\/estudante-envia-foto-de-arma-e-faz-ameacas-de-massacre-a-escolao-chicote-vai-estralar\/"},"wordCount":255,"commentCount":0,"publisher":{"@id":"https:\/\/brasilnoticias.org\/site\/#organization"},"image":{"@id":"https:\/\/brasilnoticias.org\/site\/estudante-envia-foto-de-arma-e-faz-ameacas-de-massacre-a-escolao-chicote-vai-estralar\/#primaryimage"},"thumbnailUrl":"https:\/\/brasilnoticias.org\/site\/wp-content\/uploads\/2023\/03\/design_sem_nome_27_xve0f2W_widelg.jpg","articleSection":["Not\u00edcias","\u00daltimas"],"inLanguage":"pt-PT","potentialAction":[{"@type":"CommentAction","name":"Comment","target":["https:\/\/brasilnoticias.org\/site\/estudante-envia-foto-de-arma-e-faz-ameacas-de-massacre-a-escolao-chicote-vai-estralar\/#respond"]}]},{"@type":"WebPage","@id":"https:\/\/brasilnoticias.org\/site\/estudante-envia-foto-de-arma-e-faz-ameacas-de-massacre-a-escolao-chicote-vai-estralar\/","url":"https:\/\/brasilnoticias.org\/site\/estudante-envia-foto-de-arma-e-faz-ameacas-de-massacre-a-escolao-chicote-vai-estralar\/","name":"Estudante envia foto de arma e faz amea\u00e7as de massacre a escola:\"O chicote vai estralar\" - Brasil not\u00edcias","isPartOf":{"@id":"https:\/\/brasilnoticias.org\/site\/#website"},"primaryImageOfPage":{"@id":"https:\/\/brasilnoticias.org\/site\/estudante-envia-foto-de-arma-e-faz-ameacas-de-massacre-a-escolao-chicote-vai-estralar\/#primaryimage"},"image":{"@id":"https:\/\/brasilnoticias.org\/site\/estudante-envia-foto-de-arma-e-faz-ameacas-de-massacre-a-escolao-chicote-vai-estralar\/#primaryimage"},"thumbnailUrl":"https:\/\/brasilnoticias.org\/site\/wp-content\/uploads\/2023\/03\/design_sem_nome_27_xve0f2W_widelg.jpg","datePublished":"2023-03-28T09:25:39+00:00","breadcrumb":{"@id":"https:\/\/brasilnoticias.org\/site\/estudante-envia-foto-de-arma-e-faz-ameacas-de-massacre-a-escolao-chicote-vai-estralar\/#breadcrumb"},"inLanguage":"pt-PT","potentialAction":[{"@type":"ReadAction","target":["https:\/\/brasilnoticias.org\/site\/estudante-envia-foto-de-arma-e-faz-ameacas-de-massacre-a-escolao-chicote-vai-estralar\/"]}]},{"@type":"ImageObject","inLanguage":"pt-PT","@id":"https:\/\/brasilnoticias.org\/site\/estudante-envia-foto-de-arma-e-faz-ameacas-de-massacre-a-escolao-chicote-vai-estralar\/#primaryimage","url":"https:\/\/brasilnoticias.org\/site\/wp-content\/uploads\/2023\/03\/design_sem_nome_27_xve0f2W_widelg.jpg","contentUrl":"https:\/\/brasilnoticias.org\/site\/wp-content\/uploads\/2023\/03\/design_sem_nome_27_xve0f2W_widelg.jpg","width":800,"height":450},{"@type":"BreadcrumbList","@id":"https:\/\/brasilnoticias.org\/site\/estudante-envia-foto-de-arma-e-faz-ameacas-de-massacre-a-escolao-chicote-vai-estralar\/#breadcrumb","itemListElement":[{"@type":"ListItem","position":1,"name":"In\u00edcio","item":"https:\/\/brasilnoticias.org\/site\/"},{"@type":"ListItem","position":2,"name":"Estudante envia foto de arma e faz amea\u00e7as de massacre a escola:&#8221;O chicote vai estralar&#8221;"}]},{"@type":"WebSite","@id":"https:\/\/brasilnoticias.org\/site\/#website","url":"https:\/\/brasilnoticias.org\/site\/","name":"Brasil not\u00edcias","description":"Brasil not\u00edcias","publisher":{"@id":"https:\/\/brasilnoticias.org\/site\/#organization"},"potentialAction":[{"@type":"SearchAction","target":{"@type":"EntryPoint","urlTemplate":"https:\/\/brasilnoticias.org\/site\/?s={search_term_string}"},"query-input":{"@type":"PropertyValueSpecification","valueRequired":true,"valueName":"search_term_string"}}],"inLanguage":"pt-PT"},{"@type":"Organization","@id":"https:\/\/brasilnoticias.org\/site\/#organization","name":"Brasil not\u00edcias","url":"https:\/\/brasilnoticias.org\/site\/","logo":{"@type":"ImageObject","inLanguage":"pt-PT","@id":"https:\/\/brasilnoticias.org\/site\/#\/schema\/logo\/image\/","url":"https:\/\/brasilnoticias.org\/site\/wp-content\/uploads\/2022\/05\/cropped-brasilnoticias-mini.jpg","contentUrl":"https:\/\/brasilnoticias.org\/site\/wp-content\/uploads\/2022\/05\/cropped-brasilnoticias-mini.jpg","width":314,"height":86,"caption":"Brasil not\u00edcias"},"image":{"@id":"https:\/\/brasilnoticias.org\/site\/#\/schema\/logo\/image\/"}},{"@type":"Person","@id":"https:\/\/brasilnoticias.org\/site\/#\/schema\/person\/a0e05b973ec4d15c658d51911e53507b","name":"Reda\u00e7\u00e3o","image":{"@type":"ImageObject","inLanguage":"pt-PT","@id":"https:\/\/brasilnoticias.org\/site\/#\/schema\/person\/image\/","url":"https:\/\/secure.gravatar.com\/avatar\/75d8b050df2de108b08ae78dfb8e374892df24a383c67db9c46a9c604f6aee9c?s=96&d=mm&r=g","contentUrl":"https:\/\/secure.gravatar.com\/avatar\/75d8b050df2de108b08ae78dfb8e374892df24a383c67db9c46a9c604f6aee9c?s=96&d=mm&r=g","caption":"Reda\u00e7\u00e3o"},"sameAs":["https:\/\/brasilnoticias.org\/site"],"url":"https:\/\/brasilnoticias.org\/site\/author\/fernandozsngmail-com\/"}]}},"_links":{"self":[{"href":"https:\/\/brasilnoticias.org\/site\/wp-json\/wp\/v2\/posts\/5048","targetHints":{"allow":["GET"]}}],"collection":[{"href":"https:\/\/brasilnoticias.org\/site\/wp-json\/wp\/v2\/posts"}],"about":[{"href":"https:\/\/brasilnoticias.org\/site\/wp-json\/wp\/v2\/types\/post"}],"author":[{"embeddable":true,"href":"https:\/\/brasilnoticias.org\/site\/wp-json\/wp\/v2\/users\/1"}],"replies":[{"embeddable":true,"href":"https:\/\/brasilnoticias.org\/site\/wp-json\/wp\/v2\/comments?post=5048"}],"version-history":[{"count":1,"href":"https:\/\/brasilnoticias.org\/site\/wp-json\/wp\/v2\/posts\/5048\/revisions"}],"predecessor-version":[{"id":5050,"href":"https:\/\/brasilnoticias.org\/site\/wp-json\/wp\/v2\/posts\/5048\/revisions\/5050"}],"wp:featuredmedia":[{"embeddable":true,"href":"https:\/\/brasilnoticias.org\/site\/wp-json\/wp\/v2\/media\/5049"}],"wp:attachment":[{"href":"https:\/\/brasilnoticias.org\/site\/wp-json\/wp\/v2\/media?parent=5048"}],"wp:term":[{"taxonomy":"category","embeddable":true,"href":"https:\/\/brasilnoticias.org\/site\/wp-json\/wp\/v2\/categories?post=5048"},{"taxonomy":"post_tag","embeddable":true,"href":"https:\/\/brasilnoticias.org\/site\/wp-json\/wp\/v2\/tags?post=5048"}],"curies":[{"name":"wp","href":"https:\/\/api.w.org\/{rel}","templated":true}]}}