{"id":5062,"date":"2023-03-28T18:00:41","date_gmt":"2023-03-28T21:00:41","guid":{"rendered":"https:\/\/brasilnoticias.org\/site\/?p=5062"},"modified":"2023-03-28T17:22:37","modified_gmt":"2023-03-28T20:22:37","slug":"jogador-do-vitoria-treina-separado-e-nao-continuara-no-clube-saiba-quem","status":"publish","type":"post","link":"https:\/\/brasilnoticias.org\/site\/jogador-do-vitoria-treina-separado-e-nao-continuara-no-clube-saiba-quem\/","title":{"rendered":"Jogador do Vit\u00f3ria treina separado e n\u00e3o continuar\u00e1 no clube; saiba quem"},"content":{"rendered":"<p>O lateral esquerdo Guilherme Lazaroni, do Vit\u00f3ria, se recuperou de mais uma les\u00e3o e est\u00e1 treinando em separado do elenco principal do clube, uma vez que o mesmo ter\u00e1 seu contrato encerrado em abril e n\u00e3o ter\u00e1 seu v\u00ednculo com o rubro negro baiano prolongado. A informa\u00e7\u00e3o foi divulgada inicialmente pelo Correio.<\/p>\n<p>Lazaroni chegou no Vit\u00f3ria para a disputa da S\u00e9rie C de 2022 e em dado momento na temporada foi titular e parte importante do elenco rubro negro, por\u00e9m conviveu com diversas les\u00f5es durante sua estadia em Salvador e n\u00e3o conseguiu convencer a torcida e a diretoria para a renova\u00e7\u00e3o de seu contrato com o clube.<\/p>\n<p>Pelo Vit\u00f3ria, Guilherme Lazaroni atuou em 13 partidas e marcou um gol<\/p>\n<p>Foto: Pietro Carpi\/EC Vit\u00f3ria<br \/>\n    BNews<\/p>\n","protected":false},"excerpt":{"rendered":"<p>O lateral esquerdo Guilherme Lazaroni, do Vit\u00f3ria, se recuperou de mais uma les\u00e3o e est\u00e1 treinando em separado do elenco<\/p>\n","protected":false},"author":1,"featured_media":5063,"comment_status":"open","ping_status":"open","sticky":false,"template":"","format":"standard","meta":{"colormag_page_container_layout":"default_layout","colormag_page_sidebar_layout":"default_layout","_FSMCFIC_featured_image_caption":"","_FSMCFIC_featured_image_nocaption":"","_FSMCFIC_featured_image_hide":"","footnotes":""},"categories":[4,1],"tags":[],"class_list":["post-5062","post","type-post","status-publish","format-standard","has-post-thumbnail","hentry","category-esporte","category-ultimas"],"yoast_head":"<!-- This site is optimized with the Yoast SEO plugin v27.1.1 - https:\/\/yoast.com\/product\/yoast-seo-wordpress\/ -->\n<title>Jogador do Vit\u00f3ria treina separado e n\u00e3o continuar\u00e1 no clube; saiba quem - Brasil not\u00edcias<\/title>\n<meta name=\"robots\" content=\"index, follow, max-snippet:-1, max-image-preview:large, max-video-preview:-1\" \/>\n<link rel=\"canonical\" href=\"https:\/\/brasilnoticias.org\/site\/jogador-do-vitoria-treina-separado-e-nao-continuara-no-clube-saiba-quem\/\" \/>\n<meta property=\"og:locale\" content=\"pt_PT\" \/>\n<meta property=\"og:type\" content=\"article\" \/>\n<meta property=\"og:title\" content=\"Jogador do Vit\u00f3ria treina separado e n\u00e3o continuar\u00e1 no clube; saiba quem - Brasil not\u00edcias\" \/>\n<meta property=\"og:description\" content=\"O lateral esquerdo Guilherme Lazaroni, do Vit\u00f3ria, se recuperou de mais uma les\u00e3o e est\u00e1 treinando em separado do elenco\" \/>\n<meta property=\"og:url\" content=\"https:\/\/brasilnoticias.org\/site\/jogador-do-vitoria-treina-separado-e-nao-continuara-no-clube-saiba-quem\/\" \/>\n<meta property=\"og:site_name\" content=\"Brasil not\u00edcias\" \/>\n<meta property=\"article:published_time\" content=\"2023-03-28T21:00:41+00:00\" \/>\n<meta property=\"og:image\" content=\"https:\/\/brasilnoticias.org\/site\/wp-content\/uploads\/2023\/03\/whatsapp_image_2023-03-28_at_12.58.50_widelg.jpeg\" \/>\n\t<meta property=\"og:image:width\" content=\"800\" \/>\n\t<meta property=\"og:image:height\" content=\"450\" \/>\n\t<meta property=\"og:image:type\" content=\"image\/jpeg\" \/>\n<meta name=\"author\" content=\"Reda\u00e7\u00e3o\" \/>\n<meta name=\"twitter:card\" content=\"summary_large_image\" \/>\n<meta name=\"twitter:label1\" content=\"Escrito por\" \/>\n\t<meta name=\"twitter:data1\" content=\"Reda\u00e7\u00e3o\" \/>\n<script type=\"application\/ld+json\" class=\"yoast-schema-graph\">{\"@context\":\"https:\/\/schema.org\",\"@graph\":[{\"@type\":\"Article\",\"@id\":\"https:\/\/brasilnoticias.org\/site\/jogador-do-vitoria-treina-separado-e-nao-continuara-no-clube-saiba-quem\/#article\",\"isPartOf\":{\"@id\":\"https:\/\/brasilnoticias.org\/site\/jogador-do-vitoria-treina-separado-e-nao-continuara-no-clube-saiba-quem\/\"},\"author\":{\"name\":\"Reda\u00e7\u00e3o\",\"@id\":\"https:\/\/brasilnoticias.org\/site\/#\/schema\/person\/a0e05b973ec4d15c658d51911e53507b\"},\"headline\":\"Jogador do Vit\u00f3ria treina separado e n\u00e3o continuar\u00e1 no clube; saiba quem\",\"datePublished\":\"2023-03-28T21:00:41+00:00\",\"mainEntityOfPage\":{\"@id\":\"https:\/\/brasilnoticias.org\/site\/jogador-do-vitoria-treina-separado-e-nao-continuara-no-clube-saiba-quem\/\"},\"wordCount\":150,\"commentCount\":0,\"publisher\":{\"@id\":\"https:\/\/brasilnoticias.org\/site\/#organization\"},\"image\":{\"@id\":\"https:\/\/brasilnoticias.org\/site\/jogador-do-vitoria-treina-separado-e-nao-continuara-no-clube-saiba-quem\/#primaryimage\"},\"thumbnailUrl\":\"https:\/\/brasilnoticias.org\/site\/wp-content\/uploads\/2023\/03\/whatsapp_image_2023-03-28_at_12.58.50_widelg.jpeg\",\"articleSection\":[\"Esporte\",\"\u00daltimas\"],\"inLanguage\":\"pt-PT\",\"potentialAction\":[{\"@type\":\"CommentAction\",\"name\":\"Comment\",\"target\":[\"https:\/\/brasilnoticias.org\/site\/jogador-do-vitoria-treina-separado-e-nao-continuara-no-clube-saiba-quem\/#respond\"]}]},{\"@type\":\"WebPage\",\"@id\":\"https:\/\/brasilnoticias.org\/site\/jogador-do-vitoria-treina-separado-e-nao-continuara-no-clube-saiba-quem\/\",\"url\":\"https:\/\/brasilnoticias.org\/site\/jogador-do-vitoria-treina-separado-e-nao-continuara-no-clube-saiba-quem\/\",\"name\":\"Jogador do Vit\u00f3ria treina separado e n\u00e3o continuar\u00e1 no clube; saiba quem - Brasil not\u00edcias\",\"isPartOf\":{\"@id\":\"https:\/\/brasilnoticias.org\/site\/#website\"},\"primaryImageOfPage\":{\"@id\":\"https:\/\/brasilnoticias.org\/site\/jogador-do-vitoria-treina-separado-e-nao-continuara-no-clube-saiba-quem\/#primaryimage\"},\"image\":{\"@id\":\"https:\/\/brasilnoticias.org\/site\/jogador-do-vitoria-treina-separado-e-nao-continuara-no-clube-saiba-quem\/#primaryimage\"},\"thumbnailUrl\":\"https:\/\/brasilnoticias.org\/site\/wp-content\/uploads\/2023\/03\/whatsapp_image_2023-03-28_at_12.58.50_widelg.jpeg\",\"datePublished\":\"2023-03-28T21:00:41+00:00\",\"breadcrumb\":{\"@id\":\"https:\/\/brasilnoticias.org\/site\/jogador-do-vitoria-treina-separado-e-nao-continuara-no-clube-saiba-quem\/#breadcrumb\"},\"inLanguage\":\"pt-PT\",\"potentialAction\":[{\"@type\":\"ReadAction\",\"target\":[\"https:\/\/brasilnoticias.org\/site\/jogador-do-vitoria-treina-separado-e-nao-continuara-no-clube-saiba-quem\/\"]}]},{\"@type\":\"ImageObject\",\"inLanguage\":\"pt-PT\",\"@id\":\"https:\/\/brasilnoticias.org\/site\/jogador-do-vitoria-treina-separado-e-nao-continuara-no-clube-saiba-quem\/#primaryimage\",\"url\":\"https:\/\/brasilnoticias.org\/site\/wp-content\/uploads\/2023\/03\/whatsapp_image_2023-03-28_at_12.58.50_widelg.jpeg\",\"contentUrl\":\"https:\/\/brasilnoticias.org\/site\/wp-content\/uploads\/2023\/03\/whatsapp_image_2023-03-28_at_12.58.50_widelg.jpeg\",\"width\":800,\"height\":450},{\"@type\":\"BreadcrumbList\",\"@id\":\"https:\/\/brasilnoticias.org\/site\/jogador-do-vitoria-treina-separado-e-nao-continuara-no-clube-saiba-quem\/#breadcrumb\",\"itemListElement\":[{\"@type\":\"ListItem\",\"position\":1,\"name\":\"In\u00edcio\",\"item\":\"https:\/\/brasilnoticias.org\/site\/\"},{\"@type\":\"ListItem\",\"position\":2,\"name\":\"Jogador do Vit\u00f3ria treina separado e n\u00e3o continuar\u00e1 no clube; saiba quem\"}]},{\"@type\":\"WebSite\",\"@id\":\"https:\/\/brasilnoticias.org\/site\/#website\",\"url\":\"https:\/\/brasilnoticias.org\/site\/\",\"name\":\"Brasil not\u00edcias\",\"description\":\"Brasil not\u00edcias\",\"publisher\":{\"@id\":\"https:\/\/brasilnoticias.org\/site\/#organization\"},\"potentialAction\":[{\"@type\":\"SearchAction\",\"target\":{\"@type\":\"EntryPoint\",\"urlTemplate\":\"https:\/\/brasilnoticias.org\/site\/?s={search_term_string}\"},\"query-input\":{\"@type\":\"PropertyValueSpecification\",\"valueRequired\":true,\"valueName\":\"search_term_string\"}}],\"inLanguage\":\"pt-PT\"},{\"@type\":\"Organization\",\"@id\":\"https:\/\/brasilnoticias.org\/site\/#organization\",\"name\":\"Brasil not\u00edcias\",\"url\":\"https:\/\/brasilnoticias.org\/site\/\",\"logo\":{\"@type\":\"ImageObject\",\"inLanguage\":\"pt-PT\",\"@id\":\"https:\/\/brasilnoticias.org\/site\/#\/schema\/logo\/image\/\",\"url\":\"https:\/\/brasilnoticias.org\/site\/wp-content\/uploads\/2022\/05\/cropped-brasilnoticias-mini.jpg\",\"contentUrl\":\"https:\/\/brasilnoticias.org\/site\/wp-content\/uploads\/2022\/05\/cropped-brasilnoticias-mini.jpg\",\"width\":314,\"height\":86,\"caption\":\"Brasil not\u00edcias\"},\"image\":{\"@id\":\"https:\/\/brasilnoticias.org\/site\/#\/schema\/logo\/image\/\"}},{\"@type\":\"Person\",\"@id\":\"https:\/\/brasilnoticias.org\/site\/#\/schema\/person\/a0e05b973ec4d15c658d51911e53507b\",\"name\":\"Reda\u00e7\u00e3o\",\"image\":{\"@type\":\"ImageObject\",\"inLanguage\":\"pt-PT\",\"@id\":\"https:\/\/brasilnoticias.org\/site\/#\/schema\/person\/image\/\",\"url\":\"https:\/\/secure.gravatar.com\/avatar\/75d8b050df2de108b08ae78dfb8e374892df24a383c67db9c46a9c604f6aee9c?s=96&d=mm&r=g\",\"contentUrl\":\"https:\/\/secure.gravatar.com\/avatar\/75d8b050df2de108b08ae78dfb8e374892df24a383c67db9c46a9c604f6aee9c?s=96&d=mm&r=g\",\"caption\":\"Reda\u00e7\u00e3o\"},\"sameAs\":[\"https:\/\/brasilnoticias.org\/site\"],\"url\":\"https:\/\/brasilnoticias.org\/site\/author\/fernandozsngmail-com\/\"}]}<\/script>\n<!-- \/ Yoast SEO plugin. -->","yoast_head_json":{"title":"Jogador do Vit\u00f3ria treina separado e n\u00e3o continuar\u00e1 no clube; saiba quem - Brasil not\u00edcias","robots":{"index":"index","follow":"follow","max-snippet":"max-snippet:-1","max-image-preview":"max-image-preview:large","max-video-preview":"max-video-preview:-1"},"canonical":"https:\/\/brasilnoticias.org\/site\/jogador-do-vitoria-treina-separado-e-nao-continuara-no-clube-saiba-quem\/","og_locale":"pt_PT","og_type":"article","og_title":"Jogador do Vit\u00f3ria treina separado e n\u00e3o continuar\u00e1 no clube; saiba quem - Brasil not\u00edcias","og_description":"O lateral esquerdo Guilherme Lazaroni, do Vit\u00f3ria, se recuperou de mais uma les\u00e3o e est\u00e1 treinando em separado do elenco","og_url":"https:\/\/brasilnoticias.org\/site\/jogador-do-vitoria-treina-separado-e-nao-continuara-no-clube-saiba-quem\/","og_site_name":"Brasil not\u00edcias","article_published_time":"2023-03-28T21:00:41+00:00","og_image":[{"width":800,"height":450,"url":"https:\/\/brasilnoticias.org\/site\/wp-content\/uploads\/2023\/03\/whatsapp_image_2023-03-28_at_12.58.50_widelg.jpeg","type":"image\/jpeg"}],"author":"Reda\u00e7\u00e3o","twitter_card":"summary_large_image","twitter_misc":{"Escrito por":"Reda\u00e7\u00e3o"},"schema":{"@context":"https:\/\/schema.org","@graph":[{"@type":"Article","@id":"https:\/\/brasilnoticias.org\/site\/jogador-do-vitoria-treina-separado-e-nao-continuara-no-clube-saiba-quem\/#article","isPartOf":{"@id":"https:\/\/brasilnoticias.org\/site\/jogador-do-vitoria-treina-separado-e-nao-continuara-no-clube-saiba-quem\/"},"author":{"name":"Reda\u00e7\u00e3o","@id":"https:\/\/brasilnoticias.org\/site\/#\/schema\/person\/a0e05b973ec4d15c658d51911e53507b"},"headline":"Jogador do Vit\u00f3ria treina separado e n\u00e3o continuar\u00e1 no clube; saiba quem","datePublished":"2023-03-28T21:00:41+00:00","mainEntityOfPage":{"@id":"https:\/\/brasilnoticias.org\/site\/jogador-do-vitoria-treina-separado-e-nao-continuara-no-clube-saiba-quem\/"},"wordCount":150,"commentCount":0,"publisher":{"@id":"https:\/\/brasilnoticias.org\/site\/#organization"},"image":{"@id":"https:\/\/brasilnoticias.org\/site\/jogador-do-vitoria-treina-separado-e-nao-continuara-no-clube-saiba-quem\/#primaryimage"},"thumbnailUrl":"https:\/\/brasilnoticias.org\/site\/wp-content\/uploads\/2023\/03\/whatsapp_image_2023-03-28_at_12.58.50_widelg.jpeg","articleSection":["Esporte","\u00daltimas"],"inLanguage":"pt-PT","potentialAction":[{"@type":"CommentAction","name":"Comment","target":["https:\/\/brasilnoticias.org\/site\/jogador-do-vitoria-treina-separado-e-nao-continuara-no-clube-saiba-quem\/#respond"]}]},{"@type":"WebPage","@id":"https:\/\/brasilnoticias.org\/site\/jogador-do-vitoria-treina-separado-e-nao-continuara-no-clube-saiba-quem\/","url":"https:\/\/brasilnoticias.org\/site\/jogador-do-vitoria-treina-separado-e-nao-continuara-no-clube-saiba-quem\/","name":"Jogador do Vit\u00f3ria treina separado e n\u00e3o continuar\u00e1 no clube; saiba quem - Brasil not\u00edcias","isPartOf":{"@id":"https:\/\/brasilnoticias.org\/site\/#website"},"primaryImageOfPage":{"@id":"https:\/\/brasilnoticias.org\/site\/jogador-do-vitoria-treina-separado-e-nao-continuara-no-clube-saiba-quem\/#primaryimage"},"image":{"@id":"https:\/\/brasilnoticias.org\/site\/jogador-do-vitoria-treina-separado-e-nao-continuara-no-clube-saiba-quem\/#primaryimage"},"thumbnailUrl":"https:\/\/brasilnoticias.org\/site\/wp-content\/uploads\/2023\/03\/whatsapp_image_2023-03-28_at_12.58.50_widelg.jpeg","datePublished":"2023-03-28T21:00:41+00:00","breadcrumb":{"@id":"https:\/\/brasilnoticias.org\/site\/jogador-do-vitoria-treina-separado-e-nao-continuara-no-clube-saiba-quem\/#breadcrumb"},"inLanguage":"pt-PT","potentialAction":[{"@type":"ReadAction","target":["https:\/\/brasilnoticias.org\/site\/jogador-do-vitoria-treina-separado-e-nao-continuara-no-clube-saiba-quem\/"]}]},{"@type":"ImageObject","inLanguage":"pt-PT","@id":"https:\/\/brasilnoticias.org\/site\/jogador-do-vitoria-treina-separado-e-nao-continuara-no-clube-saiba-quem\/#primaryimage","url":"https:\/\/brasilnoticias.org\/site\/wp-content\/uploads\/2023\/03\/whatsapp_image_2023-03-28_at_12.58.50_widelg.jpeg","contentUrl":"https:\/\/brasilnoticias.org\/site\/wp-content\/uploads\/2023\/03\/whatsapp_image_2023-03-28_at_12.58.50_widelg.jpeg","width":800,"height":450},{"@type":"BreadcrumbList","@id":"https:\/\/brasilnoticias.org\/site\/jogador-do-vitoria-treina-separado-e-nao-continuara-no-clube-saiba-quem\/#breadcrumb","itemListElement":[{"@type":"ListItem","position":1,"name":"In\u00edcio","item":"https:\/\/brasilnoticias.org\/site\/"},{"@type":"ListItem","position":2,"name":"Jogador do Vit\u00f3ria treina separado e n\u00e3o continuar\u00e1 no clube; saiba quem"}]},{"@type":"WebSite","@id":"https:\/\/brasilnoticias.org\/site\/#website","url":"https:\/\/brasilnoticias.org\/site\/","name":"Brasil not\u00edcias","description":"Brasil not\u00edcias","publisher":{"@id":"https:\/\/brasilnoticias.org\/site\/#organization"},"potentialAction":[{"@type":"SearchAction","target":{"@type":"EntryPoint","urlTemplate":"https:\/\/brasilnoticias.org\/site\/?s={search_term_string}"},"query-input":{"@type":"PropertyValueSpecification","valueRequired":true,"valueName":"search_term_string"}}],"inLanguage":"pt-PT"},{"@type":"Organization","@id":"https:\/\/brasilnoticias.org\/site\/#organization","name":"Brasil not\u00edcias","url":"https:\/\/brasilnoticias.org\/site\/","logo":{"@type":"ImageObject","inLanguage":"pt-PT","@id":"https:\/\/brasilnoticias.org\/site\/#\/schema\/logo\/image\/","url":"https:\/\/brasilnoticias.org\/site\/wp-content\/uploads\/2022\/05\/cropped-brasilnoticias-mini.jpg","contentUrl":"https:\/\/brasilnoticias.org\/site\/wp-content\/uploads\/2022\/05\/cropped-brasilnoticias-mini.jpg","width":314,"height":86,"caption":"Brasil not\u00edcias"},"image":{"@id":"https:\/\/brasilnoticias.org\/site\/#\/schema\/logo\/image\/"}},{"@type":"Person","@id":"https:\/\/brasilnoticias.org\/site\/#\/schema\/person\/a0e05b973ec4d15c658d51911e53507b","name":"Reda\u00e7\u00e3o","image":{"@type":"ImageObject","inLanguage":"pt-PT","@id":"https:\/\/brasilnoticias.org\/site\/#\/schema\/person\/image\/","url":"https:\/\/secure.gravatar.com\/avatar\/75d8b050df2de108b08ae78dfb8e374892df24a383c67db9c46a9c604f6aee9c?s=96&d=mm&r=g","contentUrl":"https:\/\/secure.gravatar.com\/avatar\/75d8b050df2de108b08ae78dfb8e374892df24a383c67db9c46a9c604f6aee9c?s=96&d=mm&r=g","caption":"Reda\u00e7\u00e3o"},"sameAs":["https:\/\/brasilnoticias.org\/site"],"url":"https:\/\/brasilnoticias.org\/site\/author\/fernandozsngmail-com\/"}]}},"_links":{"self":[{"href":"https:\/\/brasilnoticias.org\/site\/wp-json\/wp\/v2\/posts\/5062","targetHints":{"allow":["GET"]}}],"collection":[{"href":"https:\/\/brasilnoticias.org\/site\/wp-json\/wp\/v2\/posts"}],"about":[{"href":"https:\/\/brasilnoticias.org\/site\/wp-json\/wp\/v2\/types\/post"}],"author":[{"embeddable":true,"href":"https:\/\/brasilnoticias.org\/site\/wp-json\/wp\/v2\/users\/1"}],"replies":[{"embeddable":true,"href":"https:\/\/brasilnoticias.org\/site\/wp-json\/wp\/v2\/comments?post=5062"}],"version-history":[{"count":1,"href":"https:\/\/brasilnoticias.org\/site\/wp-json\/wp\/v2\/posts\/5062\/revisions"}],"predecessor-version":[{"id":5064,"href":"https:\/\/brasilnoticias.org\/site\/wp-json\/wp\/v2\/posts\/5062\/revisions\/5064"}],"wp:featuredmedia":[{"embeddable":true,"href":"https:\/\/brasilnoticias.org\/site\/wp-json\/wp\/v2\/media\/5063"}],"wp:attachment":[{"href":"https:\/\/brasilnoticias.org\/site\/wp-json\/wp\/v2\/media?parent=5062"}],"wp:term":[{"taxonomy":"category","embeddable":true,"href":"https:\/\/brasilnoticias.org\/site\/wp-json\/wp\/v2\/categories?post=5062"},{"taxonomy":"post_tag","embeddable":true,"href":"https:\/\/brasilnoticias.org\/site\/wp-json\/wp\/v2\/tags?post=5062"}],"curies":[{"name":"wp","href":"https:\/\/api.w.org\/{rel}","templated":true}]}}