{"id":5076,"date":"2023-03-29T06:29:53","date_gmt":"2023-03-29T09:29:53","guid":{"rendered":"https:\/\/brasilnoticias.org\/site\/?p=5076"},"modified":"2023-03-29T06:29:53","modified_gmt":"2023-03-29T09:29:53","slug":"diego-fumaca-e-apresentado-e-promete-dedicacao-no-vitoria","status":"publish","type":"post","link":"https:\/\/brasilnoticias.org\/site\/diego-fumaca-e-apresentado-e-promete-dedicacao-no-vitoria\/","title":{"rendered":"Diego Fuma\u00e7a \u00e9 apresentado e promete dedica\u00e7\u00e3o no Vit\u00f3ria"},"content":{"rendered":"<p>O volante Diego Fuma\u00e7a foi apresentado na tarde desta ter\u00e7a-feira, 29, na sala de imprensa Jornalista Jo\u00e3o Borges Boug\u00ea, no Barrad\u00e3o. Ele \u00e9 o segundo refor\u00e7o apresentado pela diretoria para a disputa da S\u00e9rie B do Campeonato Brasileiro.<\/p>\n<p>O jogador de 28 anos foi escolhido como o melhor volante do Campeonato Mineiro, quando defendeu o Athletic. Ele prometeu dedica\u00e7\u00e3o a torcida rubro-negra.<\/p>\n<p>&#8220;Pode esperar um jogador muito ra\u00e7udo, um jogador que vai entregar tudo dentro de campo. Vou dar meu m\u00e1ximo por essa camisa, para ganhar jogos&#8221;, garantiu.<br \/>\nFrente de zaga, Fuma\u00e7a detalhou suas caracter\u00edsticas de jogo. Motivado, ele espera fazer um bom trabalho no rubro-negro baiano.<\/p>\n<p>&#8220;Minha caracter\u00edstica sempre foi de marca\u00e7\u00e3o forte, ali no primeiro combate. Ent\u00e3o, agradecer ao presidente a\u00ed pelo oportunidade de estar atuando com essa camisa do Vit\u00f3ria, que \u00e9 uma camisa grande. Tenho certeza que a gente vai fazer uma grande S\u00e9rie B, com o intuito de subir, que \u00e9 o desejo do presidente, desejo meu, desejo dos companheiros, da comiss\u00e3o toda. Ent\u00e3o vamos fazer um grande trabalho&#8221;, explicou.<\/p>\n<p>O atleta falou sobre seu apelido. Ele explicou que vem de um tio, que era jogador de futebol.<\/p>\n<p>&#8220;Origem do meu apelido \u00e9 por causa do meu tio, que tamb\u00e9m jogou futebol, e eu sempre acompanhava ele, e me chamavam de &#8220;Fumacinha&#8221;. Pegou, tamb\u00e9m gostei deste apelido. O nome Diego Fuma\u00e7a gosto muito&#8221;, disse.<\/p>\n<p>Eliminado do Campeonato Baiano e das Copa do Nordeste e do Brasil de maneira precoce, o Vit\u00f3ria tem como meta fazer um bom Campeonato Brasileiro para voltar a S\u00e9rie A. Diego Fuma\u00e7a garante que com a uni\u00e3o entre time e torcida aliado ao trabalho, o objetivo pode ser conquistado.<\/p>\n<p>&#8220;Como o presidente falou, o Vit\u00f3ria ficou muito tempo na S\u00e9rie A, e tenho certeza que vai ser um dos times que v\u00e3o subir, ent\u00e3o n\u00e3o tem como dizer n\u00e3o para o Vit\u00f3ria. Pelo que eu vi no Instagram, a torcida do Vit\u00f3ria apoia bastante. \u00c9 o d\u00e9cimo segundo jogador. Ent\u00e3o, eu tenho certeza, junto com o torcedor, que vai nos ajudar bastante a subir para S\u00e9rie A. Ent\u00e3o, a gente tem que se dedicar ao m\u00e1ximo dentro de campo&#8221;, finalizou.<\/p>\n<p>Foto: Victor Ferreira \/ EC Vit\u00f3ria<br \/>\nA Tarde<\/p>\n","protected":false},"excerpt":{"rendered":"<p>O volante Diego Fuma\u00e7a foi apresentado na tarde desta ter\u00e7a-feira, 29, na sala de imprensa Jornalista Jo\u00e3o Borges Boug\u00ea, no<\/p>\n","protected":false},"author":1,"featured_media":5077,"comment_status":"open","ping_status":"open","sticky":false,"template":"","format":"standard","meta":{"colormag_page_container_layout":"default_layout","colormag_page_sidebar_layout":"default_layout","_FSMCFIC_featured_image_caption":"","_FSMCFIC_featured_image_nocaption":"","_FSMCFIC_featured_image_hide":"","footnotes":""},"categories":[4,1],"tags":[],"class_list":["post-5076","post","type-post","status-publish","format-standard","has-post-thumbnail","hentry","category-esporte","category-ultimas"],"yoast_head":"<!-- This site is optimized with the Yoast SEO plugin v27.1.1 - https:\/\/yoast.com\/product\/yoast-seo-wordpress\/ -->\n<title>Diego Fuma\u00e7a \u00e9 apresentado e promete dedica\u00e7\u00e3o no Vit\u00f3ria - Brasil not\u00edcias<\/title>\n<meta name=\"robots\" content=\"index, follow, max-snippet:-1, max-image-preview:large, max-video-preview:-1\" \/>\n<link rel=\"canonical\" href=\"https:\/\/brasilnoticias.org\/site\/diego-fumaca-e-apresentado-e-promete-dedicacao-no-vitoria\/\" \/>\n<meta property=\"og:locale\" content=\"pt_PT\" \/>\n<meta property=\"og:type\" content=\"article\" \/>\n<meta property=\"og:title\" content=\"Diego Fuma\u00e7a \u00e9 apresentado e promete dedica\u00e7\u00e3o no Vit\u00f3ria - Brasil not\u00edcias\" \/>\n<meta property=\"og:description\" content=\"O volante Diego Fuma\u00e7a foi apresentado na tarde desta ter\u00e7a-feira, 29, na sala de imprensa Jornalista Jo\u00e3o Borges Boug\u00ea, no\" \/>\n<meta property=\"og:url\" content=\"https:\/\/brasilnoticias.org\/site\/diego-fumaca-e-apresentado-e-promete-dedicacao-no-vitoria\/\" \/>\n<meta property=\"og:site_name\" content=\"Brasil not\u00edcias\" \/>\n<meta property=\"article:published_time\" content=\"2023-03-29T09:29:53+00:00\" \/>\n<meta property=\"og:image\" content=\"https:\/\/brasilnoticias.org\/site\/wp-content\/uploads\/2023\/03\/Artigo-Destaque_01223936_00.jpg\" \/>\n\t<meta property=\"og:image:width\" content=\"1600\" \/>\n\t<meta property=\"og:image:height\" content=\"1067\" \/>\n\t<meta property=\"og:image:type\" content=\"image\/jpeg\" \/>\n<meta name=\"author\" content=\"Reda\u00e7\u00e3o\" \/>\n<meta name=\"twitter:card\" content=\"summary_large_image\" \/>\n<meta name=\"twitter:label1\" content=\"Escrito por\" \/>\n\t<meta name=\"twitter:data1\" content=\"Reda\u00e7\u00e3o\" \/>\n<script type=\"application\/ld+json\" class=\"yoast-schema-graph\">{\"@context\":\"https:\/\/schema.org\",\"@graph\":[{\"@type\":\"Article\",\"@id\":\"https:\/\/brasilnoticias.org\/site\/diego-fumaca-e-apresentado-e-promete-dedicacao-no-vitoria\/#article\",\"isPartOf\":{\"@id\":\"https:\/\/brasilnoticias.org\/site\/diego-fumaca-e-apresentado-e-promete-dedicacao-no-vitoria\/\"},\"author\":{\"name\":\"Reda\u00e7\u00e3o\",\"@id\":\"https:\/\/brasilnoticias.org\/site\/#\/schema\/person\/a0e05b973ec4d15c658d51911e53507b\"},\"headline\":\"Diego Fuma\u00e7a \u00e9 apresentado e promete dedica\u00e7\u00e3o no Vit\u00f3ria\",\"datePublished\":\"2023-03-29T09:29:53+00:00\",\"mainEntityOfPage\":{\"@id\":\"https:\/\/brasilnoticias.org\/site\/diego-fumaca-e-apresentado-e-promete-dedicacao-no-vitoria\/\"},\"wordCount\":409,\"commentCount\":0,\"publisher\":{\"@id\":\"https:\/\/brasilnoticias.org\/site\/#organization\"},\"image\":{\"@id\":\"https:\/\/brasilnoticias.org\/site\/diego-fumaca-e-apresentado-e-promete-dedicacao-no-vitoria\/#primaryimage\"},\"thumbnailUrl\":\"https:\/\/brasilnoticias.org\/site\/wp-content\/uploads\/2023\/03\/Artigo-Destaque_01223936_00.jpg\",\"articleSection\":[\"Esporte\",\"\u00daltimas\"],\"inLanguage\":\"pt-PT\",\"potentialAction\":[{\"@type\":\"CommentAction\",\"name\":\"Comment\",\"target\":[\"https:\/\/brasilnoticias.org\/site\/diego-fumaca-e-apresentado-e-promete-dedicacao-no-vitoria\/#respond\"]}]},{\"@type\":\"WebPage\",\"@id\":\"https:\/\/brasilnoticias.org\/site\/diego-fumaca-e-apresentado-e-promete-dedicacao-no-vitoria\/\",\"url\":\"https:\/\/brasilnoticias.org\/site\/diego-fumaca-e-apresentado-e-promete-dedicacao-no-vitoria\/\",\"name\":\"Diego Fuma\u00e7a \u00e9 apresentado e promete dedica\u00e7\u00e3o no Vit\u00f3ria - Brasil not\u00edcias\",\"isPartOf\":{\"@id\":\"https:\/\/brasilnoticias.org\/site\/#website\"},\"primaryImageOfPage\":{\"@id\":\"https:\/\/brasilnoticias.org\/site\/diego-fumaca-e-apresentado-e-promete-dedicacao-no-vitoria\/#primaryimage\"},\"image\":{\"@id\":\"https:\/\/brasilnoticias.org\/site\/diego-fumaca-e-apresentado-e-promete-dedicacao-no-vitoria\/#primaryimage\"},\"thumbnailUrl\":\"https:\/\/brasilnoticias.org\/site\/wp-content\/uploads\/2023\/03\/Artigo-Destaque_01223936_00.jpg\",\"datePublished\":\"2023-03-29T09:29:53+00:00\",\"breadcrumb\":{\"@id\":\"https:\/\/brasilnoticias.org\/site\/diego-fumaca-e-apresentado-e-promete-dedicacao-no-vitoria\/#breadcrumb\"},\"inLanguage\":\"pt-PT\",\"potentialAction\":[{\"@type\":\"ReadAction\",\"target\":[\"https:\/\/brasilnoticias.org\/site\/diego-fumaca-e-apresentado-e-promete-dedicacao-no-vitoria\/\"]}]},{\"@type\":\"ImageObject\",\"inLanguage\":\"pt-PT\",\"@id\":\"https:\/\/brasilnoticias.org\/site\/diego-fumaca-e-apresentado-e-promete-dedicacao-no-vitoria\/#primaryimage\",\"url\":\"https:\/\/brasilnoticias.org\/site\/wp-content\/uploads\/2023\/03\/Artigo-Destaque_01223936_00.jpg\",\"contentUrl\":\"https:\/\/brasilnoticias.org\/site\/wp-content\/uploads\/2023\/03\/Artigo-Destaque_01223936_00.jpg\",\"width\":1600,\"height\":1067},{\"@type\":\"BreadcrumbList\",\"@id\":\"https:\/\/brasilnoticias.org\/site\/diego-fumaca-e-apresentado-e-promete-dedicacao-no-vitoria\/#breadcrumb\",\"itemListElement\":[{\"@type\":\"ListItem\",\"position\":1,\"name\":\"In\u00edcio\",\"item\":\"https:\/\/brasilnoticias.org\/site\/\"},{\"@type\":\"ListItem\",\"position\":2,\"name\":\"Diego Fuma\u00e7a \u00e9 apresentado e promete dedica\u00e7\u00e3o no Vit\u00f3ria\"}]},{\"@type\":\"WebSite\",\"@id\":\"https:\/\/brasilnoticias.org\/site\/#website\",\"url\":\"https:\/\/brasilnoticias.org\/site\/\",\"name\":\"Brasil not\u00edcias\",\"description\":\"Brasil not\u00edcias\",\"publisher\":{\"@id\":\"https:\/\/brasilnoticias.org\/site\/#organization\"},\"potentialAction\":[{\"@type\":\"SearchAction\",\"target\":{\"@type\":\"EntryPoint\",\"urlTemplate\":\"https:\/\/brasilnoticias.org\/site\/?s={search_term_string}\"},\"query-input\":{\"@type\":\"PropertyValueSpecification\",\"valueRequired\":true,\"valueName\":\"search_term_string\"}}],\"inLanguage\":\"pt-PT\"},{\"@type\":\"Organization\",\"@id\":\"https:\/\/brasilnoticias.org\/site\/#organization\",\"name\":\"Brasil not\u00edcias\",\"url\":\"https:\/\/brasilnoticias.org\/site\/\",\"logo\":{\"@type\":\"ImageObject\",\"inLanguage\":\"pt-PT\",\"@id\":\"https:\/\/brasilnoticias.org\/site\/#\/schema\/logo\/image\/\",\"url\":\"https:\/\/brasilnoticias.org\/site\/wp-content\/uploads\/2022\/05\/cropped-brasilnoticias-mini.jpg\",\"contentUrl\":\"https:\/\/brasilnoticias.org\/site\/wp-content\/uploads\/2022\/05\/cropped-brasilnoticias-mini.jpg\",\"width\":314,\"height\":86,\"caption\":\"Brasil not\u00edcias\"},\"image\":{\"@id\":\"https:\/\/brasilnoticias.org\/site\/#\/schema\/logo\/image\/\"}},{\"@type\":\"Person\",\"@id\":\"https:\/\/brasilnoticias.org\/site\/#\/schema\/person\/a0e05b973ec4d15c658d51911e53507b\",\"name\":\"Reda\u00e7\u00e3o\",\"image\":{\"@type\":\"ImageObject\",\"inLanguage\":\"pt-PT\",\"@id\":\"https:\/\/brasilnoticias.org\/site\/#\/schema\/person\/image\/\",\"url\":\"https:\/\/secure.gravatar.com\/avatar\/75d8b050df2de108b08ae78dfb8e374892df24a383c67db9c46a9c604f6aee9c?s=96&d=mm&r=g\",\"contentUrl\":\"https:\/\/secure.gravatar.com\/avatar\/75d8b050df2de108b08ae78dfb8e374892df24a383c67db9c46a9c604f6aee9c?s=96&d=mm&r=g\",\"caption\":\"Reda\u00e7\u00e3o\"},\"sameAs\":[\"https:\/\/brasilnoticias.org\/site\"],\"url\":\"https:\/\/brasilnoticias.org\/site\/author\/fernandozsngmail-com\/\"}]}<\/script>\n<!-- \/ Yoast SEO plugin. -->","yoast_head_json":{"title":"Diego Fuma\u00e7a \u00e9 apresentado e promete dedica\u00e7\u00e3o no Vit\u00f3ria - Brasil not\u00edcias","robots":{"index":"index","follow":"follow","max-snippet":"max-snippet:-1","max-image-preview":"max-image-preview:large","max-video-preview":"max-video-preview:-1"},"canonical":"https:\/\/brasilnoticias.org\/site\/diego-fumaca-e-apresentado-e-promete-dedicacao-no-vitoria\/","og_locale":"pt_PT","og_type":"article","og_title":"Diego Fuma\u00e7a \u00e9 apresentado e promete dedica\u00e7\u00e3o no Vit\u00f3ria - Brasil not\u00edcias","og_description":"O volante Diego Fuma\u00e7a foi apresentado na tarde desta ter\u00e7a-feira, 29, na sala de imprensa Jornalista Jo\u00e3o Borges Boug\u00ea, no","og_url":"https:\/\/brasilnoticias.org\/site\/diego-fumaca-e-apresentado-e-promete-dedicacao-no-vitoria\/","og_site_name":"Brasil not\u00edcias","article_published_time":"2023-03-29T09:29:53+00:00","og_image":[{"width":1600,"height":1067,"url":"https:\/\/brasilnoticias.org\/site\/wp-content\/uploads\/2023\/03\/Artigo-Destaque_01223936_00.jpg","type":"image\/jpeg"}],"author":"Reda\u00e7\u00e3o","twitter_card":"summary_large_image","twitter_misc":{"Escrito por":"Reda\u00e7\u00e3o"},"schema":{"@context":"https:\/\/schema.org","@graph":[{"@type":"Article","@id":"https:\/\/brasilnoticias.org\/site\/diego-fumaca-e-apresentado-e-promete-dedicacao-no-vitoria\/#article","isPartOf":{"@id":"https:\/\/brasilnoticias.org\/site\/diego-fumaca-e-apresentado-e-promete-dedicacao-no-vitoria\/"},"author":{"name":"Reda\u00e7\u00e3o","@id":"https:\/\/brasilnoticias.org\/site\/#\/schema\/person\/a0e05b973ec4d15c658d51911e53507b"},"headline":"Diego Fuma\u00e7a \u00e9 apresentado e promete dedica\u00e7\u00e3o no Vit\u00f3ria","datePublished":"2023-03-29T09:29:53+00:00","mainEntityOfPage":{"@id":"https:\/\/brasilnoticias.org\/site\/diego-fumaca-e-apresentado-e-promete-dedicacao-no-vitoria\/"},"wordCount":409,"commentCount":0,"publisher":{"@id":"https:\/\/brasilnoticias.org\/site\/#organization"},"image":{"@id":"https:\/\/brasilnoticias.org\/site\/diego-fumaca-e-apresentado-e-promete-dedicacao-no-vitoria\/#primaryimage"},"thumbnailUrl":"https:\/\/brasilnoticias.org\/site\/wp-content\/uploads\/2023\/03\/Artigo-Destaque_01223936_00.jpg","articleSection":["Esporte","\u00daltimas"],"inLanguage":"pt-PT","potentialAction":[{"@type":"CommentAction","name":"Comment","target":["https:\/\/brasilnoticias.org\/site\/diego-fumaca-e-apresentado-e-promete-dedicacao-no-vitoria\/#respond"]}]},{"@type":"WebPage","@id":"https:\/\/brasilnoticias.org\/site\/diego-fumaca-e-apresentado-e-promete-dedicacao-no-vitoria\/","url":"https:\/\/brasilnoticias.org\/site\/diego-fumaca-e-apresentado-e-promete-dedicacao-no-vitoria\/","name":"Diego Fuma\u00e7a \u00e9 apresentado e promete dedica\u00e7\u00e3o no Vit\u00f3ria - Brasil not\u00edcias","isPartOf":{"@id":"https:\/\/brasilnoticias.org\/site\/#website"},"primaryImageOfPage":{"@id":"https:\/\/brasilnoticias.org\/site\/diego-fumaca-e-apresentado-e-promete-dedicacao-no-vitoria\/#primaryimage"},"image":{"@id":"https:\/\/brasilnoticias.org\/site\/diego-fumaca-e-apresentado-e-promete-dedicacao-no-vitoria\/#primaryimage"},"thumbnailUrl":"https:\/\/brasilnoticias.org\/site\/wp-content\/uploads\/2023\/03\/Artigo-Destaque_01223936_00.jpg","datePublished":"2023-03-29T09:29:53+00:00","breadcrumb":{"@id":"https:\/\/brasilnoticias.org\/site\/diego-fumaca-e-apresentado-e-promete-dedicacao-no-vitoria\/#breadcrumb"},"inLanguage":"pt-PT","potentialAction":[{"@type":"ReadAction","target":["https:\/\/brasilnoticias.org\/site\/diego-fumaca-e-apresentado-e-promete-dedicacao-no-vitoria\/"]}]},{"@type":"ImageObject","inLanguage":"pt-PT","@id":"https:\/\/brasilnoticias.org\/site\/diego-fumaca-e-apresentado-e-promete-dedicacao-no-vitoria\/#primaryimage","url":"https:\/\/brasilnoticias.org\/site\/wp-content\/uploads\/2023\/03\/Artigo-Destaque_01223936_00.jpg","contentUrl":"https:\/\/brasilnoticias.org\/site\/wp-content\/uploads\/2023\/03\/Artigo-Destaque_01223936_00.jpg","width":1600,"height":1067},{"@type":"BreadcrumbList","@id":"https:\/\/brasilnoticias.org\/site\/diego-fumaca-e-apresentado-e-promete-dedicacao-no-vitoria\/#breadcrumb","itemListElement":[{"@type":"ListItem","position":1,"name":"In\u00edcio","item":"https:\/\/brasilnoticias.org\/site\/"},{"@type":"ListItem","position":2,"name":"Diego Fuma\u00e7a \u00e9 apresentado e promete dedica\u00e7\u00e3o no Vit\u00f3ria"}]},{"@type":"WebSite","@id":"https:\/\/brasilnoticias.org\/site\/#website","url":"https:\/\/brasilnoticias.org\/site\/","name":"Brasil not\u00edcias","description":"Brasil not\u00edcias","publisher":{"@id":"https:\/\/brasilnoticias.org\/site\/#organization"},"potentialAction":[{"@type":"SearchAction","target":{"@type":"EntryPoint","urlTemplate":"https:\/\/brasilnoticias.org\/site\/?s={search_term_string}"},"query-input":{"@type":"PropertyValueSpecification","valueRequired":true,"valueName":"search_term_string"}}],"inLanguage":"pt-PT"},{"@type":"Organization","@id":"https:\/\/brasilnoticias.org\/site\/#organization","name":"Brasil not\u00edcias","url":"https:\/\/brasilnoticias.org\/site\/","logo":{"@type":"ImageObject","inLanguage":"pt-PT","@id":"https:\/\/brasilnoticias.org\/site\/#\/schema\/logo\/image\/","url":"https:\/\/brasilnoticias.org\/site\/wp-content\/uploads\/2022\/05\/cropped-brasilnoticias-mini.jpg","contentUrl":"https:\/\/brasilnoticias.org\/site\/wp-content\/uploads\/2022\/05\/cropped-brasilnoticias-mini.jpg","width":314,"height":86,"caption":"Brasil not\u00edcias"},"image":{"@id":"https:\/\/brasilnoticias.org\/site\/#\/schema\/logo\/image\/"}},{"@type":"Person","@id":"https:\/\/brasilnoticias.org\/site\/#\/schema\/person\/a0e05b973ec4d15c658d51911e53507b","name":"Reda\u00e7\u00e3o","image":{"@type":"ImageObject","inLanguage":"pt-PT","@id":"https:\/\/brasilnoticias.org\/site\/#\/schema\/person\/image\/","url":"https:\/\/secure.gravatar.com\/avatar\/75d8b050df2de108b08ae78dfb8e374892df24a383c67db9c46a9c604f6aee9c?s=96&d=mm&r=g","contentUrl":"https:\/\/secure.gravatar.com\/avatar\/75d8b050df2de108b08ae78dfb8e374892df24a383c67db9c46a9c604f6aee9c?s=96&d=mm&r=g","caption":"Reda\u00e7\u00e3o"},"sameAs":["https:\/\/brasilnoticias.org\/site"],"url":"https:\/\/brasilnoticias.org\/site\/author\/fernandozsngmail-com\/"}]}},"_links":{"self":[{"href":"https:\/\/brasilnoticias.org\/site\/wp-json\/wp\/v2\/posts\/5076","targetHints":{"allow":["GET"]}}],"collection":[{"href":"https:\/\/brasilnoticias.org\/site\/wp-json\/wp\/v2\/posts"}],"about":[{"href":"https:\/\/brasilnoticias.org\/site\/wp-json\/wp\/v2\/types\/post"}],"author":[{"embeddable":true,"href":"https:\/\/brasilnoticias.org\/site\/wp-json\/wp\/v2\/users\/1"}],"replies":[{"embeddable":true,"href":"https:\/\/brasilnoticias.org\/site\/wp-json\/wp\/v2\/comments?post=5076"}],"version-history":[{"count":1,"href":"https:\/\/brasilnoticias.org\/site\/wp-json\/wp\/v2\/posts\/5076\/revisions"}],"predecessor-version":[{"id":5078,"href":"https:\/\/brasilnoticias.org\/site\/wp-json\/wp\/v2\/posts\/5076\/revisions\/5078"}],"wp:featuredmedia":[{"embeddable":true,"href":"https:\/\/brasilnoticias.org\/site\/wp-json\/wp\/v2\/media\/5077"}],"wp:attachment":[{"href":"https:\/\/brasilnoticias.org\/site\/wp-json\/wp\/v2\/media?parent=5076"}],"wp:term":[{"taxonomy":"category","embeddable":true,"href":"https:\/\/brasilnoticias.org\/site\/wp-json\/wp\/v2\/categories?post=5076"},{"taxonomy":"post_tag","embeddable":true,"href":"https:\/\/brasilnoticias.org\/site\/wp-json\/wp\/v2\/tags?post=5076"}],"curies":[{"name":"wp","href":"https:\/\/api.w.org\/{rel}","templated":true}]}}