{"id":5090,"date":"2023-03-29T07:00:00","date_gmt":"2023-03-29T10:00:00","guid":{"rendered":"https:\/\/brasilnoticias.org\/site\/?p=5090"},"modified":"2023-03-29T07:00:00","modified_gmt":"2023-03-29T10:00:00","slug":"raimundo-costa-aproveita-marcha-dos-prefeitos-para-pedir-sensibilizacao-a-pec-que-reduz-custos-para-municipios","status":"publish","type":"post","link":"https:\/\/brasilnoticias.org\/site\/raimundo-costa-aproveita-marcha-dos-prefeitos-para-pedir-sensibilizacao-a-pec-que-reduz-custos-para-municipios\/","title":{"rendered":"Raimundo Costa aproveita Marcha dos Prefeitos para pedir sensibiliza\u00e7\u00e3o \u00e0 PEC que reduz custos para munic\u00edpios"},"content":{"rendered":"<div id='gallery-1' class='gallery galleryid-5090 gallery-columns-3 gallery-size-colormag-featured-image'><figure class='gallery-item'>\n\t\t\t<div class='gallery-icon portrait'>\n\t\t\t\t<a href='https:\/\/brasilnoticias.org\/site\/raimundo-costa-aproveita-marcha-dos-prefeitos-para-pedir-sensibilizacao-a-pec-que-reduz-custos-para-municipios\/photo-2023-03-28-19-53-43\/'><img loading=\"lazy\" decoding=\"async\" width=\"800\" height=\"445\" src=\"https:\/\/brasilnoticias.org\/site\/wp-content\/uploads\/2023\/03\/PHOTO-2023-03-28-19-53-43-800x445.jpg\" class=\"attachment-colormag-featured-image size-colormag-featured-image\" alt=\"\" \/><\/a>\n\t\t\t<\/div><\/figure><figure class='gallery-item'>\n\t\t\t<div class='gallery-icon landscape'>\n\t\t\t\t<a href='https:\/\/brasilnoticias.org\/site\/raimundo-costa-aproveita-marcha-dos-prefeitos-para-pedir-sensibilizacao-a-pec-que-reduz-custos-para-municipios\/photo-2023-03-28-19-53-45\/'><img loading=\"lazy\" decoding=\"async\" width=\"800\" height=\"445\" src=\"https:\/\/brasilnoticias.org\/site\/wp-content\/uploads\/2023\/03\/PHOTO-2023-03-28-19-53-45-800x445.jpg\" class=\"attachment-colormag-featured-image size-colormag-featured-image\" alt=\"\" \/><\/a>\n\t\t\t<\/div><\/figure><figure class='gallery-item'>\n\t\t\t<div class='gallery-icon landscape'>\n\t\t\t\t<a href='https:\/\/brasilnoticias.org\/site\/raimundo-costa-aproveita-marcha-dos-prefeitos-para-pedir-sensibilizacao-a-pec-que-reduz-custos-para-municipios\/photo-2023-03-28-19-53-42\/'><img loading=\"lazy\" decoding=\"async\" width=\"800\" height=\"445\" src=\"https:\/\/brasilnoticias.org\/site\/wp-content\/uploads\/2023\/03\/PHOTO-2023-03-28-19-53-42-800x445.jpg\" class=\"attachment-colormag-featured-image size-colormag-featured-image\" alt=\"\" \/><\/a>\n\t\t\t<\/div><\/figure><figure class='gallery-item'>\n\t\t\t<div class='gallery-icon landscape'>\n\t\t\t\t<a href='https:\/\/brasilnoticias.org\/site\/raimundo-costa-aproveita-marcha-dos-prefeitos-para-pedir-sensibilizacao-a-pec-que-reduz-custos-para-municipios\/photo-2023-03-28-19-53-44-2\/'><img loading=\"lazy\" decoding=\"async\" width=\"800\" height=\"445\" src=\"https:\/\/brasilnoticias.org\/site\/wp-content\/uploads\/2023\/03\/PHOTO-2023-03-28-19-53-44-2-800x445.jpg\" class=\"attachment-colormag-featured-image size-colormag-featured-image\" alt=\"\" \/><\/a>\n\t\t\t<\/div><\/figure><figure class='gallery-item'>\n\t\t\t<div class='gallery-icon landscape'>\n\t\t\t\t<a href='https:\/\/brasilnoticias.org\/site\/raimundo-costa-aproveita-marcha-dos-prefeitos-para-pedir-sensibilizacao-a-pec-que-reduz-custos-para-municipios\/photo-2023-03-28-19-53-45-2\/'><img loading=\"lazy\" decoding=\"async\" width=\"800\" height=\"445\" src=\"https:\/\/brasilnoticias.org\/site\/wp-content\/uploads\/2023\/03\/PHOTO-2023-03-28-19-53-45-2-800x445.jpg\" class=\"attachment-colormag-featured-image size-colormag-featured-image\" alt=\"\" \/><\/a>\n\t\t\t<\/div><\/figure><figure class='gallery-item'>\n\t\t\t<div class='gallery-icon landscape'>\n\t\t\t\t<a href='https:\/\/brasilnoticias.org\/site\/raimundo-costa-aproveita-marcha-dos-prefeitos-para-pedir-sensibilizacao-a-pec-que-reduz-custos-para-municipios\/photo-2023-03-28-19-53-44\/'><img loading=\"lazy\" decoding=\"async\" width=\"800\" height=\"445\" src=\"https:\/\/brasilnoticias.org\/site\/wp-content\/uploads\/2023\/03\/PHOTO-2023-03-28-19-53-44-800x445.jpg\" class=\"attachment-colormag-featured-image size-colormag-featured-image\" alt=\"\" \/><\/a>\n\t\t\t<\/div><\/figure>\n\t\t<\/div>\n\n<p>Realizada pela CNM (Confedera\u00e7\u00e3o Nacional dos Munic\u00edpios), a 24\u00aa Marcha dos Prefeitos teve in\u00edcio nesta ter\u00e7a-feira (28). O encontro tem como objetivo debater pautas municipalistas no Congresso Nacional e Governo Federal. Raimundo Costa, deputado federal (Pode\/BA) se reuniu com prefeitos de Terra Nova, Gavi\u00e3o, Santa Luzia, Janda\u00edra e Xique-Xique no primeiro dia de evento. A mobiliza\u00e7\u00e3o municipalista que acontece desde 1998, re\u00fane prefeitos de todo o Brasil. Segundo o presidente da CNM, Paulo Ziulkoski, mais de 10.000 prefeitos compareceram \u00e0 mobiliza\u00e7\u00e3o. Dentre tantos prefeitos, Raimundo Costa (Podemos\/BA) se reuniu com \u00c9der Menezes de Terra Nova, Fernando Brito de Santa Luzia, Reinaldo Braga de Xique Xique, Adilson Leite de Janda\u00edra e Laurindo Nasario de Gavi\u00e3o.<\/p>\n<p>Redu\u00e7\u00e3o de custos para os munic\u00edpios Em pauta, al\u00e9m das solicita\u00e7\u00f5es de emendas para o desenvolvimento dos munic\u00edpios, entrou tamb\u00e9m a PEC 14\/2022, que reduz a al\u00edquota das contribui\u00e7\u00f5es previdenci\u00e1rias, diminuindo o custo para os munic\u00edpios. Raimundo Costa \u00e9 coautor. \u201cA aprova\u00e7\u00e3o da nossa PEC \u00e9 imprescind\u00edvel para a solv\u00eancia dos munic\u00edpios e ao mesmo tempo, visa aumentar a arrecada\u00e7\u00e3o do Governo, pois tenho certeza que a redu\u00e7\u00e3o da al\u00edquota do INSS vai fazer com que os munic\u00edpios busquem as suas regulariza\u00e7\u00f5es. Isso melhora tudo, o ambiente de atra\u00e7\u00e3o de novos investimentos, regularidade fiscal e tudo mais\u201d, contou o parlamentar.<br \/>\nA PEC 14\/2022 vai possibilitar a redu\u00e7\u00e3o de d\u00edvidas dos munic\u00edpios, o que hoje representa quase a totalidade de restri\u00e7\u00f5es no CAUC, o que impossibilita as contrata\u00e7\u00f5es oriundas das transfer\u00eancias volunt\u00e1rias com o Or\u00e7amento Geral da Uni\u00e3o.<\/p>\n","protected":false},"excerpt":{"rendered":"<p>Realizada pela CNM (Confedera\u00e7\u00e3o Nacional dos Munic\u00edpios), a 24\u00aa Marcha dos Prefeitos teve in\u00edcio nesta ter\u00e7a-feira (28). O encontro tem<\/p>\n","protected":false},"author":1,"featured_media":5093,"comment_status":"open","ping_status":"open","sticky":false,"template":"","format":"standard","meta":{"colormag_page_container_layout":"default_layout","colormag_page_sidebar_layout":"default_layout","_FSMCFIC_featured_image_caption":"","_FSMCFIC_featured_image_nocaption":"","_FSMCFIC_featured_image_hide":"","footnotes":""},"categories":[5,1],"tags":[],"class_list":["post-5090","post","type-post","status-publish","format-standard","has-post-thumbnail","hentry","category-politica","category-ultimas"],"yoast_head":"<!-- This site is optimized with the Yoast SEO plugin v27.1.1 - https:\/\/yoast.com\/product\/yoast-seo-wordpress\/ -->\n<title>Raimundo Costa aproveita Marcha dos Prefeitos para pedir sensibiliza\u00e7\u00e3o \u00e0 PEC que reduz custos para munic\u00edpios - Brasil not\u00edcias<\/title>\n<meta name=\"robots\" content=\"index, follow, max-snippet:-1, max-image-preview:large, max-video-preview:-1\" \/>\n<link rel=\"canonical\" href=\"https:\/\/brasilnoticias.org\/site\/raimundo-costa-aproveita-marcha-dos-prefeitos-para-pedir-sensibilizacao-a-pec-que-reduz-custos-para-municipios\/\" \/>\n<meta property=\"og:locale\" content=\"pt_PT\" \/>\n<meta property=\"og:type\" content=\"article\" \/>\n<meta property=\"og:title\" content=\"Raimundo Costa aproveita Marcha dos Prefeitos para pedir sensibiliza\u00e7\u00e3o \u00e0 PEC que reduz custos para munic\u00edpios - Brasil not\u00edcias\" \/>\n<meta property=\"og:description\" content=\"Realizada pela CNM (Confedera\u00e7\u00e3o Nacional dos Munic\u00edpios), a 24\u00aa Marcha dos Prefeitos teve in\u00edcio nesta ter\u00e7a-feira (28). O encontro tem\" \/>\n<meta property=\"og:url\" content=\"https:\/\/brasilnoticias.org\/site\/raimundo-costa-aproveita-marcha-dos-prefeitos-para-pedir-sensibilizacao-a-pec-que-reduz-custos-para-municipios\/\" \/>\n<meta property=\"og:site_name\" content=\"Brasil not\u00edcias\" \/>\n<meta property=\"article:published_time\" content=\"2023-03-29T10:00:00+00:00\" \/>\n<meta property=\"og:image\" content=\"https:\/\/brasilnoticias.org\/site\/wp-content\/uploads\/2023\/03\/PHOTO-2023-03-28-19-53-42.jpg\" \/>\n\t<meta property=\"og:image:width\" content=\"1600\" \/>\n\t<meta property=\"og:image:height\" content=\"1200\" \/>\n\t<meta property=\"og:image:type\" content=\"image\/jpeg\" \/>\n<meta name=\"author\" content=\"Reda\u00e7\u00e3o\" \/>\n<meta name=\"twitter:card\" content=\"summary_large_image\" \/>\n<meta name=\"twitter:label1\" content=\"Escrito por\" \/>\n\t<meta name=\"twitter:data1\" content=\"Reda\u00e7\u00e3o\" \/>\n\t<meta name=\"twitter:label2\" content=\"Tempo estimado de leitura\" \/>\n\t<meta name=\"twitter:data2\" content=\"2 minutos\" \/>\n<script type=\"application\/ld+json\" class=\"yoast-schema-graph\">{\"@context\":\"https:\/\/schema.org\",\"@graph\":[{\"@type\":\"Article\",\"@id\":\"https:\/\/brasilnoticias.org\/site\/raimundo-costa-aproveita-marcha-dos-prefeitos-para-pedir-sensibilizacao-a-pec-que-reduz-custos-para-municipios\/#article\",\"isPartOf\":{\"@id\":\"https:\/\/brasilnoticias.org\/site\/raimundo-costa-aproveita-marcha-dos-prefeitos-para-pedir-sensibilizacao-a-pec-que-reduz-custos-para-municipios\/\"},\"author\":{\"name\":\"Reda\u00e7\u00e3o\",\"@id\":\"https:\/\/brasilnoticias.org\/site\/#\/schema\/person\/a0e05b973ec4d15c658d51911e53507b\"},\"headline\":\"Raimundo Costa aproveita Marcha dos Prefeitos para pedir sensibiliza\u00e7\u00e3o \u00e0 PEC que reduz custos para munic\u00edpios\",\"datePublished\":\"2023-03-29T10:00:00+00:00\",\"mainEntityOfPage\":{\"@id\":\"https:\/\/brasilnoticias.org\/site\/raimundo-costa-aproveita-marcha-dos-prefeitos-para-pedir-sensibilizacao-a-pec-que-reduz-custos-para-municipios\/\"},\"wordCount\":303,\"commentCount\":0,\"publisher\":{\"@id\":\"https:\/\/brasilnoticias.org\/site\/#organization\"},\"image\":{\"@id\":\"https:\/\/brasilnoticias.org\/site\/raimundo-costa-aproveita-marcha-dos-prefeitos-para-pedir-sensibilizacao-a-pec-que-reduz-custos-para-municipios\/#primaryimage\"},\"thumbnailUrl\":\"https:\/\/brasilnoticias.org\/site\/wp-content\/uploads\/2023\/03\/PHOTO-2023-03-28-19-53-42.jpg\",\"articleSection\":[\"Pol\u00edtica\",\"\u00daltimas\"],\"inLanguage\":\"pt-PT\",\"potentialAction\":[{\"@type\":\"CommentAction\",\"name\":\"Comment\",\"target\":[\"https:\/\/brasilnoticias.org\/site\/raimundo-costa-aproveita-marcha-dos-prefeitos-para-pedir-sensibilizacao-a-pec-que-reduz-custos-para-municipios\/#respond\"]}]},{\"@type\":\"WebPage\",\"@id\":\"https:\/\/brasilnoticias.org\/site\/raimundo-costa-aproveita-marcha-dos-prefeitos-para-pedir-sensibilizacao-a-pec-que-reduz-custos-para-municipios\/\",\"url\":\"https:\/\/brasilnoticias.org\/site\/raimundo-costa-aproveita-marcha-dos-prefeitos-para-pedir-sensibilizacao-a-pec-que-reduz-custos-para-municipios\/\",\"name\":\"Raimundo Costa aproveita Marcha dos Prefeitos para pedir sensibiliza\u00e7\u00e3o \u00e0 PEC que reduz custos para munic\u00edpios - Brasil not\u00edcias\",\"isPartOf\":{\"@id\":\"https:\/\/brasilnoticias.org\/site\/#website\"},\"primaryImageOfPage\":{\"@id\":\"https:\/\/brasilnoticias.org\/site\/raimundo-costa-aproveita-marcha-dos-prefeitos-para-pedir-sensibilizacao-a-pec-que-reduz-custos-para-municipios\/#primaryimage\"},\"image\":{\"@id\":\"https:\/\/brasilnoticias.org\/site\/raimundo-costa-aproveita-marcha-dos-prefeitos-para-pedir-sensibilizacao-a-pec-que-reduz-custos-para-municipios\/#primaryimage\"},\"thumbnailUrl\":\"https:\/\/brasilnoticias.org\/site\/wp-content\/uploads\/2023\/03\/PHOTO-2023-03-28-19-53-42.jpg\",\"datePublished\":\"2023-03-29T10:00:00+00:00\",\"breadcrumb\":{\"@id\":\"https:\/\/brasilnoticias.org\/site\/raimundo-costa-aproveita-marcha-dos-prefeitos-para-pedir-sensibilizacao-a-pec-que-reduz-custos-para-municipios\/#breadcrumb\"},\"inLanguage\":\"pt-PT\",\"potentialAction\":[{\"@type\":\"ReadAction\",\"target\":[\"https:\/\/brasilnoticias.org\/site\/raimundo-costa-aproveita-marcha-dos-prefeitos-para-pedir-sensibilizacao-a-pec-que-reduz-custos-para-municipios\/\"]}]},{\"@type\":\"ImageObject\",\"inLanguage\":\"pt-PT\",\"@id\":\"https:\/\/brasilnoticias.org\/site\/raimundo-costa-aproveita-marcha-dos-prefeitos-para-pedir-sensibilizacao-a-pec-que-reduz-custos-para-municipios\/#primaryimage\",\"url\":\"https:\/\/brasilnoticias.org\/site\/wp-content\/uploads\/2023\/03\/PHOTO-2023-03-28-19-53-42.jpg\",\"contentUrl\":\"https:\/\/brasilnoticias.org\/site\/wp-content\/uploads\/2023\/03\/PHOTO-2023-03-28-19-53-42.jpg\",\"width\":1600,\"height\":1200},{\"@type\":\"BreadcrumbList\",\"@id\":\"https:\/\/brasilnoticias.org\/site\/raimundo-costa-aproveita-marcha-dos-prefeitos-para-pedir-sensibilizacao-a-pec-que-reduz-custos-para-municipios\/#breadcrumb\",\"itemListElement\":[{\"@type\":\"ListItem\",\"position\":1,\"name\":\"In\u00edcio\",\"item\":\"https:\/\/brasilnoticias.org\/site\/\"},{\"@type\":\"ListItem\",\"position\":2,\"name\":\"Raimundo Costa aproveita Marcha dos Prefeitos para pedir sensibiliza\u00e7\u00e3o \u00e0 PEC que reduz custos para munic\u00edpios\"}]},{\"@type\":\"WebSite\",\"@id\":\"https:\/\/brasilnoticias.org\/site\/#website\",\"url\":\"https:\/\/brasilnoticias.org\/site\/\",\"name\":\"Brasil not\u00edcias\",\"description\":\"Brasil not\u00edcias\",\"publisher\":{\"@id\":\"https:\/\/brasilnoticias.org\/site\/#organization\"},\"potentialAction\":[{\"@type\":\"SearchAction\",\"target\":{\"@type\":\"EntryPoint\",\"urlTemplate\":\"https:\/\/brasilnoticias.org\/site\/?s={search_term_string}\"},\"query-input\":{\"@type\":\"PropertyValueSpecification\",\"valueRequired\":true,\"valueName\":\"search_term_string\"}}],\"inLanguage\":\"pt-PT\"},{\"@type\":\"Organization\",\"@id\":\"https:\/\/brasilnoticias.org\/site\/#organization\",\"name\":\"Brasil not\u00edcias\",\"url\":\"https:\/\/brasilnoticias.org\/site\/\",\"logo\":{\"@type\":\"ImageObject\",\"inLanguage\":\"pt-PT\",\"@id\":\"https:\/\/brasilnoticias.org\/site\/#\/schema\/logo\/image\/\",\"url\":\"https:\/\/brasilnoticias.org\/site\/wp-content\/uploads\/2022\/05\/cropped-brasilnoticias-mini.jpg\",\"contentUrl\":\"https:\/\/brasilnoticias.org\/site\/wp-content\/uploads\/2022\/05\/cropped-brasilnoticias-mini.jpg\",\"width\":314,\"height\":86,\"caption\":\"Brasil not\u00edcias\"},\"image\":{\"@id\":\"https:\/\/brasilnoticias.org\/site\/#\/schema\/logo\/image\/\"}},{\"@type\":\"Person\",\"@id\":\"https:\/\/brasilnoticias.org\/site\/#\/schema\/person\/a0e05b973ec4d15c658d51911e53507b\",\"name\":\"Reda\u00e7\u00e3o\",\"image\":{\"@type\":\"ImageObject\",\"inLanguage\":\"pt-PT\",\"@id\":\"https:\/\/brasilnoticias.org\/site\/#\/schema\/person\/image\/\",\"url\":\"https:\/\/secure.gravatar.com\/avatar\/75d8b050df2de108b08ae78dfb8e374892df24a383c67db9c46a9c604f6aee9c?s=96&d=mm&r=g\",\"contentUrl\":\"https:\/\/secure.gravatar.com\/avatar\/75d8b050df2de108b08ae78dfb8e374892df24a383c67db9c46a9c604f6aee9c?s=96&d=mm&r=g\",\"caption\":\"Reda\u00e7\u00e3o\"},\"sameAs\":[\"https:\/\/brasilnoticias.org\/site\"],\"url\":\"https:\/\/brasilnoticias.org\/site\/author\/fernandozsngmail-com\/\"}]}<\/script>\n<!-- \/ Yoast SEO plugin. -->","yoast_head_json":{"title":"Raimundo Costa aproveita Marcha dos Prefeitos para pedir sensibiliza\u00e7\u00e3o \u00e0 PEC que reduz custos para munic\u00edpios - Brasil not\u00edcias","robots":{"index":"index","follow":"follow","max-snippet":"max-snippet:-1","max-image-preview":"max-image-preview:large","max-video-preview":"max-video-preview:-1"},"canonical":"https:\/\/brasilnoticias.org\/site\/raimundo-costa-aproveita-marcha-dos-prefeitos-para-pedir-sensibilizacao-a-pec-que-reduz-custos-para-municipios\/","og_locale":"pt_PT","og_type":"article","og_title":"Raimundo Costa aproveita Marcha dos Prefeitos para pedir sensibiliza\u00e7\u00e3o \u00e0 PEC que reduz custos para munic\u00edpios - Brasil not\u00edcias","og_description":"Realizada pela CNM (Confedera\u00e7\u00e3o Nacional dos Munic\u00edpios), a 24\u00aa Marcha dos Prefeitos teve in\u00edcio nesta ter\u00e7a-feira (28). O encontro tem","og_url":"https:\/\/brasilnoticias.org\/site\/raimundo-costa-aproveita-marcha-dos-prefeitos-para-pedir-sensibilizacao-a-pec-que-reduz-custos-para-municipios\/","og_site_name":"Brasil not\u00edcias","article_published_time":"2023-03-29T10:00:00+00:00","og_image":[{"width":1600,"height":1200,"url":"https:\/\/brasilnoticias.org\/site\/wp-content\/uploads\/2023\/03\/PHOTO-2023-03-28-19-53-42.jpg","type":"image\/jpeg"}],"author":"Reda\u00e7\u00e3o","twitter_card":"summary_large_image","twitter_misc":{"Escrito por":"Reda\u00e7\u00e3o","Tempo estimado de leitura":"2 minutos"},"schema":{"@context":"https:\/\/schema.org","@graph":[{"@type":"Article","@id":"https:\/\/brasilnoticias.org\/site\/raimundo-costa-aproveita-marcha-dos-prefeitos-para-pedir-sensibilizacao-a-pec-que-reduz-custos-para-municipios\/#article","isPartOf":{"@id":"https:\/\/brasilnoticias.org\/site\/raimundo-costa-aproveita-marcha-dos-prefeitos-para-pedir-sensibilizacao-a-pec-que-reduz-custos-para-municipios\/"},"author":{"name":"Reda\u00e7\u00e3o","@id":"https:\/\/brasilnoticias.org\/site\/#\/schema\/person\/a0e05b973ec4d15c658d51911e53507b"},"headline":"Raimundo Costa aproveita Marcha dos Prefeitos para pedir sensibiliza\u00e7\u00e3o \u00e0 PEC que reduz custos para munic\u00edpios","datePublished":"2023-03-29T10:00:00+00:00","mainEntityOfPage":{"@id":"https:\/\/brasilnoticias.org\/site\/raimundo-costa-aproveita-marcha-dos-prefeitos-para-pedir-sensibilizacao-a-pec-que-reduz-custos-para-municipios\/"},"wordCount":303,"commentCount":0,"publisher":{"@id":"https:\/\/brasilnoticias.org\/site\/#organization"},"image":{"@id":"https:\/\/brasilnoticias.org\/site\/raimundo-costa-aproveita-marcha-dos-prefeitos-para-pedir-sensibilizacao-a-pec-que-reduz-custos-para-municipios\/#primaryimage"},"thumbnailUrl":"https:\/\/brasilnoticias.org\/site\/wp-content\/uploads\/2023\/03\/PHOTO-2023-03-28-19-53-42.jpg","articleSection":["Pol\u00edtica","\u00daltimas"],"inLanguage":"pt-PT","potentialAction":[{"@type":"CommentAction","name":"Comment","target":["https:\/\/brasilnoticias.org\/site\/raimundo-costa-aproveita-marcha-dos-prefeitos-para-pedir-sensibilizacao-a-pec-que-reduz-custos-para-municipios\/#respond"]}]},{"@type":"WebPage","@id":"https:\/\/brasilnoticias.org\/site\/raimundo-costa-aproveita-marcha-dos-prefeitos-para-pedir-sensibilizacao-a-pec-que-reduz-custos-para-municipios\/","url":"https:\/\/brasilnoticias.org\/site\/raimundo-costa-aproveita-marcha-dos-prefeitos-para-pedir-sensibilizacao-a-pec-que-reduz-custos-para-municipios\/","name":"Raimundo Costa aproveita Marcha dos Prefeitos para pedir sensibiliza\u00e7\u00e3o \u00e0 PEC que reduz custos para munic\u00edpios - Brasil not\u00edcias","isPartOf":{"@id":"https:\/\/brasilnoticias.org\/site\/#website"},"primaryImageOfPage":{"@id":"https:\/\/brasilnoticias.org\/site\/raimundo-costa-aproveita-marcha-dos-prefeitos-para-pedir-sensibilizacao-a-pec-que-reduz-custos-para-municipios\/#primaryimage"},"image":{"@id":"https:\/\/brasilnoticias.org\/site\/raimundo-costa-aproveita-marcha-dos-prefeitos-para-pedir-sensibilizacao-a-pec-que-reduz-custos-para-municipios\/#primaryimage"},"thumbnailUrl":"https:\/\/brasilnoticias.org\/site\/wp-content\/uploads\/2023\/03\/PHOTO-2023-03-28-19-53-42.jpg","datePublished":"2023-03-29T10:00:00+00:00","breadcrumb":{"@id":"https:\/\/brasilnoticias.org\/site\/raimundo-costa-aproveita-marcha-dos-prefeitos-para-pedir-sensibilizacao-a-pec-que-reduz-custos-para-municipios\/#breadcrumb"},"inLanguage":"pt-PT","potentialAction":[{"@type":"ReadAction","target":["https:\/\/brasilnoticias.org\/site\/raimundo-costa-aproveita-marcha-dos-prefeitos-para-pedir-sensibilizacao-a-pec-que-reduz-custos-para-municipios\/"]}]},{"@type":"ImageObject","inLanguage":"pt-PT","@id":"https:\/\/brasilnoticias.org\/site\/raimundo-costa-aproveita-marcha-dos-prefeitos-para-pedir-sensibilizacao-a-pec-que-reduz-custos-para-municipios\/#primaryimage","url":"https:\/\/brasilnoticias.org\/site\/wp-content\/uploads\/2023\/03\/PHOTO-2023-03-28-19-53-42.jpg","contentUrl":"https:\/\/brasilnoticias.org\/site\/wp-content\/uploads\/2023\/03\/PHOTO-2023-03-28-19-53-42.jpg","width":1600,"height":1200},{"@type":"BreadcrumbList","@id":"https:\/\/brasilnoticias.org\/site\/raimundo-costa-aproveita-marcha-dos-prefeitos-para-pedir-sensibilizacao-a-pec-que-reduz-custos-para-municipios\/#breadcrumb","itemListElement":[{"@type":"ListItem","position":1,"name":"In\u00edcio","item":"https:\/\/brasilnoticias.org\/site\/"},{"@type":"ListItem","position":2,"name":"Raimundo Costa aproveita Marcha dos Prefeitos para pedir sensibiliza\u00e7\u00e3o \u00e0 PEC que reduz custos para munic\u00edpios"}]},{"@type":"WebSite","@id":"https:\/\/brasilnoticias.org\/site\/#website","url":"https:\/\/brasilnoticias.org\/site\/","name":"Brasil not\u00edcias","description":"Brasil not\u00edcias","publisher":{"@id":"https:\/\/brasilnoticias.org\/site\/#organization"},"potentialAction":[{"@type":"SearchAction","target":{"@type":"EntryPoint","urlTemplate":"https:\/\/brasilnoticias.org\/site\/?s={search_term_string}"},"query-input":{"@type":"PropertyValueSpecification","valueRequired":true,"valueName":"search_term_string"}}],"inLanguage":"pt-PT"},{"@type":"Organization","@id":"https:\/\/brasilnoticias.org\/site\/#organization","name":"Brasil not\u00edcias","url":"https:\/\/brasilnoticias.org\/site\/","logo":{"@type":"ImageObject","inLanguage":"pt-PT","@id":"https:\/\/brasilnoticias.org\/site\/#\/schema\/logo\/image\/","url":"https:\/\/brasilnoticias.org\/site\/wp-content\/uploads\/2022\/05\/cropped-brasilnoticias-mini.jpg","contentUrl":"https:\/\/brasilnoticias.org\/site\/wp-content\/uploads\/2022\/05\/cropped-brasilnoticias-mini.jpg","width":314,"height":86,"caption":"Brasil not\u00edcias"},"image":{"@id":"https:\/\/brasilnoticias.org\/site\/#\/schema\/logo\/image\/"}},{"@type":"Person","@id":"https:\/\/brasilnoticias.org\/site\/#\/schema\/person\/a0e05b973ec4d15c658d51911e53507b","name":"Reda\u00e7\u00e3o","image":{"@type":"ImageObject","inLanguage":"pt-PT","@id":"https:\/\/brasilnoticias.org\/site\/#\/schema\/person\/image\/","url":"https:\/\/secure.gravatar.com\/avatar\/75d8b050df2de108b08ae78dfb8e374892df24a383c67db9c46a9c604f6aee9c?s=96&d=mm&r=g","contentUrl":"https:\/\/secure.gravatar.com\/avatar\/75d8b050df2de108b08ae78dfb8e374892df24a383c67db9c46a9c604f6aee9c?s=96&d=mm&r=g","caption":"Reda\u00e7\u00e3o"},"sameAs":["https:\/\/brasilnoticias.org\/site"],"url":"https:\/\/brasilnoticias.org\/site\/author\/fernandozsngmail-com\/"}]}},"_links":{"self":[{"href":"https:\/\/brasilnoticias.org\/site\/wp-json\/wp\/v2\/posts\/5090","targetHints":{"allow":["GET"]}}],"collection":[{"href":"https:\/\/brasilnoticias.org\/site\/wp-json\/wp\/v2\/posts"}],"about":[{"href":"https:\/\/brasilnoticias.org\/site\/wp-json\/wp\/v2\/types\/post"}],"author":[{"embeddable":true,"href":"https:\/\/brasilnoticias.org\/site\/wp-json\/wp\/v2\/users\/1"}],"replies":[{"embeddable":true,"href":"https:\/\/brasilnoticias.org\/site\/wp-json\/wp\/v2\/comments?post=5090"}],"version-history":[{"count":1,"href":"https:\/\/brasilnoticias.org\/site\/wp-json\/wp\/v2\/posts\/5090\/revisions"}],"predecessor-version":[{"id":5097,"href":"https:\/\/brasilnoticias.org\/site\/wp-json\/wp\/v2\/posts\/5090\/revisions\/5097"}],"wp:featuredmedia":[{"embeddable":true,"href":"https:\/\/brasilnoticias.org\/site\/wp-json\/wp\/v2\/media\/5093"}],"wp:attachment":[{"href":"https:\/\/brasilnoticias.org\/site\/wp-json\/wp\/v2\/media?parent=5090"}],"wp:term":[{"taxonomy":"category","embeddable":true,"href":"https:\/\/brasilnoticias.org\/site\/wp-json\/wp\/v2\/categories?post=5090"},{"taxonomy":"post_tag","embeddable":true,"href":"https:\/\/brasilnoticias.org\/site\/wp-json\/wp\/v2\/tags?post=5090"}],"curies":[{"name":"wp","href":"https:\/\/api.w.org\/{rel}","templated":true}]}}