{"id":51,"date":"2022-05-30T14:51:36","date_gmt":"2022-05-30T17:51:36","guid":{"rendered":"https:\/\/brasilnoticias.org\/site\/?p=51"},"modified":"2022-05-03T15:03:25","modified_gmt":"2022-05-03T18:03:25","slug":"ministerio-da-saude-corre-contra-o-tempo-para-cumprir-ordem-de-bolsonaro-e-anunciar-o-fim-da-pandemia","status":"publish","type":"post","link":"https:\/\/brasilnoticias.org\/site\/ministerio-da-saude-corre-contra-o-tempo-para-cumprir-ordem-de-bolsonaro-e-anunciar-o-fim-da-pandemia\/","title":{"rendered":"Minist\u00e9rio da Sa\u00fade corre contra o tempo para cumprir ordem de Bolsonaro e anunciar o \u201cfim da pandemia"},"content":{"rendered":"<div id=\"content\" class=\"clearfix\">\n<article id=\"post-14479\" class=\"post-14479 post type-post status-publish format-standard has-post-thumbnail hentry category-noticias category-ultimas\">\n<div class=\"article-content clearfix\">\n<div class=\"entry-content clearfix\">\n<p>O Minist\u00e9rio da Sa\u00fade corre contra o tempo para tentar cumprir amanh\u00e3 uma ordem do presidente de Jair Bolsonaro: editar uma portaria mudando o status da Covid-19 de pandemia para endemia. A informa\u00e7\u00e3o \u00e9 do colunista Lauro Jardim, do jornal \u201cO Globo\u201d. Bolsonaro tem pressionado o ministro Marcelo Queiroga para tomar decis\u00e3o.<\/p>\n<p>O presidente quer anunciar a altera\u00e7\u00e3o num dia simb\u00f3lico para ele, o 31 de mar\u00e7o, o dia do golpe de 64. Queiroga define hoje se cede ao desejo do presidente. Com isso, a Covid deixaria de ser tratada como uma emerg\u00eancia de sa\u00fade p\u00fablica e o uso de m\u00e1scaras, por exemplo, poder\u00e1 ser flexibilizado<\/p>\n<p>&nbsp;<\/p>\n<p>&nbsp;<\/p>\n<p>Pol\u00edtica Livre<\/p>\n<\/div>\n<\/div>\n<\/article>\n<\/div>\n","protected":false},"excerpt":{"rendered":"<p>O Minist\u00e9rio da Sa\u00fade corre contra o tempo para tentar cumprir amanh\u00e3 uma ordem do presidente de Jair Bolsonaro: editar<\/p>\n","protected":false},"author":1,"featured_media":0,"comment_status":"open","ping_status":"open","sticky":false,"template":"","format":"standard","meta":{"colormag_page_container_layout":"default_layout","colormag_page_sidebar_layout":"default_layout","_FSMCFIC_featured_image_caption":"","_FSMCFIC_featured_image_nocaption":"","_FSMCFIC_featured_image_hide":"","footnotes":""},"categories":[2,1],"tags":[],"class_list":["post-51","post","type-post","status-publish","format-standard","hentry","category-noticias","category-ultimas"],"yoast_head":"<!-- This site is optimized with the Yoast SEO plugin v27.1.1 - https:\/\/yoast.com\/product\/yoast-seo-wordpress\/ -->\n<title>Minist\u00e9rio da Sa\u00fade corre contra o tempo para cumprir ordem de Bolsonaro e anunciar o \u201cfim da pandemia - Brasil not\u00edcias<\/title>\n<meta name=\"robots\" content=\"index, follow, max-snippet:-1, max-image-preview:large, max-video-preview:-1\" \/>\n<link rel=\"canonical\" href=\"https:\/\/brasilnoticias.org\/site\/ministerio-da-saude-corre-contra-o-tempo-para-cumprir-ordem-de-bolsonaro-e-anunciar-o-fim-da-pandemia\/\" \/>\n<meta property=\"og:locale\" content=\"pt_PT\" \/>\n<meta property=\"og:type\" content=\"article\" \/>\n<meta property=\"og:title\" content=\"Minist\u00e9rio da Sa\u00fade corre contra o tempo para cumprir ordem de Bolsonaro e anunciar o \u201cfim da pandemia - Brasil not\u00edcias\" \/>\n<meta property=\"og:description\" content=\"O Minist\u00e9rio da Sa\u00fade corre contra o tempo para tentar cumprir amanh\u00e3 uma ordem do presidente de Jair Bolsonaro: editar\" \/>\n<meta property=\"og:url\" content=\"https:\/\/brasilnoticias.org\/site\/ministerio-da-saude-corre-contra-o-tempo-para-cumprir-ordem-de-bolsonaro-e-anunciar-o-fim-da-pandemia\/\" \/>\n<meta property=\"og:site_name\" content=\"Brasil not\u00edcias\" \/>\n<meta property=\"article:published_time\" content=\"2022-05-30T17:51:36+00:00\" \/>\n<meta name=\"author\" content=\"Reda\u00e7\u00e3o\" \/>\n<meta name=\"twitter:card\" content=\"summary_large_image\" \/>\n<meta name=\"twitter:label1\" content=\"Escrito por\" \/>\n\t<meta name=\"twitter:data1\" content=\"Reda\u00e7\u00e3o\" \/>\n\t<meta name=\"twitter:label2\" content=\"Tempo estimado de leitura\" \/>\n\t<meta name=\"twitter:data2\" content=\"1 minuto\" \/>\n<script type=\"application\/ld+json\" class=\"yoast-schema-graph\">{\"@context\":\"https:\/\/schema.org\",\"@graph\":[{\"@type\":\"Article\",\"@id\":\"https:\/\/brasilnoticias.org\/site\/ministerio-da-saude-corre-contra-o-tempo-para-cumprir-ordem-de-bolsonaro-e-anunciar-o-fim-da-pandemia\/#article\",\"isPartOf\":{\"@id\":\"https:\/\/brasilnoticias.org\/site\/ministerio-da-saude-corre-contra-o-tempo-para-cumprir-ordem-de-bolsonaro-e-anunciar-o-fim-da-pandemia\/\"},\"author\":{\"name\":\"Reda\u00e7\u00e3o\",\"@id\":\"https:\/\/brasilnoticias.org\/site\/#\/schema\/person\/a0e05b973ec4d15c658d51911e53507b\"},\"headline\":\"Minist\u00e9rio da Sa\u00fade corre contra o tempo para cumprir ordem de Bolsonaro e anunciar o \u201cfim da pandemia\",\"datePublished\":\"2022-05-30T17:51:36+00:00\",\"mainEntityOfPage\":{\"@id\":\"https:\/\/brasilnoticias.org\/site\/ministerio-da-saude-corre-contra-o-tempo-para-cumprir-ordem-de-bolsonaro-e-anunciar-o-fim-da-pandemia\/\"},\"wordCount\":139,\"commentCount\":0,\"publisher\":{\"@id\":\"https:\/\/brasilnoticias.org\/site\/#organization\"},\"articleSection\":[\"Not\u00edcias\",\"\u00daltimas\"],\"inLanguage\":\"pt-PT\",\"potentialAction\":[{\"@type\":\"CommentAction\",\"name\":\"Comment\",\"target\":[\"https:\/\/brasilnoticias.org\/site\/ministerio-da-saude-corre-contra-o-tempo-para-cumprir-ordem-de-bolsonaro-e-anunciar-o-fim-da-pandemia\/#respond\"]}]},{\"@type\":\"WebPage\",\"@id\":\"https:\/\/brasilnoticias.org\/site\/ministerio-da-saude-corre-contra-o-tempo-para-cumprir-ordem-de-bolsonaro-e-anunciar-o-fim-da-pandemia\/\",\"url\":\"https:\/\/brasilnoticias.org\/site\/ministerio-da-saude-corre-contra-o-tempo-para-cumprir-ordem-de-bolsonaro-e-anunciar-o-fim-da-pandemia\/\",\"name\":\"Minist\u00e9rio da Sa\u00fade corre contra o tempo para cumprir ordem de Bolsonaro e anunciar o \u201cfim da pandemia - Brasil not\u00edcias\",\"isPartOf\":{\"@id\":\"https:\/\/brasilnoticias.org\/site\/#website\"},\"datePublished\":\"2022-05-30T17:51:36+00:00\",\"breadcrumb\":{\"@id\":\"https:\/\/brasilnoticias.org\/site\/ministerio-da-saude-corre-contra-o-tempo-para-cumprir-ordem-de-bolsonaro-e-anunciar-o-fim-da-pandemia\/#breadcrumb\"},\"inLanguage\":\"pt-PT\",\"potentialAction\":[{\"@type\":\"ReadAction\",\"target\":[\"https:\/\/brasilnoticias.org\/site\/ministerio-da-saude-corre-contra-o-tempo-para-cumprir-ordem-de-bolsonaro-e-anunciar-o-fim-da-pandemia\/\"]}]},{\"@type\":\"BreadcrumbList\",\"@id\":\"https:\/\/brasilnoticias.org\/site\/ministerio-da-saude-corre-contra-o-tempo-para-cumprir-ordem-de-bolsonaro-e-anunciar-o-fim-da-pandemia\/#breadcrumb\",\"itemListElement\":[{\"@type\":\"ListItem\",\"position\":1,\"name\":\"In\u00edcio\",\"item\":\"https:\/\/brasilnoticias.org\/site\/\"},{\"@type\":\"ListItem\",\"position\":2,\"name\":\"Minist\u00e9rio da Sa\u00fade corre contra o tempo para cumprir ordem de Bolsonaro e anunciar o \u201cfim da pandemia\"}]},{\"@type\":\"WebSite\",\"@id\":\"https:\/\/brasilnoticias.org\/site\/#website\",\"url\":\"https:\/\/brasilnoticias.org\/site\/\",\"name\":\"Brasil not\u00edcias\",\"description\":\"Brasil not\u00edcias\",\"publisher\":{\"@id\":\"https:\/\/brasilnoticias.org\/site\/#organization\"},\"potentialAction\":[{\"@type\":\"SearchAction\",\"target\":{\"@type\":\"EntryPoint\",\"urlTemplate\":\"https:\/\/brasilnoticias.org\/site\/?s={search_term_string}\"},\"query-input\":{\"@type\":\"PropertyValueSpecification\",\"valueRequired\":true,\"valueName\":\"search_term_string\"}}],\"inLanguage\":\"pt-PT\"},{\"@type\":\"Organization\",\"@id\":\"https:\/\/brasilnoticias.org\/site\/#organization\",\"name\":\"Brasil not\u00edcias\",\"url\":\"https:\/\/brasilnoticias.org\/site\/\",\"logo\":{\"@type\":\"ImageObject\",\"inLanguage\":\"pt-PT\",\"@id\":\"https:\/\/brasilnoticias.org\/site\/#\/schema\/logo\/image\/\",\"url\":\"https:\/\/brasilnoticias.org\/site\/wp-content\/uploads\/2022\/05\/cropped-brasilnoticias-mini.jpg\",\"contentUrl\":\"https:\/\/brasilnoticias.org\/site\/wp-content\/uploads\/2022\/05\/cropped-brasilnoticias-mini.jpg\",\"width\":314,\"height\":86,\"caption\":\"Brasil not\u00edcias\"},\"image\":{\"@id\":\"https:\/\/brasilnoticias.org\/site\/#\/schema\/logo\/image\/\"}},{\"@type\":\"Person\",\"@id\":\"https:\/\/brasilnoticias.org\/site\/#\/schema\/person\/a0e05b973ec4d15c658d51911e53507b\",\"name\":\"Reda\u00e7\u00e3o\",\"image\":{\"@type\":\"ImageObject\",\"inLanguage\":\"pt-PT\",\"@id\":\"https:\/\/brasilnoticias.org\/site\/#\/schema\/person\/image\/\",\"url\":\"https:\/\/secure.gravatar.com\/avatar\/75d8b050df2de108b08ae78dfb8e374892df24a383c67db9c46a9c604f6aee9c?s=96&d=mm&r=g\",\"contentUrl\":\"https:\/\/secure.gravatar.com\/avatar\/75d8b050df2de108b08ae78dfb8e374892df24a383c67db9c46a9c604f6aee9c?s=96&d=mm&r=g\",\"caption\":\"Reda\u00e7\u00e3o\"},\"sameAs\":[\"https:\/\/brasilnoticias.org\/site\"],\"url\":\"https:\/\/brasilnoticias.org\/site\/author\/fernandozsngmail-com\/\"}]}<\/script>\n<!-- \/ Yoast SEO plugin. -->","yoast_head_json":{"title":"Minist\u00e9rio da Sa\u00fade corre contra o tempo para cumprir ordem de Bolsonaro e anunciar o \u201cfim da pandemia - Brasil not\u00edcias","robots":{"index":"index","follow":"follow","max-snippet":"max-snippet:-1","max-image-preview":"max-image-preview:large","max-video-preview":"max-video-preview:-1"},"canonical":"https:\/\/brasilnoticias.org\/site\/ministerio-da-saude-corre-contra-o-tempo-para-cumprir-ordem-de-bolsonaro-e-anunciar-o-fim-da-pandemia\/","og_locale":"pt_PT","og_type":"article","og_title":"Minist\u00e9rio da Sa\u00fade corre contra o tempo para cumprir ordem de Bolsonaro e anunciar o \u201cfim da pandemia - Brasil not\u00edcias","og_description":"O Minist\u00e9rio da Sa\u00fade corre contra o tempo para tentar cumprir amanh\u00e3 uma ordem do presidente de Jair Bolsonaro: editar","og_url":"https:\/\/brasilnoticias.org\/site\/ministerio-da-saude-corre-contra-o-tempo-para-cumprir-ordem-de-bolsonaro-e-anunciar-o-fim-da-pandemia\/","og_site_name":"Brasil not\u00edcias","article_published_time":"2022-05-30T17:51:36+00:00","author":"Reda\u00e7\u00e3o","twitter_card":"summary_large_image","twitter_misc":{"Escrito por":"Reda\u00e7\u00e3o","Tempo estimado de leitura":"1 minuto"},"schema":{"@context":"https:\/\/schema.org","@graph":[{"@type":"Article","@id":"https:\/\/brasilnoticias.org\/site\/ministerio-da-saude-corre-contra-o-tempo-para-cumprir-ordem-de-bolsonaro-e-anunciar-o-fim-da-pandemia\/#article","isPartOf":{"@id":"https:\/\/brasilnoticias.org\/site\/ministerio-da-saude-corre-contra-o-tempo-para-cumprir-ordem-de-bolsonaro-e-anunciar-o-fim-da-pandemia\/"},"author":{"name":"Reda\u00e7\u00e3o","@id":"https:\/\/brasilnoticias.org\/site\/#\/schema\/person\/a0e05b973ec4d15c658d51911e53507b"},"headline":"Minist\u00e9rio da Sa\u00fade corre contra o tempo para cumprir ordem de Bolsonaro e anunciar o \u201cfim da pandemia","datePublished":"2022-05-30T17:51:36+00:00","mainEntityOfPage":{"@id":"https:\/\/brasilnoticias.org\/site\/ministerio-da-saude-corre-contra-o-tempo-para-cumprir-ordem-de-bolsonaro-e-anunciar-o-fim-da-pandemia\/"},"wordCount":139,"commentCount":0,"publisher":{"@id":"https:\/\/brasilnoticias.org\/site\/#organization"},"articleSection":["Not\u00edcias","\u00daltimas"],"inLanguage":"pt-PT","potentialAction":[{"@type":"CommentAction","name":"Comment","target":["https:\/\/brasilnoticias.org\/site\/ministerio-da-saude-corre-contra-o-tempo-para-cumprir-ordem-de-bolsonaro-e-anunciar-o-fim-da-pandemia\/#respond"]}]},{"@type":"WebPage","@id":"https:\/\/brasilnoticias.org\/site\/ministerio-da-saude-corre-contra-o-tempo-para-cumprir-ordem-de-bolsonaro-e-anunciar-o-fim-da-pandemia\/","url":"https:\/\/brasilnoticias.org\/site\/ministerio-da-saude-corre-contra-o-tempo-para-cumprir-ordem-de-bolsonaro-e-anunciar-o-fim-da-pandemia\/","name":"Minist\u00e9rio da Sa\u00fade corre contra o tempo para cumprir ordem de Bolsonaro e anunciar o \u201cfim da pandemia - Brasil not\u00edcias","isPartOf":{"@id":"https:\/\/brasilnoticias.org\/site\/#website"},"datePublished":"2022-05-30T17:51:36+00:00","breadcrumb":{"@id":"https:\/\/brasilnoticias.org\/site\/ministerio-da-saude-corre-contra-o-tempo-para-cumprir-ordem-de-bolsonaro-e-anunciar-o-fim-da-pandemia\/#breadcrumb"},"inLanguage":"pt-PT","potentialAction":[{"@type":"ReadAction","target":["https:\/\/brasilnoticias.org\/site\/ministerio-da-saude-corre-contra-o-tempo-para-cumprir-ordem-de-bolsonaro-e-anunciar-o-fim-da-pandemia\/"]}]},{"@type":"BreadcrumbList","@id":"https:\/\/brasilnoticias.org\/site\/ministerio-da-saude-corre-contra-o-tempo-para-cumprir-ordem-de-bolsonaro-e-anunciar-o-fim-da-pandemia\/#breadcrumb","itemListElement":[{"@type":"ListItem","position":1,"name":"In\u00edcio","item":"https:\/\/brasilnoticias.org\/site\/"},{"@type":"ListItem","position":2,"name":"Minist\u00e9rio da Sa\u00fade corre contra o tempo para cumprir ordem de Bolsonaro e anunciar o \u201cfim da pandemia"}]},{"@type":"WebSite","@id":"https:\/\/brasilnoticias.org\/site\/#website","url":"https:\/\/brasilnoticias.org\/site\/","name":"Brasil not\u00edcias","description":"Brasil not\u00edcias","publisher":{"@id":"https:\/\/brasilnoticias.org\/site\/#organization"},"potentialAction":[{"@type":"SearchAction","target":{"@type":"EntryPoint","urlTemplate":"https:\/\/brasilnoticias.org\/site\/?s={search_term_string}"},"query-input":{"@type":"PropertyValueSpecification","valueRequired":true,"valueName":"search_term_string"}}],"inLanguage":"pt-PT"},{"@type":"Organization","@id":"https:\/\/brasilnoticias.org\/site\/#organization","name":"Brasil not\u00edcias","url":"https:\/\/brasilnoticias.org\/site\/","logo":{"@type":"ImageObject","inLanguage":"pt-PT","@id":"https:\/\/brasilnoticias.org\/site\/#\/schema\/logo\/image\/","url":"https:\/\/brasilnoticias.org\/site\/wp-content\/uploads\/2022\/05\/cropped-brasilnoticias-mini.jpg","contentUrl":"https:\/\/brasilnoticias.org\/site\/wp-content\/uploads\/2022\/05\/cropped-brasilnoticias-mini.jpg","width":314,"height":86,"caption":"Brasil not\u00edcias"},"image":{"@id":"https:\/\/brasilnoticias.org\/site\/#\/schema\/logo\/image\/"}},{"@type":"Person","@id":"https:\/\/brasilnoticias.org\/site\/#\/schema\/person\/a0e05b973ec4d15c658d51911e53507b","name":"Reda\u00e7\u00e3o","image":{"@type":"ImageObject","inLanguage":"pt-PT","@id":"https:\/\/brasilnoticias.org\/site\/#\/schema\/person\/image\/","url":"https:\/\/secure.gravatar.com\/avatar\/75d8b050df2de108b08ae78dfb8e374892df24a383c67db9c46a9c604f6aee9c?s=96&d=mm&r=g","contentUrl":"https:\/\/secure.gravatar.com\/avatar\/75d8b050df2de108b08ae78dfb8e374892df24a383c67db9c46a9c604f6aee9c?s=96&d=mm&r=g","caption":"Reda\u00e7\u00e3o"},"sameAs":["https:\/\/brasilnoticias.org\/site"],"url":"https:\/\/brasilnoticias.org\/site\/author\/fernandozsngmail-com\/"}]}},"_links":{"self":[{"href":"https:\/\/brasilnoticias.org\/site\/wp-json\/wp\/v2\/posts\/51","targetHints":{"allow":["GET"]}}],"collection":[{"href":"https:\/\/brasilnoticias.org\/site\/wp-json\/wp\/v2\/posts"}],"about":[{"href":"https:\/\/brasilnoticias.org\/site\/wp-json\/wp\/v2\/types\/post"}],"author":[{"embeddable":true,"href":"https:\/\/brasilnoticias.org\/site\/wp-json\/wp\/v2\/users\/1"}],"replies":[{"embeddable":true,"href":"https:\/\/brasilnoticias.org\/site\/wp-json\/wp\/v2\/comments?post=51"}],"version-history":[{"count":1,"href":"https:\/\/brasilnoticias.org\/site\/wp-json\/wp\/v2\/posts\/51\/revisions"}],"predecessor-version":[{"id":57,"href":"https:\/\/brasilnoticias.org\/site\/wp-json\/wp\/v2\/posts\/51\/revisions\/57"}],"wp:attachment":[{"href":"https:\/\/brasilnoticias.org\/site\/wp-json\/wp\/v2\/media?parent=51"}],"wp:term":[{"taxonomy":"category","embeddable":true,"href":"https:\/\/brasilnoticias.org\/site\/wp-json\/wp\/v2\/categories?post=51"},{"taxonomy":"post_tag","embeddable":true,"href":"https:\/\/brasilnoticias.org\/site\/wp-json\/wp\/v2\/tags?post=51"}],"curies":[{"name":"wp","href":"https:\/\/api.w.org\/{rel}","templated":true}]}}