{"id":5113,"date":"2023-03-30T07:30:26","date_gmt":"2023-03-30T10:30:26","guid":{"rendered":"https:\/\/brasilnoticias.org\/site\/?p=5113"},"modified":"2023-03-30T07:30:26","modified_gmt":"2023-03-30T10:30:26","slug":"capitao-alden-tem-aprovacao-de-mocao-de-aplausos-as-professoras-que-imobilizaram-menor-infrator-em-caso-de-escola-em-sao-paulo","status":"publish","type":"post","link":"https:\/\/brasilnoticias.org\/site\/capitao-alden-tem-aprovacao-de-mocao-de-aplausos-as-professoras-que-imobilizaram-menor-infrator-em-caso-de-escola-em-sao-paulo\/","title":{"rendered":"Capit\u00e3o Alden tem aprova\u00e7\u00e3o de Mo\u00e7\u00e3o de Aplausos as professoras que imobilizaram menor infrator em caso de Escola em S\u00e3o Paulo"},"content":{"rendered":"<p><img loading=\"lazy\" decoding=\"async\" class=\"alignnone size-full wp-image-5115\" src=\"https:\/\/brasilnoticias.org\/site\/wp-content\/uploads\/2023\/03\/WhatsApp-Image-2023-03-29-at-13.07.22.jpeg\" alt=\"\" width=\"1600\" height=\"1066\" srcset=\"https:\/\/brasilnoticias.org\/site\/wp-content\/uploads\/2023\/03\/WhatsApp-Image-2023-03-29-at-13.07.22.jpeg 1600w, https:\/\/brasilnoticias.org\/site\/wp-content\/uploads\/2023\/03\/WhatsApp-Image-2023-03-29-at-13.07.22-500x333.jpeg 500w, https:\/\/brasilnoticias.org\/site\/wp-content\/uploads\/2023\/03\/WhatsApp-Image-2023-03-29-at-13.07.22-768x512.jpeg 768w, https:\/\/brasilnoticias.org\/site\/wp-content\/uploads\/2023\/03\/WhatsApp-Image-2023-03-29-at-13.07.22-1536x1023.jpeg 1536w\" sizes=\"auto, (max-width: 1600px) 100vw, 1600px\" \/><\/p>\n<p>Deputado teve sua primeira aprova\u00e7\u00e3o de proposi\u00e7\u00e3o na C\u00e2mara Federal<\/p>\n<p>O caso que ocorreu, recentemente, em que um menor de idade matou uma professora e feriu v\u00e1rios estudantes na Escola Estadual Thomazia Montoro, situada no estado de S\u00e3o Paulo, ganhou como\u00e7\u00e3o nacional, com a brutalidade do crime cometido por aluno da institui\u00e7\u00e3o que portava uma arma branca. A C\u00e2mara Federal aprovou nesta quarta-feira (29), durante a reuni\u00e3o da Comiss\u00e3o de Educa\u00e7\u00e3o, o Requerimento 49\/2023, que disp\u00f5e sobre a Mo\u00e7\u00e3o de Aplausos \u00e0s professoras Cintia da Silva Barbosa e Sandra Pereira, que imobilizaram o infrator de 13 anos. A proposi\u00e7\u00e3o aprovada foi de autoria do deputado federal Capit\u00e3o Alden (PL-BA), que foi extremamente incisivo na defesa de seu requerimento.<\/p>\n<p>Essa foi a primeira proposi\u00e7\u00e3o aprovada de autoria do parlamentar baiano na C\u00e2mara dos Deputados, vale destacar que o pol\u00edtico \u00e9 rec\u00e9m-chegado em Bras\u00edlia, mas j\u00e1 segue com postura de Deputado Federal com ampla experi\u00eancia no Congresso Nacional. Inclusive, o Capit\u00e3o Alden \u00e9 autor tamb\u00e9m de Requerimento N\u00ba 45\/2023, que solicita a realiza\u00e7\u00e3o de Audi\u00eancia P\u00fablica para discutir a\u00e7\u00f5es capazes de ampliar o n\u00famero de escolas c\u00edvico-militares no pa\u00eds.<\/p>\n<p>De acordo com o parlamentar, a homenagem \u00e0s professoras \u00e9 vital, pois elas foram essenciais para a manuten\u00e7\u00e3o de vidas durante o atentado. \u201cQuero registrar minha sensibilidade com as fam\u00edlias que tiveram estudantes machucados e a fam\u00edlia da professora Elizabeth Tenreiro, de 71 anos, que infelizmente n\u00e3o resistiu aos ferimentos. Parab\u00e9ns \u00e0s professoras Cintia da Silva Barbosa e Sandra Pereira que tiveram postura heroica\u201d, pontua Alden.<\/p>\n<p>Debate &#8211; Durante a aprova\u00e7\u00e3o da Mo\u00e7\u00e3o de Aplausos, o autor da proposi\u00e7\u00e3o teve embates acalorados com parlamentares de Esquerda. O Capit\u00e3o Alden havia trazido a discuss\u00e3o de pontos-chaves para revis\u00e3o, como por exemplo, a \u201cMaioridade Penal\u201d e a atua\u00e7\u00e3o conjunta das For\u00e7as de Seguran\u00e7a P\u00fablica com as unidades escolares. Deixando claro seu posicionamento, o deputado federal Capit\u00e3o Alden sinalizou que removeria do texto original de sua proposi\u00e7\u00e3o os pontos divergentes, mas refor\u00e7ou que discutir\u00e1 na Comiss\u00e3o de Educa\u00e7\u00e3o todos os pontos levantados.<\/p>\n","protected":false},"excerpt":{"rendered":"<p>Deputado teve sua primeira aprova\u00e7\u00e3o de proposi\u00e7\u00e3o na C\u00e2mara Federal O caso que ocorreu, recentemente, em que um menor de<\/p>\n","protected":false},"author":1,"featured_media":5114,"comment_status":"open","ping_status":"open","sticky":false,"template":"","format":"standard","meta":{"colormag_page_container_layout":"default_layout","colormag_page_sidebar_layout":"default_layout","_FSMCFIC_featured_image_caption":"","_FSMCFIC_featured_image_nocaption":"","_FSMCFIC_featured_image_hide":"","footnotes":""},"categories":[5,1],"tags":[],"class_list":["post-5113","post","type-post","status-publish","format-standard","has-post-thumbnail","hentry","category-politica","category-ultimas"],"yoast_head":"<!-- This site is optimized with the Yoast SEO plugin v27.1.1 - https:\/\/yoast.com\/product\/yoast-seo-wordpress\/ -->\n<title>Capit\u00e3o Alden tem aprova\u00e7\u00e3o de Mo\u00e7\u00e3o de Aplausos as professoras que imobilizaram menor infrator em caso de Escola em S\u00e3o Paulo - Brasil not\u00edcias<\/title>\n<meta name=\"robots\" content=\"index, follow, max-snippet:-1, max-image-preview:large, max-video-preview:-1\" \/>\n<link rel=\"canonical\" href=\"https:\/\/brasilnoticias.org\/site\/capitao-alden-tem-aprovacao-de-mocao-de-aplausos-as-professoras-que-imobilizaram-menor-infrator-em-caso-de-escola-em-sao-paulo\/\" \/>\n<meta property=\"og:locale\" content=\"pt_PT\" \/>\n<meta property=\"og:type\" content=\"article\" \/>\n<meta property=\"og:title\" content=\"Capit\u00e3o Alden tem aprova\u00e7\u00e3o de Mo\u00e7\u00e3o de Aplausos as professoras que imobilizaram menor infrator em caso de Escola em S\u00e3o Paulo - Brasil not\u00edcias\" \/>\n<meta property=\"og:description\" content=\"Deputado teve sua primeira aprova\u00e7\u00e3o de proposi\u00e7\u00e3o na C\u00e2mara Federal O caso que ocorreu, recentemente, em que um menor de\" \/>\n<meta property=\"og:url\" content=\"https:\/\/brasilnoticias.org\/site\/capitao-alden-tem-aprovacao-de-mocao-de-aplausos-as-professoras-que-imobilizaram-menor-infrator-em-caso-de-escola-em-sao-paulo\/\" \/>\n<meta property=\"og:site_name\" content=\"Brasil not\u00edcias\" \/>\n<meta property=\"article:published_time\" content=\"2023-03-30T10:30:26+00:00\" \/>\n<meta property=\"og:image\" content=\"https:\/\/brasilnoticias.org\/site\/wp-content\/uploads\/2023\/03\/WhatsApp-Image-2023-03-29-at-13.07.23.jpeg\" \/>\n\t<meta property=\"og:image:width\" content=\"1600\" \/>\n\t<meta property=\"og:image:height\" content=\"1066\" \/>\n\t<meta property=\"og:image:type\" content=\"image\/jpeg\" \/>\n<meta name=\"author\" content=\"Reda\u00e7\u00e3o\" \/>\n<meta name=\"twitter:card\" content=\"summary_large_image\" \/>\n<meta name=\"twitter:label1\" content=\"Escrito por\" \/>\n\t<meta name=\"twitter:data1\" content=\"Reda\u00e7\u00e3o\" \/>\n\t<meta name=\"twitter:label2\" content=\"Tempo estimado de leitura\" \/>\n\t<meta name=\"twitter:data2\" content=\"3 minutos\" \/>\n<script type=\"application\/ld+json\" class=\"yoast-schema-graph\">{\"@context\":\"https:\/\/schema.org\",\"@graph\":[{\"@type\":\"Article\",\"@id\":\"https:\/\/brasilnoticias.org\/site\/capitao-alden-tem-aprovacao-de-mocao-de-aplausos-as-professoras-que-imobilizaram-menor-infrator-em-caso-de-escola-em-sao-paulo\/#article\",\"isPartOf\":{\"@id\":\"https:\/\/brasilnoticias.org\/site\/capitao-alden-tem-aprovacao-de-mocao-de-aplausos-as-professoras-que-imobilizaram-menor-infrator-em-caso-de-escola-em-sao-paulo\/\"},\"author\":{\"name\":\"Reda\u00e7\u00e3o\",\"@id\":\"https:\/\/brasilnoticias.org\/site\/#\/schema\/person\/a0e05b973ec4d15c658d51911e53507b\"},\"headline\":\"Capit\u00e3o Alden tem aprova\u00e7\u00e3o de Mo\u00e7\u00e3o de Aplausos as professoras que imobilizaram menor infrator em caso de Escola em S\u00e3o Paulo\",\"datePublished\":\"2023-03-30T10:30:26+00:00\",\"mainEntityOfPage\":{\"@id\":\"https:\/\/brasilnoticias.org\/site\/capitao-alden-tem-aprovacao-de-mocao-de-aplausos-as-professoras-que-imobilizaram-menor-infrator-em-caso-de-escola-em-sao-paulo\/\"},\"wordCount\":403,\"commentCount\":0,\"publisher\":{\"@id\":\"https:\/\/brasilnoticias.org\/site\/#organization\"},\"image\":{\"@id\":\"https:\/\/brasilnoticias.org\/site\/capitao-alden-tem-aprovacao-de-mocao-de-aplausos-as-professoras-que-imobilizaram-menor-infrator-em-caso-de-escola-em-sao-paulo\/#primaryimage\"},\"thumbnailUrl\":\"https:\/\/brasilnoticias.org\/site\/wp-content\/uploads\/2023\/03\/WhatsApp-Image-2023-03-29-at-13.07.23.jpeg\",\"articleSection\":[\"Pol\u00edtica\",\"\u00daltimas\"],\"inLanguage\":\"pt-PT\",\"potentialAction\":[{\"@type\":\"CommentAction\",\"name\":\"Comment\",\"target\":[\"https:\/\/brasilnoticias.org\/site\/capitao-alden-tem-aprovacao-de-mocao-de-aplausos-as-professoras-que-imobilizaram-menor-infrator-em-caso-de-escola-em-sao-paulo\/#respond\"]}]},{\"@type\":\"WebPage\",\"@id\":\"https:\/\/brasilnoticias.org\/site\/capitao-alden-tem-aprovacao-de-mocao-de-aplausos-as-professoras-que-imobilizaram-menor-infrator-em-caso-de-escola-em-sao-paulo\/\",\"url\":\"https:\/\/brasilnoticias.org\/site\/capitao-alden-tem-aprovacao-de-mocao-de-aplausos-as-professoras-que-imobilizaram-menor-infrator-em-caso-de-escola-em-sao-paulo\/\",\"name\":\"Capit\u00e3o Alden tem aprova\u00e7\u00e3o de Mo\u00e7\u00e3o de Aplausos as professoras que imobilizaram menor infrator em caso de Escola em S\u00e3o Paulo - Brasil not\u00edcias\",\"isPartOf\":{\"@id\":\"https:\/\/brasilnoticias.org\/site\/#website\"},\"primaryImageOfPage\":{\"@id\":\"https:\/\/brasilnoticias.org\/site\/capitao-alden-tem-aprovacao-de-mocao-de-aplausos-as-professoras-que-imobilizaram-menor-infrator-em-caso-de-escola-em-sao-paulo\/#primaryimage\"},\"image\":{\"@id\":\"https:\/\/brasilnoticias.org\/site\/capitao-alden-tem-aprovacao-de-mocao-de-aplausos-as-professoras-que-imobilizaram-menor-infrator-em-caso-de-escola-em-sao-paulo\/#primaryimage\"},\"thumbnailUrl\":\"https:\/\/brasilnoticias.org\/site\/wp-content\/uploads\/2023\/03\/WhatsApp-Image-2023-03-29-at-13.07.23.jpeg\",\"datePublished\":\"2023-03-30T10:30:26+00:00\",\"breadcrumb\":{\"@id\":\"https:\/\/brasilnoticias.org\/site\/capitao-alden-tem-aprovacao-de-mocao-de-aplausos-as-professoras-que-imobilizaram-menor-infrator-em-caso-de-escola-em-sao-paulo\/#breadcrumb\"},\"inLanguage\":\"pt-PT\",\"potentialAction\":[{\"@type\":\"ReadAction\",\"target\":[\"https:\/\/brasilnoticias.org\/site\/capitao-alden-tem-aprovacao-de-mocao-de-aplausos-as-professoras-que-imobilizaram-menor-infrator-em-caso-de-escola-em-sao-paulo\/\"]}]},{\"@type\":\"ImageObject\",\"inLanguage\":\"pt-PT\",\"@id\":\"https:\/\/brasilnoticias.org\/site\/capitao-alden-tem-aprovacao-de-mocao-de-aplausos-as-professoras-que-imobilizaram-menor-infrator-em-caso-de-escola-em-sao-paulo\/#primaryimage\",\"url\":\"https:\/\/brasilnoticias.org\/site\/wp-content\/uploads\/2023\/03\/WhatsApp-Image-2023-03-29-at-13.07.23.jpeg\",\"contentUrl\":\"https:\/\/brasilnoticias.org\/site\/wp-content\/uploads\/2023\/03\/WhatsApp-Image-2023-03-29-at-13.07.23.jpeg\",\"width\":1600,\"height\":1066},{\"@type\":\"BreadcrumbList\",\"@id\":\"https:\/\/brasilnoticias.org\/site\/capitao-alden-tem-aprovacao-de-mocao-de-aplausos-as-professoras-que-imobilizaram-menor-infrator-em-caso-de-escola-em-sao-paulo\/#breadcrumb\",\"itemListElement\":[{\"@type\":\"ListItem\",\"position\":1,\"name\":\"In\u00edcio\",\"item\":\"https:\/\/brasilnoticias.org\/site\/\"},{\"@type\":\"ListItem\",\"position\":2,\"name\":\"Capit\u00e3o Alden tem aprova\u00e7\u00e3o de Mo\u00e7\u00e3o de Aplausos as professoras que imobilizaram menor infrator em caso de Escola em S\u00e3o Paulo\"}]},{\"@type\":\"WebSite\",\"@id\":\"https:\/\/brasilnoticias.org\/site\/#website\",\"url\":\"https:\/\/brasilnoticias.org\/site\/\",\"name\":\"Brasil not\u00edcias\",\"description\":\"Brasil not\u00edcias\",\"publisher\":{\"@id\":\"https:\/\/brasilnoticias.org\/site\/#organization\"},\"potentialAction\":[{\"@type\":\"SearchAction\",\"target\":{\"@type\":\"EntryPoint\",\"urlTemplate\":\"https:\/\/brasilnoticias.org\/site\/?s={search_term_string}\"},\"query-input\":{\"@type\":\"PropertyValueSpecification\",\"valueRequired\":true,\"valueName\":\"search_term_string\"}}],\"inLanguage\":\"pt-PT\"},{\"@type\":\"Organization\",\"@id\":\"https:\/\/brasilnoticias.org\/site\/#organization\",\"name\":\"Brasil not\u00edcias\",\"url\":\"https:\/\/brasilnoticias.org\/site\/\",\"logo\":{\"@type\":\"ImageObject\",\"inLanguage\":\"pt-PT\",\"@id\":\"https:\/\/brasilnoticias.org\/site\/#\/schema\/logo\/image\/\",\"url\":\"https:\/\/brasilnoticias.org\/site\/wp-content\/uploads\/2022\/05\/cropped-brasilnoticias-mini.jpg\",\"contentUrl\":\"https:\/\/brasilnoticias.org\/site\/wp-content\/uploads\/2022\/05\/cropped-brasilnoticias-mini.jpg\",\"width\":314,\"height\":86,\"caption\":\"Brasil not\u00edcias\"},\"image\":{\"@id\":\"https:\/\/brasilnoticias.org\/site\/#\/schema\/logo\/image\/\"}},{\"@type\":\"Person\",\"@id\":\"https:\/\/brasilnoticias.org\/site\/#\/schema\/person\/a0e05b973ec4d15c658d51911e53507b\",\"name\":\"Reda\u00e7\u00e3o\",\"image\":{\"@type\":\"ImageObject\",\"inLanguage\":\"pt-PT\",\"@id\":\"https:\/\/brasilnoticias.org\/site\/#\/schema\/person\/image\/\",\"url\":\"https:\/\/secure.gravatar.com\/avatar\/75d8b050df2de108b08ae78dfb8e374892df24a383c67db9c46a9c604f6aee9c?s=96&d=mm&r=g\",\"contentUrl\":\"https:\/\/secure.gravatar.com\/avatar\/75d8b050df2de108b08ae78dfb8e374892df24a383c67db9c46a9c604f6aee9c?s=96&d=mm&r=g\",\"caption\":\"Reda\u00e7\u00e3o\"},\"sameAs\":[\"https:\/\/brasilnoticias.org\/site\"],\"url\":\"https:\/\/brasilnoticias.org\/site\/author\/fernandozsngmail-com\/\"}]}<\/script>\n<!-- \/ Yoast SEO plugin. -->","yoast_head_json":{"title":"Capit\u00e3o Alden tem aprova\u00e7\u00e3o de Mo\u00e7\u00e3o de Aplausos as professoras que imobilizaram menor infrator em caso de Escola em S\u00e3o Paulo - Brasil not\u00edcias","robots":{"index":"index","follow":"follow","max-snippet":"max-snippet:-1","max-image-preview":"max-image-preview:large","max-video-preview":"max-video-preview:-1"},"canonical":"https:\/\/brasilnoticias.org\/site\/capitao-alden-tem-aprovacao-de-mocao-de-aplausos-as-professoras-que-imobilizaram-menor-infrator-em-caso-de-escola-em-sao-paulo\/","og_locale":"pt_PT","og_type":"article","og_title":"Capit\u00e3o Alden tem aprova\u00e7\u00e3o de Mo\u00e7\u00e3o de Aplausos as professoras que imobilizaram menor infrator em caso de Escola em S\u00e3o Paulo - Brasil not\u00edcias","og_description":"Deputado teve sua primeira aprova\u00e7\u00e3o de proposi\u00e7\u00e3o na C\u00e2mara Federal O caso que ocorreu, recentemente, em que um menor de","og_url":"https:\/\/brasilnoticias.org\/site\/capitao-alden-tem-aprovacao-de-mocao-de-aplausos-as-professoras-que-imobilizaram-menor-infrator-em-caso-de-escola-em-sao-paulo\/","og_site_name":"Brasil not\u00edcias","article_published_time":"2023-03-30T10:30:26+00:00","og_image":[{"width":1600,"height":1066,"url":"https:\/\/brasilnoticias.org\/site\/wp-content\/uploads\/2023\/03\/WhatsApp-Image-2023-03-29-at-13.07.23.jpeg","type":"image\/jpeg"}],"author":"Reda\u00e7\u00e3o","twitter_card":"summary_large_image","twitter_misc":{"Escrito por":"Reda\u00e7\u00e3o","Tempo estimado de leitura":"3 minutos"},"schema":{"@context":"https:\/\/schema.org","@graph":[{"@type":"Article","@id":"https:\/\/brasilnoticias.org\/site\/capitao-alden-tem-aprovacao-de-mocao-de-aplausos-as-professoras-que-imobilizaram-menor-infrator-em-caso-de-escola-em-sao-paulo\/#article","isPartOf":{"@id":"https:\/\/brasilnoticias.org\/site\/capitao-alden-tem-aprovacao-de-mocao-de-aplausos-as-professoras-que-imobilizaram-menor-infrator-em-caso-de-escola-em-sao-paulo\/"},"author":{"name":"Reda\u00e7\u00e3o","@id":"https:\/\/brasilnoticias.org\/site\/#\/schema\/person\/a0e05b973ec4d15c658d51911e53507b"},"headline":"Capit\u00e3o Alden tem aprova\u00e7\u00e3o de Mo\u00e7\u00e3o de Aplausos as professoras que imobilizaram menor infrator em caso de Escola em S\u00e3o Paulo","datePublished":"2023-03-30T10:30:26+00:00","mainEntityOfPage":{"@id":"https:\/\/brasilnoticias.org\/site\/capitao-alden-tem-aprovacao-de-mocao-de-aplausos-as-professoras-que-imobilizaram-menor-infrator-em-caso-de-escola-em-sao-paulo\/"},"wordCount":403,"commentCount":0,"publisher":{"@id":"https:\/\/brasilnoticias.org\/site\/#organization"},"image":{"@id":"https:\/\/brasilnoticias.org\/site\/capitao-alden-tem-aprovacao-de-mocao-de-aplausos-as-professoras-que-imobilizaram-menor-infrator-em-caso-de-escola-em-sao-paulo\/#primaryimage"},"thumbnailUrl":"https:\/\/brasilnoticias.org\/site\/wp-content\/uploads\/2023\/03\/WhatsApp-Image-2023-03-29-at-13.07.23.jpeg","articleSection":["Pol\u00edtica","\u00daltimas"],"inLanguage":"pt-PT","potentialAction":[{"@type":"CommentAction","name":"Comment","target":["https:\/\/brasilnoticias.org\/site\/capitao-alden-tem-aprovacao-de-mocao-de-aplausos-as-professoras-que-imobilizaram-menor-infrator-em-caso-de-escola-em-sao-paulo\/#respond"]}]},{"@type":"WebPage","@id":"https:\/\/brasilnoticias.org\/site\/capitao-alden-tem-aprovacao-de-mocao-de-aplausos-as-professoras-que-imobilizaram-menor-infrator-em-caso-de-escola-em-sao-paulo\/","url":"https:\/\/brasilnoticias.org\/site\/capitao-alden-tem-aprovacao-de-mocao-de-aplausos-as-professoras-que-imobilizaram-menor-infrator-em-caso-de-escola-em-sao-paulo\/","name":"Capit\u00e3o Alden tem aprova\u00e7\u00e3o de Mo\u00e7\u00e3o de Aplausos as professoras que imobilizaram menor infrator em caso de Escola em S\u00e3o Paulo - Brasil not\u00edcias","isPartOf":{"@id":"https:\/\/brasilnoticias.org\/site\/#website"},"primaryImageOfPage":{"@id":"https:\/\/brasilnoticias.org\/site\/capitao-alden-tem-aprovacao-de-mocao-de-aplausos-as-professoras-que-imobilizaram-menor-infrator-em-caso-de-escola-em-sao-paulo\/#primaryimage"},"image":{"@id":"https:\/\/brasilnoticias.org\/site\/capitao-alden-tem-aprovacao-de-mocao-de-aplausos-as-professoras-que-imobilizaram-menor-infrator-em-caso-de-escola-em-sao-paulo\/#primaryimage"},"thumbnailUrl":"https:\/\/brasilnoticias.org\/site\/wp-content\/uploads\/2023\/03\/WhatsApp-Image-2023-03-29-at-13.07.23.jpeg","datePublished":"2023-03-30T10:30:26+00:00","breadcrumb":{"@id":"https:\/\/brasilnoticias.org\/site\/capitao-alden-tem-aprovacao-de-mocao-de-aplausos-as-professoras-que-imobilizaram-menor-infrator-em-caso-de-escola-em-sao-paulo\/#breadcrumb"},"inLanguage":"pt-PT","potentialAction":[{"@type":"ReadAction","target":["https:\/\/brasilnoticias.org\/site\/capitao-alden-tem-aprovacao-de-mocao-de-aplausos-as-professoras-que-imobilizaram-menor-infrator-em-caso-de-escola-em-sao-paulo\/"]}]},{"@type":"ImageObject","inLanguage":"pt-PT","@id":"https:\/\/brasilnoticias.org\/site\/capitao-alden-tem-aprovacao-de-mocao-de-aplausos-as-professoras-que-imobilizaram-menor-infrator-em-caso-de-escola-em-sao-paulo\/#primaryimage","url":"https:\/\/brasilnoticias.org\/site\/wp-content\/uploads\/2023\/03\/WhatsApp-Image-2023-03-29-at-13.07.23.jpeg","contentUrl":"https:\/\/brasilnoticias.org\/site\/wp-content\/uploads\/2023\/03\/WhatsApp-Image-2023-03-29-at-13.07.23.jpeg","width":1600,"height":1066},{"@type":"BreadcrumbList","@id":"https:\/\/brasilnoticias.org\/site\/capitao-alden-tem-aprovacao-de-mocao-de-aplausos-as-professoras-que-imobilizaram-menor-infrator-em-caso-de-escola-em-sao-paulo\/#breadcrumb","itemListElement":[{"@type":"ListItem","position":1,"name":"In\u00edcio","item":"https:\/\/brasilnoticias.org\/site\/"},{"@type":"ListItem","position":2,"name":"Capit\u00e3o Alden tem aprova\u00e7\u00e3o de Mo\u00e7\u00e3o de Aplausos as professoras que imobilizaram menor infrator em caso de Escola em S\u00e3o Paulo"}]},{"@type":"WebSite","@id":"https:\/\/brasilnoticias.org\/site\/#website","url":"https:\/\/brasilnoticias.org\/site\/","name":"Brasil not\u00edcias","description":"Brasil not\u00edcias","publisher":{"@id":"https:\/\/brasilnoticias.org\/site\/#organization"},"potentialAction":[{"@type":"SearchAction","target":{"@type":"EntryPoint","urlTemplate":"https:\/\/brasilnoticias.org\/site\/?s={search_term_string}"},"query-input":{"@type":"PropertyValueSpecification","valueRequired":true,"valueName":"search_term_string"}}],"inLanguage":"pt-PT"},{"@type":"Organization","@id":"https:\/\/brasilnoticias.org\/site\/#organization","name":"Brasil not\u00edcias","url":"https:\/\/brasilnoticias.org\/site\/","logo":{"@type":"ImageObject","inLanguage":"pt-PT","@id":"https:\/\/brasilnoticias.org\/site\/#\/schema\/logo\/image\/","url":"https:\/\/brasilnoticias.org\/site\/wp-content\/uploads\/2022\/05\/cropped-brasilnoticias-mini.jpg","contentUrl":"https:\/\/brasilnoticias.org\/site\/wp-content\/uploads\/2022\/05\/cropped-brasilnoticias-mini.jpg","width":314,"height":86,"caption":"Brasil not\u00edcias"},"image":{"@id":"https:\/\/brasilnoticias.org\/site\/#\/schema\/logo\/image\/"}},{"@type":"Person","@id":"https:\/\/brasilnoticias.org\/site\/#\/schema\/person\/a0e05b973ec4d15c658d51911e53507b","name":"Reda\u00e7\u00e3o","image":{"@type":"ImageObject","inLanguage":"pt-PT","@id":"https:\/\/brasilnoticias.org\/site\/#\/schema\/person\/image\/","url":"https:\/\/secure.gravatar.com\/avatar\/75d8b050df2de108b08ae78dfb8e374892df24a383c67db9c46a9c604f6aee9c?s=96&d=mm&r=g","contentUrl":"https:\/\/secure.gravatar.com\/avatar\/75d8b050df2de108b08ae78dfb8e374892df24a383c67db9c46a9c604f6aee9c?s=96&d=mm&r=g","caption":"Reda\u00e7\u00e3o"},"sameAs":["https:\/\/brasilnoticias.org\/site"],"url":"https:\/\/brasilnoticias.org\/site\/author\/fernandozsngmail-com\/"}]}},"_links":{"self":[{"href":"https:\/\/brasilnoticias.org\/site\/wp-json\/wp\/v2\/posts\/5113","targetHints":{"allow":["GET"]}}],"collection":[{"href":"https:\/\/brasilnoticias.org\/site\/wp-json\/wp\/v2\/posts"}],"about":[{"href":"https:\/\/brasilnoticias.org\/site\/wp-json\/wp\/v2\/types\/post"}],"author":[{"embeddable":true,"href":"https:\/\/brasilnoticias.org\/site\/wp-json\/wp\/v2\/users\/1"}],"replies":[{"embeddable":true,"href":"https:\/\/brasilnoticias.org\/site\/wp-json\/wp\/v2\/comments?post=5113"}],"version-history":[{"count":1,"href":"https:\/\/brasilnoticias.org\/site\/wp-json\/wp\/v2\/posts\/5113\/revisions"}],"predecessor-version":[{"id":5116,"href":"https:\/\/brasilnoticias.org\/site\/wp-json\/wp\/v2\/posts\/5113\/revisions\/5116"}],"wp:featuredmedia":[{"embeddable":true,"href":"https:\/\/brasilnoticias.org\/site\/wp-json\/wp\/v2\/media\/5114"}],"wp:attachment":[{"href":"https:\/\/brasilnoticias.org\/site\/wp-json\/wp\/v2\/media?parent=5113"}],"wp:term":[{"taxonomy":"category","embeddable":true,"href":"https:\/\/brasilnoticias.org\/site\/wp-json\/wp\/v2\/categories?post=5113"},{"taxonomy":"post_tag","embeddable":true,"href":"https:\/\/brasilnoticias.org\/site\/wp-json\/wp\/v2\/tags?post=5113"}],"curies":[{"name":"wp","href":"https:\/\/api.w.org\/{rel}","templated":true}]}}