{"id":5117,"date":"2023-03-30T07:33:11","date_gmt":"2023-03-30T10:33:11","guid":{"rendered":"https:\/\/brasilnoticias.org\/site\/?p=5117"},"modified":"2023-03-30T07:33:11","modified_gmt":"2023-03-30T10:33:11","slug":"capitao-alden-cobra-apoio-aos-verdadeiros-indigenas-do-extremo-sul-da-bahia-organizacoes-criminosas-estao-se-infiltrando","status":"publish","type":"post","link":"https:\/\/brasilnoticias.org\/site\/capitao-alden-cobra-apoio-aos-verdadeiros-indigenas-do-extremo-sul-da-bahia-organizacoes-criminosas-estao-se-infiltrando\/","title":{"rendered":"Capit\u00e3o Alden cobra apoio aos \u201cverdadeiros ind\u00edgenas\u201d do Extremo Sul da Bahia: \u201cOrganiza\u00e7\u00f5es criminosas est\u00e3o se infiltrando\u201d"},"content":{"rendered":"<p>Utilizando da tribuna na C\u00e2mara, o deputado federal Capit\u00e3o Alden (PL-BA) denunciou a atual situa\u00e7\u00e3o que povos ind\u00edgenas est\u00e3o sofrendo no Extremo Sul da Bahia. O parlamentar, que esteve na regi\u00e3o na \u00faltima semana, afirmou que pessoas ligadas a organiza\u00e7\u00f5es criminosas est\u00e3o se infiltrando para ocupar terras na localidade.<\/p>\n<p>\u201cEstive no Extremo Sul baiano para acompanhar de perto a situa\u00e7\u00e3o dos povos ind\u00edgenas. Apesar das terras serem deles por direito, eles ainda tem que lutar, pois ainda n\u00e3o houve a demarca\u00e7\u00e3o dessas terras. Uma das grandes reclama\u00e7\u00f5es \u00e9 que a Funai n\u00e3o teve contato com esses \u00edndios. \u00c9 grave o que vem acontecendo\u201d, disse Alden.<\/p>\n<p>O deputado ainda salientou que tem not\u00edcias de que organiza\u00e7\u00f5es criminosas est\u00e3o integrando essas terras e expulsando os \u201cverdadeiros ind\u00edgenas\u201d e agricultores. Capit\u00e3o Alden salientou que est\u00e1 demandando \u00e0 Funda\u00e7\u00e3o Nacional dos Povos Ind\u00edgenas (Funai) e todos os \u00f3rg\u00e3os relacionados ao tema para que seja feita uma an\u00e1lise da situa\u00e7\u00e3o.<\/p>\n<p>Plano de combate &#8211; A Secretaria da Seguran\u00e7a P\u00fablica (SSP) publicou, na edi\u00e7\u00e3o da \u00faltima ter\u00e7a-feira (28) do Di\u00e1rio Oficial do Estado (DOE), em portaria conjunta, a aprova\u00e7\u00e3o do Plano de Atua\u00e7\u00e3o Integrada de Enfrentamento \u00e0 Viol\u00eancia contra Povos e Comunidades Tradicionais.<\/p>\n<p>O plano buscar\u00e1 desenvolver a\u00e7\u00f5es preventivas e repressivas a fim de manter a integridade de pessoas e patrim\u00f4nio em \u00e1reas de conflitos decorrentes de disputas de terra. Vale destacar que essa medida s\u00f3 foi oficializada ap\u00f3s manifesta\u00e7\u00f5es feitas pelo deputado Capit\u00e3o Alden na C\u00e2mara dos Deputados em Bras\u00edlia.<\/p>\n<p>\u201cEsperamos que esse plano seja voltado para aqueles que merecem por direito desses cuidados. \u00c9 preciso se antecipar e buscar punir aqueles que est\u00e3o se passando por ind\u00edgenas para patrocinar o vandalismo, o terror e as invas\u00f5es\u201d, completou.<\/p>\n","protected":false},"excerpt":{"rendered":"<p>Utilizando da tribuna na C\u00e2mara, o deputado federal Capit\u00e3o Alden (PL-BA) denunciou a atual situa\u00e7\u00e3o que povos ind\u00edgenas est\u00e3o sofrendo<\/p>\n","protected":false},"author":1,"featured_media":5118,"comment_status":"open","ping_status":"open","sticky":false,"template":"","format":"standard","meta":{"colormag_page_container_layout":"default_layout","colormag_page_sidebar_layout":"default_layout","_FSMCFIC_featured_image_caption":"","_FSMCFIC_featured_image_nocaption":"","_FSMCFIC_featured_image_hide":"","footnotes":""},"categories":[5,1],"tags":[],"class_list":["post-5117","post","type-post","status-publish","format-standard","has-post-thumbnail","hentry","category-politica","category-ultimas"],"yoast_head":"<!-- This site is optimized with the Yoast SEO plugin v27.1.1 - https:\/\/yoast.com\/product\/yoast-seo-wordpress\/ -->\n<title>Capit\u00e3o Alden cobra apoio aos \u201cverdadeiros ind\u00edgenas\u201d do Extremo Sul da Bahia: \u201cOrganiza\u00e7\u00f5es criminosas est\u00e3o se infiltrando\u201d - Brasil not\u00edcias<\/title>\n<meta name=\"robots\" content=\"index, follow, max-snippet:-1, max-image-preview:large, max-video-preview:-1\" \/>\n<link rel=\"canonical\" href=\"https:\/\/brasilnoticias.org\/site\/capitao-alden-cobra-apoio-aos-verdadeiros-indigenas-do-extremo-sul-da-bahia-organizacoes-criminosas-estao-se-infiltrando\/\" \/>\n<meta property=\"og:locale\" content=\"pt_PT\" \/>\n<meta property=\"og:type\" content=\"article\" \/>\n<meta property=\"og:title\" content=\"Capit\u00e3o Alden cobra apoio aos \u201cverdadeiros ind\u00edgenas\u201d do Extremo Sul da Bahia: \u201cOrganiza\u00e7\u00f5es criminosas est\u00e3o se infiltrando\u201d - Brasil not\u00edcias\" \/>\n<meta property=\"og:description\" content=\"Utilizando da tribuna na C\u00e2mara, o deputado federal Capit\u00e3o Alden (PL-BA) denunciou a atual situa\u00e7\u00e3o que povos ind\u00edgenas est\u00e3o sofrendo\" \/>\n<meta property=\"og:url\" content=\"https:\/\/brasilnoticias.org\/site\/capitao-alden-cobra-apoio-aos-verdadeiros-indigenas-do-extremo-sul-da-bahia-organizacoes-criminosas-estao-se-infiltrando\/\" \/>\n<meta property=\"og:site_name\" content=\"Brasil not\u00edcias\" \/>\n<meta property=\"article:published_time\" content=\"2023-03-30T10:33:11+00:00\" \/>\n<meta property=\"og:image\" content=\"https:\/\/brasilnoticias.org\/site\/wp-content\/uploads\/2023\/03\/WhatsApp-Image-2023-03-30-at-07.23.59.jpeg\" \/>\n\t<meta property=\"og:image:width\" content=\"1024\" \/>\n\t<meta property=\"og:image:height\" content=\"683\" \/>\n\t<meta property=\"og:image:type\" content=\"image\/jpeg\" \/>\n<meta name=\"author\" content=\"Reda\u00e7\u00e3o\" \/>\n<meta name=\"twitter:card\" content=\"summary_large_image\" \/>\n<meta name=\"twitter:label1\" content=\"Escrito por\" \/>\n\t<meta name=\"twitter:data1\" content=\"Reda\u00e7\u00e3o\" \/>\n\t<meta name=\"twitter:label2\" content=\"Tempo estimado de leitura\" \/>\n\t<meta name=\"twitter:data2\" content=\"2 minutos\" \/>\n<script type=\"application\/ld+json\" class=\"yoast-schema-graph\">{\"@context\":\"https:\/\/schema.org\",\"@graph\":[{\"@type\":\"Article\",\"@id\":\"https:\/\/brasilnoticias.org\/site\/capitao-alden-cobra-apoio-aos-verdadeiros-indigenas-do-extremo-sul-da-bahia-organizacoes-criminosas-estao-se-infiltrando\/#article\",\"isPartOf\":{\"@id\":\"https:\/\/brasilnoticias.org\/site\/capitao-alden-cobra-apoio-aos-verdadeiros-indigenas-do-extremo-sul-da-bahia-organizacoes-criminosas-estao-se-infiltrando\/\"},\"author\":{\"name\":\"Reda\u00e7\u00e3o\",\"@id\":\"https:\/\/brasilnoticias.org\/site\/#\/schema\/person\/a0e05b973ec4d15c658d51911e53507b\"},\"headline\":\"Capit\u00e3o Alden cobra apoio aos \u201cverdadeiros ind\u00edgenas\u201d do Extremo Sul da Bahia: \u201cOrganiza\u00e7\u00f5es criminosas est\u00e3o se infiltrando\u201d\",\"datePublished\":\"2023-03-30T10:33:11+00:00\",\"mainEntityOfPage\":{\"@id\":\"https:\/\/brasilnoticias.org\/site\/capitao-alden-cobra-apoio-aos-verdadeiros-indigenas-do-extremo-sul-da-bahia-organizacoes-criminosas-estao-se-infiltrando\/\"},\"wordCount\":340,\"commentCount\":0,\"publisher\":{\"@id\":\"https:\/\/brasilnoticias.org\/site\/#organization\"},\"image\":{\"@id\":\"https:\/\/brasilnoticias.org\/site\/capitao-alden-cobra-apoio-aos-verdadeiros-indigenas-do-extremo-sul-da-bahia-organizacoes-criminosas-estao-se-infiltrando\/#primaryimage\"},\"thumbnailUrl\":\"https:\/\/brasilnoticias.org\/site\/wp-content\/uploads\/2023\/03\/WhatsApp-Image-2023-03-30-at-07.23.59.jpeg\",\"articleSection\":[\"Pol\u00edtica\",\"\u00daltimas\"],\"inLanguage\":\"pt-PT\",\"potentialAction\":[{\"@type\":\"CommentAction\",\"name\":\"Comment\",\"target\":[\"https:\/\/brasilnoticias.org\/site\/capitao-alden-cobra-apoio-aos-verdadeiros-indigenas-do-extremo-sul-da-bahia-organizacoes-criminosas-estao-se-infiltrando\/#respond\"]}]},{\"@type\":\"WebPage\",\"@id\":\"https:\/\/brasilnoticias.org\/site\/capitao-alden-cobra-apoio-aos-verdadeiros-indigenas-do-extremo-sul-da-bahia-organizacoes-criminosas-estao-se-infiltrando\/\",\"url\":\"https:\/\/brasilnoticias.org\/site\/capitao-alden-cobra-apoio-aos-verdadeiros-indigenas-do-extremo-sul-da-bahia-organizacoes-criminosas-estao-se-infiltrando\/\",\"name\":\"Capit\u00e3o Alden cobra apoio aos \u201cverdadeiros ind\u00edgenas\u201d do Extremo Sul da Bahia: \u201cOrganiza\u00e7\u00f5es criminosas est\u00e3o se infiltrando\u201d - Brasil not\u00edcias\",\"isPartOf\":{\"@id\":\"https:\/\/brasilnoticias.org\/site\/#website\"},\"primaryImageOfPage\":{\"@id\":\"https:\/\/brasilnoticias.org\/site\/capitao-alden-cobra-apoio-aos-verdadeiros-indigenas-do-extremo-sul-da-bahia-organizacoes-criminosas-estao-se-infiltrando\/#primaryimage\"},\"image\":{\"@id\":\"https:\/\/brasilnoticias.org\/site\/capitao-alden-cobra-apoio-aos-verdadeiros-indigenas-do-extremo-sul-da-bahia-organizacoes-criminosas-estao-se-infiltrando\/#primaryimage\"},\"thumbnailUrl\":\"https:\/\/brasilnoticias.org\/site\/wp-content\/uploads\/2023\/03\/WhatsApp-Image-2023-03-30-at-07.23.59.jpeg\",\"datePublished\":\"2023-03-30T10:33:11+00:00\",\"breadcrumb\":{\"@id\":\"https:\/\/brasilnoticias.org\/site\/capitao-alden-cobra-apoio-aos-verdadeiros-indigenas-do-extremo-sul-da-bahia-organizacoes-criminosas-estao-se-infiltrando\/#breadcrumb\"},\"inLanguage\":\"pt-PT\",\"potentialAction\":[{\"@type\":\"ReadAction\",\"target\":[\"https:\/\/brasilnoticias.org\/site\/capitao-alden-cobra-apoio-aos-verdadeiros-indigenas-do-extremo-sul-da-bahia-organizacoes-criminosas-estao-se-infiltrando\/\"]}]},{\"@type\":\"ImageObject\",\"inLanguage\":\"pt-PT\",\"@id\":\"https:\/\/brasilnoticias.org\/site\/capitao-alden-cobra-apoio-aos-verdadeiros-indigenas-do-extremo-sul-da-bahia-organizacoes-criminosas-estao-se-infiltrando\/#primaryimage\",\"url\":\"https:\/\/brasilnoticias.org\/site\/wp-content\/uploads\/2023\/03\/WhatsApp-Image-2023-03-30-at-07.23.59.jpeg\",\"contentUrl\":\"https:\/\/brasilnoticias.org\/site\/wp-content\/uploads\/2023\/03\/WhatsApp-Image-2023-03-30-at-07.23.59.jpeg\",\"width\":1024,\"height\":683},{\"@type\":\"BreadcrumbList\",\"@id\":\"https:\/\/brasilnoticias.org\/site\/capitao-alden-cobra-apoio-aos-verdadeiros-indigenas-do-extremo-sul-da-bahia-organizacoes-criminosas-estao-se-infiltrando\/#breadcrumb\",\"itemListElement\":[{\"@type\":\"ListItem\",\"position\":1,\"name\":\"In\u00edcio\",\"item\":\"https:\/\/brasilnoticias.org\/site\/\"},{\"@type\":\"ListItem\",\"position\":2,\"name\":\"Capit\u00e3o Alden cobra apoio aos \u201cverdadeiros ind\u00edgenas\u201d do Extremo Sul da Bahia: \u201cOrganiza\u00e7\u00f5es criminosas est\u00e3o se infiltrando\u201d\"}]},{\"@type\":\"WebSite\",\"@id\":\"https:\/\/brasilnoticias.org\/site\/#website\",\"url\":\"https:\/\/brasilnoticias.org\/site\/\",\"name\":\"Brasil not\u00edcias\",\"description\":\"Brasil not\u00edcias\",\"publisher\":{\"@id\":\"https:\/\/brasilnoticias.org\/site\/#organization\"},\"potentialAction\":[{\"@type\":\"SearchAction\",\"target\":{\"@type\":\"EntryPoint\",\"urlTemplate\":\"https:\/\/brasilnoticias.org\/site\/?s={search_term_string}\"},\"query-input\":{\"@type\":\"PropertyValueSpecification\",\"valueRequired\":true,\"valueName\":\"search_term_string\"}}],\"inLanguage\":\"pt-PT\"},{\"@type\":\"Organization\",\"@id\":\"https:\/\/brasilnoticias.org\/site\/#organization\",\"name\":\"Brasil not\u00edcias\",\"url\":\"https:\/\/brasilnoticias.org\/site\/\",\"logo\":{\"@type\":\"ImageObject\",\"inLanguage\":\"pt-PT\",\"@id\":\"https:\/\/brasilnoticias.org\/site\/#\/schema\/logo\/image\/\",\"url\":\"https:\/\/brasilnoticias.org\/site\/wp-content\/uploads\/2022\/05\/cropped-brasilnoticias-mini.jpg\",\"contentUrl\":\"https:\/\/brasilnoticias.org\/site\/wp-content\/uploads\/2022\/05\/cropped-brasilnoticias-mini.jpg\",\"width\":314,\"height\":86,\"caption\":\"Brasil not\u00edcias\"},\"image\":{\"@id\":\"https:\/\/brasilnoticias.org\/site\/#\/schema\/logo\/image\/\"}},{\"@type\":\"Person\",\"@id\":\"https:\/\/brasilnoticias.org\/site\/#\/schema\/person\/a0e05b973ec4d15c658d51911e53507b\",\"name\":\"Reda\u00e7\u00e3o\",\"image\":{\"@type\":\"ImageObject\",\"inLanguage\":\"pt-PT\",\"@id\":\"https:\/\/brasilnoticias.org\/site\/#\/schema\/person\/image\/\",\"url\":\"https:\/\/secure.gravatar.com\/avatar\/75d8b050df2de108b08ae78dfb8e374892df24a383c67db9c46a9c604f6aee9c?s=96&d=mm&r=g\",\"contentUrl\":\"https:\/\/secure.gravatar.com\/avatar\/75d8b050df2de108b08ae78dfb8e374892df24a383c67db9c46a9c604f6aee9c?s=96&d=mm&r=g\",\"caption\":\"Reda\u00e7\u00e3o\"},\"sameAs\":[\"https:\/\/brasilnoticias.org\/site\"],\"url\":\"https:\/\/brasilnoticias.org\/site\/author\/fernandozsngmail-com\/\"}]}<\/script>\n<!-- \/ Yoast SEO plugin. -->","yoast_head_json":{"title":"Capit\u00e3o Alden cobra apoio aos \u201cverdadeiros ind\u00edgenas\u201d do Extremo Sul da Bahia: \u201cOrganiza\u00e7\u00f5es criminosas est\u00e3o se infiltrando\u201d - Brasil not\u00edcias","robots":{"index":"index","follow":"follow","max-snippet":"max-snippet:-1","max-image-preview":"max-image-preview:large","max-video-preview":"max-video-preview:-1"},"canonical":"https:\/\/brasilnoticias.org\/site\/capitao-alden-cobra-apoio-aos-verdadeiros-indigenas-do-extremo-sul-da-bahia-organizacoes-criminosas-estao-se-infiltrando\/","og_locale":"pt_PT","og_type":"article","og_title":"Capit\u00e3o Alden cobra apoio aos \u201cverdadeiros ind\u00edgenas\u201d do Extremo Sul da Bahia: \u201cOrganiza\u00e7\u00f5es criminosas est\u00e3o se infiltrando\u201d - Brasil not\u00edcias","og_description":"Utilizando da tribuna na C\u00e2mara, o deputado federal Capit\u00e3o Alden (PL-BA) denunciou a atual situa\u00e7\u00e3o que povos ind\u00edgenas est\u00e3o sofrendo","og_url":"https:\/\/brasilnoticias.org\/site\/capitao-alden-cobra-apoio-aos-verdadeiros-indigenas-do-extremo-sul-da-bahia-organizacoes-criminosas-estao-se-infiltrando\/","og_site_name":"Brasil not\u00edcias","article_published_time":"2023-03-30T10:33:11+00:00","og_image":[{"width":1024,"height":683,"url":"https:\/\/brasilnoticias.org\/site\/wp-content\/uploads\/2023\/03\/WhatsApp-Image-2023-03-30-at-07.23.59.jpeg","type":"image\/jpeg"}],"author":"Reda\u00e7\u00e3o","twitter_card":"summary_large_image","twitter_misc":{"Escrito por":"Reda\u00e7\u00e3o","Tempo estimado de leitura":"2 minutos"},"schema":{"@context":"https:\/\/schema.org","@graph":[{"@type":"Article","@id":"https:\/\/brasilnoticias.org\/site\/capitao-alden-cobra-apoio-aos-verdadeiros-indigenas-do-extremo-sul-da-bahia-organizacoes-criminosas-estao-se-infiltrando\/#article","isPartOf":{"@id":"https:\/\/brasilnoticias.org\/site\/capitao-alden-cobra-apoio-aos-verdadeiros-indigenas-do-extremo-sul-da-bahia-organizacoes-criminosas-estao-se-infiltrando\/"},"author":{"name":"Reda\u00e7\u00e3o","@id":"https:\/\/brasilnoticias.org\/site\/#\/schema\/person\/a0e05b973ec4d15c658d51911e53507b"},"headline":"Capit\u00e3o Alden cobra apoio aos \u201cverdadeiros ind\u00edgenas\u201d do Extremo Sul da Bahia: \u201cOrganiza\u00e7\u00f5es criminosas est\u00e3o se infiltrando\u201d","datePublished":"2023-03-30T10:33:11+00:00","mainEntityOfPage":{"@id":"https:\/\/brasilnoticias.org\/site\/capitao-alden-cobra-apoio-aos-verdadeiros-indigenas-do-extremo-sul-da-bahia-organizacoes-criminosas-estao-se-infiltrando\/"},"wordCount":340,"commentCount":0,"publisher":{"@id":"https:\/\/brasilnoticias.org\/site\/#organization"},"image":{"@id":"https:\/\/brasilnoticias.org\/site\/capitao-alden-cobra-apoio-aos-verdadeiros-indigenas-do-extremo-sul-da-bahia-organizacoes-criminosas-estao-se-infiltrando\/#primaryimage"},"thumbnailUrl":"https:\/\/brasilnoticias.org\/site\/wp-content\/uploads\/2023\/03\/WhatsApp-Image-2023-03-30-at-07.23.59.jpeg","articleSection":["Pol\u00edtica","\u00daltimas"],"inLanguage":"pt-PT","potentialAction":[{"@type":"CommentAction","name":"Comment","target":["https:\/\/brasilnoticias.org\/site\/capitao-alden-cobra-apoio-aos-verdadeiros-indigenas-do-extremo-sul-da-bahia-organizacoes-criminosas-estao-se-infiltrando\/#respond"]}]},{"@type":"WebPage","@id":"https:\/\/brasilnoticias.org\/site\/capitao-alden-cobra-apoio-aos-verdadeiros-indigenas-do-extremo-sul-da-bahia-organizacoes-criminosas-estao-se-infiltrando\/","url":"https:\/\/brasilnoticias.org\/site\/capitao-alden-cobra-apoio-aos-verdadeiros-indigenas-do-extremo-sul-da-bahia-organizacoes-criminosas-estao-se-infiltrando\/","name":"Capit\u00e3o Alden cobra apoio aos \u201cverdadeiros ind\u00edgenas\u201d do Extremo Sul da Bahia: \u201cOrganiza\u00e7\u00f5es criminosas est\u00e3o se infiltrando\u201d - Brasil not\u00edcias","isPartOf":{"@id":"https:\/\/brasilnoticias.org\/site\/#website"},"primaryImageOfPage":{"@id":"https:\/\/brasilnoticias.org\/site\/capitao-alden-cobra-apoio-aos-verdadeiros-indigenas-do-extremo-sul-da-bahia-organizacoes-criminosas-estao-se-infiltrando\/#primaryimage"},"image":{"@id":"https:\/\/brasilnoticias.org\/site\/capitao-alden-cobra-apoio-aos-verdadeiros-indigenas-do-extremo-sul-da-bahia-organizacoes-criminosas-estao-se-infiltrando\/#primaryimage"},"thumbnailUrl":"https:\/\/brasilnoticias.org\/site\/wp-content\/uploads\/2023\/03\/WhatsApp-Image-2023-03-30-at-07.23.59.jpeg","datePublished":"2023-03-30T10:33:11+00:00","breadcrumb":{"@id":"https:\/\/brasilnoticias.org\/site\/capitao-alden-cobra-apoio-aos-verdadeiros-indigenas-do-extremo-sul-da-bahia-organizacoes-criminosas-estao-se-infiltrando\/#breadcrumb"},"inLanguage":"pt-PT","potentialAction":[{"@type":"ReadAction","target":["https:\/\/brasilnoticias.org\/site\/capitao-alden-cobra-apoio-aos-verdadeiros-indigenas-do-extremo-sul-da-bahia-organizacoes-criminosas-estao-se-infiltrando\/"]}]},{"@type":"ImageObject","inLanguage":"pt-PT","@id":"https:\/\/brasilnoticias.org\/site\/capitao-alden-cobra-apoio-aos-verdadeiros-indigenas-do-extremo-sul-da-bahia-organizacoes-criminosas-estao-se-infiltrando\/#primaryimage","url":"https:\/\/brasilnoticias.org\/site\/wp-content\/uploads\/2023\/03\/WhatsApp-Image-2023-03-30-at-07.23.59.jpeg","contentUrl":"https:\/\/brasilnoticias.org\/site\/wp-content\/uploads\/2023\/03\/WhatsApp-Image-2023-03-30-at-07.23.59.jpeg","width":1024,"height":683},{"@type":"BreadcrumbList","@id":"https:\/\/brasilnoticias.org\/site\/capitao-alden-cobra-apoio-aos-verdadeiros-indigenas-do-extremo-sul-da-bahia-organizacoes-criminosas-estao-se-infiltrando\/#breadcrumb","itemListElement":[{"@type":"ListItem","position":1,"name":"In\u00edcio","item":"https:\/\/brasilnoticias.org\/site\/"},{"@type":"ListItem","position":2,"name":"Capit\u00e3o Alden cobra apoio aos \u201cverdadeiros ind\u00edgenas\u201d do Extremo Sul da Bahia: \u201cOrganiza\u00e7\u00f5es criminosas est\u00e3o se infiltrando\u201d"}]},{"@type":"WebSite","@id":"https:\/\/brasilnoticias.org\/site\/#website","url":"https:\/\/brasilnoticias.org\/site\/","name":"Brasil not\u00edcias","description":"Brasil not\u00edcias","publisher":{"@id":"https:\/\/brasilnoticias.org\/site\/#organization"},"potentialAction":[{"@type":"SearchAction","target":{"@type":"EntryPoint","urlTemplate":"https:\/\/brasilnoticias.org\/site\/?s={search_term_string}"},"query-input":{"@type":"PropertyValueSpecification","valueRequired":true,"valueName":"search_term_string"}}],"inLanguage":"pt-PT"},{"@type":"Organization","@id":"https:\/\/brasilnoticias.org\/site\/#organization","name":"Brasil not\u00edcias","url":"https:\/\/brasilnoticias.org\/site\/","logo":{"@type":"ImageObject","inLanguage":"pt-PT","@id":"https:\/\/brasilnoticias.org\/site\/#\/schema\/logo\/image\/","url":"https:\/\/brasilnoticias.org\/site\/wp-content\/uploads\/2022\/05\/cropped-brasilnoticias-mini.jpg","contentUrl":"https:\/\/brasilnoticias.org\/site\/wp-content\/uploads\/2022\/05\/cropped-brasilnoticias-mini.jpg","width":314,"height":86,"caption":"Brasil not\u00edcias"},"image":{"@id":"https:\/\/brasilnoticias.org\/site\/#\/schema\/logo\/image\/"}},{"@type":"Person","@id":"https:\/\/brasilnoticias.org\/site\/#\/schema\/person\/a0e05b973ec4d15c658d51911e53507b","name":"Reda\u00e7\u00e3o","image":{"@type":"ImageObject","inLanguage":"pt-PT","@id":"https:\/\/brasilnoticias.org\/site\/#\/schema\/person\/image\/","url":"https:\/\/secure.gravatar.com\/avatar\/75d8b050df2de108b08ae78dfb8e374892df24a383c67db9c46a9c604f6aee9c?s=96&d=mm&r=g","contentUrl":"https:\/\/secure.gravatar.com\/avatar\/75d8b050df2de108b08ae78dfb8e374892df24a383c67db9c46a9c604f6aee9c?s=96&d=mm&r=g","caption":"Reda\u00e7\u00e3o"},"sameAs":["https:\/\/brasilnoticias.org\/site"],"url":"https:\/\/brasilnoticias.org\/site\/author\/fernandozsngmail-com\/"}]}},"_links":{"self":[{"href":"https:\/\/brasilnoticias.org\/site\/wp-json\/wp\/v2\/posts\/5117","targetHints":{"allow":["GET"]}}],"collection":[{"href":"https:\/\/brasilnoticias.org\/site\/wp-json\/wp\/v2\/posts"}],"about":[{"href":"https:\/\/brasilnoticias.org\/site\/wp-json\/wp\/v2\/types\/post"}],"author":[{"embeddable":true,"href":"https:\/\/brasilnoticias.org\/site\/wp-json\/wp\/v2\/users\/1"}],"replies":[{"embeddable":true,"href":"https:\/\/brasilnoticias.org\/site\/wp-json\/wp\/v2\/comments?post=5117"}],"version-history":[{"count":1,"href":"https:\/\/brasilnoticias.org\/site\/wp-json\/wp\/v2\/posts\/5117\/revisions"}],"predecessor-version":[{"id":5119,"href":"https:\/\/brasilnoticias.org\/site\/wp-json\/wp\/v2\/posts\/5117\/revisions\/5119"}],"wp:featuredmedia":[{"embeddable":true,"href":"https:\/\/brasilnoticias.org\/site\/wp-json\/wp\/v2\/media\/5118"}],"wp:attachment":[{"href":"https:\/\/brasilnoticias.org\/site\/wp-json\/wp\/v2\/media?parent=5117"}],"wp:term":[{"taxonomy":"category","embeddable":true,"href":"https:\/\/brasilnoticias.org\/site\/wp-json\/wp\/v2\/categories?post=5117"},{"taxonomy":"post_tag","embeddable":true,"href":"https:\/\/brasilnoticias.org\/site\/wp-json\/wp\/v2\/tags?post=5117"}],"curies":[{"name":"wp","href":"https:\/\/api.w.org\/{rel}","templated":true}]}}