{"id":512,"date":"2022-05-23T18:41:55","date_gmt":"2022-05-23T21:41:55","guid":{"rendered":"https:\/\/brasilnoticias.org\/site\/?p=512"},"modified":"2022-05-23T18:41:55","modified_gmt":"2022-05-23T21:41:55","slug":"deputada-pede-cassacao-de-vice-da-assembleia-de-sp-que-sugeriu-colocar-cabresto-nela","status":"publish","type":"post","link":"https:\/\/brasilnoticias.org\/site\/deputada-pede-cassacao-de-vice-da-assembleia-de-sp-que-sugeriu-colocar-cabresto-nela\/","title":{"rendered":"DEPUTADA PEDE CASSA\u00c7\u00c3O DE VICE DA ASSEMBLEIA DE SP QUE SUGERIU COLOCAR \u2018CABRESTO\u2019 NELA"},"content":{"rendered":"<p>A deputada estadual Monica Seixas (PSOL) pediu a cassa\u00e7\u00e3o do mandato do vice-presidente da Assembleia Legislativa de S\u00e3o Paulo (Alesp), deputado Wellington Moura (Republicanos), por ele ter dito em plen\u00e1rio que iria \u201csempre colocar um cabresto\u201d na boca dela.<\/p>\n<p>Monica protocolou uma representa\u00e7\u00e3o contra Moura na Comiss\u00e3o de \u00c9tica e Decoro Parlamentar da Assembleia, alegando que ele agiu com \u201cracismo e machismo\u201d e, com isso, quebrou o decoro parlamentar. O epis\u00f3dio ocorreu na quarta-feira (18), depois de o deputado dizer que ela importuna o plen\u00e1rio.<\/p>\n<p>\u201cQuero dizer a ela [Monica Seixas] que ontem [ter\u00e7a (17)], num momento que eu estava presidindo a sess\u00e3o, ela estava importunando o plen\u00e1rio [\u2026] \u00e9 o que vossa excel\u00eancia faz. Sempre. V\u00e1rias vezes. Mas num momento que eu estiver ali [presidindo a sess\u00e3o], eu vou sempre colocar um cabresto na sua boca porque n\u00e3o vou permitir que vossa excel\u00eancia perturbe a ordem\u201d, disse Moura na ocasi\u00e3o.<\/p>\n<p>Na representa\u00e7\u00e3o, a deputada afirma que \u201chouve ofensa \u00e0 dignidade e decoro em sua forma mais vil e cruel que \u00e9 utilizando uma ferramenta que pessoas negras escravizadas eram submetidas para que se calassem e servissem ao escravocrata\u201d. Segundo a pe\u00e7a, o deputado Wellington Moura \u201canimaliza\u201d Monica \u201cassim como os escravocratas num per\u00edodo j\u00e1 condenado da hist\u00f3ria do Brasil\u201d.<\/p>\n<p>Moura agora tem cinco dias, contados a partir desta segunda (23), para apresentar a sua defesa pr\u00e9via ao conselho de \u00e9tica, que depois vai decidir se aceita a den\u00fancia e abre processo contra ele.<\/p>\n<p>Monica tamb\u00e9m pediu a cassa\u00e7\u00e3o do mandato do deputado Gilmaci Santos (Republicanos). No dia anterior \u00e0 discuss\u00e3o com Moura, durante vota\u00e7\u00e3o pela cassa\u00e7\u00e3o de Arthur do Val, Santos chamou a deputada de louca e apontou o dedo para o nariz dela.<\/p>\n<p>Por meio de representa\u00e7\u00e3o tamb\u00e9m enviada ao conselho de \u00e9tica da Alesp, ela afirma que nesse caso houve dois crimes contra ela: agress\u00e3o verbal e agress\u00e3o f\u00edsica \u201cao colocar o dedo em riste e bat\u00ea-lo propositalmente no nariz\u201d dela.<\/p>\n<p>O documento alega que \u201co deputado Gilmaci Santos, que \u00e9 um homem alto e de grandes propor\u00e7\u00f5es corp\u00f3reas, aos gritos de \u2018louca! Voc\u00ea \u00e9 louca! Louca!\u2019 com a deputada Monica Seixas, aponta o dedo para seu rosto e, quando solicitado que abaixasse a m\u00e3o, se posiciona mais para frente, e encosta no nariz da deputada, que \u00e9 mulher, negra, de baixa estatura e magra\u201d.<\/p>\n<p>Al\u00e9m das duas representa\u00e7\u00f5es, Seixas tamb\u00e9m registrou um boletim de ocorr\u00eancia na pol\u00edcia contra Gilmaci Santos pelo mesmo motivo. Neste registro ela tamb\u00e9m cita o deputado Douglas Garcia, que \u201cinsurgiu-se contra a v\u00edtima alegando ter sido agredido pela mesma\u201d.<\/p>\n<p>\u00c0 reportagem Monica Seixas disse que vai acionar o Minist\u00e9rio P\u00fablico Eleitoral para pedir que o \u00f3rg\u00e3o proponha \u00e0 Alesp medidas como um termo de ajustamento de conduta para inibir esses e outros epis\u00f3dios recentes do que considera machismo, racismo e viol\u00eancia de g\u00eanero na pol\u00edtica.<\/p>\n<p>Ela tamb\u00e9m quer recorrer \u00e0 ONU Mulheres \u201cn\u00e3o s\u00f3 para tratar do meu caso, mas de uma cole\u00e7\u00e3o de outros\u201d.<\/p>\n<p>\u201cA Assembleia Legislativa de S\u00e3o Paulo n\u00e3o \u00e9 mais capaz de se autorregular\u201d, diz Seixas. \u201cTemos duas puni\u00e7\u00f5es hist\u00f3ricas com homens machistas [Arthur do Val e Fernando Cury], mas o que est\u00e1 acontecendo depois disso \u00e9 uma tortura contra a mulher, eu estou com dificuldade de fazer o meu trabalho. Cortar microfone [durante a fala] \u00e9 s\u00f3 uma fra\u00e7\u00e3o do que est\u00e1 acontecendo nos corredores, mas n\u00e3o conseguimos provar porque n\u00e3o d\u00e1 para filmar tudo\u201d, segue ela.<\/p>\n<p>A mesa diretora da Alesp diz que \u201crepudia veementemente atos machistas ou qualquer ofensa \u00e0 pessoa humana\u201d.<\/p>\n<p>Palavras, posi\u00e7\u00f5es e decis\u00f5es pessoais de um parlamentar n\u00e3o representam a opini\u00e3o da institui\u00e7\u00e3o do Poder Legislativo estadual, tampouco do conjunto de deputados e deputadas que a formam\u201d, diz a Casa por meio de sua assessoria \u2014apontando que cabe ao conselho de \u00e9tica da institui\u00e7\u00e3o a proposi\u00e7\u00e3o de medidas disciplinares contra os deputados paulistas.<\/p>\n<p>\u201cNesta gest\u00e3o, o \u00f3rg\u00e3o vem cumprindo com as suas fun\u00e7\u00f5es todas as vezes em que foi acionado\u201d, segue o comunicado. \u201cSobre as novas den\u00fancias, a deputada Monica Seixas inclusive recorreu ao Conselho de \u00c9tica. Portanto, n\u00e3o h\u00e1 o que se falar sobre incapacidade de \u2018autorregula\u00e7\u00e3o\u2019 \u2014a Assembleia Legislativa n\u00e3o tem se furtado e analisar casos de quebra de decoro parlamentar.\u201d<\/p>\n<p>O epis\u00f3dio mais recente de atua\u00e7\u00e3o da comiss\u00e3o foi o processo de cassa\u00e7\u00e3o ex-deputado Arthur do Val (Uni\u00e3o Brasil). O paulistano, tamb\u00e9m conhecido como Mam\u00e3e Falei, foi alvo de 21 representa\u00e7\u00f5es no colegiado por \u00e1udios sexistas sobre mulheres ucranianas. A repercuss\u00e3o negativa pelas falas dele uniu deputados em torno da perda do mandato de Arthur. Ele foi cassado por unanimidade e fica ineleg\u00edvel por oito anos.<\/p>\n<p>Outro caso simb\u00f3lico foi o do deputado Fernando Cury (Uni\u00e3o Brasil), que teve o mandato suspenso por seis meses depois de apalpar a colega Isa Penna (PC do B) em plen\u00e1rio.<\/p>\n<p>O deputado Frederico D\u2019\u00e1vila \u00e9 outro que responde a processo no qual o conselho de \u00e9tica pede a suspens\u00e3o do mandato dele por ele chamado o papa Francisco e o arcebispo de Aparecida (SP), dom Orlando Brandes, de \u201cped\u00f3filos\u201d, \u201cvagabundos\u201d e \u201csafados\u2019\u201d.<\/p>\n<p><strong>OUTRO LADO<\/strong><\/p>\n<p>Por meio de nota, o deputado Wellington Moura afirma que usou a palavra cabresto \u201cno contexto de dizer: algo que controla, contendo ent\u00e3o as palavras dela na qual se utilizava para se manifestar ao deputado Douglas Garcia em um momento em que ela n\u00e3o poderia se manifestar por quest\u00f5es regimentais\u201d.<\/p>\n<p>\u201cDe forma nenhuma eu disse que colocaria uma embocadura ou arreio de corda em sua boca, como ela est\u00e1 alegando. A deputada sempre teve meu respeito e assim continuar\u00e1, mas o respeito deve ser m\u00fatuo\u201d, segue ele. \u201cMeu comportamento n\u00e3o foi e nunca ser\u00e1 machista. A situa\u00e7\u00e3o levou a ser uma mulher na ocasi\u00e3o. Se fosse homem eu teria falado a mesma coisa.\u201d<\/p>\n<p>Gilmaci Santos argumenta que nunca tocou no nariz da deputada e que vai process\u00e1-la civilmente e criminalmente por \u201ccal\u00fania, danos morais e tudo o que couber\u201d, al\u00e9m de protocolar uma representa\u00e7\u00e3o contra ela no conselho de \u00e9tica.<\/p>\n<p>A Monica pegou o microfone e tentou impedir o Douglas [Garcia] de falar. Isso n\u00e3o pode. Eu, como l\u00edder da bancada, falei que n\u00e3o podia fazer aquilo. E ali come\u00e7ou uma discuss\u00e3o, e uma discuss\u00e3o come\u00e7a a ser \u00e1spera. \u00c9 natural, quando come\u00e7a uma conversa mais \u00e1spera, se aponta o dedo\u201d, afirma ele.<\/p>\n<p>\u201cEu estava bem longe<\/p>\n<p>dela. Em determinado momento, ela veio para perto e falou: \u2018N\u00e3o aponta o dedo na minha cara!\u2019 Ai eu falei: \u2018Menina, voc\u00ea \u00e9 louca\u2019. Virei as costas e fui embora. A\u00ed eu soube que ela fez um boletim de ocorr\u00eancia. A gente ficou indignado pela mentira. Em nenhum momento a gente toca nela\u201d, defende-se ele, alegando que os v\u00eddeos que a deputada apresenta foram filmados \u00e0 dist\u00e2ncia e d\u00e3o a impress\u00e3o errada de que ele encostou nela. \u201cN\u00f3s temos as imagens oficiais.\u201d<\/p>\n<p>A deputada Maria L\u00facia Amary, presidente do Conselho de \u00c9tica e Decoro Parlamentar da Alesp, se diz preocupada com esses casos recentes levados ao colegiado. \u201cEm vez de estarmos votando projetos importantes para S\u00e3o Paulo, estamos lotando a pauta [da assembleia] com quest\u00f5es ligadas a conselho de \u00e9tica\u201d, aponta.<\/p>\n<p>\u201cTodas as palavras que forem dirigidas \u00e0s mulheres deputadas e que tenham algum tipo de amea\u00e7a \u00e0 sua express\u00e3o, \u00e0 sua forma de se expressar, vejo sempre como viol\u00eancia pol\u00edtica de g\u00eanero. Temos que conter, combater, para que n\u00e3o vire rotina\u201d, defende Amary.<\/p>\n<p>&nbsp;<\/p>\n<p><span class=\"assinatura_exclusiva\">Bruno B. Soraggi\/Folhapress<\/span><\/p>\n","protected":false},"excerpt":{"rendered":"<p>A deputada estadual Monica Seixas (PSOL) pediu a cassa\u00e7\u00e3o do mandato do vice-presidente da Assembleia Legislativa de S\u00e3o Paulo (Alesp),<\/p>\n","protected":false},"author":2,"featured_media":513,"comment_status":"open","ping_status":"open","sticky":false,"template":"","format":"standard","meta":{"colormag_page_container_layout":"default_layout","colormag_page_sidebar_layout":"default_layout","_FSMCFIC_featured_image_caption":"","_FSMCFIC_featured_image_nocaption":"","_FSMCFIC_featured_image_hide":"","footnotes":""},"categories":[5,1],"tags":[],"class_list":["post-512","post","type-post","status-publish","format-standard","has-post-thumbnail","hentry","category-politica","category-ultimas"],"yoast_head":"<!-- This site is optimized with the Yoast SEO plugin v27.1.1 - https:\/\/yoast.com\/product\/yoast-seo-wordpress\/ -->\n<title>DEPUTADA PEDE CASSA\u00c7\u00c3O DE VICE DA ASSEMBLEIA DE SP QUE SUGERIU COLOCAR \u2018CABRESTO\u2019 NELA - Brasil not\u00edcias<\/title>\n<meta name=\"robots\" content=\"index, follow, max-snippet:-1, max-image-preview:large, max-video-preview:-1\" \/>\n<link rel=\"canonical\" href=\"https:\/\/brasilnoticias.org\/site\/deputada-pede-cassacao-de-vice-da-assembleia-de-sp-que-sugeriu-colocar-cabresto-nela\/\" \/>\n<meta property=\"og:locale\" content=\"pt_PT\" \/>\n<meta property=\"og:type\" content=\"article\" \/>\n<meta property=\"og:title\" content=\"DEPUTADA PEDE CASSA\u00c7\u00c3O DE VICE DA ASSEMBLEIA DE SP QUE SUGERIU COLOCAR \u2018CABRESTO\u2019 NELA - Brasil not\u00edcias\" \/>\n<meta property=\"og:description\" content=\"A deputada estadual Monica Seixas (PSOL) pediu a cassa\u00e7\u00e3o do mandato do vice-presidente da Assembleia Legislativa de S\u00e3o Paulo (Alesp),\" \/>\n<meta property=\"og:url\" content=\"https:\/\/brasilnoticias.org\/site\/deputada-pede-cassacao-de-vice-da-assembleia-de-sp-que-sugeriu-colocar-cabresto-nela\/\" \/>\n<meta property=\"og:site_name\" content=\"Brasil not\u00edcias\" \/>\n<meta property=\"article:published_time\" content=\"2022-05-23T21:41:55+00:00\" \/>\n<meta property=\"og:image\" content=\"https:\/\/brasilnoticias.org\/site\/wp-content\/uploads\/2022\/05\/Screenshot_20220523-183120-381.png\" \/>\n\t<meta property=\"og:image:width\" content=\"720\" \/>\n\t<meta property=\"og:image:height\" content=\"637\" \/>\n\t<meta property=\"og:image:type\" content=\"image\/png\" \/>\n<meta name=\"author\" content=\"Reda\u00e7\u00e3o\" \/>\n<meta name=\"twitter:card\" content=\"summary_large_image\" \/>\n<meta name=\"twitter:label1\" content=\"Escrito por\" \/>\n\t<meta name=\"twitter:data1\" content=\"Reda\u00e7\u00e3o\" \/>\n\t<meta name=\"twitter:label2\" content=\"Tempo estimado de leitura\" \/>\n\t<meta name=\"twitter:data2\" content=\"7 minutos\" \/>\n<script type=\"application\/ld+json\" class=\"yoast-schema-graph\">{\"@context\":\"https:\/\/schema.org\",\"@graph\":[{\"@type\":\"Article\",\"@id\":\"https:\/\/brasilnoticias.org\/site\/deputada-pede-cassacao-de-vice-da-assembleia-de-sp-que-sugeriu-colocar-cabresto-nela\/#article\",\"isPartOf\":{\"@id\":\"https:\/\/brasilnoticias.org\/site\/deputada-pede-cassacao-de-vice-da-assembleia-de-sp-que-sugeriu-colocar-cabresto-nela\/\"},\"author\":{\"name\":\"Reda\u00e7\u00e3o\",\"@id\":\"https:\/\/brasilnoticias.org\/site\/#\/schema\/person\/f609fa847b5314f1c8b983342f34c798\"},\"headline\":\"DEPUTADA PEDE CASSA\u00c7\u00c3O DE VICE DA ASSEMBLEIA DE SP QUE SUGERIU COLOCAR \u2018CABRESTO\u2019 NELA\",\"datePublished\":\"2022-05-23T21:41:55+00:00\",\"mainEntityOfPage\":{\"@id\":\"https:\/\/brasilnoticias.org\/site\/deputada-pede-cassacao-de-vice-da-assembleia-de-sp-que-sugeriu-colocar-cabresto-nela\/\"},\"wordCount\":1343,\"commentCount\":0,\"publisher\":{\"@id\":\"https:\/\/brasilnoticias.org\/site\/#organization\"},\"image\":{\"@id\":\"https:\/\/brasilnoticias.org\/site\/deputada-pede-cassacao-de-vice-da-assembleia-de-sp-que-sugeriu-colocar-cabresto-nela\/#primaryimage\"},\"thumbnailUrl\":\"https:\/\/brasilnoticias.org\/site\/wp-content\/uploads\/2022\/05\/Screenshot_20220523-183120-381.png\",\"articleSection\":[\"Pol\u00edtica\",\"\u00daltimas\"],\"inLanguage\":\"pt-PT\",\"potentialAction\":[{\"@type\":\"CommentAction\",\"name\":\"Comment\",\"target\":[\"https:\/\/brasilnoticias.org\/site\/deputada-pede-cassacao-de-vice-da-assembleia-de-sp-que-sugeriu-colocar-cabresto-nela\/#respond\"]}]},{\"@type\":\"WebPage\",\"@id\":\"https:\/\/brasilnoticias.org\/site\/deputada-pede-cassacao-de-vice-da-assembleia-de-sp-que-sugeriu-colocar-cabresto-nela\/\",\"url\":\"https:\/\/brasilnoticias.org\/site\/deputada-pede-cassacao-de-vice-da-assembleia-de-sp-que-sugeriu-colocar-cabresto-nela\/\",\"name\":\"DEPUTADA PEDE CASSA\u00c7\u00c3O DE VICE DA ASSEMBLEIA DE SP QUE SUGERIU COLOCAR \u2018CABRESTO\u2019 NELA - Brasil not\u00edcias\",\"isPartOf\":{\"@id\":\"https:\/\/brasilnoticias.org\/site\/#website\"},\"primaryImageOfPage\":{\"@id\":\"https:\/\/brasilnoticias.org\/site\/deputada-pede-cassacao-de-vice-da-assembleia-de-sp-que-sugeriu-colocar-cabresto-nela\/#primaryimage\"},\"image\":{\"@id\":\"https:\/\/brasilnoticias.org\/site\/deputada-pede-cassacao-de-vice-da-assembleia-de-sp-que-sugeriu-colocar-cabresto-nela\/#primaryimage\"},\"thumbnailUrl\":\"https:\/\/brasilnoticias.org\/site\/wp-content\/uploads\/2022\/05\/Screenshot_20220523-183120-381.png\",\"datePublished\":\"2022-05-23T21:41:55+00:00\",\"breadcrumb\":{\"@id\":\"https:\/\/brasilnoticias.org\/site\/deputada-pede-cassacao-de-vice-da-assembleia-de-sp-que-sugeriu-colocar-cabresto-nela\/#breadcrumb\"},\"inLanguage\":\"pt-PT\",\"potentialAction\":[{\"@type\":\"ReadAction\",\"target\":[\"https:\/\/brasilnoticias.org\/site\/deputada-pede-cassacao-de-vice-da-assembleia-de-sp-que-sugeriu-colocar-cabresto-nela\/\"]}]},{\"@type\":\"ImageObject\",\"inLanguage\":\"pt-PT\",\"@id\":\"https:\/\/brasilnoticias.org\/site\/deputada-pede-cassacao-de-vice-da-assembleia-de-sp-que-sugeriu-colocar-cabresto-nela\/#primaryimage\",\"url\":\"https:\/\/brasilnoticias.org\/site\/wp-content\/uploads\/2022\/05\/Screenshot_20220523-183120-381.png\",\"contentUrl\":\"https:\/\/brasilnoticias.org\/site\/wp-content\/uploads\/2022\/05\/Screenshot_20220523-183120-381.png\",\"width\":720,\"height\":637},{\"@type\":\"BreadcrumbList\",\"@id\":\"https:\/\/brasilnoticias.org\/site\/deputada-pede-cassacao-de-vice-da-assembleia-de-sp-que-sugeriu-colocar-cabresto-nela\/#breadcrumb\",\"itemListElement\":[{\"@type\":\"ListItem\",\"position\":1,\"name\":\"In\u00edcio\",\"item\":\"https:\/\/brasilnoticias.org\/site\/\"},{\"@type\":\"ListItem\",\"position\":2,\"name\":\"DEPUTADA PEDE CASSA\u00c7\u00c3O DE VICE DA ASSEMBLEIA DE SP QUE SUGERIU COLOCAR \u2018CABRESTO\u2019 NELA\"}]},{\"@type\":\"WebSite\",\"@id\":\"https:\/\/brasilnoticias.org\/site\/#website\",\"url\":\"https:\/\/brasilnoticias.org\/site\/\",\"name\":\"Brasil not\u00edcias\",\"description\":\"Brasil not\u00edcias\",\"publisher\":{\"@id\":\"https:\/\/brasilnoticias.org\/site\/#organization\"},\"potentialAction\":[{\"@type\":\"SearchAction\",\"target\":{\"@type\":\"EntryPoint\",\"urlTemplate\":\"https:\/\/brasilnoticias.org\/site\/?s={search_term_string}\"},\"query-input\":{\"@type\":\"PropertyValueSpecification\",\"valueRequired\":true,\"valueName\":\"search_term_string\"}}],\"inLanguage\":\"pt-PT\"},{\"@type\":\"Organization\",\"@id\":\"https:\/\/brasilnoticias.org\/site\/#organization\",\"name\":\"Brasil not\u00edcias\",\"url\":\"https:\/\/brasilnoticias.org\/site\/\",\"logo\":{\"@type\":\"ImageObject\",\"inLanguage\":\"pt-PT\",\"@id\":\"https:\/\/brasilnoticias.org\/site\/#\/schema\/logo\/image\/\",\"url\":\"https:\/\/brasilnoticias.org\/site\/wp-content\/uploads\/2022\/05\/cropped-brasilnoticias-mini.jpg\",\"contentUrl\":\"https:\/\/brasilnoticias.org\/site\/wp-content\/uploads\/2022\/05\/cropped-brasilnoticias-mini.jpg\",\"width\":314,\"height\":86,\"caption\":\"Brasil not\u00edcias\"},\"image\":{\"@id\":\"https:\/\/brasilnoticias.org\/site\/#\/schema\/logo\/image\/\"}},{\"@type\":\"Person\",\"@id\":\"https:\/\/brasilnoticias.org\/site\/#\/schema\/person\/f609fa847b5314f1c8b983342f34c798\",\"name\":\"Reda\u00e7\u00e3o\",\"image\":{\"@type\":\"ImageObject\",\"inLanguage\":\"pt-PT\",\"@id\":\"https:\/\/brasilnoticias.org\/site\/#\/schema\/person\/image\/\",\"url\":\"https:\/\/secure.gravatar.com\/avatar\/447284c06c1ad8b46465a36de9cd0d8326b73387a22799b8b1ffb1fbcff2ed0c?s=96&d=mm&r=g\",\"contentUrl\":\"https:\/\/secure.gravatar.com\/avatar\/447284c06c1ad8b46465a36de9cd0d8326b73387a22799b8b1ffb1fbcff2ed0c?s=96&d=mm&r=g\",\"caption\":\"Reda\u00e7\u00e3o\"},\"url\":\"https:\/\/brasilnoticias.org\/site\/author\/redacao\/\"}]}<\/script>\n<!-- \/ Yoast SEO plugin. -->","yoast_head_json":{"title":"DEPUTADA PEDE CASSA\u00c7\u00c3O DE VICE DA ASSEMBLEIA DE SP QUE SUGERIU COLOCAR \u2018CABRESTO\u2019 NELA - Brasil not\u00edcias","robots":{"index":"index","follow":"follow","max-snippet":"max-snippet:-1","max-image-preview":"max-image-preview:large","max-video-preview":"max-video-preview:-1"},"canonical":"https:\/\/brasilnoticias.org\/site\/deputada-pede-cassacao-de-vice-da-assembleia-de-sp-que-sugeriu-colocar-cabresto-nela\/","og_locale":"pt_PT","og_type":"article","og_title":"DEPUTADA PEDE CASSA\u00c7\u00c3O DE VICE DA ASSEMBLEIA DE SP QUE SUGERIU COLOCAR \u2018CABRESTO\u2019 NELA - Brasil not\u00edcias","og_description":"A deputada estadual Monica Seixas (PSOL) pediu a cassa\u00e7\u00e3o do mandato do vice-presidente da Assembleia Legislativa de S\u00e3o Paulo (Alesp),","og_url":"https:\/\/brasilnoticias.org\/site\/deputada-pede-cassacao-de-vice-da-assembleia-de-sp-que-sugeriu-colocar-cabresto-nela\/","og_site_name":"Brasil not\u00edcias","article_published_time":"2022-05-23T21:41:55+00:00","og_image":[{"width":720,"height":637,"url":"https:\/\/brasilnoticias.org\/site\/wp-content\/uploads\/2022\/05\/Screenshot_20220523-183120-381.png","type":"image\/png"}],"author":"Reda\u00e7\u00e3o","twitter_card":"summary_large_image","twitter_misc":{"Escrito por":"Reda\u00e7\u00e3o","Tempo estimado de leitura":"7 minutos"},"schema":{"@context":"https:\/\/schema.org","@graph":[{"@type":"Article","@id":"https:\/\/brasilnoticias.org\/site\/deputada-pede-cassacao-de-vice-da-assembleia-de-sp-que-sugeriu-colocar-cabresto-nela\/#article","isPartOf":{"@id":"https:\/\/brasilnoticias.org\/site\/deputada-pede-cassacao-de-vice-da-assembleia-de-sp-que-sugeriu-colocar-cabresto-nela\/"},"author":{"name":"Reda\u00e7\u00e3o","@id":"https:\/\/brasilnoticias.org\/site\/#\/schema\/person\/f609fa847b5314f1c8b983342f34c798"},"headline":"DEPUTADA PEDE CASSA\u00c7\u00c3O DE VICE DA ASSEMBLEIA DE SP QUE SUGERIU COLOCAR \u2018CABRESTO\u2019 NELA","datePublished":"2022-05-23T21:41:55+00:00","mainEntityOfPage":{"@id":"https:\/\/brasilnoticias.org\/site\/deputada-pede-cassacao-de-vice-da-assembleia-de-sp-que-sugeriu-colocar-cabresto-nela\/"},"wordCount":1343,"commentCount":0,"publisher":{"@id":"https:\/\/brasilnoticias.org\/site\/#organization"},"image":{"@id":"https:\/\/brasilnoticias.org\/site\/deputada-pede-cassacao-de-vice-da-assembleia-de-sp-que-sugeriu-colocar-cabresto-nela\/#primaryimage"},"thumbnailUrl":"https:\/\/brasilnoticias.org\/site\/wp-content\/uploads\/2022\/05\/Screenshot_20220523-183120-381.png","articleSection":["Pol\u00edtica","\u00daltimas"],"inLanguage":"pt-PT","potentialAction":[{"@type":"CommentAction","name":"Comment","target":["https:\/\/brasilnoticias.org\/site\/deputada-pede-cassacao-de-vice-da-assembleia-de-sp-que-sugeriu-colocar-cabresto-nela\/#respond"]}]},{"@type":"WebPage","@id":"https:\/\/brasilnoticias.org\/site\/deputada-pede-cassacao-de-vice-da-assembleia-de-sp-que-sugeriu-colocar-cabresto-nela\/","url":"https:\/\/brasilnoticias.org\/site\/deputada-pede-cassacao-de-vice-da-assembleia-de-sp-que-sugeriu-colocar-cabresto-nela\/","name":"DEPUTADA PEDE CASSA\u00c7\u00c3O DE VICE DA ASSEMBLEIA DE SP QUE SUGERIU COLOCAR \u2018CABRESTO\u2019 NELA - Brasil not\u00edcias","isPartOf":{"@id":"https:\/\/brasilnoticias.org\/site\/#website"},"primaryImageOfPage":{"@id":"https:\/\/brasilnoticias.org\/site\/deputada-pede-cassacao-de-vice-da-assembleia-de-sp-que-sugeriu-colocar-cabresto-nela\/#primaryimage"},"image":{"@id":"https:\/\/brasilnoticias.org\/site\/deputada-pede-cassacao-de-vice-da-assembleia-de-sp-que-sugeriu-colocar-cabresto-nela\/#primaryimage"},"thumbnailUrl":"https:\/\/brasilnoticias.org\/site\/wp-content\/uploads\/2022\/05\/Screenshot_20220523-183120-381.png","datePublished":"2022-05-23T21:41:55+00:00","breadcrumb":{"@id":"https:\/\/brasilnoticias.org\/site\/deputada-pede-cassacao-de-vice-da-assembleia-de-sp-que-sugeriu-colocar-cabresto-nela\/#breadcrumb"},"inLanguage":"pt-PT","potentialAction":[{"@type":"ReadAction","target":["https:\/\/brasilnoticias.org\/site\/deputada-pede-cassacao-de-vice-da-assembleia-de-sp-que-sugeriu-colocar-cabresto-nela\/"]}]},{"@type":"ImageObject","inLanguage":"pt-PT","@id":"https:\/\/brasilnoticias.org\/site\/deputada-pede-cassacao-de-vice-da-assembleia-de-sp-que-sugeriu-colocar-cabresto-nela\/#primaryimage","url":"https:\/\/brasilnoticias.org\/site\/wp-content\/uploads\/2022\/05\/Screenshot_20220523-183120-381.png","contentUrl":"https:\/\/brasilnoticias.org\/site\/wp-content\/uploads\/2022\/05\/Screenshot_20220523-183120-381.png","width":720,"height":637},{"@type":"BreadcrumbList","@id":"https:\/\/brasilnoticias.org\/site\/deputada-pede-cassacao-de-vice-da-assembleia-de-sp-que-sugeriu-colocar-cabresto-nela\/#breadcrumb","itemListElement":[{"@type":"ListItem","position":1,"name":"In\u00edcio","item":"https:\/\/brasilnoticias.org\/site\/"},{"@type":"ListItem","position":2,"name":"DEPUTADA PEDE CASSA\u00c7\u00c3O DE VICE DA ASSEMBLEIA DE SP QUE SUGERIU COLOCAR \u2018CABRESTO\u2019 NELA"}]},{"@type":"WebSite","@id":"https:\/\/brasilnoticias.org\/site\/#website","url":"https:\/\/brasilnoticias.org\/site\/","name":"Brasil not\u00edcias","description":"Brasil not\u00edcias","publisher":{"@id":"https:\/\/brasilnoticias.org\/site\/#organization"},"potentialAction":[{"@type":"SearchAction","target":{"@type":"EntryPoint","urlTemplate":"https:\/\/brasilnoticias.org\/site\/?s={search_term_string}"},"query-input":{"@type":"PropertyValueSpecification","valueRequired":true,"valueName":"search_term_string"}}],"inLanguage":"pt-PT"},{"@type":"Organization","@id":"https:\/\/brasilnoticias.org\/site\/#organization","name":"Brasil not\u00edcias","url":"https:\/\/brasilnoticias.org\/site\/","logo":{"@type":"ImageObject","inLanguage":"pt-PT","@id":"https:\/\/brasilnoticias.org\/site\/#\/schema\/logo\/image\/","url":"https:\/\/brasilnoticias.org\/site\/wp-content\/uploads\/2022\/05\/cropped-brasilnoticias-mini.jpg","contentUrl":"https:\/\/brasilnoticias.org\/site\/wp-content\/uploads\/2022\/05\/cropped-brasilnoticias-mini.jpg","width":314,"height":86,"caption":"Brasil not\u00edcias"},"image":{"@id":"https:\/\/brasilnoticias.org\/site\/#\/schema\/logo\/image\/"}},{"@type":"Person","@id":"https:\/\/brasilnoticias.org\/site\/#\/schema\/person\/f609fa847b5314f1c8b983342f34c798","name":"Reda\u00e7\u00e3o","image":{"@type":"ImageObject","inLanguage":"pt-PT","@id":"https:\/\/brasilnoticias.org\/site\/#\/schema\/person\/image\/","url":"https:\/\/secure.gravatar.com\/avatar\/447284c06c1ad8b46465a36de9cd0d8326b73387a22799b8b1ffb1fbcff2ed0c?s=96&d=mm&r=g","contentUrl":"https:\/\/secure.gravatar.com\/avatar\/447284c06c1ad8b46465a36de9cd0d8326b73387a22799b8b1ffb1fbcff2ed0c?s=96&d=mm&r=g","caption":"Reda\u00e7\u00e3o"},"url":"https:\/\/brasilnoticias.org\/site\/author\/redacao\/"}]}},"_links":{"self":[{"href":"https:\/\/brasilnoticias.org\/site\/wp-json\/wp\/v2\/posts\/512","targetHints":{"allow":["GET"]}}],"collection":[{"href":"https:\/\/brasilnoticias.org\/site\/wp-json\/wp\/v2\/posts"}],"about":[{"href":"https:\/\/brasilnoticias.org\/site\/wp-json\/wp\/v2\/types\/post"}],"author":[{"embeddable":true,"href":"https:\/\/brasilnoticias.org\/site\/wp-json\/wp\/v2\/users\/2"}],"replies":[{"embeddable":true,"href":"https:\/\/brasilnoticias.org\/site\/wp-json\/wp\/v2\/comments?post=512"}],"version-history":[{"count":1,"href":"https:\/\/brasilnoticias.org\/site\/wp-json\/wp\/v2\/posts\/512\/revisions"}],"predecessor-version":[{"id":514,"href":"https:\/\/brasilnoticias.org\/site\/wp-json\/wp\/v2\/posts\/512\/revisions\/514"}],"wp:featuredmedia":[{"embeddable":true,"href":"https:\/\/brasilnoticias.org\/site\/wp-json\/wp\/v2\/media\/513"}],"wp:attachment":[{"href":"https:\/\/brasilnoticias.org\/site\/wp-json\/wp\/v2\/media?parent=512"}],"wp:term":[{"taxonomy":"category","embeddable":true,"href":"https:\/\/brasilnoticias.org\/site\/wp-json\/wp\/v2\/categories?post=512"},{"taxonomy":"post_tag","embeddable":true,"href":"https:\/\/brasilnoticias.org\/site\/wp-json\/wp\/v2\/tags?post=512"}],"curies":[{"name":"wp","href":"https:\/\/api.w.org\/{rel}","templated":true}]}}