{"id":5124,"date":"2023-03-30T17:55:16","date_gmt":"2023-03-30T20:55:16","guid":{"rendered":"https:\/\/brasilnoticias.org\/site\/?p=5124"},"modified":"2023-03-30T17:55:16","modified_gmt":"2023-03-30T20:55:16","slug":"moradores-reclamam-apos-terem-apartamentos-do-minha-casa-minha-vida-invadidos-em-salvador","status":"publish","type":"post","link":"https:\/\/brasilnoticias.org\/site\/moradores-reclamam-apos-terem-apartamentos-do-minha-casa-minha-vida-invadidos-em-salvador\/","title":{"rendered":"Moradores reclamam ap\u00f3s terem apartamentos do Minha Casa, Minha Vida invadidos em Salvador"},"content":{"rendered":"<p>A trabalhadora aut\u00f4noma Eliane dos Santos deu entrada no programa Minha Casa, Minha Vida, em setembro do ano passado, ap\u00f3s sua casa ter sido condenada pelo Servi\u00e7o Social como de alto risco de alagamento e desabamento. Em janeiro, ela recebeu a chave de sua nova moradia pela habita\u00e7\u00e3o popular, o Residencial Paraguari I, em Periperi. Na primeira visita \u00e0 resid\u00eancia, uma surpresa. Seu apartamento havia sido invadido.<\/p>\n<p>Desde a invas\u00e3o, Eliane e outras 32 fam\u00edlias que t\u00eam direito \u00e0 moradia pelo programa est\u00e3o em meio a um imbr\u00f3glio entre a Caixa Econ\u00f4mica Federal, respons\u00e1vel pela constru\u00e7\u00e3o da habita\u00e7\u00e3o popular, e a Secretaria de Desenvolvimento Urbano do Estado da Bahia (Sedur). \u201cDesde janeiro, estamos nesse descaso de irmos fazer vistorias e chegar l\u00e1 est\u00e1 ocupado. A\u00ed depois ligam para gente e dizem que est\u00e1 desocupado, mas quando a gente vai tem as mesmas pessoas no apartamento. Elas j\u00e1 est\u00e3o colocando grade, modificando tudo e nada \u00e9 feito. N\u00e3o h\u00e1 uma posi\u00e7\u00e3o\u201d, alega Eliane ao Metro1.<\/p>\n<p>A Sedur reconhece as invas\u00f5es e alega que elas s\u00e3o resultado da n\u00e3o entrega das unidades habitacionais pela gest\u00e3o anterior do governo federal, do ex-presidente Jair Bolsonaro (PL). Al\u00e9m da apropria\u00e7\u00e3o dos apartamentos, houve tamb\u00e9m a subtra\u00e7\u00e3o de sanit\u00e1rios, lavat\u00f3rios, chuveiros e fechaduras.<\/p>\n<p>Em nota ao Metro1, a secretaria declarou que tem dialogado com a Caixa para solucionar o impasse e entregar os im\u00f3veis \u00e0s fam\u00edlias o quanto antes, mas declara tamb\u00e9m que \u201co empreendimento \u00e9 responsabilidade legal do banco, a quem cabe ingressar na justi\u00e7a para resolu\u00e7\u00e3o dos casos de apartamentos invadidos\u201d.<\/p>\n<p>O banco, por sua vez, em resposta ao portal, diz que j\u00e1 entregou as moradias e n\u00e3o se responsabiliza pela situa\u00e7\u00e3o atual. \u201cA verifica\u00e7\u00e3o do estado de ocupa\u00e7\u00e3o e a situa\u00e7\u00e3o da unidade habitacional s\u00e3o realizadas pelo Ente P\u00fablico local respons\u00e1vel pela indica\u00e7\u00e3o dos benefici\u00e1rios\u201d, informa a Caixa em nota. Nem o banco nem a Sedur conseguiram dar um prazo definitivo para quando os moradores poder\u00e3o, de fato, ocupar seus apartamentos.<\/p>\n<p>Enquanto os apartamentos n\u00e3o est\u00e3o dispon\u00edveis, os propriet\u00e1rios t\u00eam direito a receber um aux\u00edlio moradia, pago pela Companhia de Desenvolvimento Urbano do Estado da Bahia (Conder), ligada \u00e0 Sedur. Eliane, no entanto, n\u00e3o recebeu esse dinheiro. A quantia foi negada a ela sob a justificativa de que o apartamento seria entregue em breve, sem qualquer men\u00e7\u00e3o a uma data espec\u00edfica.<\/p>\n<p>A situa\u00e7\u00e3o \u00e9 parecida com a de Marizangela Santos, que tamb\u00e9m est\u00e1 na lista dos que precisam receber as unidades habitacionais. A diarista j\u00e1 morava, junto com seu marido e seu filho, no terreno em Periperi que foi destru\u00eddo para a constru\u00e7\u00e3o das moradias do Minha Casa, Minha Vida. H\u00e1 cerca de quatro anos, quando a constru\u00e7\u00e3o come\u00e7ou a ser feita, ela depende do aux\u00edlio para conseguir pagar seu aluguel. Diferentemente de Eliane, ela vinha recebendo o valor com regularidade. Neste m\u00eas, no entanto, ele foi cortado, tamb\u00e9m sob a justificativa de que a entrega seria feita.<\/p>\n<p>Tanto Marizangela como Eliane, que fazem parte de um grupo de mobiliza\u00e7\u00e3o junto a outras pessoas que t\u00eam direito \u00e0 moradia, dizem se sentir humilhadas. Eliane afirma n\u00e3o fazer quest\u00e3o de receber aux\u00edlio, o problema, para ela, \u00e9 continuar na sua casa condenada diante da chegada do per\u00edodo de chuvas em Salvador &#8211; que vai de abril a julho e costuma trazer alagamentos e deslizamentos a moradias em situa\u00e7\u00e3o de risco.<\/p>\n<p>J\u00e1 a diarista reclama da aus\u00eancia de um amparo de \u00f3rg\u00e3os p\u00fablicos e da assist\u00eancia social no processo. \u201cA gente n\u00e3o foi assistido, \u00e9 como se a gente tivesse sido expulso da nossa pr\u00f3pria casa e agora n\u00e3o conseguimos voltar\u201d. Ambas afirmam ao Metro1 que j\u00e1 tentaram contato com os invasores, mas sempre t\u00eam a resposta do advogado do grupo de que eles s\u00f3 sair\u00e3o do residencial por meio de liminar judicial.<\/p>\n<p>&nbsp;<\/p>\n<p>Foto: Leitor Metro1<\/p>\n","protected":false},"excerpt":{"rendered":"<p>A trabalhadora aut\u00f4noma Eliane dos Santos deu entrada no programa Minha Casa, Minha Vida, em setembro do ano passado, ap\u00f3s<\/p>\n","protected":false},"author":1,"featured_media":5125,"comment_status":"open","ping_status":"open","sticky":false,"template":"","format":"standard","meta":{"colormag_page_container_layout":"default_layout","colormag_page_sidebar_layout":"default_layout","_FSMCFIC_featured_image_caption":"","_FSMCFIC_featured_image_nocaption":"","_FSMCFIC_featured_image_hide":"","footnotes":""},"categories":[2,1],"tags":[],"class_list":["post-5124","post","type-post","status-publish","format-standard","has-post-thumbnail","hentry","category-noticias","category-ultimas"],"yoast_head":"<!-- This site is optimized with the Yoast SEO plugin v27.1.1 - https:\/\/yoast.com\/product\/yoast-seo-wordpress\/ -->\n<title>Moradores reclamam ap\u00f3s terem apartamentos do Minha Casa, Minha Vida invadidos em Salvador - Brasil not\u00edcias<\/title>\n<meta name=\"robots\" content=\"index, follow, max-snippet:-1, max-image-preview:large, max-video-preview:-1\" \/>\n<link rel=\"canonical\" href=\"https:\/\/brasilnoticias.org\/site\/moradores-reclamam-apos-terem-apartamentos-do-minha-casa-minha-vida-invadidos-em-salvador\/\" \/>\n<meta property=\"og:locale\" content=\"pt_PT\" \/>\n<meta property=\"og:type\" content=\"article\" \/>\n<meta property=\"og:title\" content=\"Moradores reclamam ap\u00f3s terem apartamentos do Minha Casa, Minha Vida invadidos em Salvador - Brasil not\u00edcias\" \/>\n<meta property=\"og:description\" content=\"A trabalhadora aut\u00f4noma Eliane dos Santos deu entrada no programa Minha Casa, Minha Vida, em setembro do ano passado, ap\u00f3s\" \/>\n<meta property=\"og:url\" content=\"https:\/\/brasilnoticias.org\/site\/moradores-reclamam-apos-terem-apartamentos-do-minha-casa-minha-vida-invadidos-em-salvador\/\" \/>\n<meta property=\"og:site_name\" content=\"Brasil not\u00edcias\" \/>\n<meta property=\"article:published_time\" content=\"2023-03-30T20:55:16+00:00\" \/>\n<meta property=\"og:image\" content=\"https:\/\/brasilnoticias.org\/site\/wp-content\/uploads\/2023\/03\/134605moradores-reclamam-apos-terem-apartamentos-do-minha-casa-minha-vida-invadidos-em-salvador-3.jpg\" \/>\n\t<meta property=\"og:image:width\" content=\"1600\" \/>\n\t<meta property=\"og:image:height\" content=\"752\" \/>\n\t<meta property=\"og:image:type\" content=\"image\/jpeg\" \/>\n<meta name=\"author\" content=\"Reda\u00e7\u00e3o\" \/>\n<meta name=\"twitter:card\" content=\"summary_large_image\" \/>\n<meta name=\"twitter:label1\" content=\"Escrito por\" \/>\n\t<meta name=\"twitter:data1\" content=\"Reda\u00e7\u00e3o\" \/>\n\t<meta name=\"twitter:label2\" content=\"Tempo estimado de leitura\" \/>\n\t<meta name=\"twitter:data2\" content=\"4 minutos\" \/>\n<script type=\"application\/ld+json\" class=\"yoast-schema-graph\">{\"@context\":\"https:\/\/schema.org\",\"@graph\":[{\"@type\":\"Article\",\"@id\":\"https:\/\/brasilnoticias.org\/site\/moradores-reclamam-apos-terem-apartamentos-do-minha-casa-minha-vida-invadidos-em-salvador\/#article\",\"isPartOf\":{\"@id\":\"https:\/\/brasilnoticias.org\/site\/moradores-reclamam-apos-terem-apartamentos-do-minha-casa-minha-vida-invadidos-em-salvador\/\"},\"author\":{\"name\":\"Reda\u00e7\u00e3o\",\"@id\":\"https:\/\/brasilnoticias.org\/site\/#\/schema\/person\/a0e05b973ec4d15c658d51911e53507b\"},\"headline\":\"Moradores reclamam ap\u00f3s terem apartamentos do Minha Casa, Minha Vida invadidos em Salvador\",\"datePublished\":\"2023-03-30T20:55:16+00:00\",\"mainEntityOfPage\":{\"@id\":\"https:\/\/brasilnoticias.org\/site\/moradores-reclamam-apos-terem-apartamentos-do-minha-casa-minha-vida-invadidos-em-salvador\/\"},\"wordCount\":713,\"commentCount\":0,\"publisher\":{\"@id\":\"https:\/\/brasilnoticias.org\/site\/#organization\"},\"image\":{\"@id\":\"https:\/\/brasilnoticias.org\/site\/moradores-reclamam-apos-terem-apartamentos-do-minha-casa-minha-vida-invadidos-em-salvador\/#primaryimage\"},\"thumbnailUrl\":\"https:\/\/brasilnoticias.org\/site\/wp-content\/uploads\/2023\/03\/134605moradores-reclamam-apos-terem-apartamentos-do-minha-casa-minha-vida-invadidos-em-salvador-3.jpg\",\"articleSection\":[\"Not\u00edcias\",\"\u00daltimas\"],\"inLanguage\":\"pt-PT\",\"potentialAction\":[{\"@type\":\"CommentAction\",\"name\":\"Comment\",\"target\":[\"https:\/\/brasilnoticias.org\/site\/moradores-reclamam-apos-terem-apartamentos-do-minha-casa-minha-vida-invadidos-em-salvador\/#respond\"]}]},{\"@type\":\"WebPage\",\"@id\":\"https:\/\/brasilnoticias.org\/site\/moradores-reclamam-apos-terem-apartamentos-do-minha-casa-minha-vida-invadidos-em-salvador\/\",\"url\":\"https:\/\/brasilnoticias.org\/site\/moradores-reclamam-apos-terem-apartamentos-do-minha-casa-minha-vida-invadidos-em-salvador\/\",\"name\":\"Moradores reclamam ap\u00f3s terem apartamentos do Minha Casa, Minha Vida invadidos em Salvador - Brasil not\u00edcias\",\"isPartOf\":{\"@id\":\"https:\/\/brasilnoticias.org\/site\/#website\"},\"primaryImageOfPage\":{\"@id\":\"https:\/\/brasilnoticias.org\/site\/moradores-reclamam-apos-terem-apartamentos-do-minha-casa-minha-vida-invadidos-em-salvador\/#primaryimage\"},\"image\":{\"@id\":\"https:\/\/brasilnoticias.org\/site\/moradores-reclamam-apos-terem-apartamentos-do-minha-casa-minha-vida-invadidos-em-salvador\/#primaryimage\"},\"thumbnailUrl\":\"https:\/\/brasilnoticias.org\/site\/wp-content\/uploads\/2023\/03\/134605moradores-reclamam-apos-terem-apartamentos-do-minha-casa-minha-vida-invadidos-em-salvador-3.jpg\",\"datePublished\":\"2023-03-30T20:55:16+00:00\",\"breadcrumb\":{\"@id\":\"https:\/\/brasilnoticias.org\/site\/moradores-reclamam-apos-terem-apartamentos-do-minha-casa-minha-vida-invadidos-em-salvador\/#breadcrumb\"},\"inLanguage\":\"pt-PT\",\"potentialAction\":[{\"@type\":\"ReadAction\",\"target\":[\"https:\/\/brasilnoticias.org\/site\/moradores-reclamam-apos-terem-apartamentos-do-minha-casa-minha-vida-invadidos-em-salvador\/\"]}]},{\"@type\":\"ImageObject\",\"inLanguage\":\"pt-PT\",\"@id\":\"https:\/\/brasilnoticias.org\/site\/moradores-reclamam-apos-terem-apartamentos-do-minha-casa-minha-vida-invadidos-em-salvador\/#primaryimage\",\"url\":\"https:\/\/brasilnoticias.org\/site\/wp-content\/uploads\/2023\/03\/134605moradores-reclamam-apos-terem-apartamentos-do-minha-casa-minha-vida-invadidos-em-salvador-3.jpg\",\"contentUrl\":\"https:\/\/brasilnoticias.org\/site\/wp-content\/uploads\/2023\/03\/134605moradores-reclamam-apos-terem-apartamentos-do-minha-casa-minha-vida-invadidos-em-salvador-3.jpg\",\"width\":1600,\"height\":752},{\"@type\":\"BreadcrumbList\",\"@id\":\"https:\/\/brasilnoticias.org\/site\/moradores-reclamam-apos-terem-apartamentos-do-minha-casa-minha-vida-invadidos-em-salvador\/#breadcrumb\",\"itemListElement\":[{\"@type\":\"ListItem\",\"position\":1,\"name\":\"In\u00edcio\",\"item\":\"https:\/\/brasilnoticias.org\/site\/\"},{\"@type\":\"ListItem\",\"position\":2,\"name\":\"Moradores reclamam ap\u00f3s terem apartamentos do Minha Casa, Minha Vida invadidos em Salvador\"}]},{\"@type\":\"WebSite\",\"@id\":\"https:\/\/brasilnoticias.org\/site\/#website\",\"url\":\"https:\/\/brasilnoticias.org\/site\/\",\"name\":\"Brasil not\u00edcias\",\"description\":\"Brasil not\u00edcias\",\"publisher\":{\"@id\":\"https:\/\/brasilnoticias.org\/site\/#organization\"},\"potentialAction\":[{\"@type\":\"SearchAction\",\"target\":{\"@type\":\"EntryPoint\",\"urlTemplate\":\"https:\/\/brasilnoticias.org\/site\/?s={search_term_string}\"},\"query-input\":{\"@type\":\"PropertyValueSpecification\",\"valueRequired\":true,\"valueName\":\"search_term_string\"}}],\"inLanguage\":\"pt-PT\"},{\"@type\":\"Organization\",\"@id\":\"https:\/\/brasilnoticias.org\/site\/#organization\",\"name\":\"Brasil not\u00edcias\",\"url\":\"https:\/\/brasilnoticias.org\/site\/\",\"logo\":{\"@type\":\"ImageObject\",\"inLanguage\":\"pt-PT\",\"@id\":\"https:\/\/brasilnoticias.org\/site\/#\/schema\/logo\/image\/\",\"url\":\"https:\/\/brasilnoticias.org\/site\/wp-content\/uploads\/2022\/05\/cropped-brasilnoticias-mini.jpg\",\"contentUrl\":\"https:\/\/brasilnoticias.org\/site\/wp-content\/uploads\/2022\/05\/cropped-brasilnoticias-mini.jpg\",\"width\":314,\"height\":86,\"caption\":\"Brasil not\u00edcias\"},\"image\":{\"@id\":\"https:\/\/brasilnoticias.org\/site\/#\/schema\/logo\/image\/\"}},{\"@type\":\"Person\",\"@id\":\"https:\/\/brasilnoticias.org\/site\/#\/schema\/person\/a0e05b973ec4d15c658d51911e53507b\",\"name\":\"Reda\u00e7\u00e3o\",\"image\":{\"@type\":\"ImageObject\",\"inLanguage\":\"pt-PT\",\"@id\":\"https:\/\/brasilnoticias.org\/site\/#\/schema\/person\/image\/\",\"url\":\"https:\/\/secure.gravatar.com\/avatar\/75d8b050df2de108b08ae78dfb8e374892df24a383c67db9c46a9c604f6aee9c?s=96&d=mm&r=g\",\"contentUrl\":\"https:\/\/secure.gravatar.com\/avatar\/75d8b050df2de108b08ae78dfb8e374892df24a383c67db9c46a9c604f6aee9c?s=96&d=mm&r=g\",\"caption\":\"Reda\u00e7\u00e3o\"},\"sameAs\":[\"https:\/\/brasilnoticias.org\/site\"],\"url\":\"https:\/\/brasilnoticias.org\/site\/author\/fernandozsngmail-com\/\"}]}<\/script>\n<!-- \/ Yoast SEO plugin. -->","yoast_head_json":{"title":"Moradores reclamam ap\u00f3s terem apartamentos do Minha Casa, Minha Vida invadidos em Salvador - Brasil not\u00edcias","robots":{"index":"index","follow":"follow","max-snippet":"max-snippet:-1","max-image-preview":"max-image-preview:large","max-video-preview":"max-video-preview:-1"},"canonical":"https:\/\/brasilnoticias.org\/site\/moradores-reclamam-apos-terem-apartamentos-do-minha-casa-minha-vida-invadidos-em-salvador\/","og_locale":"pt_PT","og_type":"article","og_title":"Moradores reclamam ap\u00f3s terem apartamentos do Minha Casa, Minha Vida invadidos em Salvador - Brasil not\u00edcias","og_description":"A trabalhadora aut\u00f4noma Eliane dos Santos deu entrada no programa Minha Casa, Minha Vida, em setembro do ano passado, ap\u00f3s","og_url":"https:\/\/brasilnoticias.org\/site\/moradores-reclamam-apos-terem-apartamentos-do-minha-casa-minha-vida-invadidos-em-salvador\/","og_site_name":"Brasil not\u00edcias","article_published_time":"2023-03-30T20:55:16+00:00","og_image":[{"width":1600,"height":752,"url":"https:\/\/brasilnoticias.org\/site\/wp-content\/uploads\/2023\/03\/134605moradores-reclamam-apos-terem-apartamentos-do-minha-casa-minha-vida-invadidos-em-salvador-3.jpg","type":"image\/jpeg"}],"author":"Reda\u00e7\u00e3o","twitter_card":"summary_large_image","twitter_misc":{"Escrito por":"Reda\u00e7\u00e3o","Tempo estimado de leitura":"4 minutos"},"schema":{"@context":"https:\/\/schema.org","@graph":[{"@type":"Article","@id":"https:\/\/brasilnoticias.org\/site\/moradores-reclamam-apos-terem-apartamentos-do-minha-casa-minha-vida-invadidos-em-salvador\/#article","isPartOf":{"@id":"https:\/\/brasilnoticias.org\/site\/moradores-reclamam-apos-terem-apartamentos-do-minha-casa-minha-vida-invadidos-em-salvador\/"},"author":{"name":"Reda\u00e7\u00e3o","@id":"https:\/\/brasilnoticias.org\/site\/#\/schema\/person\/a0e05b973ec4d15c658d51911e53507b"},"headline":"Moradores reclamam ap\u00f3s terem apartamentos do Minha Casa, Minha Vida invadidos em Salvador","datePublished":"2023-03-30T20:55:16+00:00","mainEntityOfPage":{"@id":"https:\/\/brasilnoticias.org\/site\/moradores-reclamam-apos-terem-apartamentos-do-minha-casa-minha-vida-invadidos-em-salvador\/"},"wordCount":713,"commentCount":0,"publisher":{"@id":"https:\/\/brasilnoticias.org\/site\/#organization"},"image":{"@id":"https:\/\/brasilnoticias.org\/site\/moradores-reclamam-apos-terem-apartamentos-do-minha-casa-minha-vida-invadidos-em-salvador\/#primaryimage"},"thumbnailUrl":"https:\/\/brasilnoticias.org\/site\/wp-content\/uploads\/2023\/03\/134605moradores-reclamam-apos-terem-apartamentos-do-minha-casa-minha-vida-invadidos-em-salvador-3.jpg","articleSection":["Not\u00edcias","\u00daltimas"],"inLanguage":"pt-PT","potentialAction":[{"@type":"CommentAction","name":"Comment","target":["https:\/\/brasilnoticias.org\/site\/moradores-reclamam-apos-terem-apartamentos-do-minha-casa-minha-vida-invadidos-em-salvador\/#respond"]}]},{"@type":"WebPage","@id":"https:\/\/brasilnoticias.org\/site\/moradores-reclamam-apos-terem-apartamentos-do-minha-casa-minha-vida-invadidos-em-salvador\/","url":"https:\/\/brasilnoticias.org\/site\/moradores-reclamam-apos-terem-apartamentos-do-minha-casa-minha-vida-invadidos-em-salvador\/","name":"Moradores reclamam ap\u00f3s terem apartamentos do Minha Casa, Minha Vida invadidos em Salvador - Brasil not\u00edcias","isPartOf":{"@id":"https:\/\/brasilnoticias.org\/site\/#website"},"primaryImageOfPage":{"@id":"https:\/\/brasilnoticias.org\/site\/moradores-reclamam-apos-terem-apartamentos-do-minha-casa-minha-vida-invadidos-em-salvador\/#primaryimage"},"image":{"@id":"https:\/\/brasilnoticias.org\/site\/moradores-reclamam-apos-terem-apartamentos-do-minha-casa-minha-vida-invadidos-em-salvador\/#primaryimage"},"thumbnailUrl":"https:\/\/brasilnoticias.org\/site\/wp-content\/uploads\/2023\/03\/134605moradores-reclamam-apos-terem-apartamentos-do-minha-casa-minha-vida-invadidos-em-salvador-3.jpg","datePublished":"2023-03-30T20:55:16+00:00","breadcrumb":{"@id":"https:\/\/brasilnoticias.org\/site\/moradores-reclamam-apos-terem-apartamentos-do-minha-casa-minha-vida-invadidos-em-salvador\/#breadcrumb"},"inLanguage":"pt-PT","potentialAction":[{"@type":"ReadAction","target":["https:\/\/brasilnoticias.org\/site\/moradores-reclamam-apos-terem-apartamentos-do-minha-casa-minha-vida-invadidos-em-salvador\/"]}]},{"@type":"ImageObject","inLanguage":"pt-PT","@id":"https:\/\/brasilnoticias.org\/site\/moradores-reclamam-apos-terem-apartamentos-do-minha-casa-minha-vida-invadidos-em-salvador\/#primaryimage","url":"https:\/\/brasilnoticias.org\/site\/wp-content\/uploads\/2023\/03\/134605moradores-reclamam-apos-terem-apartamentos-do-minha-casa-minha-vida-invadidos-em-salvador-3.jpg","contentUrl":"https:\/\/brasilnoticias.org\/site\/wp-content\/uploads\/2023\/03\/134605moradores-reclamam-apos-terem-apartamentos-do-minha-casa-minha-vida-invadidos-em-salvador-3.jpg","width":1600,"height":752},{"@type":"BreadcrumbList","@id":"https:\/\/brasilnoticias.org\/site\/moradores-reclamam-apos-terem-apartamentos-do-minha-casa-minha-vida-invadidos-em-salvador\/#breadcrumb","itemListElement":[{"@type":"ListItem","position":1,"name":"In\u00edcio","item":"https:\/\/brasilnoticias.org\/site\/"},{"@type":"ListItem","position":2,"name":"Moradores reclamam ap\u00f3s terem apartamentos do Minha Casa, Minha Vida invadidos em Salvador"}]},{"@type":"WebSite","@id":"https:\/\/brasilnoticias.org\/site\/#website","url":"https:\/\/brasilnoticias.org\/site\/","name":"Brasil not\u00edcias","description":"Brasil not\u00edcias","publisher":{"@id":"https:\/\/brasilnoticias.org\/site\/#organization"},"potentialAction":[{"@type":"SearchAction","target":{"@type":"EntryPoint","urlTemplate":"https:\/\/brasilnoticias.org\/site\/?s={search_term_string}"},"query-input":{"@type":"PropertyValueSpecification","valueRequired":true,"valueName":"search_term_string"}}],"inLanguage":"pt-PT"},{"@type":"Organization","@id":"https:\/\/brasilnoticias.org\/site\/#organization","name":"Brasil not\u00edcias","url":"https:\/\/brasilnoticias.org\/site\/","logo":{"@type":"ImageObject","inLanguage":"pt-PT","@id":"https:\/\/brasilnoticias.org\/site\/#\/schema\/logo\/image\/","url":"https:\/\/brasilnoticias.org\/site\/wp-content\/uploads\/2022\/05\/cropped-brasilnoticias-mini.jpg","contentUrl":"https:\/\/brasilnoticias.org\/site\/wp-content\/uploads\/2022\/05\/cropped-brasilnoticias-mini.jpg","width":314,"height":86,"caption":"Brasil not\u00edcias"},"image":{"@id":"https:\/\/brasilnoticias.org\/site\/#\/schema\/logo\/image\/"}},{"@type":"Person","@id":"https:\/\/brasilnoticias.org\/site\/#\/schema\/person\/a0e05b973ec4d15c658d51911e53507b","name":"Reda\u00e7\u00e3o","image":{"@type":"ImageObject","inLanguage":"pt-PT","@id":"https:\/\/brasilnoticias.org\/site\/#\/schema\/person\/image\/","url":"https:\/\/secure.gravatar.com\/avatar\/75d8b050df2de108b08ae78dfb8e374892df24a383c67db9c46a9c604f6aee9c?s=96&d=mm&r=g","contentUrl":"https:\/\/secure.gravatar.com\/avatar\/75d8b050df2de108b08ae78dfb8e374892df24a383c67db9c46a9c604f6aee9c?s=96&d=mm&r=g","caption":"Reda\u00e7\u00e3o"},"sameAs":["https:\/\/brasilnoticias.org\/site"],"url":"https:\/\/brasilnoticias.org\/site\/author\/fernandozsngmail-com\/"}]}},"_links":{"self":[{"href":"https:\/\/brasilnoticias.org\/site\/wp-json\/wp\/v2\/posts\/5124","targetHints":{"allow":["GET"]}}],"collection":[{"href":"https:\/\/brasilnoticias.org\/site\/wp-json\/wp\/v2\/posts"}],"about":[{"href":"https:\/\/brasilnoticias.org\/site\/wp-json\/wp\/v2\/types\/post"}],"author":[{"embeddable":true,"href":"https:\/\/brasilnoticias.org\/site\/wp-json\/wp\/v2\/users\/1"}],"replies":[{"embeddable":true,"href":"https:\/\/brasilnoticias.org\/site\/wp-json\/wp\/v2\/comments?post=5124"}],"version-history":[{"count":1,"href":"https:\/\/brasilnoticias.org\/site\/wp-json\/wp\/v2\/posts\/5124\/revisions"}],"predecessor-version":[{"id":5126,"href":"https:\/\/brasilnoticias.org\/site\/wp-json\/wp\/v2\/posts\/5124\/revisions\/5126"}],"wp:featuredmedia":[{"embeddable":true,"href":"https:\/\/brasilnoticias.org\/site\/wp-json\/wp\/v2\/media\/5125"}],"wp:attachment":[{"href":"https:\/\/brasilnoticias.org\/site\/wp-json\/wp\/v2\/media?parent=5124"}],"wp:term":[{"taxonomy":"category","embeddable":true,"href":"https:\/\/brasilnoticias.org\/site\/wp-json\/wp\/v2\/categories?post=5124"},{"taxonomy":"post_tag","embeddable":true,"href":"https:\/\/brasilnoticias.org\/site\/wp-json\/wp\/v2\/tags?post=5124"}],"curies":[{"name":"wp","href":"https:\/\/api.w.org\/{rel}","templated":true}]}}