{"id":515,"date":"2022-05-23T18:43:52","date_gmt":"2022-05-23T21:43:52","guid":{"rendered":"https:\/\/brasilnoticias.org\/site\/?p=515"},"modified":"2022-05-23T18:43:52","modified_gmt":"2022-05-23T21:43:52","slug":"inss-deixa-de-exigir-uso-de-mascaras-nas-agencias","status":"publish","type":"post","link":"https:\/\/brasilnoticias.org\/site\/inss-deixa-de-exigir-uso-de-mascaras-nas-agencias\/","title":{"rendered":"INSS DEIXA DE EXIGIR USO DE M\u00c1SCARAS NAS AG\u00caNCIAS"},"content":{"rendered":"<p>O uso de m\u00e1scara de prote\u00e7\u00e3o facial n\u00e3o \u00e9 mais obrigat\u00f3rio dentro das ag\u00eancias do INSS (Instituto Nacional do Seguro Social). A decis\u00e3o foi publicada nesta segunda-feira (23), no Di\u00e1rio Oficial da Uni\u00e3o, e j\u00e1 est\u00e1 em vigor. A m\u00e1scara seguir\u00e1 obrigat\u00f3ria quando houver lei municipal indicando a obrigatoriedade do uso.<\/p>\n<p>A mudan\u00e7a foi feita em portaria conjunta do INSS e da Subsecretaria de Per\u00edcia M\u00e9dica Federal. Ainda segundo a decis\u00e3o, ficam mantidas as demais medidas de controle e preven\u00e7\u00e3o dos riscos de transmiss\u00e3o da Covid-19 dentro das ag\u00eancias.<\/p>\n<p>Segundo a publica\u00e7\u00e3o, ser\u00e3o fixados informativos com orienta\u00e7\u00f5es sobre a perman\u00eancia da higiene adequada das m\u00e3os, o cuidado coletivo da sa\u00fade e a utiliza\u00e7\u00e3o dos ambientes compartilhados.<\/p>\n<p>Al\u00e9m disso, dever\u00e3o permanecer refor\u00e7adas as limpezas nas \u00e1reas de atendimento, salas de per\u00edcias m\u00e9dicas, reabilita\u00e7\u00e3o profissional, assist\u00eancia social, al\u00e9m de pontos de grande contato, como elevadores, corrim\u00f5es e ma\u00e7anetas.<\/p>\n<p>Como a utiliza\u00e7\u00e3o passa a ser opcional em boa parte dos munic\u00edpios, os segurados que quiserem poder\u00e3o continuar usando a m\u00e1scara nas ag\u00eancias.<\/p>\n<p>Em S\u00e3o Paulo, o uso de m\u00e1scaras deixou de ser obrigat\u00f3rio no m\u00eas de mar\u00e7o, por determina\u00e7\u00e3o do governador Jo\u00e3o Doria (PSDB). No entanto, em estabelecimentos de sa\u00fade a prote\u00e7\u00e3o segue sendo obrigat\u00f3ria.<\/p>\n<p>&nbsp;<\/p>\n<p><span class=\"assinatura_exclusiva\">Felipe Nunes, Folhapress<\/span><\/p>\n","protected":false},"excerpt":{"rendered":"<p>O uso de m\u00e1scara de prote\u00e7\u00e3o facial n\u00e3o \u00e9 mais obrigat\u00f3rio dentro das ag\u00eancias do INSS (Instituto Nacional do Seguro<\/p>\n","protected":false},"author":2,"featured_media":516,"comment_status":"open","ping_status":"open","sticky":false,"template":"","format":"standard","meta":{"colormag_page_container_layout":"default_layout","colormag_page_sidebar_layout":"default_layout","_FSMCFIC_featured_image_caption":"","_FSMCFIC_featured_image_nocaption":"","_FSMCFIC_featured_image_hide":"","footnotes":""},"categories":[2,1],"tags":[],"class_list":["post-515","post","type-post","status-publish","format-standard","has-post-thumbnail","hentry","category-noticias","category-ultimas"],"yoast_head":"<!-- This site is optimized with the Yoast SEO plugin v27.1.1 - https:\/\/yoast.com\/product\/yoast-seo-wordpress\/ -->\n<title>INSS DEIXA DE EXIGIR USO DE M\u00c1SCARAS NAS AG\u00caNCIAS - Brasil not\u00edcias<\/title>\n<meta name=\"robots\" content=\"index, follow, max-snippet:-1, max-image-preview:large, max-video-preview:-1\" \/>\n<link rel=\"canonical\" href=\"https:\/\/brasilnoticias.org\/site\/inss-deixa-de-exigir-uso-de-mascaras-nas-agencias\/\" \/>\n<meta property=\"og:locale\" content=\"pt_PT\" \/>\n<meta property=\"og:type\" content=\"article\" \/>\n<meta property=\"og:title\" content=\"INSS DEIXA DE EXIGIR USO DE M\u00c1SCARAS NAS AG\u00caNCIAS - Brasil not\u00edcias\" \/>\n<meta property=\"og:description\" content=\"O uso de m\u00e1scara de prote\u00e7\u00e3o facial n\u00e3o \u00e9 mais obrigat\u00f3rio dentro das ag\u00eancias do INSS (Instituto Nacional do Seguro\" \/>\n<meta property=\"og:url\" content=\"https:\/\/brasilnoticias.org\/site\/inss-deixa-de-exigir-uso-de-mascaras-nas-agencias\/\" \/>\n<meta property=\"og:site_name\" content=\"Brasil not\u00edcias\" \/>\n<meta property=\"article:published_time\" content=\"2022-05-23T21:43:52+00:00\" \/>\n<meta property=\"og:image\" content=\"https:\/\/brasilnoticias.org\/site\/wp-content\/uploads\/2022\/05\/Screenshot_20220523-182913-668.png\" \/>\n\t<meta property=\"og:image:width\" content=\"720\" \/>\n\t<meta property=\"og:image:height\" content=\"647\" \/>\n\t<meta property=\"og:image:type\" content=\"image\/png\" \/>\n<meta name=\"author\" content=\"Reda\u00e7\u00e3o\" \/>\n<meta name=\"twitter:card\" content=\"summary_large_image\" \/>\n<meta name=\"twitter:label1\" content=\"Escrito por\" \/>\n\t<meta name=\"twitter:data1\" content=\"Reda\u00e7\u00e3o\" \/>\n\t<meta name=\"twitter:label2\" content=\"Tempo estimado de leitura\" \/>\n\t<meta name=\"twitter:data2\" content=\"1 minuto\" \/>\n<script type=\"application\/ld+json\" class=\"yoast-schema-graph\">{\"@context\":\"https:\/\/schema.org\",\"@graph\":[{\"@type\":\"Article\",\"@id\":\"https:\/\/brasilnoticias.org\/site\/inss-deixa-de-exigir-uso-de-mascaras-nas-agencias\/#article\",\"isPartOf\":{\"@id\":\"https:\/\/brasilnoticias.org\/site\/inss-deixa-de-exigir-uso-de-mascaras-nas-agencias\/\"},\"author\":{\"name\":\"Reda\u00e7\u00e3o\",\"@id\":\"https:\/\/brasilnoticias.org\/site\/#\/schema\/person\/f609fa847b5314f1c8b983342f34c798\"},\"headline\":\"INSS DEIXA DE EXIGIR USO DE M\u00c1SCARAS NAS AG\u00caNCIAS\",\"datePublished\":\"2022-05-23T21:43:52+00:00\",\"mainEntityOfPage\":{\"@id\":\"https:\/\/brasilnoticias.org\/site\/inss-deixa-de-exigir-uso-de-mascaras-nas-agencias\/\"},\"wordCount\":264,\"commentCount\":0,\"publisher\":{\"@id\":\"https:\/\/brasilnoticias.org\/site\/#organization\"},\"image\":{\"@id\":\"https:\/\/brasilnoticias.org\/site\/inss-deixa-de-exigir-uso-de-mascaras-nas-agencias\/#primaryimage\"},\"thumbnailUrl\":\"https:\/\/brasilnoticias.org\/site\/wp-content\/uploads\/2022\/05\/Screenshot_20220523-182913-668.png\",\"articleSection\":[\"Not\u00edcias\",\"\u00daltimas\"],\"inLanguage\":\"pt-PT\",\"potentialAction\":[{\"@type\":\"CommentAction\",\"name\":\"Comment\",\"target\":[\"https:\/\/brasilnoticias.org\/site\/inss-deixa-de-exigir-uso-de-mascaras-nas-agencias\/#respond\"]}]},{\"@type\":\"WebPage\",\"@id\":\"https:\/\/brasilnoticias.org\/site\/inss-deixa-de-exigir-uso-de-mascaras-nas-agencias\/\",\"url\":\"https:\/\/brasilnoticias.org\/site\/inss-deixa-de-exigir-uso-de-mascaras-nas-agencias\/\",\"name\":\"INSS DEIXA DE EXIGIR USO DE M\u00c1SCARAS NAS AG\u00caNCIAS - Brasil not\u00edcias\",\"isPartOf\":{\"@id\":\"https:\/\/brasilnoticias.org\/site\/#website\"},\"primaryImageOfPage\":{\"@id\":\"https:\/\/brasilnoticias.org\/site\/inss-deixa-de-exigir-uso-de-mascaras-nas-agencias\/#primaryimage\"},\"image\":{\"@id\":\"https:\/\/brasilnoticias.org\/site\/inss-deixa-de-exigir-uso-de-mascaras-nas-agencias\/#primaryimage\"},\"thumbnailUrl\":\"https:\/\/brasilnoticias.org\/site\/wp-content\/uploads\/2022\/05\/Screenshot_20220523-182913-668.png\",\"datePublished\":\"2022-05-23T21:43:52+00:00\",\"breadcrumb\":{\"@id\":\"https:\/\/brasilnoticias.org\/site\/inss-deixa-de-exigir-uso-de-mascaras-nas-agencias\/#breadcrumb\"},\"inLanguage\":\"pt-PT\",\"potentialAction\":[{\"@type\":\"ReadAction\",\"target\":[\"https:\/\/brasilnoticias.org\/site\/inss-deixa-de-exigir-uso-de-mascaras-nas-agencias\/\"]}]},{\"@type\":\"ImageObject\",\"inLanguage\":\"pt-PT\",\"@id\":\"https:\/\/brasilnoticias.org\/site\/inss-deixa-de-exigir-uso-de-mascaras-nas-agencias\/#primaryimage\",\"url\":\"https:\/\/brasilnoticias.org\/site\/wp-content\/uploads\/2022\/05\/Screenshot_20220523-182913-668.png\",\"contentUrl\":\"https:\/\/brasilnoticias.org\/site\/wp-content\/uploads\/2022\/05\/Screenshot_20220523-182913-668.png\",\"width\":720,\"height\":647},{\"@type\":\"BreadcrumbList\",\"@id\":\"https:\/\/brasilnoticias.org\/site\/inss-deixa-de-exigir-uso-de-mascaras-nas-agencias\/#breadcrumb\",\"itemListElement\":[{\"@type\":\"ListItem\",\"position\":1,\"name\":\"In\u00edcio\",\"item\":\"https:\/\/brasilnoticias.org\/site\/\"},{\"@type\":\"ListItem\",\"position\":2,\"name\":\"INSS DEIXA DE EXIGIR USO DE M\u00c1SCARAS NAS AG\u00caNCIAS\"}]},{\"@type\":\"WebSite\",\"@id\":\"https:\/\/brasilnoticias.org\/site\/#website\",\"url\":\"https:\/\/brasilnoticias.org\/site\/\",\"name\":\"Brasil not\u00edcias\",\"description\":\"Brasil not\u00edcias\",\"publisher\":{\"@id\":\"https:\/\/brasilnoticias.org\/site\/#organization\"},\"potentialAction\":[{\"@type\":\"SearchAction\",\"target\":{\"@type\":\"EntryPoint\",\"urlTemplate\":\"https:\/\/brasilnoticias.org\/site\/?s={search_term_string}\"},\"query-input\":{\"@type\":\"PropertyValueSpecification\",\"valueRequired\":true,\"valueName\":\"search_term_string\"}}],\"inLanguage\":\"pt-PT\"},{\"@type\":\"Organization\",\"@id\":\"https:\/\/brasilnoticias.org\/site\/#organization\",\"name\":\"Brasil not\u00edcias\",\"url\":\"https:\/\/brasilnoticias.org\/site\/\",\"logo\":{\"@type\":\"ImageObject\",\"inLanguage\":\"pt-PT\",\"@id\":\"https:\/\/brasilnoticias.org\/site\/#\/schema\/logo\/image\/\",\"url\":\"https:\/\/brasilnoticias.org\/site\/wp-content\/uploads\/2022\/05\/cropped-brasilnoticias-mini.jpg\",\"contentUrl\":\"https:\/\/brasilnoticias.org\/site\/wp-content\/uploads\/2022\/05\/cropped-brasilnoticias-mini.jpg\",\"width\":314,\"height\":86,\"caption\":\"Brasil not\u00edcias\"},\"image\":{\"@id\":\"https:\/\/brasilnoticias.org\/site\/#\/schema\/logo\/image\/\"}},{\"@type\":\"Person\",\"@id\":\"https:\/\/brasilnoticias.org\/site\/#\/schema\/person\/f609fa847b5314f1c8b983342f34c798\",\"name\":\"Reda\u00e7\u00e3o\",\"image\":{\"@type\":\"ImageObject\",\"inLanguage\":\"pt-PT\",\"@id\":\"https:\/\/brasilnoticias.org\/site\/#\/schema\/person\/image\/\",\"url\":\"https:\/\/secure.gravatar.com\/avatar\/447284c06c1ad8b46465a36de9cd0d8326b73387a22799b8b1ffb1fbcff2ed0c?s=96&d=mm&r=g\",\"contentUrl\":\"https:\/\/secure.gravatar.com\/avatar\/447284c06c1ad8b46465a36de9cd0d8326b73387a22799b8b1ffb1fbcff2ed0c?s=96&d=mm&r=g\",\"caption\":\"Reda\u00e7\u00e3o\"},\"url\":\"https:\/\/brasilnoticias.org\/site\/author\/redacao\/\"}]}<\/script>\n<!-- \/ Yoast SEO plugin. -->","yoast_head_json":{"title":"INSS DEIXA DE EXIGIR USO DE M\u00c1SCARAS NAS AG\u00caNCIAS - Brasil not\u00edcias","robots":{"index":"index","follow":"follow","max-snippet":"max-snippet:-1","max-image-preview":"max-image-preview:large","max-video-preview":"max-video-preview:-1"},"canonical":"https:\/\/brasilnoticias.org\/site\/inss-deixa-de-exigir-uso-de-mascaras-nas-agencias\/","og_locale":"pt_PT","og_type":"article","og_title":"INSS DEIXA DE EXIGIR USO DE M\u00c1SCARAS NAS AG\u00caNCIAS - Brasil not\u00edcias","og_description":"O uso de m\u00e1scara de prote\u00e7\u00e3o facial n\u00e3o \u00e9 mais obrigat\u00f3rio dentro das ag\u00eancias do INSS (Instituto Nacional do Seguro","og_url":"https:\/\/brasilnoticias.org\/site\/inss-deixa-de-exigir-uso-de-mascaras-nas-agencias\/","og_site_name":"Brasil not\u00edcias","article_published_time":"2022-05-23T21:43:52+00:00","og_image":[{"width":720,"height":647,"url":"https:\/\/brasilnoticias.org\/site\/wp-content\/uploads\/2022\/05\/Screenshot_20220523-182913-668.png","type":"image\/png"}],"author":"Reda\u00e7\u00e3o","twitter_card":"summary_large_image","twitter_misc":{"Escrito por":"Reda\u00e7\u00e3o","Tempo estimado de leitura":"1 minuto"},"schema":{"@context":"https:\/\/schema.org","@graph":[{"@type":"Article","@id":"https:\/\/brasilnoticias.org\/site\/inss-deixa-de-exigir-uso-de-mascaras-nas-agencias\/#article","isPartOf":{"@id":"https:\/\/brasilnoticias.org\/site\/inss-deixa-de-exigir-uso-de-mascaras-nas-agencias\/"},"author":{"name":"Reda\u00e7\u00e3o","@id":"https:\/\/brasilnoticias.org\/site\/#\/schema\/person\/f609fa847b5314f1c8b983342f34c798"},"headline":"INSS DEIXA DE EXIGIR USO DE M\u00c1SCARAS NAS AG\u00caNCIAS","datePublished":"2022-05-23T21:43:52+00:00","mainEntityOfPage":{"@id":"https:\/\/brasilnoticias.org\/site\/inss-deixa-de-exigir-uso-de-mascaras-nas-agencias\/"},"wordCount":264,"commentCount":0,"publisher":{"@id":"https:\/\/brasilnoticias.org\/site\/#organization"},"image":{"@id":"https:\/\/brasilnoticias.org\/site\/inss-deixa-de-exigir-uso-de-mascaras-nas-agencias\/#primaryimage"},"thumbnailUrl":"https:\/\/brasilnoticias.org\/site\/wp-content\/uploads\/2022\/05\/Screenshot_20220523-182913-668.png","articleSection":["Not\u00edcias","\u00daltimas"],"inLanguage":"pt-PT","potentialAction":[{"@type":"CommentAction","name":"Comment","target":["https:\/\/brasilnoticias.org\/site\/inss-deixa-de-exigir-uso-de-mascaras-nas-agencias\/#respond"]}]},{"@type":"WebPage","@id":"https:\/\/brasilnoticias.org\/site\/inss-deixa-de-exigir-uso-de-mascaras-nas-agencias\/","url":"https:\/\/brasilnoticias.org\/site\/inss-deixa-de-exigir-uso-de-mascaras-nas-agencias\/","name":"INSS DEIXA DE EXIGIR USO DE M\u00c1SCARAS NAS AG\u00caNCIAS - Brasil not\u00edcias","isPartOf":{"@id":"https:\/\/brasilnoticias.org\/site\/#website"},"primaryImageOfPage":{"@id":"https:\/\/brasilnoticias.org\/site\/inss-deixa-de-exigir-uso-de-mascaras-nas-agencias\/#primaryimage"},"image":{"@id":"https:\/\/brasilnoticias.org\/site\/inss-deixa-de-exigir-uso-de-mascaras-nas-agencias\/#primaryimage"},"thumbnailUrl":"https:\/\/brasilnoticias.org\/site\/wp-content\/uploads\/2022\/05\/Screenshot_20220523-182913-668.png","datePublished":"2022-05-23T21:43:52+00:00","breadcrumb":{"@id":"https:\/\/brasilnoticias.org\/site\/inss-deixa-de-exigir-uso-de-mascaras-nas-agencias\/#breadcrumb"},"inLanguage":"pt-PT","potentialAction":[{"@type":"ReadAction","target":["https:\/\/brasilnoticias.org\/site\/inss-deixa-de-exigir-uso-de-mascaras-nas-agencias\/"]}]},{"@type":"ImageObject","inLanguage":"pt-PT","@id":"https:\/\/brasilnoticias.org\/site\/inss-deixa-de-exigir-uso-de-mascaras-nas-agencias\/#primaryimage","url":"https:\/\/brasilnoticias.org\/site\/wp-content\/uploads\/2022\/05\/Screenshot_20220523-182913-668.png","contentUrl":"https:\/\/brasilnoticias.org\/site\/wp-content\/uploads\/2022\/05\/Screenshot_20220523-182913-668.png","width":720,"height":647},{"@type":"BreadcrumbList","@id":"https:\/\/brasilnoticias.org\/site\/inss-deixa-de-exigir-uso-de-mascaras-nas-agencias\/#breadcrumb","itemListElement":[{"@type":"ListItem","position":1,"name":"In\u00edcio","item":"https:\/\/brasilnoticias.org\/site\/"},{"@type":"ListItem","position":2,"name":"INSS DEIXA DE EXIGIR USO DE M\u00c1SCARAS NAS AG\u00caNCIAS"}]},{"@type":"WebSite","@id":"https:\/\/brasilnoticias.org\/site\/#website","url":"https:\/\/brasilnoticias.org\/site\/","name":"Brasil not\u00edcias","description":"Brasil not\u00edcias","publisher":{"@id":"https:\/\/brasilnoticias.org\/site\/#organization"},"potentialAction":[{"@type":"SearchAction","target":{"@type":"EntryPoint","urlTemplate":"https:\/\/brasilnoticias.org\/site\/?s={search_term_string}"},"query-input":{"@type":"PropertyValueSpecification","valueRequired":true,"valueName":"search_term_string"}}],"inLanguage":"pt-PT"},{"@type":"Organization","@id":"https:\/\/brasilnoticias.org\/site\/#organization","name":"Brasil not\u00edcias","url":"https:\/\/brasilnoticias.org\/site\/","logo":{"@type":"ImageObject","inLanguage":"pt-PT","@id":"https:\/\/brasilnoticias.org\/site\/#\/schema\/logo\/image\/","url":"https:\/\/brasilnoticias.org\/site\/wp-content\/uploads\/2022\/05\/cropped-brasilnoticias-mini.jpg","contentUrl":"https:\/\/brasilnoticias.org\/site\/wp-content\/uploads\/2022\/05\/cropped-brasilnoticias-mini.jpg","width":314,"height":86,"caption":"Brasil not\u00edcias"},"image":{"@id":"https:\/\/brasilnoticias.org\/site\/#\/schema\/logo\/image\/"}},{"@type":"Person","@id":"https:\/\/brasilnoticias.org\/site\/#\/schema\/person\/f609fa847b5314f1c8b983342f34c798","name":"Reda\u00e7\u00e3o","image":{"@type":"ImageObject","inLanguage":"pt-PT","@id":"https:\/\/brasilnoticias.org\/site\/#\/schema\/person\/image\/","url":"https:\/\/secure.gravatar.com\/avatar\/447284c06c1ad8b46465a36de9cd0d8326b73387a22799b8b1ffb1fbcff2ed0c?s=96&d=mm&r=g","contentUrl":"https:\/\/secure.gravatar.com\/avatar\/447284c06c1ad8b46465a36de9cd0d8326b73387a22799b8b1ffb1fbcff2ed0c?s=96&d=mm&r=g","caption":"Reda\u00e7\u00e3o"},"url":"https:\/\/brasilnoticias.org\/site\/author\/redacao\/"}]}},"_links":{"self":[{"href":"https:\/\/brasilnoticias.org\/site\/wp-json\/wp\/v2\/posts\/515","targetHints":{"allow":["GET"]}}],"collection":[{"href":"https:\/\/brasilnoticias.org\/site\/wp-json\/wp\/v2\/posts"}],"about":[{"href":"https:\/\/brasilnoticias.org\/site\/wp-json\/wp\/v2\/types\/post"}],"author":[{"embeddable":true,"href":"https:\/\/brasilnoticias.org\/site\/wp-json\/wp\/v2\/users\/2"}],"replies":[{"embeddable":true,"href":"https:\/\/brasilnoticias.org\/site\/wp-json\/wp\/v2\/comments?post=515"}],"version-history":[{"count":1,"href":"https:\/\/brasilnoticias.org\/site\/wp-json\/wp\/v2\/posts\/515\/revisions"}],"predecessor-version":[{"id":517,"href":"https:\/\/brasilnoticias.org\/site\/wp-json\/wp\/v2\/posts\/515\/revisions\/517"}],"wp:featuredmedia":[{"embeddable":true,"href":"https:\/\/brasilnoticias.org\/site\/wp-json\/wp\/v2\/media\/516"}],"wp:attachment":[{"href":"https:\/\/brasilnoticias.org\/site\/wp-json\/wp\/v2\/media?parent=515"}],"wp:term":[{"taxonomy":"category","embeddable":true,"href":"https:\/\/brasilnoticias.org\/site\/wp-json\/wp\/v2\/categories?post=515"},{"taxonomy":"post_tag","embeddable":true,"href":"https:\/\/brasilnoticias.org\/site\/wp-json\/wp\/v2\/tags?post=515"}],"curies":[{"name":"wp","href":"https:\/\/api.w.org\/{rel}","templated":true}]}}