{"id":5177,"date":"2023-04-03T17:33:48","date_gmt":"2023-04-03T20:33:48","guid":{"rendered":"https:\/\/brasilnoticias.org\/site\/?p=5177"},"modified":"2023-04-03T17:33:48","modified_gmt":"2023-04-03T20:33:48","slug":"upinha-barris-e-inaugurada-e-passa-a-atender-pacientes-com-sintomas-respiratorios","status":"publish","type":"post","link":"https:\/\/brasilnoticias.org\/site\/upinha-barris-e-inaugurada-e-passa-a-atender-pacientes-com-sintomas-respiratorios\/","title":{"rendered":"Upinha Barris \u00e9 inaugurada e passa a atender pacientes com sintomas respirat\u00f3rios"},"content":{"rendered":"<p>Voltada ao acolhimento de pacientes com sintomas respirat\u00f3rios, a nova Upinha Barris \u2013 anexa \u00e0 UPA Barris \u2013 foi inaugurada pela Secretaria Municipal da Sa\u00fade (SMS) de Salvador, na manh\u00e3 desta segunda-feira (3).<\/p>\n<p>O ato marcou o in\u00edcio de opera\u00e7\u00e3o da unidade, que oferece atendimento 24 horas, durante todos os dias da semana, acolhendo pacientes adultos com sintomas respirat\u00f3rios.<\/p>\n<p>A Upinha Barris tem investimento de R$ 850 mil mensais de recursos municipais e conta com:<\/p>\n<p>Estrutura de consult\u00f3rios m\u00e9dicos, de acolhimento e classifica\u00e7\u00e3o de riscos, sala de coleta de exames e de testagem para a Covid-19;<br \/>\nDez leitos de observa\u00e7\u00e3o, dois leitos de sala vermelha, dez leitos de acomoda\u00e7\u00e3o e mais dez de retaguarda.<\/p>\n<p>Segundo a titular da SMS e vice-prefeita, Ana Paula Matos, a inten\u00e7\u00e3o \u00e9 dar mais conforto para as pessoas que procuram a rede municipal de sa\u00fade, com s\u00edndromes respirat\u00f3rias e sintomas gripais.<\/p>\n<p>&#8220;Elas passar\u00e3o por uma triagem tanto na Upinha como na UPA Barris e, na medida em que forem identificadas as necessidades do quadro cl\u00ednico, ser\u00e3o encaminhadas para a nova unidade de sa\u00fade, totalmente equipada&#8221;, informou.<\/p>\n<p>Conforme a gestora, a diferen\u00e7a da Upinha Barris para os antigos grip\u00e1rios \u00e9 que a unidade possui maior estrutura de acomoda\u00e7\u00e3o para o cuidado integral com a sa\u00fade, permitindo o internamento dos pacientes, inclusive, com sala vermelha para casos graves.<\/p>\n<p>A a\u00e7\u00e3o faz parte das atividades da SMS na Opera\u00e7\u00e3o Chuva, visando proporcionar um cuidado mais avan\u00e7ado de suporte \u00e0 vida, especialmente neste per\u00edodo do ano. De abril a junho, \u00e9 grande a incid\u00eancia de chuvas e frequente a mudan\u00e7a de temperatura, favorecendo a ocorr\u00eancia de casos de s\u00edndromes gripais.<\/p>\n<p>Ana Paula Matos pontuou ainda a necessidade de continuidade da vacina\u00e7\u00e3o contra a Covid-19 e a gripe.<\/p>\n<p>\u201cA vacina\u00e7\u00e3o \u00e9 a ferramenta mais eficaz contra as doen\u00e7as, reduzindo o n\u00famero de casos, principalmente, os graves e \u00f3bitos relacionados aos v\u00edrus. Para evitar cen\u00e1rios de maior gravidade, complica\u00e7\u00f5es e sobrecarga da rede, \u00e9 fundamental que cada um fa\u00e7a a sua parte e se imunize por completo&#8221;.<\/p>\n<p>Foto: Dovulga\u00e7\u00e3o\/SMS<br \/>\nG1 Bahia<\/p>\n","protected":false},"excerpt":{"rendered":"<p>Voltada ao acolhimento de pacientes com sintomas respirat\u00f3rios, a nova Upinha Barris \u2013 anexa \u00e0 UPA Barris \u2013 foi inaugurada<\/p>\n","protected":false},"author":1,"featured_media":5178,"comment_status":"open","ping_status":"open","sticky":false,"template":"","format":"standard","meta":{"colormag_page_container_layout":"default_layout","colormag_page_sidebar_layout":"default_layout","_FSMCFIC_featured_image_caption":"","_FSMCFIC_featured_image_nocaption":"","_FSMCFIC_featured_image_hide":"","footnotes":""},"categories":[2,1],"tags":[],"class_list":["post-5177","post","type-post","status-publish","format-standard","has-post-thumbnail","hentry","category-noticias","category-ultimas"],"yoast_head":"<!-- This site is optimized with the Yoast SEO plugin v27.1.1 - https:\/\/yoast.com\/product\/yoast-seo-wordpress\/ -->\n<title>Upinha Barris \u00e9 inaugurada e passa a atender pacientes com sintomas respirat\u00f3rios - Brasil not\u00edcias<\/title>\n<meta name=\"robots\" content=\"index, follow, max-snippet:-1, max-image-preview:large, max-video-preview:-1\" \/>\n<link rel=\"canonical\" href=\"https:\/\/brasilnoticias.org\/site\/upinha-barris-e-inaugurada-e-passa-a-atender-pacientes-com-sintomas-respiratorios\/\" \/>\n<meta property=\"og:locale\" content=\"pt_PT\" \/>\n<meta property=\"og:type\" content=\"article\" \/>\n<meta property=\"og:title\" content=\"Upinha Barris \u00e9 inaugurada e passa a atender pacientes com sintomas respirat\u00f3rios - Brasil not\u00edcias\" \/>\n<meta property=\"og:description\" content=\"Voltada ao acolhimento de pacientes com sintomas respirat\u00f3rios, a nova Upinha Barris \u2013 anexa \u00e0 UPA Barris \u2013 foi inaugurada\" \/>\n<meta property=\"og:url\" content=\"https:\/\/brasilnoticias.org\/site\/upinha-barris-e-inaugurada-e-passa-a-atender-pacientes-com-sintomas-respiratorios\/\" \/>\n<meta property=\"og:site_name\" content=\"Brasil not\u00edcias\" \/>\n<meta property=\"article:published_time\" content=\"2023-04-03T20:33:48+00:00\" \/>\n<meta property=\"og:image\" content=\"https:\/\/brasilnoticias.org\/site\/wp-content\/uploads\/2023\/04\/inauguracao-upinha-barris-foto-ascom-sms-pms-1-.webp\" \/>\n\t<meta property=\"og:image:width\" content=\"600\" \/>\n\t<meta property=\"og:image:height\" content=\"400\" \/>\n\t<meta property=\"og:image:type\" content=\"image\/webp\" \/>\n<meta name=\"author\" content=\"Reda\u00e7\u00e3o\" \/>\n<meta name=\"twitter:card\" content=\"summary_large_image\" \/>\n<meta name=\"twitter:label1\" content=\"Escrito por\" \/>\n\t<meta name=\"twitter:data1\" content=\"Reda\u00e7\u00e3o\" \/>\n<script type=\"application\/ld+json\" class=\"yoast-schema-graph\">{\"@context\":\"https:\/\/schema.org\",\"@graph\":[{\"@type\":\"Article\",\"@id\":\"https:\/\/brasilnoticias.org\/site\/upinha-barris-e-inaugurada-e-passa-a-atender-pacientes-com-sintomas-respiratorios\/#article\",\"isPartOf\":{\"@id\":\"https:\/\/brasilnoticias.org\/site\/upinha-barris-e-inaugurada-e-passa-a-atender-pacientes-com-sintomas-respiratorios\/\"},\"author\":{\"name\":\"Reda\u00e7\u00e3o\",\"@id\":\"https:\/\/brasilnoticias.org\/site\/#\/schema\/person\/a0e05b973ec4d15c658d51911e53507b\"},\"headline\":\"Upinha Barris \u00e9 inaugurada e passa a atender pacientes com sintomas respirat\u00f3rios\",\"datePublished\":\"2023-04-03T20:33:48+00:00\",\"mainEntityOfPage\":{\"@id\":\"https:\/\/brasilnoticias.org\/site\/upinha-barris-e-inaugurada-e-passa-a-atender-pacientes-com-sintomas-respiratorios\/\"},\"wordCount\":380,\"commentCount\":0,\"publisher\":{\"@id\":\"https:\/\/brasilnoticias.org\/site\/#organization\"},\"image\":{\"@id\":\"https:\/\/brasilnoticias.org\/site\/upinha-barris-e-inaugurada-e-passa-a-atender-pacientes-com-sintomas-respiratorios\/#primaryimage\"},\"thumbnailUrl\":\"https:\/\/brasilnoticias.org\/site\/wp-content\/uploads\/2023\/04\/inauguracao-upinha-barris-foto-ascom-sms-pms-1-.webp\",\"articleSection\":[\"Not\u00edcias\",\"\u00daltimas\"],\"inLanguage\":\"pt-PT\",\"potentialAction\":[{\"@type\":\"CommentAction\",\"name\":\"Comment\",\"target\":[\"https:\/\/brasilnoticias.org\/site\/upinha-barris-e-inaugurada-e-passa-a-atender-pacientes-com-sintomas-respiratorios\/#respond\"]}]},{\"@type\":\"WebPage\",\"@id\":\"https:\/\/brasilnoticias.org\/site\/upinha-barris-e-inaugurada-e-passa-a-atender-pacientes-com-sintomas-respiratorios\/\",\"url\":\"https:\/\/brasilnoticias.org\/site\/upinha-barris-e-inaugurada-e-passa-a-atender-pacientes-com-sintomas-respiratorios\/\",\"name\":\"Upinha Barris \u00e9 inaugurada e passa a atender pacientes com sintomas respirat\u00f3rios - Brasil not\u00edcias\",\"isPartOf\":{\"@id\":\"https:\/\/brasilnoticias.org\/site\/#website\"},\"primaryImageOfPage\":{\"@id\":\"https:\/\/brasilnoticias.org\/site\/upinha-barris-e-inaugurada-e-passa-a-atender-pacientes-com-sintomas-respiratorios\/#primaryimage\"},\"image\":{\"@id\":\"https:\/\/brasilnoticias.org\/site\/upinha-barris-e-inaugurada-e-passa-a-atender-pacientes-com-sintomas-respiratorios\/#primaryimage\"},\"thumbnailUrl\":\"https:\/\/brasilnoticias.org\/site\/wp-content\/uploads\/2023\/04\/inauguracao-upinha-barris-foto-ascom-sms-pms-1-.webp\",\"datePublished\":\"2023-04-03T20:33:48+00:00\",\"breadcrumb\":{\"@id\":\"https:\/\/brasilnoticias.org\/site\/upinha-barris-e-inaugurada-e-passa-a-atender-pacientes-com-sintomas-respiratorios\/#breadcrumb\"},\"inLanguage\":\"pt-PT\",\"potentialAction\":[{\"@type\":\"ReadAction\",\"target\":[\"https:\/\/brasilnoticias.org\/site\/upinha-barris-e-inaugurada-e-passa-a-atender-pacientes-com-sintomas-respiratorios\/\"]}]},{\"@type\":\"ImageObject\",\"inLanguage\":\"pt-PT\",\"@id\":\"https:\/\/brasilnoticias.org\/site\/upinha-barris-e-inaugurada-e-passa-a-atender-pacientes-com-sintomas-respiratorios\/#primaryimage\",\"url\":\"https:\/\/brasilnoticias.org\/site\/wp-content\/uploads\/2023\/04\/inauguracao-upinha-barris-foto-ascom-sms-pms-1-.webp\",\"contentUrl\":\"https:\/\/brasilnoticias.org\/site\/wp-content\/uploads\/2023\/04\/inauguracao-upinha-barris-foto-ascom-sms-pms-1-.webp\",\"width\":600,\"height\":400},{\"@type\":\"BreadcrumbList\",\"@id\":\"https:\/\/brasilnoticias.org\/site\/upinha-barris-e-inaugurada-e-passa-a-atender-pacientes-com-sintomas-respiratorios\/#breadcrumb\",\"itemListElement\":[{\"@type\":\"ListItem\",\"position\":1,\"name\":\"In\u00edcio\",\"item\":\"https:\/\/brasilnoticias.org\/site\/\"},{\"@type\":\"ListItem\",\"position\":2,\"name\":\"Upinha Barris \u00e9 inaugurada e passa a atender pacientes com sintomas respirat\u00f3rios\"}]},{\"@type\":\"WebSite\",\"@id\":\"https:\/\/brasilnoticias.org\/site\/#website\",\"url\":\"https:\/\/brasilnoticias.org\/site\/\",\"name\":\"Brasil not\u00edcias\",\"description\":\"Brasil not\u00edcias\",\"publisher\":{\"@id\":\"https:\/\/brasilnoticias.org\/site\/#organization\"},\"potentialAction\":[{\"@type\":\"SearchAction\",\"target\":{\"@type\":\"EntryPoint\",\"urlTemplate\":\"https:\/\/brasilnoticias.org\/site\/?s={search_term_string}\"},\"query-input\":{\"@type\":\"PropertyValueSpecification\",\"valueRequired\":true,\"valueName\":\"search_term_string\"}}],\"inLanguage\":\"pt-PT\"},{\"@type\":\"Organization\",\"@id\":\"https:\/\/brasilnoticias.org\/site\/#organization\",\"name\":\"Brasil not\u00edcias\",\"url\":\"https:\/\/brasilnoticias.org\/site\/\",\"logo\":{\"@type\":\"ImageObject\",\"inLanguage\":\"pt-PT\",\"@id\":\"https:\/\/brasilnoticias.org\/site\/#\/schema\/logo\/image\/\",\"url\":\"https:\/\/brasilnoticias.org\/site\/wp-content\/uploads\/2022\/05\/cropped-brasilnoticias-mini.jpg\",\"contentUrl\":\"https:\/\/brasilnoticias.org\/site\/wp-content\/uploads\/2022\/05\/cropped-brasilnoticias-mini.jpg\",\"width\":314,\"height\":86,\"caption\":\"Brasil not\u00edcias\"},\"image\":{\"@id\":\"https:\/\/brasilnoticias.org\/site\/#\/schema\/logo\/image\/\"}},{\"@type\":\"Person\",\"@id\":\"https:\/\/brasilnoticias.org\/site\/#\/schema\/person\/a0e05b973ec4d15c658d51911e53507b\",\"name\":\"Reda\u00e7\u00e3o\",\"image\":{\"@type\":\"ImageObject\",\"inLanguage\":\"pt-PT\",\"@id\":\"https:\/\/brasilnoticias.org\/site\/#\/schema\/person\/image\/\",\"url\":\"https:\/\/secure.gravatar.com\/avatar\/75d8b050df2de108b08ae78dfb8e374892df24a383c67db9c46a9c604f6aee9c?s=96&d=mm&r=g\",\"contentUrl\":\"https:\/\/secure.gravatar.com\/avatar\/75d8b050df2de108b08ae78dfb8e374892df24a383c67db9c46a9c604f6aee9c?s=96&d=mm&r=g\",\"caption\":\"Reda\u00e7\u00e3o\"},\"sameAs\":[\"https:\/\/brasilnoticias.org\/site\"],\"url\":\"https:\/\/brasilnoticias.org\/site\/author\/fernandozsngmail-com\/\"}]}<\/script>\n<!-- \/ Yoast SEO plugin. -->","yoast_head_json":{"title":"Upinha Barris \u00e9 inaugurada e passa a atender pacientes com sintomas respirat\u00f3rios - Brasil not\u00edcias","robots":{"index":"index","follow":"follow","max-snippet":"max-snippet:-1","max-image-preview":"max-image-preview:large","max-video-preview":"max-video-preview:-1"},"canonical":"https:\/\/brasilnoticias.org\/site\/upinha-barris-e-inaugurada-e-passa-a-atender-pacientes-com-sintomas-respiratorios\/","og_locale":"pt_PT","og_type":"article","og_title":"Upinha Barris \u00e9 inaugurada e passa a atender pacientes com sintomas respirat\u00f3rios - Brasil not\u00edcias","og_description":"Voltada ao acolhimento de pacientes com sintomas respirat\u00f3rios, a nova Upinha Barris \u2013 anexa \u00e0 UPA Barris \u2013 foi inaugurada","og_url":"https:\/\/brasilnoticias.org\/site\/upinha-barris-e-inaugurada-e-passa-a-atender-pacientes-com-sintomas-respiratorios\/","og_site_name":"Brasil not\u00edcias","article_published_time":"2023-04-03T20:33:48+00:00","og_image":[{"width":600,"height":400,"url":"https:\/\/brasilnoticias.org\/site\/wp-content\/uploads\/2023\/04\/inauguracao-upinha-barris-foto-ascom-sms-pms-1-.webp","type":"image\/webp"}],"author":"Reda\u00e7\u00e3o","twitter_card":"summary_large_image","twitter_misc":{"Escrito por":"Reda\u00e7\u00e3o"},"schema":{"@context":"https:\/\/schema.org","@graph":[{"@type":"Article","@id":"https:\/\/brasilnoticias.org\/site\/upinha-barris-e-inaugurada-e-passa-a-atender-pacientes-com-sintomas-respiratorios\/#article","isPartOf":{"@id":"https:\/\/brasilnoticias.org\/site\/upinha-barris-e-inaugurada-e-passa-a-atender-pacientes-com-sintomas-respiratorios\/"},"author":{"name":"Reda\u00e7\u00e3o","@id":"https:\/\/brasilnoticias.org\/site\/#\/schema\/person\/a0e05b973ec4d15c658d51911e53507b"},"headline":"Upinha Barris \u00e9 inaugurada e passa a atender pacientes com sintomas respirat\u00f3rios","datePublished":"2023-04-03T20:33:48+00:00","mainEntityOfPage":{"@id":"https:\/\/brasilnoticias.org\/site\/upinha-barris-e-inaugurada-e-passa-a-atender-pacientes-com-sintomas-respiratorios\/"},"wordCount":380,"commentCount":0,"publisher":{"@id":"https:\/\/brasilnoticias.org\/site\/#organization"},"image":{"@id":"https:\/\/brasilnoticias.org\/site\/upinha-barris-e-inaugurada-e-passa-a-atender-pacientes-com-sintomas-respiratorios\/#primaryimage"},"thumbnailUrl":"https:\/\/brasilnoticias.org\/site\/wp-content\/uploads\/2023\/04\/inauguracao-upinha-barris-foto-ascom-sms-pms-1-.webp","articleSection":["Not\u00edcias","\u00daltimas"],"inLanguage":"pt-PT","potentialAction":[{"@type":"CommentAction","name":"Comment","target":["https:\/\/brasilnoticias.org\/site\/upinha-barris-e-inaugurada-e-passa-a-atender-pacientes-com-sintomas-respiratorios\/#respond"]}]},{"@type":"WebPage","@id":"https:\/\/brasilnoticias.org\/site\/upinha-barris-e-inaugurada-e-passa-a-atender-pacientes-com-sintomas-respiratorios\/","url":"https:\/\/brasilnoticias.org\/site\/upinha-barris-e-inaugurada-e-passa-a-atender-pacientes-com-sintomas-respiratorios\/","name":"Upinha Barris \u00e9 inaugurada e passa a atender pacientes com sintomas respirat\u00f3rios - Brasil not\u00edcias","isPartOf":{"@id":"https:\/\/brasilnoticias.org\/site\/#website"},"primaryImageOfPage":{"@id":"https:\/\/brasilnoticias.org\/site\/upinha-barris-e-inaugurada-e-passa-a-atender-pacientes-com-sintomas-respiratorios\/#primaryimage"},"image":{"@id":"https:\/\/brasilnoticias.org\/site\/upinha-barris-e-inaugurada-e-passa-a-atender-pacientes-com-sintomas-respiratorios\/#primaryimage"},"thumbnailUrl":"https:\/\/brasilnoticias.org\/site\/wp-content\/uploads\/2023\/04\/inauguracao-upinha-barris-foto-ascom-sms-pms-1-.webp","datePublished":"2023-04-03T20:33:48+00:00","breadcrumb":{"@id":"https:\/\/brasilnoticias.org\/site\/upinha-barris-e-inaugurada-e-passa-a-atender-pacientes-com-sintomas-respiratorios\/#breadcrumb"},"inLanguage":"pt-PT","potentialAction":[{"@type":"ReadAction","target":["https:\/\/brasilnoticias.org\/site\/upinha-barris-e-inaugurada-e-passa-a-atender-pacientes-com-sintomas-respiratorios\/"]}]},{"@type":"ImageObject","inLanguage":"pt-PT","@id":"https:\/\/brasilnoticias.org\/site\/upinha-barris-e-inaugurada-e-passa-a-atender-pacientes-com-sintomas-respiratorios\/#primaryimage","url":"https:\/\/brasilnoticias.org\/site\/wp-content\/uploads\/2023\/04\/inauguracao-upinha-barris-foto-ascom-sms-pms-1-.webp","contentUrl":"https:\/\/brasilnoticias.org\/site\/wp-content\/uploads\/2023\/04\/inauguracao-upinha-barris-foto-ascom-sms-pms-1-.webp","width":600,"height":400},{"@type":"BreadcrumbList","@id":"https:\/\/brasilnoticias.org\/site\/upinha-barris-e-inaugurada-e-passa-a-atender-pacientes-com-sintomas-respiratorios\/#breadcrumb","itemListElement":[{"@type":"ListItem","position":1,"name":"In\u00edcio","item":"https:\/\/brasilnoticias.org\/site\/"},{"@type":"ListItem","position":2,"name":"Upinha Barris \u00e9 inaugurada e passa a atender pacientes com sintomas respirat\u00f3rios"}]},{"@type":"WebSite","@id":"https:\/\/brasilnoticias.org\/site\/#website","url":"https:\/\/brasilnoticias.org\/site\/","name":"Brasil not\u00edcias","description":"Brasil not\u00edcias","publisher":{"@id":"https:\/\/brasilnoticias.org\/site\/#organization"},"potentialAction":[{"@type":"SearchAction","target":{"@type":"EntryPoint","urlTemplate":"https:\/\/brasilnoticias.org\/site\/?s={search_term_string}"},"query-input":{"@type":"PropertyValueSpecification","valueRequired":true,"valueName":"search_term_string"}}],"inLanguage":"pt-PT"},{"@type":"Organization","@id":"https:\/\/brasilnoticias.org\/site\/#organization","name":"Brasil not\u00edcias","url":"https:\/\/brasilnoticias.org\/site\/","logo":{"@type":"ImageObject","inLanguage":"pt-PT","@id":"https:\/\/brasilnoticias.org\/site\/#\/schema\/logo\/image\/","url":"https:\/\/brasilnoticias.org\/site\/wp-content\/uploads\/2022\/05\/cropped-brasilnoticias-mini.jpg","contentUrl":"https:\/\/brasilnoticias.org\/site\/wp-content\/uploads\/2022\/05\/cropped-brasilnoticias-mini.jpg","width":314,"height":86,"caption":"Brasil not\u00edcias"},"image":{"@id":"https:\/\/brasilnoticias.org\/site\/#\/schema\/logo\/image\/"}},{"@type":"Person","@id":"https:\/\/brasilnoticias.org\/site\/#\/schema\/person\/a0e05b973ec4d15c658d51911e53507b","name":"Reda\u00e7\u00e3o","image":{"@type":"ImageObject","inLanguage":"pt-PT","@id":"https:\/\/brasilnoticias.org\/site\/#\/schema\/person\/image\/","url":"https:\/\/secure.gravatar.com\/avatar\/75d8b050df2de108b08ae78dfb8e374892df24a383c67db9c46a9c604f6aee9c?s=96&d=mm&r=g","contentUrl":"https:\/\/secure.gravatar.com\/avatar\/75d8b050df2de108b08ae78dfb8e374892df24a383c67db9c46a9c604f6aee9c?s=96&d=mm&r=g","caption":"Reda\u00e7\u00e3o"},"sameAs":["https:\/\/brasilnoticias.org\/site"],"url":"https:\/\/brasilnoticias.org\/site\/author\/fernandozsngmail-com\/"}]}},"_links":{"self":[{"href":"https:\/\/brasilnoticias.org\/site\/wp-json\/wp\/v2\/posts\/5177","targetHints":{"allow":["GET"]}}],"collection":[{"href":"https:\/\/brasilnoticias.org\/site\/wp-json\/wp\/v2\/posts"}],"about":[{"href":"https:\/\/brasilnoticias.org\/site\/wp-json\/wp\/v2\/types\/post"}],"author":[{"embeddable":true,"href":"https:\/\/brasilnoticias.org\/site\/wp-json\/wp\/v2\/users\/1"}],"replies":[{"embeddable":true,"href":"https:\/\/brasilnoticias.org\/site\/wp-json\/wp\/v2\/comments?post=5177"}],"version-history":[{"count":1,"href":"https:\/\/brasilnoticias.org\/site\/wp-json\/wp\/v2\/posts\/5177\/revisions"}],"predecessor-version":[{"id":5179,"href":"https:\/\/brasilnoticias.org\/site\/wp-json\/wp\/v2\/posts\/5177\/revisions\/5179"}],"wp:featuredmedia":[{"embeddable":true,"href":"https:\/\/brasilnoticias.org\/site\/wp-json\/wp\/v2\/media\/5178"}],"wp:attachment":[{"href":"https:\/\/brasilnoticias.org\/site\/wp-json\/wp\/v2\/media?parent=5177"}],"wp:term":[{"taxonomy":"category","embeddable":true,"href":"https:\/\/brasilnoticias.org\/site\/wp-json\/wp\/v2\/categories?post=5177"},{"taxonomy":"post_tag","embeddable":true,"href":"https:\/\/brasilnoticias.org\/site\/wp-json\/wp\/v2\/tags?post=5177"}],"curies":[{"name":"wp","href":"https:\/\/api.w.org\/{rel}","templated":true}]}}