{"id":5197,"date":"2023-04-04T06:34:37","date_gmt":"2023-04-04T09:34:37","guid":{"rendered":"https:\/\/brasilnoticias.org\/site\/?p=5197"},"modified":"2023-04-04T06:34:37","modified_gmt":"2023-04-04T09:34:37","slug":"tres-pessoas-se-afogam-apos-cair-de-jet-ski-vitimas-estao-desaparecidas","status":"publish","type":"post","link":"https:\/\/brasilnoticias.org\/site\/tres-pessoas-se-afogam-apos-cair-de-jet-ski-vitimas-estao-desaparecidas\/","title":{"rendered":"Tr\u00eas pessoas se afogam ap\u00f3s cair de jet ski; v\u00edtimas est\u00e3o desaparecidas"},"content":{"rendered":"<p>Uma jovem e dois garotos se afogaram na tarde do \u00faltimo domingo (2), no Rio Pindar\u00e9, no povoado Areias, em Pindar\u00e9 Mirim (MA). As v\u00edtimas est\u00e3o desaparecidas at\u00e9 esta segunda-feira (3).<\/p>\n<p>De acordo com informa\u00e7\u00f5es da pol\u00edcia, a jovem e os dois garotos, ambos de 10 anos, estavam na garupa de um jet ski quando ca\u00edram no rio e se afogaram.<\/p>\n<p>Ao chegar no local, a Pol\u00edcia Militar confirmou que o dono da moto aqu\u00e1tica e a pessoa que pilotava o ve\u00edculo j\u00e1 haviam sa\u00eddo do local. Os respons\u00e1veis pelo acidente continuam sendo procurados.<\/p>\n<p>As buscas pelas v\u00edtimas foram iniciadas na tarde do domingo pelo Corpo de Bombeiros. Por\u00e9m, at\u00e9 o momento nenhuma delas foi encontrada. As buscas foram retomadas na manh\u00e3 desta segunda-feira (3).<\/p>\n<p>Foto Divulga\u00e7\u00e3o \/ PM-MA<br \/>\nBNews<\/p>\n","protected":false},"excerpt":{"rendered":"<p>Uma jovem e dois garotos se afogaram na tarde do \u00faltimo domingo (2), no Rio Pindar\u00e9, no povoado Areias, em<\/p>\n","protected":false},"author":1,"featured_media":5198,"comment_status":"open","ping_status":"open","sticky":false,"template":"","format":"standard","meta":{"colormag_page_container_layout":"default_layout","colormag_page_sidebar_layout":"default_layout","_FSMCFIC_featured_image_caption":"","_FSMCFIC_featured_image_nocaption":"","_FSMCFIC_featured_image_hide":"","footnotes":""},"categories":[2,1],"tags":[],"class_list":["post-5197","post","type-post","status-publish","format-standard","has-post-thumbnail","hentry","category-noticias","category-ultimas"],"yoast_head":"<!-- This site is optimized with the Yoast SEO plugin v27.1.1 - https:\/\/yoast.com\/product\/yoast-seo-wordpress\/ -->\n<title>Tr\u00eas pessoas se afogam ap\u00f3s cair de jet ski; v\u00edtimas est\u00e3o desaparecidas - Brasil not\u00edcias<\/title>\n<meta name=\"robots\" content=\"index, follow, max-snippet:-1, max-image-preview:large, max-video-preview:-1\" \/>\n<link rel=\"canonical\" href=\"https:\/\/brasilnoticias.org\/site\/tres-pessoas-se-afogam-apos-cair-de-jet-ski-vitimas-estao-desaparecidas\/\" \/>\n<meta property=\"og:locale\" content=\"pt_PT\" \/>\n<meta property=\"og:type\" content=\"article\" \/>\n<meta property=\"og:title\" content=\"Tr\u00eas pessoas se afogam ap\u00f3s cair de jet ski; v\u00edtimas est\u00e3o desaparecidas - Brasil not\u00edcias\" \/>\n<meta property=\"og:description\" content=\"Uma jovem e dois garotos se afogaram na tarde do \u00faltimo domingo (2), no Rio Pindar\u00e9, no povoado Areias, em\" \/>\n<meta property=\"og:url\" content=\"https:\/\/brasilnoticias.org\/site\/tres-pessoas-se-afogam-apos-cair-de-jet-ski-vitimas-estao-desaparecidas\/\" \/>\n<meta property=\"og:site_name\" content=\"Brasil not\u00edcias\" \/>\n<meta property=\"article:published_time\" content=\"2023-04-04T09:34:37+00:00\" \/>\n<meta property=\"og:image\" content=\"https:\/\/brasilnoticias.org\/site\/wp-content\/uploads\/2023\/04\/por_pixabay_5_widelg.webp\" \/>\n\t<meta property=\"og:image:width\" content=\"800\" \/>\n\t<meta property=\"og:image:height\" content=\"450\" \/>\n\t<meta property=\"og:image:type\" content=\"image\/webp\" \/>\n<meta name=\"author\" content=\"Reda\u00e7\u00e3o\" \/>\n<meta name=\"twitter:card\" content=\"summary_large_image\" \/>\n<meta name=\"twitter:label1\" content=\"Escrito por\" \/>\n\t<meta name=\"twitter:data1\" content=\"Reda\u00e7\u00e3o\" \/>\n<script type=\"application\/ld+json\" class=\"yoast-schema-graph\">{\"@context\":\"https:\/\/schema.org\",\"@graph\":[{\"@type\":\"Article\",\"@id\":\"https:\/\/brasilnoticias.org\/site\/tres-pessoas-se-afogam-apos-cair-de-jet-ski-vitimas-estao-desaparecidas\/#article\",\"isPartOf\":{\"@id\":\"https:\/\/brasilnoticias.org\/site\/tres-pessoas-se-afogam-apos-cair-de-jet-ski-vitimas-estao-desaparecidas\/\"},\"author\":{\"name\":\"Reda\u00e7\u00e3o\",\"@id\":\"https:\/\/brasilnoticias.org\/site\/#\/schema\/person\/a0e05b973ec4d15c658d51911e53507b\"},\"headline\":\"Tr\u00eas pessoas se afogam ap\u00f3s cair de jet ski; v\u00edtimas est\u00e3o desaparecidas\",\"datePublished\":\"2023-04-04T09:34:37+00:00\",\"mainEntityOfPage\":{\"@id\":\"https:\/\/brasilnoticias.org\/site\/tres-pessoas-se-afogam-apos-cair-de-jet-ski-vitimas-estao-desaparecidas\/\"},\"wordCount\":154,\"commentCount\":0,\"publisher\":{\"@id\":\"https:\/\/brasilnoticias.org\/site\/#organization\"},\"image\":{\"@id\":\"https:\/\/brasilnoticias.org\/site\/tres-pessoas-se-afogam-apos-cair-de-jet-ski-vitimas-estao-desaparecidas\/#primaryimage\"},\"thumbnailUrl\":\"https:\/\/brasilnoticias.org\/site\/wp-content\/uploads\/2023\/04\/por_pixabay_5_widelg.webp\",\"articleSection\":[\"Not\u00edcias\",\"\u00daltimas\"],\"inLanguage\":\"pt-PT\",\"potentialAction\":[{\"@type\":\"CommentAction\",\"name\":\"Comment\",\"target\":[\"https:\/\/brasilnoticias.org\/site\/tres-pessoas-se-afogam-apos-cair-de-jet-ski-vitimas-estao-desaparecidas\/#respond\"]}]},{\"@type\":\"WebPage\",\"@id\":\"https:\/\/brasilnoticias.org\/site\/tres-pessoas-se-afogam-apos-cair-de-jet-ski-vitimas-estao-desaparecidas\/\",\"url\":\"https:\/\/brasilnoticias.org\/site\/tres-pessoas-se-afogam-apos-cair-de-jet-ski-vitimas-estao-desaparecidas\/\",\"name\":\"Tr\u00eas pessoas se afogam ap\u00f3s cair de jet ski; v\u00edtimas est\u00e3o desaparecidas - Brasil not\u00edcias\",\"isPartOf\":{\"@id\":\"https:\/\/brasilnoticias.org\/site\/#website\"},\"primaryImageOfPage\":{\"@id\":\"https:\/\/brasilnoticias.org\/site\/tres-pessoas-se-afogam-apos-cair-de-jet-ski-vitimas-estao-desaparecidas\/#primaryimage\"},\"image\":{\"@id\":\"https:\/\/brasilnoticias.org\/site\/tres-pessoas-se-afogam-apos-cair-de-jet-ski-vitimas-estao-desaparecidas\/#primaryimage\"},\"thumbnailUrl\":\"https:\/\/brasilnoticias.org\/site\/wp-content\/uploads\/2023\/04\/por_pixabay_5_widelg.webp\",\"datePublished\":\"2023-04-04T09:34:37+00:00\",\"breadcrumb\":{\"@id\":\"https:\/\/brasilnoticias.org\/site\/tres-pessoas-se-afogam-apos-cair-de-jet-ski-vitimas-estao-desaparecidas\/#breadcrumb\"},\"inLanguage\":\"pt-PT\",\"potentialAction\":[{\"@type\":\"ReadAction\",\"target\":[\"https:\/\/brasilnoticias.org\/site\/tres-pessoas-se-afogam-apos-cair-de-jet-ski-vitimas-estao-desaparecidas\/\"]}]},{\"@type\":\"ImageObject\",\"inLanguage\":\"pt-PT\",\"@id\":\"https:\/\/brasilnoticias.org\/site\/tres-pessoas-se-afogam-apos-cair-de-jet-ski-vitimas-estao-desaparecidas\/#primaryimage\",\"url\":\"https:\/\/brasilnoticias.org\/site\/wp-content\/uploads\/2023\/04\/por_pixabay_5_widelg.webp\",\"contentUrl\":\"https:\/\/brasilnoticias.org\/site\/wp-content\/uploads\/2023\/04\/por_pixabay_5_widelg.webp\",\"width\":800,\"height\":450},{\"@type\":\"BreadcrumbList\",\"@id\":\"https:\/\/brasilnoticias.org\/site\/tres-pessoas-se-afogam-apos-cair-de-jet-ski-vitimas-estao-desaparecidas\/#breadcrumb\",\"itemListElement\":[{\"@type\":\"ListItem\",\"position\":1,\"name\":\"In\u00edcio\",\"item\":\"https:\/\/brasilnoticias.org\/site\/\"},{\"@type\":\"ListItem\",\"position\":2,\"name\":\"Tr\u00eas pessoas se afogam ap\u00f3s cair de jet ski; v\u00edtimas est\u00e3o desaparecidas\"}]},{\"@type\":\"WebSite\",\"@id\":\"https:\/\/brasilnoticias.org\/site\/#website\",\"url\":\"https:\/\/brasilnoticias.org\/site\/\",\"name\":\"Brasil not\u00edcias\",\"description\":\"Brasil not\u00edcias\",\"publisher\":{\"@id\":\"https:\/\/brasilnoticias.org\/site\/#organization\"},\"potentialAction\":[{\"@type\":\"SearchAction\",\"target\":{\"@type\":\"EntryPoint\",\"urlTemplate\":\"https:\/\/brasilnoticias.org\/site\/?s={search_term_string}\"},\"query-input\":{\"@type\":\"PropertyValueSpecification\",\"valueRequired\":true,\"valueName\":\"search_term_string\"}}],\"inLanguage\":\"pt-PT\"},{\"@type\":\"Organization\",\"@id\":\"https:\/\/brasilnoticias.org\/site\/#organization\",\"name\":\"Brasil not\u00edcias\",\"url\":\"https:\/\/brasilnoticias.org\/site\/\",\"logo\":{\"@type\":\"ImageObject\",\"inLanguage\":\"pt-PT\",\"@id\":\"https:\/\/brasilnoticias.org\/site\/#\/schema\/logo\/image\/\",\"url\":\"https:\/\/brasilnoticias.org\/site\/wp-content\/uploads\/2022\/05\/cropped-brasilnoticias-mini.jpg\",\"contentUrl\":\"https:\/\/brasilnoticias.org\/site\/wp-content\/uploads\/2022\/05\/cropped-brasilnoticias-mini.jpg\",\"width\":314,\"height\":86,\"caption\":\"Brasil not\u00edcias\"},\"image\":{\"@id\":\"https:\/\/brasilnoticias.org\/site\/#\/schema\/logo\/image\/\"}},{\"@type\":\"Person\",\"@id\":\"https:\/\/brasilnoticias.org\/site\/#\/schema\/person\/a0e05b973ec4d15c658d51911e53507b\",\"name\":\"Reda\u00e7\u00e3o\",\"image\":{\"@type\":\"ImageObject\",\"inLanguage\":\"pt-PT\",\"@id\":\"https:\/\/brasilnoticias.org\/site\/#\/schema\/person\/image\/\",\"url\":\"https:\/\/secure.gravatar.com\/avatar\/75d8b050df2de108b08ae78dfb8e374892df24a383c67db9c46a9c604f6aee9c?s=96&d=mm&r=g\",\"contentUrl\":\"https:\/\/secure.gravatar.com\/avatar\/75d8b050df2de108b08ae78dfb8e374892df24a383c67db9c46a9c604f6aee9c?s=96&d=mm&r=g\",\"caption\":\"Reda\u00e7\u00e3o\"},\"sameAs\":[\"https:\/\/brasilnoticias.org\/site\"],\"url\":\"https:\/\/brasilnoticias.org\/site\/author\/fernandozsngmail-com\/\"}]}<\/script>\n<!-- \/ Yoast SEO plugin. -->","yoast_head_json":{"title":"Tr\u00eas pessoas se afogam ap\u00f3s cair de jet ski; v\u00edtimas est\u00e3o desaparecidas - Brasil not\u00edcias","robots":{"index":"index","follow":"follow","max-snippet":"max-snippet:-1","max-image-preview":"max-image-preview:large","max-video-preview":"max-video-preview:-1"},"canonical":"https:\/\/brasilnoticias.org\/site\/tres-pessoas-se-afogam-apos-cair-de-jet-ski-vitimas-estao-desaparecidas\/","og_locale":"pt_PT","og_type":"article","og_title":"Tr\u00eas pessoas se afogam ap\u00f3s cair de jet ski; v\u00edtimas est\u00e3o desaparecidas - Brasil not\u00edcias","og_description":"Uma jovem e dois garotos se afogaram na tarde do \u00faltimo domingo (2), no Rio Pindar\u00e9, no povoado Areias, em","og_url":"https:\/\/brasilnoticias.org\/site\/tres-pessoas-se-afogam-apos-cair-de-jet-ski-vitimas-estao-desaparecidas\/","og_site_name":"Brasil not\u00edcias","article_published_time":"2023-04-04T09:34:37+00:00","og_image":[{"width":800,"height":450,"url":"https:\/\/brasilnoticias.org\/site\/wp-content\/uploads\/2023\/04\/por_pixabay_5_widelg.webp","type":"image\/webp"}],"author":"Reda\u00e7\u00e3o","twitter_card":"summary_large_image","twitter_misc":{"Escrito por":"Reda\u00e7\u00e3o"},"schema":{"@context":"https:\/\/schema.org","@graph":[{"@type":"Article","@id":"https:\/\/brasilnoticias.org\/site\/tres-pessoas-se-afogam-apos-cair-de-jet-ski-vitimas-estao-desaparecidas\/#article","isPartOf":{"@id":"https:\/\/brasilnoticias.org\/site\/tres-pessoas-se-afogam-apos-cair-de-jet-ski-vitimas-estao-desaparecidas\/"},"author":{"name":"Reda\u00e7\u00e3o","@id":"https:\/\/brasilnoticias.org\/site\/#\/schema\/person\/a0e05b973ec4d15c658d51911e53507b"},"headline":"Tr\u00eas pessoas se afogam ap\u00f3s cair de jet ski; v\u00edtimas est\u00e3o desaparecidas","datePublished":"2023-04-04T09:34:37+00:00","mainEntityOfPage":{"@id":"https:\/\/brasilnoticias.org\/site\/tres-pessoas-se-afogam-apos-cair-de-jet-ski-vitimas-estao-desaparecidas\/"},"wordCount":154,"commentCount":0,"publisher":{"@id":"https:\/\/brasilnoticias.org\/site\/#organization"},"image":{"@id":"https:\/\/brasilnoticias.org\/site\/tres-pessoas-se-afogam-apos-cair-de-jet-ski-vitimas-estao-desaparecidas\/#primaryimage"},"thumbnailUrl":"https:\/\/brasilnoticias.org\/site\/wp-content\/uploads\/2023\/04\/por_pixabay_5_widelg.webp","articleSection":["Not\u00edcias","\u00daltimas"],"inLanguage":"pt-PT","potentialAction":[{"@type":"CommentAction","name":"Comment","target":["https:\/\/brasilnoticias.org\/site\/tres-pessoas-se-afogam-apos-cair-de-jet-ski-vitimas-estao-desaparecidas\/#respond"]}]},{"@type":"WebPage","@id":"https:\/\/brasilnoticias.org\/site\/tres-pessoas-se-afogam-apos-cair-de-jet-ski-vitimas-estao-desaparecidas\/","url":"https:\/\/brasilnoticias.org\/site\/tres-pessoas-se-afogam-apos-cair-de-jet-ski-vitimas-estao-desaparecidas\/","name":"Tr\u00eas pessoas se afogam ap\u00f3s cair de jet ski; v\u00edtimas est\u00e3o desaparecidas - Brasil not\u00edcias","isPartOf":{"@id":"https:\/\/brasilnoticias.org\/site\/#website"},"primaryImageOfPage":{"@id":"https:\/\/brasilnoticias.org\/site\/tres-pessoas-se-afogam-apos-cair-de-jet-ski-vitimas-estao-desaparecidas\/#primaryimage"},"image":{"@id":"https:\/\/brasilnoticias.org\/site\/tres-pessoas-se-afogam-apos-cair-de-jet-ski-vitimas-estao-desaparecidas\/#primaryimage"},"thumbnailUrl":"https:\/\/brasilnoticias.org\/site\/wp-content\/uploads\/2023\/04\/por_pixabay_5_widelg.webp","datePublished":"2023-04-04T09:34:37+00:00","breadcrumb":{"@id":"https:\/\/brasilnoticias.org\/site\/tres-pessoas-se-afogam-apos-cair-de-jet-ski-vitimas-estao-desaparecidas\/#breadcrumb"},"inLanguage":"pt-PT","potentialAction":[{"@type":"ReadAction","target":["https:\/\/brasilnoticias.org\/site\/tres-pessoas-se-afogam-apos-cair-de-jet-ski-vitimas-estao-desaparecidas\/"]}]},{"@type":"ImageObject","inLanguage":"pt-PT","@id":"https:\/\/brasilnoticias.org\/site\/tres-pessoas-se-afogam-apos-cair-de-jet-ski-vitimas-estao-desaparecidas\/#primaryimage","url":"https:\/\/brasilnoticias.org\/site\/wp-content\/uploads\/2023\/04\/por_pixabay_5_widelg.webp","contentUrl":"https:\/\/brasilnoticias.org\/site\/wp-content\/uploads\/2023\/04\/por_pixabay_5_widelg.webp","width":800,"height":450},{"@type":"BreadcrumbList","@id":"https:\/\/brasilnoticias.org\/site\/tres-pessoas-se-afogam-apos-cair-de-jet-ski-vitimas-estao-desaparecidas\/#breadcrumb","itemListElement":[{"@type":"ListItem","position":1,"name":"In\u00edcio","item":"https:\/\/brasilnoticias.org\/site\/"},{"@type":"ListItem","position":2,"name":"Tr\u00eas pessoas se afogam ap\u00f3s cair de jet ski; v\u00edtimas est\u00e3o desaparecidas"}]},{"@type":"WebSite","@id":"https:\/\/brasilnoticias.org\/site\/#website","url":"https:\/\/brasilnoticias.org\/site\/","name":"Brasil not\u00edcias","description":"Brasil not\u00edcias","publisher":{"@id":"https:\/\/brasilnoticias.org\/site\/#organization"},"potentialAction":[{"@type":"SearchAction","target":{"@type":"EntryPoint","urlTemplate":"https:\/\/brasilnoticias.org\/site\/?s={search_term_string}"},"query-input":{"@type":"PropertyValueSpecification","valueRequired":true,"valueName":"search_term_string"}}],"inLanguage":"pt-PT"},{"@type":"Organization","@id":"https:\/\/brasilnoticias.org\/site\/#organization","name":"Brasil not\u00edcias","url":"https:\/\/brasilnoticias.org\/site\/","logo":{"@type":"ImageObject","inLanguage":"pt-PT","@id":"https:\/\/brasilnoticias.org\/site\/#\/schema\/logo\/image\/","url":"https:\/\/brasilnoticias.org\/site\/wp-content\/uploads\/2022\/05\/cropped-brasilnoticias-mini.jpg","contentUrl":"https:\/\/brasilnoticias.org\/site\/wp-content\/uploads\/2022\/05\/cropped-brasilnoticias-mini.jpg","width":314,"height":86,"caption":"Brasil not\u00edcias"},"image":{"@id":"https:\/\/brasilnoticias.org\/site\/#\/schema\/logo\/image\/"}},{"@type":"Person","@id":"https:\/\/brasilnoticias.org\/site\/#\/schema\/person\/a0e05b973ec4d15c658d51911e53507b","name":"Reda\u00e7\u00e3o","image":{"@type":"ImageObject","inLanguage":"pt-PT","@id":"https:\/\/brasilnoticias.org\/site\/#\/schema\/person\/image\/","url":"https:\/\/secure.gravatar.com\/avatar\/75d8b050df2de108b08ae78dfb8e374892df24a383c67db9c46a9c604f6aee9c?s=96&d=mm&r=g","contentUrl":"https:\/\/secure.gravatar.com\/avatar\/75d8b050df2de108b08ae78dfb8e374892df24a383c67db9c46a9c604f6aee9c?s=96&d=mm&r=g","caption":"Reda\u00e7\u00e3o"},"sameAs":["https:\/\/brasilnoticias.org\/site"],"url":"https:\/\/brasilnoticias.org\/site\/author\/fernandozsngmail-com\/"}]}},"_links":{"self":[{"href":"https:\/\/brasilnoticias.org\/site\/wp-json\/wp\/v2\/posts\/5197","targetHints":{"allow":["GET"]}}],"collection":[{"href":"https:\/\/brasilnoticias.org\/site\/wp-json\/wp\/v2\/posts"}],"about":[{"href":"https:\/\/brasilnoticias.org\/site\/wp-json\/wp\/v2\/types\/post"}],"author":[{"embeddable":true,"href":"https:\/\/brasilnoticias.org\/site\/wp-json\/wp\/v2\/users\/1"}],"replies":[{"embeddable":true,"href":"https:\/\/brasilnoticias.org\/site\/wp-json\/wp\/v2\/comments?post=5197"}],"version-history":[{"count":2,"href":"https:\/\/brasilnoticias.org\/site\/wp-json\/wp\/v2\/posts\/5197\/revisions"}],"predecessor-version":[{"id":5200,"href":"https:\/\/brasilnoticias.org\/site\/wp-json\/wp\/v2\/posts\/5197\/revisions\/5200"}],"wp:featuredmedia":[{"embeddable":true,"href":"https:\/\/brasilnoticias.org\/site\/wp-json\/wp\/v2\/media\/5198"}],"wp:attachment":[{"href":"https:\/\/brasilnoticias.org\/site\/wp-json\/wp\/v2\/media?parent=5197"}],"wp:term":[{"taxonomy":"category","embeddable":true,"href":"https:\/\/brasilnoticias.org\/site\/wp-json\/wp\/v2\/categories?post=5197"},{"taxonomy":"post_tag","embeddable":true,"href":"https:\/\/brasilnoticias.org\/site\/wp-json\/wp\/v2\/tags?post=5197"}],"curies":[{"name":"wp","href":"https:\/\/api.w.org\/{rel}","templated":true}]}}