{"id":5204,"date":"2023-04-04T09:42:19","date_gmt":"2023-04-04T12:42:19","guid":{"rendered":"https:\/\/brasilnoticias.org\/site\/?p=5204"},"modified":"2023-04-04T09:42:19","modified_gmt":"2023-04-04T12:42:19","slug":"fenasdetran-planeja-o-primeiro-museu-do-transito-e-mobilidade-brasileiro-no-nordeste","status":"publish","type":"post","link":"https:\/\/brasilnoticias.org\/site\/fenasdetran-planeja-o-primeiro-museu-do-transito-e-mobilidade-brasileiro-no-nordeste\/","title":{"rendered":"FENASDETRAN PLANEJA O PRIMEIRO MUSEU DO TR\u00c2NSITO E MOBILIDADE BRASILEIRO NO NORDESTE"},"content":{"rendered":"<p><img loading=\"lazy\" decoding=\"async\" class=\"alignnone size-full wp-image-5206\" src=\"https:\/\/brasilnoticias.org\/site\/wp-content\/uploads\/2023\/04\/WhatsApp-Image-2023-04-03-at-19.47.46.jpeg\" alt=\"\" width=\"280\" height=\"206\" \/><\/p>\n<p>POR REDA\u00c7\u00c3O PORTAL<\/p>\n<p>A entidade quer desenvolver o fator hist\u00f3rico, trazendo a mem\u00f3ria e os projetos desenvolvidos at\u00e9 chegar as a\u00e7\u00f5es dos dias de hoje.<\/p>\n<p>FENASDETRAN PLANEJA O PRIMEIRO MUSEU DO TR\u00c2NSITO E MOBILIDADE BRASILEIRO NO NORDESTE<br \/>\nReprodu\u00e7\u00e3o<\/p>\n<p>Depois de instalar o Monumento em Mem\u00f3ria das V\u00edtimas de Tr\u00e2nsito no mundo, na capital baiana em 2022. A FENASDETRAN planeja fundar o museu do tr\u00e2nsito para cidades do nordeste, v\u00e1rias capitais j\u00e1 desenvolveram seus espa\u00e7os e o nordeste ainda n\u00e3o tem o museu que merece, por isso ap\u00f3s o congresso internacional 12\u00b0 Congresso Brasileiro de Tr\u00e2nsito e Vida e 8\u00b0 Internacional, que ser\u00e1 realizado na cidade do Salvador Bahia, nos dias 26 e 27 de outubro de 2023, ser\u00e1 mostrado o plano e estrat\u00e9gias o museu brasileiro de tr\u00e2nsito e mobilidade.<\/p>\n<p>Este projeto visa planejar para 2024, organizar e reunir acervo para a funda\u00e7\u00e3o do Primeiro Museu de Tr\u00e2nsito Brasileiro no Nordeste, aos moldes do Transit MuseumofNew York, ser\u00e3o reunidos e expostos para o p\u00fablico, documentos, fotos, v\u00eddeos, e objetos de valor patrimonial e hist\u00f3rico relacionados \u00e0 trajet\u00f3ria de implanta\u00e7\u00e3o e consolida\u00e7\u00e3o do tr\u00e2nsito no Brasil ao longo dos \u00faltimos dois s\u00e9culos. O objetivo \u00e9 estabelecer um museu, que se relacione com a sociedade como reposit\u00f3rio e difusor do conhecimento e princ\u00edpios fundamentais do tr\u00e2nsito e da defesa da vida no mesmo. Deste modo, a sociedade civil e as institui\u00e7\u00f5es contar\u00e3o com uma refer\u00eancia patrimonial de valoriza\u00e7\u00e3o e manuten\u00e7\u00e3o destes itens, t\u00e3o valiosos para a forma\u00e7\u00e3o da identidade brasileira, reunidos num s\u00f3 lugar.<\/p>\n<p>O Brasil, com base nos relat\u00f3rios da ONU, \u00e9 o quarto pa\u00eds do mundo com mais mortes por acidentes de tr\u00e2nsito. Em 2019, houve mais de quarenta mil v\u00edtimas fatais em todo o territ\u00f3rio. Neste contexto, est\u00e3o previstas para o Brasil, de acordo com o planejamento da ONU, algo em torno de dez mil a\u00e7\u00f5es de cunho educativo e conscientizador no per\u00edodo de vig\u00eancia da D\u00e9cada de A\u00e7\u00e3o pela Seguran\u00e7a no Tr\u00e2nsito e o PNATRANS\u2013Plano Nacional de Redu\u00e7\u00e3o de Mortes e Les\u00f5es no Tr\u00e2nsito, do Governo Federal.Neste contexto, a ambi\u00e7\u00e3o de se construir o primeiro Museu do Tr\u00e2nsito Brasileiro do Nordeste se encaixa perfeitamente.<\/p>\n<p>\u00c9 imprescind\u00edvel aos objetivos da FENASDETRAN, em concord\u00e2ncia com a D\u00e9cada de A\u00e7\u00e3o pela seguran\u00e7a no Tr\u00e2nsito \u2013 resolu\u00e7\u00e3o n\u00ba 02 da ONU, 2009, que se estabele\u00e7a um centro de refer\u00eancia hist\u00f3rica e patrimonial do tr\u00e2nsito nacional. Como guardi\u00e3o e difusor dos acontecimentos e objetos relacionados a esta trajet\u00f3ria t\u00e3o rica e influente na forma\u00e7\u00e3o do pa\u00eds.<\/p>\n","protected":false},"excerpt":{"rendered":"<p>POR REDA\u00c7\u00c3O PORTAL A entidade quer desenvolver o fator hist\u00f3rico, trazendo a mem\u00f3ria e os projetos desenvolvidos at\u00e9 chegar as<\/p>\n","protected":false},"author":1,"featured_media":5205,"comment_status":"open","ping_status":"open","sticky":false,"template":"","format":"standard","meta":{"colormag_page_container_layout":"default_layout","colormag_page_sidebar_layout":"default_layout","_FSMCFIC_featured_image_caption":"","_FSMCFIC_featured_image_nocaption":"","_FSMCFIC_featured_image_hide":"","footnotes":""},"categories":[2,1],"tags":[],"class_list":["post-5204","post","type-post","status-publish","format-standard","has-post-thumbnail","hentry","category-noticias","category-ultimas"],"yoast_head":"<!-- This site is optimized with the Yoast SEO plugin v27.1.1 - https:\/\/yoast.com\/product\/yoast-seo-wordpress\/ -->\n<title>FENASDETRAN PLANEJA O PRIMEIRO MUSEU DO TR\u00c2NSITO E MOBILIDADE BRASILEIRO NO NORDESTE - Brasil not\u00edcias<\/title>\n<meta name=\"robots\" content=\"index, follow, max-snippet:-1, max-image-preview:large, max-video-preview:-1\" \/>\n<link rel=\"canonical\" href=\"https:\/\/brasilnoticias.org\/site\/fenasdetran-planeja-o-primeiro-museu-do-transito-e-mobilidade-brasileiro-no-nordeste\/\" \/>\n<meta property=\"og:locale\" content=\"pt_PT\" \/>\n<meta property=\"og:type\" content=\"article\" \/>\n<meta property=\"og:title\" content=\"FENASDETRAN PLANEJA O PRIMEIRO MUSEU DO TR\u00c2NSITO E MOBILIDADE BRASILEIRO NO NORDESTE - Brasil not\u00edcias\" \/>\n<meta property=\"og:description\" content=\"POR REDA\u00c7\u00c3O PORTAL A entidade quer desenvolver o fator hist\u00f3rico, trazendo a mem\u00f3ria e os projetos desenvolvidos at\u00e9 chegar as\" \/>\n<meta property=\"og:url\" content=\"https:\/\/brasilnoticias.org\/site\/fenasdetran-planeja-o-primeiro-museu-do-transito-e-mobilidade-brasileiro-no-nordeste\/\" \/>\n<meta property=\"og:site_name\" content=\"Brasil not\u00edcias\" \/>\n<meta property=\"article:published_time\" content=\"2023-04-04T12:42:19+00:00\" \/>\n<meta property=\"og:image\" content=\"https:\/\/brasilnoticias.org\/site\/wp-content\/uploads\/2023\/04\/WhatsApp-Image-2023-04-03-at-19.47.46-1.jpeg\" \/>\n\t<meta property=\"og:image:width\" content=\"606\" \/>\n\t<meta property=\"og:image:height\" content=\"403\" \/>\n\t<meta property=\"og:image:type\" content=\"image\/jpeg\" \/>\n<meta name=\"author\" content=\"Reda\u00e7\u00e3o\" \/>\n<meta name=\"twitter:card\" content=\"summary_large_image\" \/>\n<meta name=\"twitter:label1\" content=\"Escrito por\" \/>\n\t<meta name=\"twitter:data1\" content=\"Reda\u00e7\u00e3o\" \/>\n\t<meta name=\"twitter:label2\" content=\"Tempo estimado de leitura\" \/>\n\t<meta name=\"twitter:data2\" content=\"3 minutos\" \/>\n<script type=\"application\/ld+json\" class=\"yoast-schema-graph\">{\"@context\":\"https:\/\/schema.org\",\"@graph\":[{\"@type\":\"Article\",\"@id\":\"https:\/\/brasilnoticias.org\/site\/fenasdetran-planeja-o-primeiro-museu-do-transito-e-mobilidade-brasileiro-no-nordeste\/#article\",\"isPartOf\":{\"@id\":\"https:\/\/brasilnoticias.org\/site\/fenasdetran-planeja-o-primeiro-museu-do-transito-e-mobilidade-brasileiro-no-nordeste\/\"},\"author\":{\"name\":\"Reda\u00e7\u00e3o\",\"@id\":\"https:\/\/brasilnoticias.org\/site\/#\/schema\/person\/a0e05b973ec4d15c658d51911e53507b\"},\"headline\":\"FENASDETRAN PLANEJA O PRIMEIRO MUSEU DO TR\u00c2NSITO E MOBILIDADE BRASILEIRO NO NORDESTE\",\"datePublished\":\"2023-04-04T12:42:19+00:00\",\"mainEntityOfPage\":{\"@id\":\"https:\/\/brasilnoticias.org\/site\/fenasdetran-planeja-o-primeiro-museu-do-transito-e-mobilidade-brasileiro-no-nordeste\/\"},\"wordCount\":485,\"commentCount\":0,\"publisher\":{\"@id\":\"https:\/\/brasilnoticias.org\/site\/#organization\"},\"image\":{\"@id\":\"https:\/\/brasilnoticias.org\/site\/fenasdetran-planeja-o-primeiro-museu-do-transito-e-mobilidade-brasileiro-no-nordeste\/#primaryimage\"},\"thumbnailUrl\":\"https:\/\/brasilnoticias.org\/site\/wp-content\/uploads\/2023\/04\/WhatsApp-Image-2023-04-03-at-19.47.46-1.jpeg\",\"articleSection\":[\"Not\u00edcias\",\"\u00daltimas\"],\"inLanguage\":\"pt-PT\",\"potentialAction\":[{\"@type\":\"CommentAction\",\"name\":\"Comment\",\"target\":[\"https:\/\/brasilnoticias.org\/site\/fenasdetran-planeja-o-primeiro-museu-do-transito-e-mobilidade-brasileiro-no-nordeste\/#respond\"]}]},{\"@type\":\"WebPage\",\"@id\":\"https:\/\/brasilnoticias.org\/site\/fenasdetran-planeja-o-primeiro-museu-do-transito-e-mobilidade-brasileiro-no-nordeste\/\",\"url\":\"https:\/\/brasilnoticias.org\/site\/fenasdetran-planeja-o-primeiro-museu-do-transito-e-mobilidade-brasileiro-no-nordeste\/\",\"name\":\"FENASDETRAN PLANEJA O PRIMEIRO MUSEU DO TR\u00c2NSITO E MOBILIDADE BRASILEIRO NO NORDESTE - Brasil not\u00edcias\",\"isPartOf\":{\"@id\":\"https:\/\/brasilnoticias.org\/site\/#website\"},\"primaryImageOfPage\":{\"@id\":\"https:\/\/brasilnoticias.org\/site\/fenasdetran-planeja-o-primeiro-museu-do-transito-e-mobilidade-brasileiro-no-nordeste\/#primaryimage\"},\"image\":{\"@id\":\"https:\/\/brasilnoticias.org\/site\/fenasdetran-planeja-o-primeiro-museu-do-transito-e-mobilidade-brasileiro-no-nordeste\/#primaryimage\"},\"thumbnailUrl\":\"https:\/\/brasilnoticias.org\/site\/wp-content\/uploads\/2023\/04\/WhatsApp-Image-2023-04-03-at-19.47.46-1.jpeg\",\"datePublished\":\"2023-04-04T12:42:19+00:00\",\"breadcrumb\":{\"@id\":\"https:\/\/brasilnoticias.org\/site\/fenasdetran-planeja-o-primeiro-museu-do-transito-e-mobilidade-brasileiro-no-nordeste\/#breadcrumb\"},\"inLanguage\":\"pt-PT\",\"potentialAction\":[{\"@type\":\"ReadAction\",\"target\":[\"https:\/\/brasilnoticias.org\/site\/fenasdetran-planeja-o-primeiro-museu-do-transito-e-mobilidade-brasileiro-no-nordeste\/\"]}]},{\"@type\":\"ImageObject\",\"inLanguage\":\"pt-PT\",\"@id\":\"https:\/\/brasilnoticias.org\/site\/fenasdetran-planeja-o-primeiro-museu-do-transito-e-mobilidade-brasileiro-no-nordeste\/#primaryimage\",\"url\":\"https:\/\/brasilnoticias.org\/site\/wp-content\/uploads\/2023\/04\/WhatsApp-Image-2023-04-03-at-19.47.46-1.jpeg\",\"contentUrl\":\"https:\/\/brasilnoticias.org\/site\/wp-content\/uploads\/2023\/04\/WhatsApp-Image-2023-04-03-at-19.47.46-1.jpeg\",\"width\":606,\"height\":403},{\"@type\":\"BreadcrumbList\",\"@id\":\"https:\/\/brasilnoticias.org\/site\/fenasdetran-planeja-o-primeiro-museu-do-transito-e-mobilidade-brasileiro-no-nordeste\/#breadcrumb\",\"itemListElement\":[{\"@type\":\"ListItem\",\"position\":1,\"name\":\"In\u00edcio\",\"item\":\"https:\/\/brasilnoticias.org\/site\/\"},{\"@type\":\"ListItem\",\"position\":2,\"name\":\"FENASDETRAN PLANEJA O PRIMEIRO MUSEU DO TR\u00c2NSITO E MOBILIDADE BRASILEIRO NO NORDESTE\"}]},{\"@type\":\"WebSite\",\"@id\":\"https:\/\/brasilnoticias.org\/site\/#website\",\"url\":\"https:\/\/brasilnoticias.org\/site\/\",\"name\":\"Brasil not\u00edcias\",\"description\":\"Brasil not\u00edcias\",\"publisher\":{\"@id\":\"https:\/\/brasilnoticias.org\/site\/#organization\"},\"potentialAction\":[{\"@type\":\"SearchAction\",\"target\":{\"@type\":\"EntryPoint\",\"urlTemplate\":\"https:\/\/brasilnoticias.org\/site\/?s={search_term_string}\"},\"query-input\":{\"@type\":\"PropertyValueSpecification\",\"valueRequired\":true,\"valueName\":\"search_term_string\"}}],\"inLanguage\":\"pt-PT\"},{\"@type\":\"Organization\",\"@id\":\"https:\/\/brasilnoticias.org\/site\/#organization\",\"name\":\"Brasil not\u00edcias\",\"url\":\"https:\/\/brasilnoticias.org\/site\/\",\"logo\":{\"@type\":\"ImageObject\",\"inLanguage\":\"pt-PT\",\"@id\":\"https:\/\/brasilnoticias.org\/site\/#\/schema\/logo\/image\/\",\"url\":\"https:\/\/brasilnoticias.org\/site\/wp-content\/uploads\/2022\/05\/cropped-brasilnoticias-mini.jpg\",\"contentUrl\":\"https:\/\/brasilnoticias.org\/site\/wp-content\/uploads\/2022\/05\/cropped-brasilnoticias-mini.jpg\",\"width\":314,\"height\":86,\"caption\":\"Brasil not\u00edcias\"},\"image\":{\"@id\":\"https:\/\/brasilnoticias.org\/site\/#\/schema\/logo\/image\/\"}},{\"@type\":\"Person\",\"@id\":\"https:\/\/brasilnoticias.org\/site\/#\/schema\/person\/a0e05b973ec4d15c658d51911e53507b\",\"name\":\"Reda\u00e7\u00e3o\",\"image\":{\"@type\":\"ImageObject\",\"inLanguage\":\"pt-PT\",\"@id\":\"https:\/\/brasilnoticias.org\/site\/#\/schema\/person\/image\/\",\"url\":\"https:\/\/secure.gravatar.com\/avatar\/75d8b050df2de108b08ae78dfb8e374892df24a383c67db9c46a9c604f6aee9c?s=96&d=mm&r=g\",\"contentUrl\":\"https:\/\/secure.gravatar.com\/avatar\/75d8b050df2de108b08ae78dfb8e374892df24a383c67db9c46a9c604f6aee9c?s=96&d=mm&r=g\",\"caption\":\"Reda\u00e7\u00e3o\"},\"sameAs\":[\"https:\/\/brasilnoticias.org\/site\"],\"url\":\"https:\/\/brasilnoticias.org\/site\/author\/fernandozsngmail-com\/\"}]}<\/script>\n<!-- \/ Yoast SEO plugin. -->","yoast_head_json":{"title":"FENASDETRAN PLANEJA O PRIMEIRO MUSEU DO TR\u00c2NSITO E MOBILIDADE BRASILEIRO NO NORDESTE - Brasil not\u00edcias","robots":{"index":"index","follow":"follow","max-snippet":"max-snippet:-1","max-image-preview":"max-image-preview:large","max-video-preview":"max-video-preview:-1"},"canonical":"https:\/\/brasilnoticias.org\/site\/fenasdetran-planeja-o-primeiro-museu-do-transito-e-mobilidade-brasileiro-no-nordeste\/","og_locale":"pt_PT","og_type":"article","og_title":"FENASDETRAN PLANEJA O PRIMEIRO MUSEU DO TR\u00c2NSITO E MOBILIDADE BRASILEIRO NO NORDESTE - Brasil not\u00edcias","og_description":"POR REDA\u00c7\u00c3O PORTAL A entidade quer desenvolver o fator hist\u00f3rico, trazendo a mem\u00f3ria e os projetos desenvolvidos at\u00e9 chegar as","og_url":"https:\/\/brasilnoticias.org\/site\/fenasdetran-planeja-o-primeiro-museu-do-transito-e-mobilidade-brasileiro-no-nordeste\/","og_site_name":"Brasil not\u00edcias","article_published_time":"2023-04-04T12:42:19+00:00","og_image":[{"width":606,"height":403,"url":"https:\/\/brasilnoticias.org\/site\/wp-content\/uploads\/2023\/04\/WhatsApp-Image-2023-04-03-at-19.47.46-1.jpeg","type":"image\/jpeg"}],"author":"Reda\u00e7\u00e3o","twitter_card":"summary_large_image","twitter_misc":{"Escrito por":"Reda\u00e7\u00e3o","Tempo estimado de leitura":"3 minutos"},"schema":{"@context":"https:\/\/schema.org","@graph":[{"@type":"Article","@id":"https:\/\/brasilnoticias.org\/site\/fenasdetran-planeja-o-primeiro-museu-do-transito-e-mobilidade-brasileiro-no-nordeste\/#article","isPartOf":{"@id":"https:\/\/brasilnoticias.org\/site\/fenasdetran-planeja-o-primeiro-museu-do-transito-e-mobilidade-brasileiro-no-nordeste\/"},"author":{"name":"Reda\u00e7\u00e3o","@id":"https:\/\/brasilnoticias.org\/site\/#\/schema\/person\/a0e05b973ec4d15c658d51911e53507b"},"headline":"FENASDETRAN PLANEJA O PRIMEIRO MUSEU DO TR\u00c2NSITO E MOBILIDADE BRASILEIRO NO NORDESTE","datePublished":"2023-04-04T12:42:19+00:00","mainEntityOfPage":{"@id":"https:\/\/brasilnoticias.org\/site\/fenasdetran-planeja-o-primeiro-museu-do-transito-e-mobilidade-brasileiro-no-nordeste\/"},"wordCount":485,"commentCount":0,"publisher":{"@id":"https:\/\/brasilnoticias.org\/site\/#organization"},"image":{"@id":"https:\/\/brasilnoticias.org\/site\/fenasdetran-planeja-o-primeiro-museu-do-transito-e-mobilidade-brasileiro-no-nordeste\/#primaryimage"},"thumbnailUrl":"https:\/\/brasilnoticias.org\/site\/wp-content\/uploads\/2023\/04\/WhatsApp-Image-2023-04-03-at-19.47.46-1.jpeg","articleSection":["Not\u00edcias","\u00daltimas"],"inLanguage":"pt-PT","potentialAction":[{"@type":"CommentAction","name":"Comment","target":["https:\/\/brasilnoticias.org\/site\/fenasdetran-planeja-o-primeiro-museu-do-transito-e-mobilidade-brasileiro-no-nordeste\/#respond"]}]},{"@type":"WebPage","@id":"https:\/\/brasilnoticias.org\/site\/fenasdetran-planeja-o-primeiro-museu-do-transito-e-mobilidade-brasileiro-no-nordeste\/","url":"https:\/\/brasilnoticias.org\/site\/fenasdetran-planeja-o-primeiro-museu-do-transito-e-mobilidade-brasileiro-no-nordeste\/","name":"FENASDETRAN PLANEJA O PRIMEIRO MUSEU DO TR\u00c2NSITO E MOBILIDADE BRASILEIRO NO NORDESTE - Brasil not\u00edcias","isPartOf":{"@id":"https:\/\/brasilnoticias.org\/site\/#website"},"primaryImageOfPage":{"@id":"https:\/\/brasilnoticias.org\/site\/fenasdetran-planeja-o-primeiro-museu-do-transito-e-mobilidade-brasileiro-no-nordeste\/#primaryimage"},"image":{"@id":"https:\/\/brasilnoticias.org\/site\/fenasdetran-planeja-o-primeiro-museu-do-transito-e-mobilidade-brasileiro-no-nordeste\/#primaryimage"},"thumbnailUrl":"https:\/\/brasilnoticias.org\/site\/wp-content\/uploads\/2023\/04\/WhatsApp-Image-2023-04-03-at-19.47.46-1.jpeg","datePublished":"2023-04-04T12:42:19+00:00","breadcrumb":{"@id":"https:\/\/brasilnoticias.org\/site\/fenasdetran-planeja-o-primeiro-museu-do-transito-e-mobilidade-brasileiro-no-nordeste\/#breadcrumb"},"inLanguage":"pt-PT","potentialAction":[{"@type":"ReadAction","target":["https:\/\/brasilnoticias.org\/site\/fenasdetran-planeja-o-primeiro-museu-do-transito-e-mobilidade-brasileiro-no-nordeste\/"]}]},{"@type":"ImageObject","inLanguage":"pt-PT","@id":"https:\/\/brasilnoticias.org\/site\/fenasdetran-planeja-o-primeiro-museu-do-transito-e-mobilidade-brasileiro-no-nordeste\/#primaryimage","url":"https:\/\/brasilnoticias.org\/site\/wp-content\/uploads\/2023\/04\/WhatsApp-Image-2023-04-03-at-19.47.46-1.jpeg","contentUrl":"https:\/\/brasilnoticias.org\/site\/wp-content\/uploads\/2023\/04\/WhatsApp-Image-2023-04-03-at-19.47.46-1.jpeg","width":606,"height":403},{"@type":"BreadcrumbList","@id":"https:\/\/brasilnoticias.org\/site\/fenasdetran-planeja-o-primeiro-museu-do-transito-e-mobilidade-brasileiro-no-nordeste\/#breadcrumb","itemListElement":[{"@type":"ListItem","position":1,"name":"In\u00edcio","item":"https:\/\/brasilnoticias.org\/site\/"},{"@type":"ListItem","position":2,"name":"FENASDETRAN PLANEJA O PRIMEIRO MUSEU DO TR\u00c2NSITO E MOBILIDADE BRASILEIRO NO NORDESTE"}]},{"@type":"WebSite","@id":"https:\/\/brasilnoticias.org\/site\/#website","url":"https:\/\/brasilnoticias.org\/site\/","name":"Brasil not\u00edcias","description":"Brasil not\u00edcias","publisher":{"@id":"https:\/\/brasilnoticias.org\/site\/#organization"},"potentialAction":[{"@type":"SearchAction","target":{"@type":"EntryPoint","urlTemplate":"https:\/\/brasilnoticias.org\/site\/?s={search_term_string}"},"query-input":{"@type":"PropertyValueSpecification","valueRequired":true,"valueName":"search_term_string"}}],"inLanguage":"pt-PT"},{"@type":"Organization","@id":"https:\/\/brasilnoticias.org\/site\/#organization","name":"Brasil not\u00edcias","url":"https:\/\/brasilnoticias.org\/site\/","logo":{"@type":"ImageObject","inLanguage":"pt-PT","@id":"https:\/\/brasilnoticias.org\/site\/#\/schema\/logo\/image\/","url":"https:\/\/brasilnoticias.org\/site\/wp-content\/uploads\/2022\/05\/cropped-brasilnoticias-mini.jpg","contentUrl":"https:\/\/brasilnoticias.org\/site\/wp-content\/uploads\/2022\/05\/cropped-brasilnoticias-mini.jpg","width":314,"height":86,"caption":"Brasil not\u00edcias"},"image":{"@id":"https:\/\/brasilnoticias.org\/site\/#\/schema\/logo\/image\/"}},{"@type":"Person","@id":"https:\/\/brasilnoticias.org\/site\/#\/schema\/person\/a0e05b973ec4d15c658d51911e53507b","name":"Reda\u00e7\u00e3o","image":{"@type":"ImageObject","inLanguage":"pt-PT","@id":"https:\/\/brasilnoticias.org\/site\/#\/schema\/person\/image\/","url":"https:\/\/secure.gravatar.com\/avatar\/75d8b050df2de108b08ae78dfb8e374892df24a383c67db9c46a9c604f6aee9c?s=96&d=mm&r=g","contentUrl":"https:\/\/secure.gravatar.com\/avatar\/75d8b050df2de108b08ae78dfb8e374892df24a383c67db9c46a9c604f6aee9c?s=96&d=mm&r=g","caption":"Reda\u00e7\u00e3o"},"sameAs":["https:\/\/brasilnoticias.org\/site"],"url":"https:\/\/brasilnoticias.org\/site\/author\/fernandozsngmail-com\/"}]}},"_links":{"self":[{"href":"https:\/\/brasilnoticias.org\/site\/wp-json\/wp\/v2\/posts\/5204","targetHints":{"allow":["GET"]}}],"collection":[{"href":"https:\/\/brasilnoticias.org\/site\/wp-json\/wp\/v2\/posts"}],"about":[{"href":"https:\/\/brasilnoticias.org\/site\/wp-json\/wp\/v2\/types\/post"}],"author":[{"embeddable":true,"href":"https:\/\/brasilnoticias.org\/site\/wp-json\/wp\/v2\/users\/1"}],"replies":[{"embeddable":true,"href":"https:\/\/brasilnoticias.org\/site\/wp-json\/wp\/v2\/comments?post=5204"}],"version-history":[{"count":1,"href":"https:\/\/brasilnoticias.org\/site\/wp-json\/wp\/v2\/posts\/5204\/revisions"}],"predecessor-version":[{"id":5207,"href":"https:\/\/brasilnoticias.org\/site\/wp-json\/wp\/v2\/posts\/5204\/revisions\/5207"}],"wp:featuredmedia":[{"embeddable":true,"href":"https:\/\/brasilnoticias.org\/site\/wp-json\/wp\/v2\/media\/5205"}],"wp:attachment":[{"href":"https:\/\/brasilnoticias.org\/site\/wp-json\/wp\/v2\/media?parent=5204"}],"wp:term":[{"taxonomy":"category","embeddable":true,"href":"https:\/\/brasilnoticias.org\/site\/wp-json\/wp\/v2\/categories?post=5204"},{"taxonomy":"post_tag","embeddable":true,"href":"https:\/\/brasilnoticias.org\/site\/wp-json\/wp\/v2\/tags?post=5204"}],"curies":[{"name":"wp","href":"https:\/\/api.w.org\/{rel}","templated":true}]}}