{"id":5221,"date":"2023-04-05T06:48:24","date_gmt":"2023-04-05T09:48:24","guid":{"rendered":"https:\/\/brasilnoticias.org\/site\/?p=5221"},"modified":"2023-04-05T06:48:24","modified_gmt":"2023-04-05T09:48:24","slug":"como-reduzir-consumo-de-combustivel-na-estrada","status":"publish","type":"post","link":"https:\/\/brasilnoticias.org\/site\/como-reduzir-consumo-de-combustivel-na-estrada\/","title":{"rendered":"Como reduzir consumo de combust\u00edvel na estrada"},"content":{"rendered":"<p>O feriado da Semana Santa tem o segundo maior fluxo de ve\u00edculos nas estradas baianas, perdendo apenas para o feriad\u00e3o de S\u00e3o Jo\u00e3o, de acordo com a Pol\u00edcia Rodovi\u00e1ria Federal (PRF). Quem vai viajar de carro deve prioritariamente seguir as orienta\u00e7\u00f5es de seguran\u00e7a, mas vale a pena adotar comportamentos que ajudam a reduzir a economia de combust\u00edvel. Afinal, com os pre\u00e7os altos da gasolina, \u00e1lcool e diesel, \u00e9 preciso aprender a economizar, para n\u00e3o torrar dinheiro no tr\u00e2nsito das cidades ou nas estradas.<\/p>\n<p>A primeira dica \u00e9 fa\u00e7a regularmente a manuten\u00e7\u00e3o preventiva, seguindo as orienta\u00e7\u00f5es do manual de uso e manuten\u00e7\u00e3o do fabricante e jamais esquecer a revis\u00e3o de viagem antes de pegar a estrada. <\/p>\n<p>\u201cA troca do \u00f3leo e dos filtros \u00e9 muito importante, porque lubrifica corretamente as partes internas do motor, para que ele trabalhe melhor. Se o motor trabalha pesado, h\u00e1 maior consumo de combust\u00edvel. Se ele est\u00e1 funcionando de forma correta, ajuda a reduzir o consumo de combust\u00edvel\u201d, explica o gerente da Fiori Fiat Paralela, Wellington Nunes.<\/p>\n<p>O \u00f3leo lubrificante do motor \u00e9 composto por hidrocarbonetos, aditivos, detergentes e dispersantes. \u201cN\u00e3o serve apenas para lubrificar, tem outras fun\u00e7\u00f5es, dentre as quais auxiliar na refrigera\u00e7\u00e3o do motor, prote\u00e7\u00e3o das superf\u00edcies internas contra oxida\u00e7\u00e3o e corros\u00e3o, prote\u00e7\u00e3o do sistema contra desgaste e lavagem dos componentes internos do motor\u201d, explica o chefe de oficina da Cresauto Ve\u00edculos, Matheus Figueredo. <\/p>\n<p>\u201cO \u00f3leo pode se degradar pela quilometragem ou pelo tempo, portanto, \u00e9 imprescind\u00edvel sua substitui\u00e7\u00e3o de acordo com o manual de uso e manuten\u00e7\u00e3o do ve\u00edculo\u201d, alerta.<\/p>\n<p>Por sua vez, o filtro de \u00f3leo ret\u00e9m as impurezas, como borras e fuligem. \u201cO filtro sempre ret\u00e9m no seu interior um pouco do \u00f3leo, e caso n\u00e3o seja substitu\u00eddo ao colocar o \u00f3leo novo, ele vai gerar impurezas, diminu\u00eddo assim o tempo de vida \u00fatil do \u00f3leo e comprometendo o sistema de lubrifica\u00e7\u00e3o e as pe\u00e7as do motor. N\u00e3o substituir o filtro durante as trocas de \u00f3leo \u00e9 como tomar banho e utilizar a mesma roupa suja\u201d, resume Figueredo.<\/p>\n<p>Calibragem dos pneus<\/p>\n<p>Wellington Nunes ressalta que a calibragem dos pneus, de acordo com a especifica\u00e7\u00e3o do fabricante, \u00e9 uma medida simples, mas muito importante. O pneu murcho faz o motor trabalhar for\u00e7ado e pode aumentar o consumo em at\u00e9 25%. \u201cQuando o ve\u00edculo trafega com a calibragem correta, especificada no manual, ele tem ader\u00eancia adequada do pneu no asfalto, fazendo com que a rolagem seja correta; nem atrasa, nem adianta. Ent\u00e3o isso gera economia de combust\u00edvel e previne o desgaste dos pneus\u201d, explica Wellington Nunes. <\/p>\n<p>O gerente explica que o alinhamento tamb\u00e9m \u00e9 muito importante. \u201cQuando o carro est\u00e1 desalinhado, uma roda tende a puxar para um lado e a outra para outro, fazendo com que as rodas gerem atrito no asfalto, o que atrasa o ve\u00edculo. Quando o carro est\u00e1 alinhado, se desloca melhor e com certeza gera menor consumo de combust\u00edvel\u201d, orienta Nunes.<\/p>\n<p>Planejamento<\/p>\n<p>Propriet\u00e1rio do Centro Automotivo Super Auto, Alexandre Guedes Afonso vai aproveitar o feriad\u00e3o de P\u00e1scoa para viajar com a fam\u00edlia. Planeja \u201cpegar a Linha Verde\u201d com seu Honda Fit. \u201cEu gosto, \u00e9 um carro econ\u00f4mico, seguro pra rodar na estrada, fa\u00e7o 14 km por litro na estrada e na cidade em torno de 10, 11 km\/l, com gasolina\u201d, conta. No planejamento viagem, a seguran\u00e7a \u00e9 o principal item, por isso ele sempre faz uma \u201cboa revis\u00e3o preventiva antes de viajar, o ideal \u00e9 uma semana antes, porque se tiver de fazer interven\u00e7\u00e3o mais demorada no ve\u00edculo d\u00e1 tempo\u201d, pontua.<\/p>\n<p>\u201cEu penso na economia de combust\u00edvel, mas primeiro na seguran\u00e7a. Por isso, verifico o estado dos pneus, a suspens\u00e3o e os freios. \u201cQuem viaja com o carro revisado com certeza garante redu\u00e7\u00e3o no consumo de combust\u00edvel. Pneus descalibrados e mal-conservados aumentam o consumo\u201d. \u201c\u00c9 imprescind\u00edvel fazer o check list de todos os itens: \u00f3leo, filtros do motor, velas de igni\u00e7\u00e3o etc., isso melhora a performance do motor e consequentemente reduz o consumo\u201d, comenta Afonso. <\/p>\n<p>\u201cA cada 10 mil quil\u00f4metros ou com um ano de uso, \u00e9 necess\u00e1rio fazer uma revis\u00e3o completa, al\u00e9m da troca de \u00f3leo\u201d, recomenda. Ele alerta que ao deixar de fazer as revis\u00f5es programadas, o propriet\u00e1rio vai perdendo dinheiro. \u201cA manuten\u00e7\u00e3o preventiva \u00e9 mais barata que a corretiva. Se o carro n\u00e3o tem os devidos cuidados, vai parar em algum momento, e o conserto ser\u00e1 mais caro. Sem contar que o ve\u00edculo mal-conservado sofre deprecia\u00e7\u00e3o maior e perde valor de revenda\u201d, alerta.<\/p>\n<p>Forma de dirigir<\/p>\n<p>A forma de dirigir tamb\u00e9m interfere no consumo de combust\u00edvel, tanto em carros manuais quanto em ve\u00edculos autom\u00e1ticos. \u201cNos carros manuais, a dica \u00e9 passar as marchas corretamente, dentro das rota\u00e7\u00f5es recomendadas nos manuais de uso e manuten\u00e7\u00e3o, fornecidos pelo fabricante; n\u00e3o utilizar o ponto morto em declives (ladeiras), deixar em marcha, utilizar bastante a dire\u00e7\u00e3o defensiva ao trafegar\u201d, recomenda Matheus Figueredo, da Cresauto. Ele diz que tamb\u00e9m \u00e9 bom evitar acelera\u00e7\u00f5es bruscas em situa\u00e7\u00f5es desnecess\u00e1rias, para reduzir o consumo. <\/p>\n<p>Nos carros autom\u00e1ticos, Fiqueredo recomenda escolher o modo de dire\u00e7\u00e3o econ\u00f4mico. \u201cEsse sistema distribui o torque e a pot\u00eancia para dar maior rendimento ao ve\u00edculo, passando as marchas com rota\u00e7\u00f5es que privilegiam o baixo consumo, em detrimento da performance\u201d, explica.  <\/p>\n<p>O motorista de aplicativo Washington Jos\u00e9 sempre fica atento ao modo de dire\u00e7\u00e3o, porque sabe que isso interfere no consumo de combust\u00edvel. \u201cA dica \u00e9 n\u00e3o acelerar muito, evitar frear bruscamente o carro, n\u00e3o for\u00e7ar, andando muito nas marchas fortes 1 e 2\u201d, comenta. Ele tamb\u00e9m vai viajar na Semana Santa, e j\u00e1 fez a revis\u00e3o do ve\u00edculo. \u201cEu fa\u00e7o revis\u00e3o preventiva porque eu trabalho com o carro e ele n\u00e3o pode ficar parado, \u00e9 bateu a chave, pegou. Gosto de dirigir, e quando estou na estrada fico mais feliz ainda\u201d, conta. Ele tem um Ford Ka 2019 e faz 14 km\/l na estrada com \u00e1lcool.<\/p>\n<p>Por fim, para garantir economia de combust\u00edvel \u00e9 fundamental seguir as orienta\u00e7\u00f5es que constam nos manuais de uso e manuten\u00e7\u00e3o dos fabricantes. Utilizar sempre pe\u00e7as de qualidade, aprovadas pelos \u00f3rg\u00e3os oficiais e normas t\u00e9cnicas. E abastecer em postos confi\u00e1veis, de marcas reconhecidas no mercado, para n\u00e3o correr o risco de utilizar combust\u00edvel adulterado.<\/p>\n<p>Foto: Felipe Iruat\u00e3 \/ Ag A Tarde<br \/>\nA Tarde<\/p>\n","protected":false},"excerpt":{"rendered":"<p>O feriado da Semana Santa tem o segundo maior fluxo de ve\u00edculos nas estradas baianas, perdendo apenas para o feriad\u00e3o<\/p>\n","protected":false},"author":1,"featured_media":5222,"comment_status":"open","ping_status":"open","sticky":false,"template":"","format":"standard","meta":{"colormag_page_container_layout":"default_layout","colormag_page_sidebar_layout":"default_layout","_FSMCFIC_featured_image_caption":"","_FSMCFIC_featured_image_nocaption":"","_FSMCFIC_featured_image_hide":"","footnotes":""},"categories":[2,1],"tags":[],"class_list":["post-5221","post","type-post","status-publish","format-standard","has-post-thumbnail","hentry","category-noticias","category-ultimas"],"yoast_head":"<!-- This site is optimized with the Yoast SEO plugin v27.1.1 - https:\/\/yoast.com\/product\/yoast-seo-wordpress\/ -->\n<title>Como reduzir consumo de combust\u00edvel na estrada - Brasil not\u00edcias<\/title>\n<meta name=\"robots\" content=\"index, follow, max-snippet:-1, max-image-preview:large, max-video-preview:-1\" \/>\n<link rel=\"canonical\" href=\"https:\/\/brasilnoticias.org\/site\/como-reduzir-consumo-de-combustivel-na-estrada\/\" \/>\n<meta property=\"og:locale\" content=\"pt_PT\" \/>\n<meta property=\"og:type\" content=\"article\" \/>\n<meta property=\"og:title\" content=\"Como reduzir consumo de combust\u00edvel na estrada - Brasil not\u00edcias\" \/>\n<meta property=\"og:description\" content=\"O feriado da Semana Santa tem o segundo maior fluxo de ve\u00edculos nas estradas baianas, perdendo apenas para o feriad\u00e3o\" \/>\n<meta property=\"og:url\" content=\"https:\/\/brasilnoticias.org\/site\/como-reduzir-consumo-de-combustivel-na-estrada\/\" \/>\n<meta property=\"og:site_name\" content=\"Brasil not\u00edcias\" \/>\n<meta property=\"article:published_time\" content=\"2023-04-05T09:48:24+00:00\" \/>\n<meta property=\"og:image\" content=\"https:\/\/brasilnoticias.org\/site\/wp-content\/uploads\/2023\/04\/Artigo-Destaque_01224721_00.jpg\" \/>\n\t<meta property=\"og:image:width\" content=\"1600\" \/>\n\t<meta property=\"og:image:height\" content=\"1066\" \/>\n\t<meta property=\"og:image:type\" content=\"image\/jpeg\" \/>\n<meta name=\"author\" content=\"Reda\u00e7\u00e3o\" \/>\n<meta name=\"twitter:card\" content=\"summary_large_image\" \/>\n<meta name=\"twitter:label1\" content=\"Escrito por\" \/>\n\t<meta name=\"twitter:data1\" content=\"Reda\u00e7\u00e3o\" \/>\n<script type=\"application\/ld+json\" class=\"yoast-schema-graph\">{\"@context\":\"https:\/\/schema.org\",\"@graph\":[{\"@type\":\"Article\",\"@id\":\"https:\/\/brasilnoticias.org\/site\/como-reduzir-consumo-de-combustivel-na-estrada\/#article\",\"isPartOf\":{\"@id\":\"https:\/\/brasilnoticias.org\/site\/como-reduzir-consumo-de-combustivel-na-estrada\/\"},\"author\":{\"name\":\"Reda\u00e7\u00e3o\",\"@id\":\"https:\/\/brasilnoticias.org\/site\/#\/schema\/person\/a0e05b973ec4d15c658d51911e53507b\"},\"headline\":\"Como reduzir consumo de combust\u00edvel na estrada\",\"datePublished\":\"2023-04-05T09:48:24+00:00\",\"mainEntityOfPage\":{\"@id\":\"https:\/\/brasilnoticias.org\/site\/como-reduzir-consumo-de-combustivel-na-estrada\/\"},\"wordCount\":1124,\"commentCount\":0,\"publisher\":{\"@id\":\"https:\/\/brasilnoticias.org\/site\/#organization\"},\"image\":{\"@id\":\"https:\/\/brasilnoticias.org\/site\/como-reduzir-consumo-de-combustivel-na-estrada\/#primaryimage\"},\"thumbnailUrl\":\"https:\/\/brasilnoticias.org\/site\/wp-content\/uploads\/2023\/04\/Artigo-Destaque_01224721_00.jpg\",\"articleSection\":[\"Not\u00edcias\",\"\u00daltimas\"],\"inLanguage\":\"pt-PT\",\"potentialAction\":[{\"@type\":\"CommentAction\",\"name\":\"Comment\",\"target\":[\"https:\/\/brasilnoticias.org\/site\/como-reduzir-consumo-de-combustivel-na-estrada\/#respond\"]}]},{\"@type\":\"WebPage\",\"@id\":\"https:\/\/brasilnoticias.org\/site\/como-reduzir-consumo-de-combustivel-na-estrada\/\",\"url\":\"https:\/\/brasilnoticias.org\/site\/como-reduzir-consumo-de-combustivel-na-estrada\/\",\"name\":\"Como reduzir consumo de combust\u00edvel na estrada - Brasil not\u00edcias\",\"isPartOf\":{\"@id\":\"https:\/\/brasilnoticias.org\/site\/#website\"},\"primaryImageOfPage\":{\"@id\":\"https:\/\/brasilnoticias.org\/site\/como-reduzir-consumo-de-combustivel-na-estrada\/#primaryimage\"},\"image\":{\"@id\":\"https:\/\/brasilnoticias.org\/site\/como-reduzir-consumo-de-combustivel-na-estrada\/#primaryimage\"},\"thumbnailUrl\":\"https:\/\/brasilnoticias.org\/site\/wp-content\/uploads\/2023\/04\/Artigo-Destaque_01224721_00.jpg\",\"datePublished\":\"2023-04-05T09:48:24+00:00\",\"breadcrumb\":{\"@id\":\"https:\/\/brasilnoticias.org\/site\/como-reduzir-consumo-de-combustivel-na-estrada\/#breadcrumb\"},\"inLanguage\":\"pt-PT\",\"potentialAction\":[{\"@type\":\"ReadAction\",\"target\":[\"https:\/\/brasilnoticias.org\/site\/como-reduzir-consumo-de-combustivel-na-estrada\/\"]}]},{\"@type\":\"ImageObject\",\"inLanguage\":\"pt-PT\",\"@id\":\"https:\/\/brasilnoticias.org\/site\/como-reduzir-consumo-de-combustivel-na-estrada\/#primaryimage\",\"url\":\"https:\/\/brasilnoticias.org\/site\/wp-content\/uploads\/2023\/04\/Artigo-Destaque_01224721_00.jpg\",\"contentUrl\":\"https:\/\/brasilnoticias.org\/site\/wp-content\/uploads\/2023\/04\/Artigo-Destaque_01224721_00.jpg\",\"width\":1600,\"height\":1066},{\"@type\":\"BreadcrumbList\",\"@id\":\"https:\/\/brasilnoticias.org\/site\/como-reduzir-consumo-de-combustivel-na-estrada\/#breadcrumb\",\"itemListElement\":[{\"@type\":\"ListItem\",\"position\":1,\"name\":\"In\u00edcio\",\"item\":\"https:\/\/brasilnoticias.org\/site\/\"},{\"@type\":\"ListItem\",\"position\":2,\"name\":\"Como reduzir consumo de combust\u00edvel na estrada\"}]},{\"@type\":\"WebSite\",\"@id\":\"https:\/\/brasilnoticias.org\/site\/#website\",\"url\":\"https:\/\/brasilnoticias.org\/site\/\",\"name\":\"Brasil not\u00edcias\",\"description\":\"Brasil not\u00edcias\",\"publisher\":{\"@id\":\"https:\/\/brasilnoticias.org\/site\/#organization\"},\"potentialAction\":[{\"@type\":\"SearchAction\",\"target\":{\"@type\":\"EntryPoint\",\"urlTemplate\":\"https:\/\/brasilnoticias.org\/site\/?s={search_term_string}\"},\"query-input\":{\"@type\":\"PropertyValueSpecification\",\"valueRequired\":true,\"valueName\":\"search_term_string\"}}],\"inLanguage\":\"pt-PT\"},{\"@type\":\"Organization\",\"@id\":\"https:\/\/brasilnoticias.org\/site\/#organization\",\"name\":\"Brasil not\u00edcias\",\"url\":\"https:\/\/brasilnoticias.org\/site\/\",\"logo\":{\"@type\":\"ImageObject\",\"inLanguage\":\"pt-PT\",\"@id\":\"https:\/\/brasilnoticias.org\/site\/#\/schema\/logo\/image\/\",\"url\":\"https:\/\/brasilnoticias.org\/site\/wp-content\/uploads\/2022\/05\/cropped-brasilnoticias-mini.jpg\",\"contentUrl\":\"https:\/\/brasilnoticias.org\/site\/wp-content\/uploads\/2022\/05\/cropped-brasilnoticias-mini.jpg\",\"width\":314,\"height\":86,\"caption\":\"Brasil not\u00edcias\"},\"image\":{\"@id\":\"https:\/\/brasilnoticias.org\/site\/#\/schema\/logo\/image\/\"}},{\"@type\":\"Person\",\"@id\":\"https:\/\/brasilnoticias.org\/site\/#\/schema\/person\/a0e05b973ec4d15c658d51911e53507b\",\"name\":\"Reda\u00e7\u00e3o\",\"image\":{\"@type\":\"ImageObject\",\"inLanguage\":\"pt-PT\",\"@id\":\"https:\/\/brasilnoticias.org\/site\/#\/schema\/person\/image\/\",\"url\":\"https:\/\/secure.gravatar.com\/avatar\/75d8b050df2de108b08ae78dfb8e374892df24a383c67db9c46a9c604f6aee9c?s=96&d=mm&r=g\",\"contentUrl\":\"https:\/\/secure.gravatar.com\/avatar\/75d8b050df2de108b08ae78dfb8e374892df24a383c67db9c46a9c604f6aee9c?s=96&d=mm&r=g\",\"caption\":\"Reda\u00e7\u00e3o\"},\"sameAs\":[\"https:\/\/brasilnoticias.org\/site\"],\"url\":\"https:\/\/brasilnoticias.org\/site\/author\/fernandozsngmail-com\/\"}]}<\/script>\n<!-- \/ Yoast SEO plugin. -->","yoast_head_json":{"title":"Como reduzir consumo de combust\u00edvel na estrada - Brasil not\u00edcias","robots":{"index":"index","follow":"follow","max-snippet":"max-snippet:-1","max-image-preview":"max-image-preview:large","max-video-preview":"max-video-preview:-1"},"canonical":"https:\/\/brasilnoticias.org\/site\/como-reduzir-consumo-de-combustivel-na-estrada\/","og_locale":"pt_PT","og_type":"article","og_title":"Como reduzir consumo de combust\u00edvel na estrada - Brasil not\u00edcias","og_description":"O feriado da Semana Santa tem o segundo maior fluxo de ve\u00edculos nas estradas baianas, perdendo apenas para o feriad\u00e3o","og_url":"https:\/\/brasilnoticias.org\/site\/como-reduzir-consumo-de-combustivel-na-estrada\/","og_site_name":"Brasil not\u00edcias","article_published_time":"2023-04-05T09:48:24+00:00","og_image":[{"width":1600,"height":1066,"url":"https:\/\/brasilnoticias.org\/site\/wp-content\/uploads\/2023\/04\/Artigo-Destaque_01224721_00.jpg","type":"image\/jpeg"}],"author":"Reda\u00e7\u00e3o","twitter_card":"summary_large_image","twitter_misc":{"Escrito por":"Reda\u00e7\u00e3o"},"schema":{"@context":"https:\/\/schema.org","@graph":[{"@type":"Article","@id":"https:\/\/brasilnoticias.org\/site\/como-reduzir-consumo-de-combustivel-na-estrada\/#article","isPartOf":{"@id":"https:\/\/brasilnoticias.org\/site\/como-reduzir-consumo-de-combustivel-na-estrada\/"},"author":{"name":"Reda\u00e7\u00e3o","@id":"https:\/\/brasilnoticias.org\/site\/#\/schema\/person\/a0e05b973ec4d15c658d51911e53507b"},"headline":"Como reduzir consumo de combust\u00edvel na estrada","datePublished":"2023-04-05T09:48:24+00:00","mainEntityOfPage":{"@id":"https:\/\/brasilnoticias.org\/site\/como-reduzir-consumo-de-combustivel-na-estrada\/"},"wordCount":1124,"commentCount":0,"publisher":{"@id":"https:\/\/brasilnoticias.org\/site\/#organization"},"image":{"@id":"https:\/\/brasilnoticias.org\/site\/como-reduzir-consumo-de-combustivel-na-estrada\/#primaryimage"},"thumbnailUrl":"https:\/\/brasilnoticias.org\/site\/wp-content\/uploads\/2023\/04\/Artigo-Destaque_01224721_00.jpg","articleSection":["Not\u00edcias","\u00daltimas"],"inLanguage":"pt-PT","potentialAction":[{"@type":"CommentAction","name":"Comment","target":["https:\/\/brasilnoticias.org\/site\/como-reduzir-consumo-de-combustivel-na-estrada\/#respond"]}]},{"@type":"WebPage","@id":"https:\/\/brasilnoticias.org\/site\/como-reduzir-consumo-de-combustivel-na-estrada\/","url":"https:\/\/brasilnoticias.org\/site\/como-reduzir-consumo-de-combustivel-na-estrada\/","name":"Como reduzir consumo de combust\u00edvel na estrada - Brasil not\u00edcias","isPartOf":{"@id":"https:\/\/brasilnoticias.org\/site\/#website"},"primaryImageOfPage":{"@id":"https:\/\/brasilnoticias.org\/site\/como-reduzir-consumo-de-combustivel-na-estrada\/#primaryimage"},"image":{"@id":"https:\/\/brasilnoticias.org\/site\/como-reduzir-consumo-de-combustivel-na-estrada\/#primaryimage"},"thumbnailUrl":"https:\/\/brasilnoticias.org\/site\/wp-content\/uploads\/2023\/04\/Artigo-Destaque_01224721_00.jpg","datePublished":"2023-04-05T09:48:24+00:00","breadcrumb":{"@id":"https:\/\/brasilnoticias.org\/site\/como-reduzir-consumo-de-combustivel-na-estrada\/#breadcrumb"},"inLanguage":"pt-PT","potentialAction":[{"@type":"ReadAction","target":["https:\/\/brasilnoticias.org\/site\/como-reduzir-consumo-de-combustivel-na-estrada\/"]}]},{"@type":"ImageObject","inLanguage":"pt-PT","@id":"https:\/\/brasilnoticias.org\/site\/como-reduzir-consumo-de-combustivel-na-estrada\/#primaryimage","url":"https:\/\/brasilnoticias.org\/site\/wp-content\/uploads\/2023\/04\/Artigo-Destaque_01224721_00.jpg","contentUrl":"https:\/\/brasilnoticias.org\/site\/wp-content\/uploads\/2023\/04\/Artigo-Destaque_01224721_00.jpg","width":1600,"height":1066},{"@type":"BreadcrumbList","@id":"https:\/\/brasilnoticias.org\/site\/como-reduzir-consumo-de-combustivel-na-estrada\/#breadcrumb","itemListElement":[{"@type":"ListItem","position":1,"name":"In\u00edcio","item":"https:\/\/brasilnoticias.org\/site\/"},{"@type":"ListItem","position":2,"name":"Como reduzir consumo de combust\u00edvel na estrada"}]},{"@type":"WebSite","@id":"https:\/\/brasilnoticias.org\/site\/#website","url":"https:\/\/brasilnoticias.org\/site\/","name":"Brasil not\u00edcias","description":"Brasil not\u00edcias","publisher":{"@id":"https:\/\/brasilnoticias.org\/site\/#organization"},"potentialAction":[{"@type":"SearchAction","target":{"@type":"EntryPoint","urlTemplate":"https:\/\/brasilnoticias.org\/site\/?s={search_term_string}"},"query-input":{"@type":"PropertyValueSpecification","valueRequired":true,"valueName":"search_term_string"}}],"inLanguage":"pt-PT"},{"@type":"Organization","@id":"https:\/\/brasilnoticias.org\/site\/#organization","name":"Brasil not\u00edcias","url":"https:\/\/brasilnoticias.org\/site\/","logo":{"@type":"ImageObject","inLanguage":"pt-PT","@id":"https:\/\/brasilnoticias.org\/site\/#\/schema\/logo\/image\/","url":"https:\/\/brasilnoticias.org\/site\/wp-content\/uploads\/2022\/05\/cropped-brasilnoticias-mini.jpg","contentUrl":"https:\/\/brasilnoticias.org\/site\/wp-content\/uploads\/2022\/05\/cropped-brasilnoticias-mini.jpg","width":314,"height":86,"caption":"Brasil not\u00edcias"},"image":{"@id":"https:\/\/brasilnoticias.org\/site\/#\/schema\/logo\/image\/"}},{"@type":"Person","@id":"https:\/\/brasilnoticias.org\/site\/#\/schema\/person\/a0e05b973ec4d15c658d51911e53507b","name":"Reda\u00e7\u00e3o","image":{"@type":"ImageObject","inLanguage":"pt-PT","@id":"https:\/\/brasilnoticias.org\/site\/#\/schema\/person\/image\/","url":"https:\/\/secure.gravatar.com\/avatar\/75d8b050df2de108b08ae78dfb8e374892df24a383c67db9c46a9c604f6aee9c?s=96&d=mm&r=g","contentUrl":"https:\/\/secure.gravatar.com\/avatar\/75d8b050df2de108b08ae78dfb8e374892df24a383c67db9c46a9c604f6aee9c?s=96&d=mm&r=g","caption":"Reda\u00e7\u00e3o"},"sameAs":["https:\/\/brasilnoticias.org\/site"],"url":"https:\/\/brasilnoticias.org\/site\/author\/fernandozsngmail-com\/"}]}},"_links":{"self":[{"href":"https:\/\/brasilnoticias.org\/site\/wp-json\/wp\/v2\/posts\/5221","targetHints":{"allow":["GET"]}}],"collection":[{"href":"https:\/\/brasilnoticias.org\/site\/wp-json\/wp\/v2\/posts"}],"about":[{"href":"https:\/\/brasilnoticias.org\/site\/wp-json\/wp\/v2\/types\/post"}],"author":[{"embeddable":true,"href":"https:\/\/brasilnoticias.org\/site\/wp-json\/wp\/v2\/users\/1"}],"replies":[{"embeddable":true,"href":"https:\/\/brasilnoticias.org\/site\/wp-json\/wp\/v2\/comments?post=5221"}],"version-history":[{"count":1,"href":"https:\/\/brasilnoticias.org\/site\/wp-json\/wp\/v2\/posts\/5221\/revisions"}],"predecessor-version":[{"id":5223,"href":"https:\/\/brasilnoticias.org\/site\/wp-json\/wp\/v2\/posts\/5221\/revisions\/5223"}],"wp:featuredmedia":[{"embeddable":true,"href":"https:\/\/brasilnoticias.org\/site\/wp-json\/wp\/v2\/media\/5222"}],"wp:attachment":[{"href":"https:\/\/brasilnoticias.org\/site\/wp-json\/wp\/v2\/media?parent=5221"}],"wp:term":[{"taxonomy":"category","embeddable":true,"href":"https:\/\/brasilnoticias.org\/site\/wp-json\/wp\/v2\/categories?post=5221"},{"taxonomy":"post_tag","embeddable":true,"href":"https:\/\/brasilnoticias.org\/site\/wp-json\/wp\/v2\/tags?post=5221"}],"curies":[{"name":"wp","href":"https:\/\/api.w.org\/{rel}","templated":true}]}}