{"id":5242,"date":"2023-04-05T18:10:02","date_gmt":"2023-04-05T21:10:02","guid":{"rendered":"https:\/\/brasilnoticias.org\/site\/?p=5242"},"modified":"2023-04-05T16:32:38","modified_gmt":"2023-04-05T19:32:38","slug":"autor-de-ataque-a-creche-esfaqueou-padrasto-quando-era-adolescente","status":"publish","type":"post","link":"https:\/\/brasilnoticias.org\/site\/autor-de-ataque-a-creche-esfaqueou-padrasto-quando-era-adolescente\/","title":{"rendered":"Autor de ataque a creche esfaqueou padrasto quando era adolescente"},"content":{"rendered":"<p>O homem que matou quatro crian\u00e7as e feriu outras cinco ap\u00f3s invadir uma creche em Blumenau (SC), na manh\u00e3 desta quarta-feira, 5, j\u00e1 havia esfaqueado o pr\u00f3prio padrasto quando era adolescente. Segundo a Pol\u00edcia Civil, ele foi apreendido na \u00e9poca.<\/p>\n<p>A pol\u00edcia disse que, por ser adolescente, o homem respondeu por ato infracional an\u00e1logo \u00e0 tentativa de homic\u00eddio. N\u00e3o foi informado o ano do ataque e nem se ele cumpriu medidas socioeducativas. O autor do ataque tamb\u00e9m possui antecedentes criminais, por posse de drogas, les\u00e3o corporal e dano.<\/p>\n<p>De acordo com a pol\u00edcia, o homem cometeu o ataque no Cantinho Bom Pastos, uma creche privada localizada no bairro Velha, ap\u00f3s ter tido um surto psic\u00f3tico. Ele parou uma moto em frente ao local, invadiu com uma machadinha, praticou o crime e pulou o muro para sair. A creche abrigava 40 crian\u00e7as no momento do ataque.<\/p>\n<p>Ap\u00f3s cometer o crime, o agressor se apresentou \u00e0 Pol\u00edcia Militar e foi preso.<\/p>\n<p>As crian\u00e7as mortas tinham entre 4 e 7 anos, sendo dois meninos de 4 anos, um de 5 e uma menina de 7, conforme informou a Pol\u00edcia Civil. Dos cinco feridos, quatro foram levados ao Hospital Santo Ant\u00f4nio: duas meninas de 5 anos, um menino tamb\u00e9m de 5 e outro menino de 3 anos. O estado de sa\u00fade deles \u00e9 est\u00e1vel.<\/p>\n<p>Foto: NSC TV\/Reprodu\u00e7\u00e3o<\/p>\n<p>A Tarde<\/p>\n","protected":false},"excerpt":{"rendered":"<p>O homem que matou quatro crian\u00e7as e feriu outras cinco ap\u00f3s invadir uma creche em Blumenau (SC), na manh\u00e3 desta<\/p>\n","protected":false},"author":1,"featured_media":5243,"comment_status":"open","ping_status":"open","sticky":false,"template":"","format":"standard","meta":{"colormag_page_container_layout":"default_layout","colormag_page_sidebar_layout":"default_layout","_FSMCFIC_featured_image_caption":"","_FSMCFIC_featured_image_nocaption":"","_FSMCFIC_featured_image_hide":"","footnotes":""},"categories":[2,1],"tags":[],"class_list":["post-5242","post","type-post","status-publish","format-standard","has-post-thumbnail","hentry","category-noticias","category-ultimas"],"yoast_head":"<!-- This site is optimized with the Yoast SEO plugin v27.1.1 - https:\/\/yoast.com\/product\/yoast-seo-wordpress\/ -->\n<title>Autor de ataque a creche esfaqueou padrasto quando era adolescente - Brasil not\u00edcias<\/title>\n<meta name=\"robots\" content=\"index, follow, max-snippet:-1, max-image-preview:large, max-video-preview:-1\" \/>\n<link rel=\"canonical\" href=\"https:\/\/brasilnoticias.org\/site\/autor-de-ataque-a-creche-esfaqueou-padrasto-quando-era-adolescente\/\" \/>\n<meta property=\"og:locale\" content=\"pt_PT\" \/>\n<meta property=\"og:type\" content=\"article\" \/>\n<meta property=\"og:title\" content=\"Autor de ataque a creche esfaqueou padrasto quando era adolescente - Brasil not\u00edcias\" \/>\n<meta property=\"og:description\" content=\"O homem que matou quatro crian\u00e7as e feriu outras cinco ap\u00f3s invadir uma creche em Blumenau (SC), na manh\u00e3 desta\" \/>\n<meta property=\"og:url\" content=\"https:\/\/brasilnoticias.org\/site\/autor-de-ataque-a-creche-esfaqueou-padrasto-quando-era-adolescente\/\" \/>\n<meta property=\"og:site_name\" content=\"Brasil not\u00edcias\" \/>\n<meta property=\"article:published_time\" content=\"2023-04-05T21:10:02+00:00\" \/>\n<meta property=\"og:image\" content=\"https:\/\/brasilnoticias.org\/site\/wp-content\/uploads\/2023\/04\/Artigo-Destaque_01224787_00.webp\" \/>\n\t<meta property=\"og:image:width\" content=\"984\" \/>\n\t<meta property=\"og:image:height\" content=\"554\" \/>\n\t<meta property=\"og:image:type\" content=\"image\/webp\" \/>\n<meta name=\"author\" content=\"Reda\u00e7\u00e3o\" \/>\n<meta name=\"twitter:card\" content=\"summary_large_image\" \/>\n<meta name=\"twitter:label1\" content=\"Escrito por\" \/>\n\t<meta name=\"twitter:data1\" content=\"Reda\u00e7\u00e3o\" \/>\n\t<meta name=\"twitter:label2\" content=\"Tempo estimado de leitura\" \/>\n\t<meta name=\"twitter:data2\" content=\"2 minutos\" \/>\n<script type=\"application\/ld+json\" class=\"yoast-schema-graph\">{\"@context\":\"https:\/\/schema.org\",\"@graph\":[{\"@type\":\"Article\",\"@id\":\"https:\/\/brasilnoticias.org\/site\/autor-de-ataque-a-creche-esfaqueou-padrasto-quando-era-adolescente\/#article\",\"isPartOf\":{\"@id\":\"https:\/\/brasilnoticias.org\/site\/autor-de-ataque-a-creche-esfaqueou-padrasto-quando-era-adolescente\/\"},\"author\":{\"name\":\"Reda\u00e7\u00e3o\",\"@id\":\"https:\/\/brasilnoticias.org\/site\/#\/schema\/person\/a0e05b973ec4d15c658d51911e53507b\"},\"headline\":\"Autor de ataque a creche esfaqueou padrasto quando era adolescente\",\"datePublished\":\"2023-04-05T21:10:02+00:00\",\"mainEntityOfPage\":{\"@id\":\"https:\/\/brasilnoticias.org\/site\/autor-de-ataque-a-creche-esfaqueou-padrasto-quando-era-adolescente\/\"},\"wordCount\":246,\"commentCount\":0,\"publisher\":{\"@id\":\"https:\/\/brasilnoticias.org\/site\/#organization\"},\"image\":{\"@id\":\"https:\/\/brasilnoticias.org\/site\/autor-de-ataque-a-creche-esfaqueou-padrasto-quando-era-adolescente\/#primaryimage\"},\"thumbnailUrl\":\"https:\/\/brasilnoticias.org\/site\/wp-content\/uploads\/2023\/04\/Artigo-Destaque_01224787_00.webp\",\"articleSection\":[\"Not\u00edcias\",\"\u00daltimas\"],\"inLanguage\":\"pt-PT\",\"potentialAction\":[{\"@type\":\"CommentAction\",\"name\":\"Comment\",\"target\":[\"https:\/\/brasilnoticias.org\/site\/autor-de-ataque-a-creche-esfaqueou-padrasto-quando-era-adolescente\/#respond\"]}]},{\"@type\":\"WebPage\",\"@id\":\"https:\/\/brasilnoticias.org\/site\/autor-de-ataque-a-creche-esfaqueou-padrasto-quando-era-adolescente\/\",\"url\":\"https:\/\/brasilnoticias.org\/site\/autor-de-ataque-a-creche-esfaqueou-padrasto-quando-era-adolescente\/\",\"name\":\"Autor de ataque a creche esfaqueou padrasto quando era adolescente - Brasil not\u00edcias\",\"isPartOf\":{\"@id\":\"https:\/\/brasilnoticias.org\/site\/#website\"},\"primaryImageOfPage\":{\"@id\":\"https:\/\/brasilnoticias.org\/site\/autor-de-ataque-a-creche-esfaqueou-padrasto-quando-era-adolescente\/#primaryimage\"},\"image\":{\"@id\":\"https:\/\/brasilnoticias.org\/site\/autor-de-ataque-a-creche-esfaqueou-padrasto-quando-era-adolescente\/#primaryimage\"},\"thumbnailUrl\":\"https:\/\/brasilnoticias.org\/site\/wp-content\/uploads\/2023\/04\/Artigo-Destaque_01224787_00.webp\",\"datePublished\":\"2023-04-05T21:10:02+00:00\",\"breadcrumb\":{\"@id\":\"https:\/\/brasilnoticias.org\/site\/autor-de-ataque-a-creche-esfaqueou-padrasto-quando-era-adolescente\/#breadcrumb\"},\"inLanguage\":\"pt-PT\",\"potentialAction\":[{\"@type\":\"ReadAction\",\"target\":[\"https:\/\/brasilnoticias.org\/site\/autor-de-ataque-a-creche-esfaqueou-padrasto-quando-era-adolescente\/\"]}]},{\"@type\":\"ImageObject\",\"inLanguage\":\"pt-PT\",\"@id\":\"https:\/\/brasilnoticias.org\/site\/autor-de-ataque-a-creche-esfaqueou-padrasto-quando-era-adolescente\/#primaryimage\",\"url\":\"https:\/\/brasilnoticias.org\/site\/wp-content\/uploads\/2023\/04\/Artigo-Destaque_01224787_00.webp\",\"contentUrl\":\"https:\/\/brasilnoticias.org\/site\/wp-content\/uploads\/2023\/04\/Artigo-Destaque_01224787_00.webp\",\"width\":984,\"height\":554},{\"@type\":\"BreadcrumbList\",\"@id\":\"https:\/\/brasilnoticias.org\/site\/autor-de-ataque-a-creche-esfaqueou-padrasto-quando-era-adolescente\/#breadcrumb\",\"itemListElement\":[{\"@type\":\"ListItem\",\"position\":1,\"name\":\"In\u00edcio\",\"item\":\"https:\/\/brasilnoticias.org\/site\/\"},{\"@type\":\"ListItem\",\"position\":2,\"name\":\"Autor de ataque a creche esfaqueou padrasto quando era adolescente\"}]},{\"@type\":\"WebSite\",\"@id\":\"https:\/\/brasilnoticias.org\/site\/#website\",\"url\":\"https:\/\/brasilnoticias.org\/site\/\",\"name\":\"Brasil not\u00edcias\",\"description\":\"Brasil not\u00edcias\",\"publisher\":{\"@id\":\"https:\/\/brasilnoticias.org\/site\/#organization\"},\"potentialAction\":[{\"@type\":\"SearchAction\",\"target\":{\"@type\":\"EntryPoint\",\"urlTemplate\":\"https:\/\/brasilnoticias.org\/site\/?s={search_term_string}\"},\"query-input\":{\"@type\":\"PropertyValueSpecification\",\"valueRequired\":true,\"valueName\":\"search_term_string\"}}],\"inLanguage\":\"pt-PT\"},{\"@type\":\"Organization\",\"@id\":\"https:\/\/brasilnoticias.org\/site\/#organization\",\"name\":\"Brasil not\u00edcias\",\"url\":\"https:\/\/brasilnoticias.org\/site\/\",\"logo\":{\"@type\":\"ImageObject\",\"inLanguage\":\"pt-PT\",\"@id\":\"https:\/\/brasilnoticias.org\/site\/#\/schema\/logo\/image\/\",\"url\":\"https:\/\/brasilnoticias.org\/site\/wp-content\/uploads\/2022\/05\/cropped-brasilnoticias-mini.jpg\",\"contentUrl\":\"https:\/\/brasilnoticias.org\/site\/wp-content\/uploads\/2022\/05\/cropped-brasilnoticias-mini.jpg\",\"width\":314,\"height\":86,\"caption\":\"Brasil not\u00edcias\"},\"image\":{\"@id\":\"https:\/\/brasilnoticias.org\/site\/#\/schema\/logo\/image\/\"}},{\"@type\":\"Person\",\"@id\":\"https:\/\/brasilnoticias.org\/site\/#\/schema\/person\/a0e05b973ec4d15c658d51911e53507b\",\"name\":\"Reda\u00e7\u00e3o\",\"image\":{\"@type\":\"ImageObject\",\"inLanguage\":\"pt-PT\",\"@id\":\"https:\/\/brasilnoticias.org\/site\/#\/schema\/person\/image\/\",\"url\":\"https:\/\/secure.gravatar.com\/avatar\/75d8b050df2de108b08ae78dfb8e374892df24a383c67db9c46a9c604f6aee9c?s=96&d=mm&r=g\",\"contentUrl\":\"https:\/\/secure.gravatar.com\/avatar\/75d8b050df2de108b08ae78dfb8e374892df24a383c67db9c46a9c604f6aee9c?s=96&d=mm&r=g\",\"caption\":\"Reda\u00e7\u00e3o\"},\"sameAs\":[\"https:\/\/brasilnoticias.org\/site\"],\"url\":\"https:\/\/brasilnoticias.org\/site\/author\/fernandozsngmail-com\/\"}]}<\/script>\n<!-- \/ Yoast SEO plugin. -->","yoast_head_json":{"title":"Autor de ataque a creche esfaqueou padrasto quando era adolescente - Brasil not\u00edcias","robots":{"index":"index","follow":"follow","max-snippet":"max-snippet:-1","max-image-preview":"max-image-preview:large","max-video-preview":"max-video-preview:-1"},"canonical":"https:\/\/brasilnoticias.org\/site\/autor-de-ataque-a-creche-esfaqueou-padrasto-quando-era-adolescente\/","og_locale":"pt_PT","og_type":"article","og_title":"Autor de ataque a creche esfaqueou padrasto quando era adolescente - Brasil not\u00edcias","og_description":"O homem que matou quatro crian\u00e7as e feriu outras cinco ap\u00f3s invadir uma creche em Blumenau (SC), na manh\u00e3 desta","og_url":"https:\/\/brasilnoticias.org\/site\/autor-de-ataque-a-creche-esfaqueou-padrasto-quando-era-adolescente\/","og_site_name":"Brasil not\u00edcias","article_published_time":"2023-04-05T21:10:02+00:00","og_image":[{"width":984,"height":554,"url":"https:\/\/brasilnoticias.org\/site\/wp-content\/uploads\/2023\/04\/Artigo-Destaque_01224787_00.webp","type":"image\/webp"}],"author":"Reda\u00e7\u00e3o","twitter_card":"summary_large_image","twitter_misc":{"Escrito por":"Reda\u00e7\u00e3o","Tempo estimado de leitura":"2 minutos"},"schema":{"@context":"https:\/\/schema.org","@graph":[{"@type":"Article","@id":"https:\/\/brasilnoticias.org\/site\/autor-de-ataque-a-creche-esfaqueou-padrasto-quando-era-adolescente\/#article","isPartOf":{"@id":"https:\/\/brasilnoticias.org\/site\/autor-de-ataque-a-creche-esfaqueou-padrasto-quando-era-adolescente\/"},"author":{"name":"Reda\u00e7\u00e3o","@id":"https:\/\/brasilnoticias.org\/site\/#\/schema\/person\/a0e05b973ec4d15c658d51911e53507b"},"headline":"Autor de ataque a creche esfaqueou padrasto quando era adolescente","datePublished":"2023-04-05T21:10:02+00:00","mainEntityOfPage":{"@id":"https:\/\/brasilnoticias.org\/site\/autor-de-ataque-a-creche-esfaqueou-padrasto-quando-era-adolescente\/"},"wordCount":246,"commentCount":0,"publisher":{"@id":"https:\/\/brasilnoticias.org\/site\/#organization"},"image":{"@id":"https:\/\/brasilnoticias.org\/site\/autor-de-ataque-a-creche-esfaqueou-padrasto-quando-era-adolescente\/#primaryimage"},"thumbnailUrl":"https:\/\/brasilnoticias.org\/site\/wp-content\/uploads\/2023\/04\/Artigo-Destaque_01224787_00.webp","articleSection":["Not\u00edcias","\u00daltimas"],"inLanguage":"pt-PT","potentialAction":[{"@type":"CommentAction","name":"Comment","target":["https:\/\/brasilnoticias.org\/site\/autor-de-ataque-a-creche-esfaqueou-padrasto-quando-era-adolescente\/#respond"]}]},{"@type":"WebPage","@id":"https:\/\/brasilnoticias.org\/site\/autor-de-ataque-a-creche-esfaqueou-padrasto-quando-era-adolescente\/","url":"https:\/\/brasilnoticias.org\/site\/autor-de-ataque-a-creche-esfaqueou-padrasto-quando-era-adolescente\/","name":"Autor de ataque a creche esfaqueou padrasto quando era adolescente - Brasil not\u00edcias","isPartOf":{"@id":"https:\/\/brasilnoticias.org\/site\/#website"},"primaryImageOfPage":{"@id":"https:\/\/brasilnoticias.org\/site\/autor-de-ataque-a-creche-esfaqueou-padrasto-quando-era-adolescente\/#primaryimage"},"image":{"@id":"https:\/\/brasilnoticias.org\/site\/autor-de-ataque-a-creche-esfaqueou-padrasto-quando-era-adolescente\/#primaryimage"},"thumbnailUrl":"https:\/\/brasilnoticias.org\/site\/wp-content\/uploads\/2023\/04\/Artigo-Destaque_01224787_00.webp","datePublished":"2023-04-05T21:10:02+00:00","breadcrumb":{"@id":"https:\/\/brasilnoticias.org\/site\/autor-de-ataque-a-creche-esfaqueou-padrasto-quando-era-adolescente\/#breadcrumb"},"inLanguage":"pt-PT","potentialAction":[{"@type":"ReadAction","target":["https:\/\/brasilnoticias.org\/site\/autor-de-ataque-a-creche-esfaqueou-padrasto-quando-era-adolescente\/"]}]},{"@type":"ImageObject","inLanguage":"pt-PT","@id":"https:\/\/brasilnoticias.org\/site\/autor-de-ataque-a-creche-esfaqueou-padrasto-quando-era-adolescente\/#primaryimage","url":"https:\/\/brasilnoticias.org\/site\/wp-content\/uploads\/2023\/04\/Artigo-Destaque_01224787_00.webp","contentUrl":"https:\/\/brasilnoticias.org\/site\/wp-content\/uploads\/2023\/04\/Artigo-Destaque_01224787_00.webp","width":984,"height":554},{"@type":"BreadcrumbList","@id":"https:\/\/brasilnoticias.org\/site\/autor-de-ataque-a-creche-esfaqueou-padrasto-quando-era-adolescente\/#breadcrumb","itemListElement":[{"@type":"ListItem","position":1,"name":"In\u00edcio","item":"https:\/\/brasilnoticias.org\/site\/"},{"@type":"ListItem","position":2,"name":"Autor de ataque a creche esfaqueou padrasto quando era adolescente"}]},{"@type":"WebSite","@id":"https:\/\/brasilnoticias.org\/site\/#website","url":"https:\/\/brasilnoticias.org\/site\/","name":"Brasil not\u00edcias","description":"Brasil not\u00edcias","publisher":{"@id":"https:\/\/brasilnoticias.org\/site\/#organization"},"potentialAction":[{"@type":"SearchAction","target":{"@type":"EntryPoint","urlTemplate":"https:\/\/brasilnoticias.org\/site\/?s={search_term_string}"},"query-input":{"@type":"PropertyValueSpecification","valueRequired":true,"valueName":"search_term_string"}}],"inLanguage":"pt-PT"},{"@type":"Organization","@id":"https:\/\/brasilnoticias.org\/site\/#organization","name":"Brasil not\u00edcias","url":"https:\/\/brasilnoticias.org\/site\/","logo":{"@type":"ImageObject","inLanguage":"pt-PT","@id":"https:\/\/brasilnoticias.org\/site\/#\/schema\/logo\/image\/","url":"https:\/\/brasilnoticias.org\/site\/wp-content\/uploads\/2022\/05\/cropped-brasilnoticias-mini.jpg","contentUrl":"https:\/\/brasilnoticias.org\/site\/wp-content\/uploads\/2022\/05\/cropped-brasilnoticias-mini.jpg","width":314,"height":86,"caption":"Brasil not\u00edcias"},"image":{"@id":"https:\/\/brasilnoticias.org\/site\/#\/schema\/logo\/image\/"}},{"@type":"Person","@id":"https:\/\/brasilnoticias.org\/site\/#\/schema\/person\/a0e05b973ec4d15c658d51911e53507b","name":"Reda\u00e7\u00e3o","image":{"@type":"ImageObject","inLanguage":"pt-PT","@id":"https:\/\/brasilnoticias.org\/site\/#\/schema\/person\/image\/","url":"https:\/\/secure.gravatar.com\/avatar\/75d8b050df2de108b08ae78dfb8e374892df24a383c67db9c46a9c604f6aee9c?s=96&d=mm&r=g","contentUrl":"https:\/\/secure.gravatar.com\/avatar\/75d8b050df2de108b08ae78dfb8e374892df24a383c67db9c46a9c604f6aee9c?s=96&d=mm&r=g","caption":"Reda\u00e7\u00e3o"},"sameAs":["https:\/\/brasilnoticias.org\/site"],"url":"https:\/\/brasilnoticias.org\/site\/author\/fernandozsngmail-com\/"}]}},"_links":{"self":[{"href":"https:\/\/brasilnoticias.org\/site\/wp-json\/wp\/v2\/posts\/5242","targetHints":{"allow":["GET"]}}],"collection":[{"href":"https:\/\/brasilnoticias.org\/site\/wp-json\/wp\/v2\/posts"}],"about":[{"href":"https:\/\/brasilnoticias.org\/site\/wp-json\/wp\/v2\/types\/post"}],"author":[{"embeddable":true,"href":"https:\/\/brasilnoticias.org\/site\/wp-json\/wp\/v2\/users\/1"}],"replies":[{"embeddable":true,"href":"https:\/\/brasilnoticias.org\/site\/wp-json\/wp\/v2\/comments?post=5242"}],"version-history":[{"count":1,"href":"https:\/\/brasilnoticias.org\/site\/wp-json\/wp\/v2\/posts\/5242\/revisions"}],"predecessor-version":[{"id":5244,"href":"https:\/\/brasilnoticias.org\/site\/wp-json\/wp\/v2\/posts\/5242\/revisions\/5244"}],"wp:featuredmedia":[{"embeddable":true,"href":"https:\/\/brasilnoticias.org\/site\/wp-json\/wp\/v2\/media\/5243"}],"wp:attachment":[{"href":"https:\/\/brasilnoticias.org\/site\/wp-json\/wp\/v2\/media?parent=5242"}],"wp:term":[{"taxonomy":"category","embeddable":true,"href":"https:\/\/brasilnoticias.org\/site\/wp-json\/wp\/v2\/categories?post=5242"},{"taxonomy":"post_tag","embeddable":true,"href":"https:\/\/brasilnoticias.org\/site\/wp-json\/wp\/v2\/tags?post=5242"}],"curies":[{"name":"wp","href":"https:\/\/api.w.org\/{rel}","templated":true}]}}