{"id":5247,"date":"2023-04-06T06:47:05","date_gmt":"2023-04-06T09:47:05","guid":{"rendered":"https:\/\/brasilnoticias.org\/site\/?p=5247"},"modified":"2023-04-06T06:47:05","modified_gmt":"2023-04-06T09:47:05","slug":"o-varejo-em-crise-no-brasil-e-na-bahia","status":"publish","type":"post","link":"https:\/\/brasilnoticias.org\/site\/o-varejo-em-crise-no-brasil-e-na-bahia\/","title":{"rendered":"O varejo em crise no Brasil e na Bahia"},"content":{"rendered":"<p>O com\u00e9rcio varejista na Bahia est\u00e1 em crise. Em 2022, o com\u00e9rcio foi o \u00fanico setor da economia baiana cujo PIB registrou queda de quase 1%. Neste ano, as vendas de m\u00f3veis e eletrodom\u00e9sticos na Bahia ca\u00edram 21% e as de autom\u00f3veis despencaram 15%. E os setores de material de constru\u00e7\u00e3o, combust\u00edveis, hipermercados e outros tamb\u00e9m sofreram redu\u00e7\u00e3o nas vendas, sempre em rela\u00e7\u00e3o a 2021. Entre os grandes ramos, apenas as farm\u00e1cias registraram crescimento.<\/p>\n<p>A crise do setor n\u00e3o \u00e9 uma exclusividade baiana, ela est\u00e1 crescendo Brasil afora e, em 2022, o setor ficou em segundo lugar em n\u00famero de pedidos de recupera\u00e7\u00e3o judicial. No in\u00edcio de 2023, as lojas Americanas pediram recupera\u00e7\u00e3o judicial com um rombo cont\u00e1bil de R$ 40 bilh\u00f5es, e as grandes redes de com\u00e9rcio varejista no Brasil come\u00e7aram a registrar dificuldades financeiras, a exemplo das Lojas Marisa, Renner, Tok&amp;Stok e muitas outras. A rede Le Biscuit S.A, empresa baiana com sede em Feira de Santana e uma das maiores varejistas do pa\u00eds, registrou em 2022 um preju\u00edzo de R$106 milh\u00f5es, resultado praticamente igual ao verificado no ano passado. Para fazer frente \u00e0 crise, a companhia fechou nove lojas f\u00edsicas, fez ajustes na estrutura organizacional, est\u00e1 racionalizando despesas, ampliando sua a\u00e7\u00e3o nos canais digitais e executando um plano de reestrutura\u00e7\u00e3o da d\u00edvida.<\/p>\n<p>A crise come\u00e7ou na pandemia, pois o varejo foi o setor mais sacrificado, passando longos per\u00edodos de inatividade que levaram a descapitaliza\u00e7\u00e3o das empresas. Depois, o setor se deparou com um cen\u00e1rio macroecon\u00f4mico muito ruim, com o aumento da infla\u00e7\u00e3o, a alta da taxa b\u00e1sica de juros, a forte queda no consumo e a competi\u00e7\u00e3o desigual no \u00e2mbito do com\u00e9rcio virtual.<\/p>\n<p>A Selic escalou de 2% ao ano no in\u00edcio de 2021 para 13,75% ao ano desde agosto de 2022, o que significa que o custo do cr\u00e9dito est\u00e1 em patamares exorbitantes, inibindo o consumo e as vendas. Por outro lado, a perda de poder aquisitivo da popula\u00e7\u00e3o, frente uma infla\u00e7\u00e3o que ainda n\u00e3o foi debelada, segue crescente. Al\u00e9m disso, quando a taxa de juros estava em 2%, muitas empresas tomaram empr\u00e9stimos buscando uma alavancagem financeira e, de repente, se viram frente a um endividamento crescente.<\/p>\n<p>Para completar, o varejo brasileiro gera capital de giro em negocia\u00e7\u00e3o com fornecedores e usando dinheiro de terceiros e quando os juros batem em 13,75% isso se torna perigoso. Como se n\u00e3o bastasse, a concorr\u00eancia com o com\u00e9rcio eletr\u00f4nico, principalmente lojas chinesas, como Shein, Shopee e outras, que n\u00e3o pagam impostos e n\u00e3o tem imobilizado, estabeleceram uma competi\u00e7\u00e3o desleal e que vem ferindo de morte o varejo brasileiro.<\/p>\n<p>O cen\u00e1rio para 2023 ainda n\u00e3o est\u00e1 claro, mas \u00e9 preocupante. \u00c9 urgente, a redu\u00e7\u00e3o na taxa de juros e a aprova\u00e7\u00e3o da reforma tribut\u00e1ria \u2013 mas n\u00e3o para aumentar impostos e sim para desonerar e otimizar o setor. O com\u00e9rcio varejista \u00e9 uma das atividades que mais geram emprego e renda e \u00e9 preciso buscar solu\u00e7\u00f5es para o setor.<\/p>\n<p>&nbsp;<\/p>\n<p>Foto: Uendel Galter | Ag. A TARDE<br \/>\nA Tarde<\/p>\n","protected":false},"excerpt":{"rendered":"<p>O com\u00e9rcio varejista na Bahia est\u00e1 em crise. Em 2022, o com\u00e9rcio foi o \u00fanico setor da economia baiana cujo<\/p>\n","protected":false},"author":1,"featured_media":5248,"comment_status":"open","ping_status":"open","sticky":false,"template":"","format":"standard","meta":{"colormag_page_container_layout":"default_layout","colormag_page_sidebar_layout":"default_layout","_FSMCFIC_featured_image_caption":"","_FSMCFIC_featured_image_nocaption":"","_FSMCFIC_featured_image_hide":"","footnotes":""},"categories":[2,1],"tags":[],"class_list":["post-5247","post","type-post","status-publish","format-standard","has-post-thumbnail","hentry","category-noticias","category-ultimas"],"yoast_head":"<!-- This site is optimized with the Yoast SEO plugin v27.1.1 - https:\/\/yoast.com\/product\/yoast-seo-wordpress\/ -->\n<title>O varejo em crise no Brasil e na Bahia - Brasil not\u00edcias<\/title>\n<meta name=\"robots\" content=\"index, follow, max-snippet:-1, max-image-preview:large, max-video-preview:-1\" \/>\n<link rel=\"canonical\" href=\"https:\/\/brasilnoticias.org\/site\/o-varejo-em-crise-no-brasil-e-na-bahia\/\" \/>\n<meta property=\"og:locale\" content=\"pt_PT\" \/>\n<meta property=\"og:type\" content=\"article\" \/>\n<meta property=\"og:title\" content=\"O varejo em crise no Brasil e na Bahia - Brasil not\u00edcias\" \/>\n<meta property=\"og:description\" content=\"O com\u00e9rcio varejista na Bahia est\u00e1 em crise. Em 2022, o com\u00e9rcio foi o \u00fanico setor da economia baiana cujo\" \/>\n<meta property=\"og:url\" content=\"https:\/\/brasilnoticias.org\/site\/o-varejo-em-crise-no-brasil-e-na-bahia\/\" \/>\n<meta property=\"og:site_name\" content=\"Brasil not\u00edcias\" \/>\n<meta property=\"article:published_time\" content=\"2023-04-06T09:47:05+00:00\" \/>\n<meta property=\"og:image\" content=\"https:\/\/brasilnoticias.org\/site\/wp-content\/uploads\/2023\/04\/Artigo-Destaque_01224859_00.jpg\" \/>\n\t<meta property=\"og:image:width\" content=\"2000\" \/>\n\t<meta property=\"og:image:height\" content=\"1333\" \/>\n\t<meta property=\"og:image:type\" content=\"image\/jpeg\" \/>\n<meta name=\"author\" content=\"Reda\u00e7\u00e3o\" \/>\n<meta name=\"twitter:card\" content=\"summary_large_image\" \/>\n<meta name=\"twitter:label1\" content=\"Escrito por\" \/>\n\t<meta name=\"twitter:data1\" content=\"Reda\u00e7\u00e3o\" \/>\n\t<meta name=\"twitter:label2\" content=\"Tempo estimado de leitura\" \/>\n\t<meta name=\"twitter:data2\" content=\"3 minutos\" \/>\n<script type=\"application\/ld+json\" class=\"yoast-schema-graph\">{\"@context\":\"https:\/\/schema.org\",\"@graph\":[{\"@type\":\"Article\",\"@id\":\"https:\/\/brasilnoticias.org\/site\/o-varejo-em-crise-no-brasil-e-na-bahia\/#article\",\"isPartOf\":{\"@id\":\"https:\/\/brasilnoticias.org\/site\/o-varejo-em-crise-no-brasil-e-na-bahia\/\"},\"author\":{\"name\":\"Reda\u00e7\u00e3o\",\"@id\":\"https:\/\/brasilnoticias.org\/site\/#\/schema\/person\/a0e05b973ec4d15c658d51911e53507b\"},\"headline\":\"O varejo em crise no Brasil e na Bahia\",\"datePublished\":\"2023-04-06T09:47:05+00:00\",\"mainEntityOfPage\":{\"@id\":\"https:\/\/brasilnoticias.org\/site\/o-varejo-em-crise-no-brasil-e-na-bahia\/\"},\"wordCount\":547,\"commentCount\":0,\"publisher\":{\"@id\":\"https:\/\/brasilnoticias.org\/site\/#organization\"},\"image\":{\"@id\":\"https:\/\/brasilnoticias.org\/site\/o-varejo-em-crise-no-brasil-e-na-bahia\/#primaryimage\"},\"thumbnailUrl\":\"https:\/\/brasilnoticias.org\/site\/wp-content\/uploads\/2023\/04\/Artigo-Destaque_01224859_00.jpg\",\"articleSection\":[\"Not\u00edcias\",\"\u00daltimas\"],\"inLanguage\":\"pt-PT\",\"potentialAction\":[{\"@type\":\"CommentAction\",\"name\":\"Comment\",\"target\":[\"https:\/\/brasilnoticias.org\/site\/o-varejo-em-crise-no-brasil-e-na-bahia\/#respond\"]}]},{\"@type\":\"WebPage\",\"@id\":\"https:\/\/brasilnoticias.org\/site\/o-varejo-em-crise-no-brasil-e-na-bahia\/\",\"url\":\"https:\/\/brasilnoticias.org\/site\/o-varejo-em-crise-no-brasil-e-na-bahia\/\",\"name\":\"O varejo em crise no Brasil e na Bahia - Brasil not\u00edcias\",\"isPartOf\":{\"@id\":\"https:\/\/brasilnoticias.org\/site\/#website\"},\"primaryImageOfPage\":{\"@id\":\"https:\/\/brasilnoticias.org\/site\/o-varejo-em-crise-no-brasil-e-na-bahia\/#primaryimage\"},\"image\":{\"@id\":\"https:\/\/brasilnoticias.org\/site\/o-varejo-em-crise-no-brasil-e-na-bahia\/#primaryimage\"},\"thumbnailUrl\":\"https:\/\/brasilnoticias.org\/site\/wp-content\/uploads\/2023\/04\/Artigo-Destaque_01224859_00.jpg\",\"datePublished\":\"2023-04-06T09:47:05+00:00\",\"breadcrumb\":{\"@id\":\"https:\/\/brasilnoticias.org\/site\/o-varejo-em-crise-no-brasil-e-na-bahia\/#breadcrumb\"},\"inLanguage\":\"pt-PT\",\"potentialAction\":[{\"@type\":\"ReadAction\",\"target\":[\"https:\/\/brasilnoticias.org\/site\/o-varejo-em-crise-no-brasil-e-na-bahia\/\"]}]},{\"@type\":\"ImageObject\",\"inLanguage\":\"pt-PT\",\"@id\":\"https:\/\/brasilnoticias.org\/site\/o-varejo-em-crise-no-brasil-e-na-bahia\/#primaryimage\",\"url\":\"https:\/\/brasilnoticias.org\/site\/wp-content\/uploads\/2023\/04\/Artigo-Destaque_01224859_00.jpg\",\"contentUrl\":\"https:\/\/brasilnoticias.org\/site\/wp-content\/uploads\/2023\/04\/Artigo-Destaque_01224859_00.jpg\",\"width\":2000,\"height\":1333,\"caption\":\"ECONOMIA: come\u00e7a campanha \\\"Semana Brasil\\\" para impulsionar vendas no varejo Nas fotos: Movimenta\u00e7\u00e3o de consumidores no Shopping da Bahia, sendo loja em destaque Guaibim Foto: Uendel Galter\/ Ag A Tarde Data: 03\/09\/2020\"},{\"@type\":\"BreadcrumbList\",\"@id\":\"https:\/\/brasilnoticias.org\/site\/o-varejo-em-crise-no-brasil-e-na-bahia\/#breadcrumb\",\"itemListElement\":[{\"@type\":\"ListItem\",\"position\":1,\"name\":\"In\u00edcio\",\"item\":\"https:\/\/brasilnoticias.org\/site\/\"},{\"@type\":\"ListItem\",\"position\":2,\"name\":\"O varejo em crise no Brasil e na Bahia\"}]},{\"@type\":\"WebSite\",\"@id\":\"https:\/\/brasilnoticias.org\/site\/#website\",\"url\":\"https:\/\/brasilnoticias.org\/site\/\",\"name\":\"Brasil not\u00edcias\",\"description\":\"Brasil not\u00edcias\",\"publisher\":{\"@id\":\"https:\/\/brasilnoticias.org\/site\/#organization\"},\"potentialAction\":[{\"@type\":\"SearchAction\",\"target\":{\"@type\":\"EntryPoint\",\"urlTemplate\":\"https:\/\/brasilnoticias.org\/site\/?s={search_term_string}\"},\"query-input\":{\"@type\":\"PropertyValueSpecification\",\"valueRequired\":true,\"valueName\":\"search_term_string\"}}],\"inLanguage\":\"pt-PT\"},{\"@type\":\"Organization\",\"@id\":\"https:\/\/brasilnoticias.org\/site\/#organization\",\"name\":\"Brasil not\u00edcias\",\"url\":\"https:\/\/brasilnoticias.org\/site\/\",\"logo\":{\"@type\":\"ImageObject\",\"inLanguage\":\"pt-PT\",\"@id\":\"https:\/\/brasilnoticias.org\/site\/#\/schema\/logo\/image\/\",\"url\":\"https:\/\/brasilnoticias.org\/site\/wp-content\/uploads\/2022\/05\/cropped-brasilnoticias-mini.jpg\",\"contentUrl\":\"https:\/\/brasilnoticias.org\/site\/wp-content\/uploads\/2022\/05\/cropped-brasilnoticias-mini.jpg\",\"width\":314,\"height\":86,\"caption\":\"Brasil not\u00edcias\"},\"image\":{\"@id\":\"https:\/\/brasilnoticias.org\/site\/#\/schema\/logo\/image\/\"}},{\"@type\":\"Person\",\"@id\":\"https:\/\/brasilnoticias.org\/site\/#\/schema\/person\/a0e05b973ec4d15c658d51911e53507b\",\"name\":\"Reda\u00e7\u00e3o\",\"image\":{\"@type\":\"ImageObject\",\"inLanguage\":\"pt-PT\",\"@id\":\"https:\/\/brasilnoticias.org\/site\/#\/schema\/person\/image\/\",\"url\":\"https:\/\/secure.gravatar.com\/avatar\/75d8b050df2de108b08ae78dfb8e374892df24a383c67db9c46a9c604f6aee9c?s=96&d=mm&r=g\",\"contentUrl\":\"https:\/\/secure.gravatar.com\/avatar\/75d8b050df2de108b08ae78dfb8e374892df24a383c67db9c46a9c604f6aee9c?s=96&d=mm&r=g\",\"caption\":\"Reda\u00e7\u00e3o\"},\"sameAs\":[\"https:\/\/brasilnoticias.org\/site\"],\"url\":\"https:\/\/brasilnoticias.org\/site\/author\/fernandozsngmail-com\/\"}]}<\/script>\n<!-- \/ Yoast SEO plugin. -->","yoast_head_json":{"title":"O varejo em crise no Brasil e na Bahia - Brasil not\u00edcias","robots":{"index":"index","follow":"follow","max-snippet":"max-snippet:-1","max-image-preview":"max-image-preview:large","max-video-preview":"max-video-preview:-1"},"canonical":"https:\/\/brasilnoticias.org\/site\/o-varejo-em-crise-no-brasil-e-na-bahia\/","og_locale":"pt_PT","og_type":"article","og_title":"O varejo em crise no Brasil e na Bahia - Brasil not\u00edcias","og_description":"O com\u00e9rcio varejista na Bahia est\u00e1 em crise. Em 2022, o com\u00e9rcio foi o \u00fanico setor da economia baiana cujo","og_url":"https:\/\/brasilnoticias.org\/site\/o-varejo-em-crise-no-brasil-e-na-bahia\/","og_site_name":"Brasil not\u00edcias","article_published_time":"2023-04-06T09:47:05+00:00","og_image":[{"width":2000,"height":1333,"url":"https:\/\/brasilnoticias.org\/site\/wp-content\/uploads\/2023\/04\/Artigo-Destaque_01224859_00.jpg","type":"image\/jpeg"}],"author":"Reda\u00e7\u00e3o","twitter_card":"summary_large_image","twitter_misc":{"Escrito por":"Reda\u00e7\u00e3o","Tempo estimado de leitura":"3 minutos"},"schema":{"@context":"https:\/\/schema.org","@graph":[{"@type":"Article","@id":"https:\/\/brasilnoticias.org\/site\/o-varejo-em-crise-no-brasil-e-na-bahia\/#article","isPartOf":{"@id":"https:\/\/brasilnoticias.org\/site\/o-varejo-em-crise-no-brasil-e-na-bahia\/"},"author":{"name":"Reda\u00e7\u00e3o","@id":"https:\/\/brasilnoticias.org\/site\/#\/schema\/person\/a0e05b973ec4d15c658d51911e53507b"},"headline":"O varejo em crise no Brasil e na Bahia","datePublished":"2023-04-06T09:47:05+00:00","mainEntityOfPage":{"@id":"https:\/\/brasilnoticias.org\/site\/o-varejo-em-crise-no-brasil-e-na-bahia\/"},"wordCount":547,"commentCount":0,"publisher":{"@id":"https:\/\/brasilnoticias.org\/site\/#organization"},"image":{"@id":"https:\/\/brasilnoticias.org\/site\/o-varejo-em-crise-no-brasil-e-na-bahia\/#primaryimage"},"thumbnailUrl":"https:\/\/brasilnoticias.org\/site\/wp-content\/uploads\/2023\/04\/Artigo-Destaque_01224859_00.jpg","articleSection":["Not\u00edcias","\u00daltimas"],"inLanguage":"pt-PT","potentialAction":[{"@type":"CommentAction","name":"Comment","target":["https:\/\/brasilnoticias.org\/site\/o-varejo-em-crise-no-brasil-e-na-bahia\/#respond"]}]},{"@type":"WebPage","@id":"https:\/\/brasilnoticias.org\/site\/o-varejo-em-crise-no-brasil-e-na-bahia\/","url":"https:\/\/brasilnoticias.org\/site\/o-varejo-em-crise-no-brasil-e-na-bahia\/","name":"O varejo em crise no Brasil e na Bahia - Brasil not\u00edcias","isPartOf":{"@id":"https:\/\/brasilnoticias.org\/site\/#website"},"primaryImageOfPage":{"@id":"https:\/\/brasilnoticias.org\/site\/o-varejo-em-crise-no-brasil-e-na-bahia\/#primaryimage"},"image":{"@id":"https:\/\/brasilnoticias.org\/site\/o-varejo-em-crise-no-brasil-e-na-bahia\/#primaryimage"},"thumbnailUrl":"https:\/\/brasilnoticias.org\/site\/wp-content\/uploads\/2023\/04\/Artigo-Destaque_01224859_00.jpg","datePublished":"2023-04-06T09:47:05+00:00","breadcrumb":{"@id":"https:\/\/brasilnoticias.org\/site\/o-varejo-em-crise-no-brasil-e-na-bahia\/#breadcrumb"},"inLanguage":"pt-PT","potentialAction":[{"@type":"ReadAction","target":["https:\/\/brasilnoticias.org\/site\/o-varejo-em-crise-no-brasil-e-na-bahia\/"]}]},{"@type":"ImageObject","inLanguage":"pt-PT","@id":"https:\/\/brasilnoticias.org\/site\/o-varejo-em-crise-no-brasil-e-na-bahia\/#primaryimage","url":"https:\/\/brasilnoticias.org\/site\/wp-content\/uploads\/2023\/04\/Artigo-Destaque_01224859_00.jpg","contentUrl":"https:\/\/brasilnoticias.org\/site\/wp-content\/uploads\/2023\/04\/Artigo-Destaque_01224859_00.jpg","width":2000,"height":1333,"caption":"ECONOMIA: come\u00e7a campanha \"Semana Brasil\" para impulsionar vendas no varejo Nas fotos: Movimenta\u00e7\u00e3o de consumidores no Shopping da Bahia, sendo loja em destaque Guaibim Foto: Uendel Galter\/ Ag A Tarde Data: 03\/09\/2020"},{"@type":"BreadcrumbList","@id":"https:\/\/brasilnoticias.org\/site\/o-varejo-em-crise-no-brasil-e-na-bahia\/#breadcrumb","itemListElement":[{"@type":"ListItem","position":1,"name":"In\u00edcio","item":"https:\/\/brasilnoticias.org\/site\/"},{"@type":"ListItem","position":2,"name":"O varejo em crise no Brasil e na Bahia"}]},{"@type":"WebSite","@id":"https:\/\/brasilnoticias.org\/site\/#website","url":"https:\/\/brasilnoticias.org\/site\/","name":"Brasil not\u00edcias","description":"Brasil not\u00edcias","publisher":{"@id":"https:\/\/brasilnoticias.org\/site\/#organization"},"potentialAction":[{"@type":"SearchAction","target":{"@type":"EntryPoint","urlTemplate":"https:\/\/brasilnoticias.org\/site\/?s={search_term_string}"},"query-input":{"@type":"PropertyValueSpecification","valueRequired":true,"valueName":"search_term_string"}}],"inLanguage":"pt-PT"},{"@type":"Organization","@id":"https:\/\/brasilnoticias.org\/site\/#organization","name":"Brasil not\u00edcias","url":"https:\/\/brasilnoticias.org\/site\/","logo":{"@type":"ImageObject","inLanguage":"pt-PT","@id":"https:\/\/brasilnoticias.org\/site\/#\/schema\/logo\/image\/","url":"https:\/\/brasilnoticias.org\/site\/wp-content\/uploads\/2022\/05\/cropped-brasilnoticias-mini.jpg","contentUrl":"https:\/\/brasilnoticias.org\/site\/wp-content\/uploads\/2022\/05\/cropped-brasilnoticias-mini.jpg","width":314,"height":86,"caption":"Brasil not\u00edcias"},"image":{"@id":"https:\/\/brasilnoticias.org\/site\/#\/schema\/logo\/image\/"}},{"@type":"Person","@id":"https:\/\/brasilnoticias.org\/site\/#\/schema\/person\/a0e05b973ec4d15c658d51911e53507b","name":"Reda\u00e7\u00e3o","image":{"@type":"ImageObject","inLanguage":"pt-PT","@id":"https:\/\/brasilnoticias.org\/site\/#\/schema\/person\/image\/","url":"https:\/\/secure.gravatar.com\/avatar\/75d8b050df2de108b08ae78dfb8e374892df24a383c67db9c46a9c604f6aee9c?s=96&d=mm&r=g","contentUrl":"https:\/\/secure.gravatar.com\/avatar\/75d8b050df2de108b08ae78dfb8e374892df24a383c67db9c46a9c604f6aee9c?s=96&d=mm&r=g","caption":"Reda\u00e7\u00e3o"},"sameAs":["https:\/\/brasilnoticias.org\/site"],"url":"https:\/\/brasilnoticias.org\/site\/author\/fernandozsngmail-com\/"}]}},"_links":{"self":[{"href":"https:\/\/brasilnoticias.org\/site\/wp-json\/wp\/v2\/posts\/5247","targetHints":{"allow":["GET"]}}],"collection":[{"href":"https:\/\/brasilnoticias.org\/site\/wp-json\/wp\/v2\/posts"}],"about":[{"href":"https:\/\/brasilnoticias.org\/site\/wp-json\/wp\/v2\/types\/post"}],"author":[{"embeddable":true,"href":"https:\/\/brasilnoticias.org\/site\/wp-json\/wp\/v2\/users\/1"}],"replies":[{"embeddable":true,"href":"https:\/\/brasilnoticias.org\/site\/wp-json\/wp\/v2\/comments?post=5247"}],"version-history":[{"count":1,"href":"https:\/\/brasilnoticias.org\/site\/wp-json\/wp\/v2\/posts\/5247\/revisions"}],"predecessor-version":[{"id":5249,"href":"https:\/\/brasilnoticias.org\/site\/wp-json\/wp\/v2\/posts\/5247\/revisions\/5249"}],"wp:featuredmedia":[{"embeddable":true,"href":"https:\/\/brasilnoticias.org\/site\/wp-json\/wp\/v2\/media\/5248"}],"wp:attachment":[{"href":"https:\/\/brasilnoticias.org\/site\/wp-json\/wp\/v2\/media?parent=5247"}],"wp:term":[{"taxonomy":"category","embeddable":true,"href":"https:\/\/brasilnoticias.org\/site\/wp-json\/wp\/v2\/categories?post=5247"},{"taxonomy":"post_tag","embeddable":true,"href":"https:\/\/brasilnoticias.org\/site\/wp-json\/wp\/v2\/tags?post=5247"}],"curies":[{"name":"wp","href":"https:\/\/api.w.org\/{rel}","templated":true}]}}