{"id":5264,"date":"2023-04-06T17:34:21","date_gmt":"2023-04-06T20:34:21","guid":{"rendered":"https:\/\/brasilnoticias.org\/site\/?p=5264"},"modified":"2023-04-06T17:34:21","modified_gmt":"2023-04-06T20:34:21","slug":"juventus-e-punida-apos-caso-de-racismo-contra-lukaku","status":"publish","type":"post","link":"https:\/\/brasilnoticias.org\/site\/juventus-e-punida-apos-caso-de-racismo-contra-lukaku\/","title":{"rendered":"Juventus \u00e9 punida ap\u00f3s caso de racismo contra Lukaku"},"content":{"rendered":"<p>A Liga Italiana puniu a equipe da Juventus, nesta quinta-feira, 6, por causa de c\u00e2nticos racistas proferidos pela torcida contra o atacante Lukaku, da Inter de Mil\u00e3o. O crime foi registrado na partida entre as equipes, pela semifinal da Copa da It\u00e1lia, na \u00faltima ter\u00e7a-feira.<\/p>\n<p>Com a puni\u00e7\u00e3o, a Juventus ter\u00e1 que fechar o setor sul do Juventus Stadium por um jogo. V\u00edtima de c\u00e2nticos racistas, Lukaku levou cart\u00e3o amarelo ap\u00f3s mandar a torcida se calar em comemora\u00e7\u00e3o e est\u00e1 suspenso do jogo da volta. A ida terminou com o placar de 1 a 1.<\/p>\n<p>A a\u00e7\u00e3o de alguns torcedores da Juventus provocou consequ\u00eancias em campo. A provoca\u00e7\u00e3o de Lukaku ap\u00f3s a cobran\u00e7a de p\u00eanalti irritou jogadores do clube da casa e o cl\u00e1ssico italiano terminou em confus\u00e3o generalizada.<\/p>\n<div id=\"dp-v-par1\" class=\"jba\" data-google-query-id=\"CKS23_uMlv4CFU4GuQYdmf4BqA\">\n<p>Ap\u00f3s o tumulto, o atacante Juan Cuadrado, da Juventus, e o goleiro Handanovic, da Inter, acabaram expulsos. Al\u00e9m das puni\u00e7\u00f5es, cada atleta recebeu uma multa no valor de\u00a0 dez mil euros, cerca de R$ 55 mil.<\/p>\n<div class=\"article-info-tags\"><\/div>\n<\/div>\n<p>Foto: Marco BERTORELLO | AFP<\/p>\n<p>A Tarde<\/p>\n","protected":false},"excerpt":{"rendered":"<p>A Liga Italiana puniu a equipe da Juventus, nesta quinta-feira, 6, por causa de c\u00e2nticos racistas proferidos pela torcida contra<\/p>\n","protected":false},"author":1,"featured_media":5265,"comment_status":"open","ping_status":"open","sticky":false,"template":"","format":"standard","meta":{"colormag_page_container_layout":"default_layout","colormag_page_sidebar_layout":"default_layout","_FSMCFIC_featured_image_caption":"","_FSMCFIC_featured_image_nocaption":"","_FSMCFIC_featured_image_hide":"","footnotes":""},"categories":[4,1],"tags":[],"class_list":["post-5264","post","type-post","status-publish","format-standard","has-post-thumbnail","hentry","category-esporte","category-ultimas"],"yoast_head":"<!-- This site is optimized with the Yoast SEO plugin v27.1.1 - https:\/\/yoast.com\/product\/yoast-seo-wordpress\/ -->\n<title>Juventus \u00e9 punida ap\u00f3s caso de racismo contra Lukaku - Brasil not\u00edcias<\/title>\n<meta name=\"robots\" content=\"index, follow, max-snippet:-1, max-image-preview:large, max-video-preview:-1\" \/>\n<link rel=\"canonical\" href=\"https:\/\/brasilnoticias.org\/site\/juventus-e-punida-apos-caso-de-racismo-contra-lukaku\/\" \/>\n<meta property=\"og:locale\" content=\"pt_PT\" \/>\n<meta property=\"og:type\" content=\"article\" \/>\n<meta property=\"og:title\" content=\"Juventus \u00e9 punida ap\u00f3s caso de racismo contra Lukaku - Brasil not\u00edcias\" \/>\n<meta property=\"og:description\" content=\"A Liga Italiana puniu a equipe da Juventus, nesta quinta-feira, 6, por causa de c\u00e2nticos racistas proferidos pela torcida contra\" \/>\n<meta property=\"og:url\" content=\"https:\/\/brasilnoticias.org\/site\/juventus-e-punida-apos-caso-de-racismo-contra-lukaku\/\" \/>\n<meta property=\"og:site_name\" content=\"Brasil not\u00edcias\" \/>\n<meta property=\"article:published_time\" content=\"2023-04-06T20:34:21+00:00\" \/>\n<meta property=\"og:image\" content=\"https:\/\/brasilnoticias.org\/site\/wp-content\/uploads\/2023\/04\/Artigo-Destaque_01224933_00.jpg\" \/>\n\t<meta property=\"og:image:width\" content=\"924\" \/>\n\t<meta property=\"og:image:height\" content=\"616\" \/>\n\t<meta property=\"og:image:type\" content=\"image\/jpeg\" \/>\n<meta name=\"author\" content=\"Reda\u00e7\u00e3o\" \/>\n<meta name=\"twitter:card\" content=\"summary_large_image\" \/>\n<meta name=\"twitter:label1\" content=\"Escrito por\" \/>\n\t<meta name=\"twitter:data1\" content=\"Reda\u00e7\u00e3o\" \/>\n\t<meta name=\"twitter:label2\" content=\"Tempo estimado de leitura\" \/>\n\t<meta name=\"twitter:data2\" content=\"1 minuto\" \/>\n<script type=\"application\/ld+json\" class=\"yoast-schema-graph\">{\"@context\":\"https:\/\/schema.org\",\"@graph\":[{\"@type\":\"Article\",\"@id\":\"https:\/\/brasilnoticias.org\/site\/juventus-e-punida-apos-caso-de-racismo-contra-lukaku\/#article\",\"isPartOf\":{\"@id\":\"https:\/\/brasilnoticias.org\/site\/juventus-e-punida-apos-caso-de-racismo-contra-lukaku\/\"},\"author\":{\"name\":\"Reda\u00e7\u00e3o\",\"@id\":\"https:\/\/brasilnoticias.org\/site\/#\/schema\/person\/a0e05b973ec4d15c658d51911e53507b\"},\"headline\":\"Juventus \u00e9 punida ap\u00f3s caso de racismo contra Lukaku\",\"datePublished\":\"2023-04-06T20:34:21+00:00\",\"mainEntityOfPage\":{\"@id\":\"https:\/\/brasilnoticias.org\/site\/juventus-e-punida-apos-caso-de-racismo-contra-lukaku\/\"},\"wordCount\":197,\"commentCount\":0,\"publisher\":{\"@id\":\"https:\/\/brasilnoticias.org\/site\/#organization\"},\"image\":{\"@id\":\"https:\/\/brasilnoticias.org\/site\/juventus-e-punida-apos-caso-de-racismo-contra-lukaku\/#primaryimage\"},\"thumbnailUrl\":\"https:\/\/brasilnoticias.org\/site\/wp-content\/uploads\/2023\/04\/Artigo-Destaque_01224933_00.jpg\",\"articleSection\":[\"Esporte\",\"\u00daltimas\"],\"inLanguage\":\"pt-PT\",\"potentialAction\":[{\"@type\":\"CommentAction\",\"name\":\"Comment\",\"target\":[\"https:\/\/brasilnoticias.org\/site\/juventus-e-punida-apos-caso-de-racismo-contra-lukaku\/#respond\"]}]},{\"@type\":\"WebPage\",\"@id\":\"https:\/\/brasilnoticias.org\/site\/juventus-e-punida-apos-caso-de-racismo-contra-lukaku\/\",\"url\":\"https:\/\/brasilnoticias.org\/site\/juventus-e-punida-apos-caso-de-racismo-contra-lukaku\/\",\"name\":\"Juventus \u00e9 punida ap\u00f3s caso de racismo contra Lukaku - Brasil not\u00edcias\",\"isPartOf\":{\"@id\":\"https:\/\/brasilnoticias.org\/site\/#website\"},\"primaryImageOfPage\":{\"@id\":\"https:\/\/brasilnoticias.org\/site\/juventus-e-punida-apos-caso-de-racismo-contra-lukaku\/#primaryimage\"},\"image\":{\"@id\":\"https:\/\/brasilnoticias.org\/site\/juventus-e-punida-apos-caso-de-racismo-contra-lukaku\/#primaryimage\"},\"thumbnailUrl\":\"https:\/\/brasilnoticias.org\/site\/wp-content\/uploads\/2023\/04\/Artigo-Destaque_01224933_00.jpg\",\"datePublished\":\"2023-04-06T20:34:21+00:00\",\"breadcrumb\":{\"@id\":\"https:\/\/brasilnoticias.org\/site\/juventus-e-punida-apos-caso-de-racismo-contra-lukaku\/#breadcrumb\"},\"inLanguage\":\"pt-PT\",\"potentialAction\":[{\"@type\":\"ReadAction\",\"target\":[\"https:\/\/brasilnoticias.org\/site\/juventus-e-punida-apos-caso-de-racismo-contra-lukaku\/\"]}]},{\"@type\":\"ImageObject\",\"inLanguage\":\"pt-PT\",\"@id\":\"https:\/\/brasilnoticias.org\/site\/juventus-e-punida-apos-caso-de-racismo-contra-lukaku\/#primaryimage\",\"url\":\"https:\/\/brasilnoticias.org\/site\/wp-content\/uploads\/2023\/04\/Artigo-Destaque_01224933_00.jpg\",\"contentUrl\":\"https:\/\/brasilnoticias.org\/site\/wp-content\/uploads\/2023\/04\/Artigo-Destaque_01224933_00.jpg\",\"width\":924,\"height\":616},{\"@type\":\"BreadcrumbList\",\"@id\":\"https:\/\/brasilnoticias.org\/site\/juventus-e-punida-apos-caso-de-racismo-contra-lukaku\/#breadcrumb\",\"itemListElement\":[{\"@type\":\"ListItem\",\"position\":1,\"name\":\"In\u00edcio\",\"item\":\"https:\/\/brasilnoticias.org\/site\/\"},{\"@type\":\"ListItem\",\"position\":2,\"name\":\"Juventus \u00e9 punida ap\u00f3s caso de racismo contra Lukaku\"}]},{\"@type\":\"WebSite\",\"@id\":\"https:\/\/brasilnoticias.org\/site\/#website\",\"url\":\"https:\/\/brasilnoticias.org\/site\/\",\"name\":\"Brasil not\u00edcias\",\"description\":\"Brasil not\u00edcias\",\"publisher\":{\"@id\":\"https:\/\/brasilnoticias.org\/site\/#organization\"},\"potentialAction\":[{\"@type\":\"SearchAction\",\"target\":{\"@type\":\"EntryPoint\",\"urlTemplate\":\"https:\/\/brasilnoticias.org\/site\/?s={search_term_string}\"},\"query-input\":{\"@type\":\"PropertyValueSpecification\",\"valueRequired\":true,\"valueName\":\"search_term_string\"}}],\"inLanguage\":\"pt-PT\"},{\"@type\":\"Organization\",\"@id\":\"https:\/\/brasilnoticias.org\/site\/#organization\",\"name\":\"Brasil not\u00edcias\",\"url\":\"https:\/\/brasilnoticias.org\/site\/\",\"logo\":{\"@type\":\"ImageObject\",\"inLanguage\":\"pt-PT\",\"@id\":\"https:\/\/brasilnoticias.org\/site\/#\/schema\/logo\/image\/\",\"url\":\"https:\/\/brasilnoticias.org\/site\/wp-content\/uploads\/2022\/05\/cropped-brasilnoticias-mini.jpg\",\"contentUrl\":\"https:\/\/brasilnoticias.org\/site\/wp-content\/uploads\/2022\/05\/cropped-brasilnoticias-mini.jpg\",\"width\":314,\"height\":86,\"caption\":\"Brasil not\u00edcias\"},\"image\":{\"@id\":\"https:\/\/brasilnoticias.org\/site\/#\/schema\/logo\/image\/\"}},{\"@type\":\"Person\",\"@id\":\"https:\/\/brasilnoticias.org\/site\/#\/schema\/person\/a0e05b973ec4d15c658d51911e53507b\",\"name\":\"Reda\u00e7\u00e3o\",\"image\":{\"@type\":\"ImageObject\",\"inLanguage\":\"pt-PT\",\"@id\":\"https:\/\/brasilnoticias.org\/site\/#\/schema\/person\/image\/\",\"url\":\"https:\/\/secure.gravatar.com\/avatar\/75d8b050df2de108b08ae78dfb8e374892df24a383c67db9c46a9c604f6aee9c?s=96&d=mm&r=g\",\"contentUrl\":\"https:\/\/secure.gravatar.com\/avatar\/75d8b050df2de108b08ae78dfb8e374892df24a383c67db9c46a9c604f6aee9c?s=96&d=mm&r=g\",\"caption\":\"Reda\u00e7\u00e3o\"},\"sameAs\":[\"https:\/\/brasilnoticias.org\/site\"],\"url\":\"https:\/\/brasilnoticias.org\/site\/author\/fernandozsngmail-com\/\"}]}<\/script>\n<!-- \/ Yoast SEO plugin. -->","yoast_head_json":{"title":"Juventus \u00e9 punida ap\u00f3s caso de racismo contra Lukaku - Brasil not\u00edcias","robots":{"index":"index","follow":"follow","max-snippet":"max-snippet:-1","max-image-preview":"max-image-preview:large","max-video-preview":"max-video-preview:-1"},"canonical":"https:\/\/brasilnoticias.org\/site\/juventus-e-punida-apos-caso-de-racismo-contra-lukaku\/","og_locale":"pt_PT","og_type":"article","og_title":"Juventus \u00e9 punida ap\u00f3s caso de racismo contra Lukaku - Brasil not\u00edcias","og_description":"A Liga Italiana puniu a equipe da Juventus, nesta quinta-feira, 6, por causa de c\u00e2nticos racistas proferidos pela torcida contra","og_url":"https:\/\/brasilnoticias.org\/site\/juventus-e-punida-apos-caso-de-racismo-contra-lukaku\/","og_site_name":"Brasil not\u00edcias","article_published_time":"2023-04-06T20:34:21+00:00","og_image":[{"width":924,"height":616,"url":"https:\/\/brasilnoticias.org\/site\/wp-content\/uploads\/2023\/04\/Artigo-Destaque_01224933_00.jpg","type":"image\/jpeg"}],"author":"Reda\u00e7\u00e3o","twitter_card":"summary_large_image","twitter_misc":{"Escrito por":"Reda\u00e7\u00e3o","Tempo estimado de leitura":"1 minuto"},"schema":{"@context":"https:\/\/schema.org","@graph":[{"@type":"Article","@id":"https:\/\/brasilnoticias.org\/site\/juventus-e-punida-apos-caso-de-racismo-contra-lukaku\/#article","isPartOf":{"@id":"https:\/\/brasilnoticias.org\/site\/juventus-e-punida-apos-caso-de-racismo-contra-lukaku\/"},"author":{"name":"Reda\u00e7\u00e3o","@id":"https:\/\/brasilnoticias.org\/site\/#\/schema\/person\/a0e05b973ec4d15c658d51911e53507b"},"headline":"Juventus \u00e9 punida ap\u00f3s caso de racismo contra Lukaku","datePublished":"2023-04-06T20:34:21+00:00","mainEntityOfPage":{"@id":"https:\/\/brasilnoticias.org\/site\/juventus-e-punida-apos-caso-de-racismo-contra-lukaku\/"},"wordCount":197,"commentCount":0,"publisher":{"@id":"https:\/\/brasilnoticias.org\/site\/#organization"},"image":{"@id":"https:\/\/brasilnoticias.org\/site\/juventus-e-punida-apos-caso-de-racismo-contra-lukaku\/#primaryimage"},"thumbnailUrl":"https:\/\/brasilnoticias.org\/site\/wp-content\/uploads\/2023\/04\/Artigo-Destaque_01224933_00.jpg","articleSection":["Esporte","\u00daltimas"],"inLanguage":"pt-PT","potentialAction":[{"@type":"CommentAction","name":"Comment","target":["https:\/\/brasilnoticias.org\/site\/juventus-e-punida-apos-caso-de-racismo-contra-lukaku\/#respond"]}]},{"@type":"WebPage","@id":"https:\/\/brasilnoticias.org\/site\/juventus-e-punida-apos-caso-de-racismo-contra-lukaku\/","url":"https:\/\/brasilnoticias.org\/site\/juventus-e-punida-apos-caso-de-racismo-contra-lukaku\/","name":"Juventus \u00e9 punida ap\u00f3s caso de racismo contra Lukaku - Brasil not\u00edcias","isPartOf":{"@id":"https:\/\/brasilnoticias.org\/site\/#website"},"primaryImageOfPage":{"@id":"https:\/\/brasilnoticias.org\/site\/juventus-e-punida-apos-caso-de-racismo-contra-lukaku\/#primaryimage"},"image":{"@id":"https:\/\/brasilnoticias.org\/site\/juventus-e-punida-apos-caso-de-racismo-contra-lukaku\/#primaryimage"},"thumbnailUrl":"https:\/\/brasilnoticias.org\/site\/wp-content\/uploads\/2023\/04\/Artigo-Destaque_01224933_00.jpg","datePublished":"2023-04-06T20:34:21+00:00","breadcrumb":{"@id":"https:\/\/brasilnoticias.org\/site\/juventus-e-punida-apos-caso-de-racismo-contra-lukaku\/#breadcrumb"},"inLanguage":"pt-PT","potentialAction":[{"@type":"ReadAction","target":["https:\/\/brasilnoticias.org\/site\/juventus-e-punida-apos-caso-de-racismo-contra-lukaku\/"]}]},{"@type":"ImageObject","inLanguage":"pt-PT","@id":"https:\/\/brasilnoticias.org\/site\/juventus-e-punida-apos-caso-de-racismo-contra-lukaku\/#primaryimage","url":"https:\/\/brasilnoticias.org\/site\/wp-content\/uploads\/2023\/04\/Artigo-Destaque_01224933_00.jpg","contentUrl":"https:\/\/brasilnoticias.org\/site\/wp-content\/uploads\/2023\/04\/Artigo-Destaque_01224933_00.jpg","width":924,"height":616},{"@type":"BreadcrumbList","@id":"https:\/\/brasilnoticias.org\/site\/juventus-e-punida-apos-caso-de-racismo-contra-lukaku\/#breadcrumb","itemListElement":[{"@type":"ListItem","position":1,"name":"In\u00edcio","item":"https:\/\/brasilnoticias.org\/site\/"},{"@type":"ListItem","position":2,"name":"Juventus \u00e9 punida ap\u00f3s caso de racismo contra Lukaku"}]},{"@type":"WebSite","@id":"https:\/\/brasilnoticias.org\/site\/#website","url":"https:\/\/brasilnoticias.org\/site\/","name":"Brasil not\u00edcias","description":"Brasil not\u00edcias","publisher":{"@id":"https:\/\/brasilnoticias.org\/site\/#organization"},"potentialAction":[{"@type":"SearchAction","target":{"@type":"EntryPoint","urlTemplate":"https:\/\/brasilnoticias.org\/site\/?s={search_term_string}"},"query-input":{"@type":"PropertyValueSpecification","valueRequired":true,"valueName":"search_term_string"}}],"inLanguage":"pt-PT"},{"@type":"Organization","@id":"https:\/\/brasilnoticias.org\/site\/#organization","name":"Brasil not\u00edcias","url":"https:\/\/brasilnoticias.org\/site\/","logo":{"@type":"ImageObject","inLanguage":"pt-PT","@id":"https:\/\/brasilnoticias.org\/site\/#\/schema\/logo\/image\/","url":"https:\/\/brasilnoticias.org\/site\/wp-content\/uploads\/2022\/05\/cropped-brasilnoticias-mini.jpg","contentUrl":"https:\/\/brasilnoticias.org\/site\/wp-content\/uploads\/2022\/05\/cropped-brasilnoticias-mini.jpg","width":314,"height":86,"caption":"Brasil not\u00edcias"},"image":{"@id":"https:\/\/brasilnoticias.org\/site\/#\/schema\/logo\/image\/"}},{"@type":"Person","@id":"https:\/\/brasilnoticias.org\/site\/#\/schema\/person\/a0e05b973ec4d15c658d51911e53507b","name":"Reda\u00e7\u00e3o","image":{"@type":"ImageObject","inLanguage":"pt-PT","@id":"https:\/\/brasilnoticias.org\/site\/#\/schema\/person\/image\/","url":"https:\/\/secure.gravatar.com\/avatar\/75d8b050df2de108b08ae78dfb8e374892df24a383c67db9c46a9c604f6aee9c?s=96&d=mm&r=g","contentUrl":"https:\/\/secure.gravatar.com\/avatar\/75d8b050df2de108b08ae78dfb8e374892df24a383c67db9c46a9c604f6aee9c?s=96&d=mm&r=g","caption":"Reda\u00e7\u00e3o"},"sameAs":["https:\/\/brasilnoticias.org\/site"],"url":"https:\/\/brasilnoticias.org\/site\/author\/fernandozsngmail-com\/"}]}},"_links":{"self":[{"href":"https:\/\/brasilnoticias.org\/site\/wp-json\/wp\/v2\/posts\/5264","targetHints":{"allow":["GET"]}}],"collection":[{"href":"https:\/\/brasilnoticias.org\/site\/wp-json\/wp\/v2\/posts"}],"about":[{"href":"https:\/\/brasilnoticias.org\/site\/wp-json\/wp\/v2\/types\/post"}],"author":[{"embeddable":true,"href":"https:\/\/brasilnoticias.org\/site\/wp-json\/wp\/v2\/users\/1"}],"replies":[{"embeddable":true,"href":"https:\/\/brasilnoticias.org\/site\/wp-json\/wp\/v2\/comments?post=5264"}],"version-history":[{"count":1,"href":"https:\/\/brasilnoticias.org\/site\/wp-json\/wp\/v2\/posts\/5264\/revisions"}],"predecessor-version":[{"id":5266,"href":"https:\/\/brasilnoticias.org\/site\/wp-json\/wp\/v2\/posts\/5264\/revisions\/5266"}],"wp:featuredmedia":[{"embeddable":true,"href":"https:\/\/brasilnoticias.org\/site\/wp-json\/wp\/v2\/media\/5265"}],"wp:attachment":[{"href":"https:\/\/brasilnoticias.org\/site\/wp-json\/wp\/v2\/media?parent=5264"}],"wp:term":[{"taxonomy":"category","embeddable":true,"href":"https:\/\/brasilnoticias.org\/site\/wp-json\/wp\/v2\/categories?post=5264"},{"taxonomy":"post_tag","embeddable":true,"href":"https:\/\/brasilnoticias.org\/site\/wp-json\/wp\/v2\/tags?post=5264"}],"curies":[{"name":"wp","href":"https:\/\/api.w.org\/{rel}","templated":true}]}}