{"id":5267,"date":"2023-04-06T17:36:05","date_gmt":"2023-04-06T20:36:05","guid":{"rendered":"https:\/\/brasilnoticias.org\/site\/?p=5267"},"modified":"2023-04-06T17:36:05","modified_gmt":"2023-04-06T20:36:05","slug":"governo-inaugura-segunda-etapa-de-implantacao-do-hospital-do-homem","status":"publish","type":"post","link":"https:\/\/brasilnoticias.org\/site\/governo-inaugura-segunda-etapa-de-implantacao-do-hospital-do-homem\/","title":{"rendered":"Governo inaugura segunda etapa de implanta\u00e7\u00e3o do Hospital do Homem"},"content":{"rendered":"<p>O governador em exerc\u00edcio Geraldo J\u00fanior (MDB) participou da segunda etapa de implanta\u00e7\u00e3o do Hospital do Homem nesta\u00a0 quinta-feira, 6, em Salvador. A unidade foi instalada no Hospital Geral Roberto Santos (HGRS), no Cabula. O investimento do Governo do Estado foi de R$ 3,6 milh\u00f5es nesta fase, entre equipamentos e mobili\u00e1rios.<\/p>\n<p>&nbsp;<\/p>\n<p>O espa\u00e7o permite a realiza\u00e7\u00e3o de quatro mil consultas ambulatoriais e quase 500 cirurgias por m\u00eas, em adultos e crian\u00e7as. Na atual etapa, foram abertas seis novas salas para a realiza\u00e7\u00e3o de novos exames, como urodin\u00e2mica e bi\u00f3psia guiada por ultrassonografia, al\u00e9m de local para observa\u00e7\u00e3o p\u00f3s-procedimentos.<\/p>\n<p>\u201cCom essa iniciativa, o Hospital do Homem passa a contar com equipamentos de alta qualidade para a amplia\u00e7\u00e3o da capacidade de atendimento, em conjunto com a escolha e qualifica\u00e7\u00e3o dos profissionais, para transformar e cuidar ainda mais da vida das pessoas, valorizando a sa\u00fade p\u00fablica\u201d, disse Geraldo J\u00fanior.<\/p>\n<div id=\"dp-v-par1\" class=\"jba\" data-google-query-id=\"CNHf27iNlv4CFRcCuQYduVMDUQ\">\n<p>O Hospital do Homem \u00e9 equipado para atendimento a pacientes com doen\u00e7as do aparelho urin\u00e1rio 24 horas por dia, sete dias por semana. A unidade \u00e9 refer\u00eancia no tratamento especializado. A titular da Secretaria de Sa\u00fade do Estado, Roberta Santana, detalhou a opera\u00e7\u00e3o do espa\u00e7o.<\/p>\n<p>\u201cO atendimento oferecido atende demandas eletivas e de emerg\u00eancia. Os pacientes que tiverem necessidade podem acessar o servi\u00e7o pela central de regula\u00e7\u00e3o e tamb\u00e9m de forma eletiva com base na lista \u00fanica do SUS, onde o cidad\u00e3o inscrito pode realizar procedimento ambulatorial e tamb\u00e9m os procedimentos cir\u00fargicos\u201d, disse a gestora da pasta.<\/p>\n<p>Ap\u00f3s a implanta\u00e7\u00e3o do novo servi\u00e7o, o HGRS ampliou o n\u00famero de procedimentos em urologia, segundo informa\u00e7\u00e3o apresentada pelo coordenador do Hospital do Homem, Joabe Carneiro.<\/p>\n<p>\u201cA inaugura\u00e7\u00e3o da primeira etapa, no ano passado, permitiu que a urologia dobrasse o n\u00famero de procedimentos. Ano passado tivemos uma m\u00e9dia de cem procedimentos, j\u00e1 neste m\u00eas de mar\u00e7o, n\u00f3s tivemos duzentos\u201d, acrescentou o m\u00e9dico.<\/p>\n<div id=\"dp-v-par2\" class=\"jba\" data-google-query-id=\"CO__97iNlv4CFa0UuQYdxeULSQ\"><\/div>\n<\/div>\n<p><label class=\"mw-image-author\">Foto: Antonio Queir\u00f3s\/GOVBA<\/label><\/p>\n<p>A Tarde<\/p>\n","protected":false},"excerpt":{"rendered":"<p>O governador em exerc\u00edcio Geraldo J\u00fanior (MDB) participou da segunda etapa de implanta\u00e7\u00e3o do Hospital do Homem nesta\u00a0 quinta-feira, 6,<\/p>\n","protected":false},"author":1,"featured_media":5268,"comment_status":"open","ping_status":"open","sticky":false,"template":"","format":"standard","meta":{"colormag_page_container_layout":"default_layout","colormag_page_sidebar_layout":"default_layout","_FSMCFIC_featured_image_caption":"","_FSMCFIC_featured_image_nocaption":"","_FSMCFIC_featured_image_hide":"","footnotes":""},"categories":[2,1],"tags":[],"class_list":["post-5267","post","type-post","status-publish","format-standard","has-post-thumbnail","hentry","category-noticias","category-ultimas"],"yoast_head":"<!-- This site is optimized with the Yoast SEO plugin v27.1.1 - https:\/\/yoast.com\/product\/yoast-seo-wordpress\/ -->\n<title>Governo inaugura segunda etapa de implanta\u00e7\u00e3o do Hospital do Homem - Brasil not\u00edcias<\/title>\n<meta name=\"robots\" content=\"index, follow, max-snippet:-1, max-image-preview:large, max-video-preview:-1\" \/>\n<link rel=\"canonical\" href=\"https:\/\/brasilnoticias.org\/site\/governo-inaugura-segunda-etapa-de-implantacao-do-hospital-do-homem\/\" \/>\n<meta property=\"og:locale\" content=\"pt_PT\" \/>\n<meta property=\"og:type\" content=\"article\" \/>\n<meta property=\"og:title\" content=\"Governo inaugura segunda etapa de implanta\u00e7\u00e3o do Hospital do Homem - Brasil not\u00edcias\" \/>\n<meta property=\"og:description\" content=\"O governador em exerc\u00edcio Geraldo J\u00fanior (MDB) participou da segunda etapa de implanta\u00e7\u00e3o do Hospital do Homem nesta\u00a0 quinta-feira, 6,\" \/>\n<meta property=\"og:url\" content=\"https:\/\/brasilnoticias.org\/site\/governo-inaugura-segunda-etapa-de-implantacao-do-hospital-do-homem\/\" \/>\n<meta property=\"og:site_name\" content=\"Brasil not\u00edcias\" \/>\n<meta property=\"article:published_time\" content=\"2023-04-06T20:36:05+00:00\" \/>\n<meta property=\"og:image\" content=\"https:\/\/brasilnoticias.org\/site\/wp-content\/uploads\/2023\/04\/Artigo-Destaque_01224940_00.jpg\" \/>\n\t<meta property=\"og:image:width\" content=\"1224\" \/>\n\t<meta property=\"og:image:height\" content=\"816\" \/>\n\t<meta property=\"og:image:type\" content=\"image\/jpeg\" \/>\n<meta name=\"author\" content=\"Reda\u00e7\u00e3o\" \/>\n<meta name=\"twitter:card\" content=\"summary_large_image\" \/>\n<meta name=\"twitter:label1\" content=\"Escrito por\" \/>\n\t<meta name=\"twitter:data1\" content=\"Reda\u00e7\u00e3o\" \/>\n\t<meta name=\"twitter:label2\" content=\"Tempo estimado de leitura\" \/>\n\t<meta name=\"twitter:data2\" content=\"2 minutos\" \/>\n<script type=\"application\/ld+json\" class=\"yoast-schema-graph\">{\"@context\":\"https:\/\/schema.org\",\"@graph\":[{\"@type\":\"Article\",\"@id\":\"https:\/\/brasilnoticias.org\/site\/governo-inaugura-segunda-etapa-de-implantacao-do-hospital-do-homem\/#article\",\"isPartOf\":{\"@id\":\"https:\/\/brasilnoticias.org\/site\/governo-inaugura-segunda-etapa-de-implantacao-do-hospital-do-homem\/\"},\"author\":{\"name\":\"Reda\u00e7\u00e3o\",\"@id\":\"https:\/\/brasilnoticias.org\/site\/#\/schema\/person\/a0e05b973ec4d15c658d51911e53507b\"},\"headline\":\"Governo inaugura segunda etapa de implanta\u00e7\u00e3o do Hospital do Homem\",\"datePublished\":\"2023-04-06T20:36:05+00:00\",\"mainEntityOfPage\":{\"@id\":\"https:\/\/brasilnoticias.org\/site\/governo-inaugura-segunda-etapa-de-implantacao-do-hospital-do-homem\/\"},\"wordCount\":363,\"commentCount\":0,\"publisher\":{\"@id\":\"https:\/\/brasilnoticias.org\/site\/#organization\"},\"image\":{\"@id\":\"https:\/\/brasilnoticias.org\/site\/governo-inaugura-segunda-etapa-de-implantacao-do-hospital-do-homem\/#primaryimage\"},\"thumbnailUrl\":\"https:\/\/brasilnoticias.org\/site\/wp-content\/uploads\/2023\/04\/Artigo-Destaque_01224940_00.jpg\",\"articleSection\":[\"Not\u00edcias\",\"\u00daltimas\"],\"inLanguage\":\"pt-PT\",\"potentialAction\":[{\"@type\":\"CommentAction\",\"name\":\"Comment\",\"target\":[\"https:\/\/brasilnoticias.org\/site\/governo-inaugura-segunda-etapa-de-implantacao-do-hospital-do-homem\/#respond\"]}]},{\"@type\":\"WebPage\",\"@id\":\"https:\/\/brasilnoticias.org\/site\/governo-inaugura-segunda-etapa-de-implantacao-do-hospital-do-homem\/\",\"url\":\"https:\/\/brasilnoticias.org\/site\/governo-inaugura-segunda-etapa-de-implantacao-do-hospital-do-homem\/\",\"name\":\"Governo inaugura segunda etapa de implanta\u00e7\u00e3o do Hospital do Homem - Brasil not\u00edcias\",\"isPartOf\":{\"@id\":\"https:\/\/brasilnoticias.org\/site\/#website\"},\"primaryImageOfPage\":{\"@id\":\"https:\/\/brasilnoticias.org\/site\/governo-inaugura-segunda-etapa-de-implantacao-do-hospital-do-homem\/#primaryimage\"},\"image\":{\"@id\":\"https:\/\/brasilnoticias.org\/site\/governo-inaugura-segunda-etapa-de-implantacao-do-hospital-do-homem\/#primaryimage\"},\"thumbnailUrl\":\"https:\/\/brasilnoticias.org\/site\/wp-content\/uploads\/2023\/04\/Artigo-Destaque_01224940_00.jpg\",\"datePublished\":\"2023-04-06T20:36:05+00:00\",\"breadcrumb\":{\"@id\":\"https:\/\/brasilnoticias.org\/site\/governo-inaugura-segunda-etapa-de-implantacao-do-hospital-do-homem\/#breadcrumb\"},\"inLanguage\":\"pt-PT\",\"potentialAction\":[{\"@type\":\"ReadAction\",\"target\":[\"https:\/\/brasilnoticias.org\/site\/governo-inaugura-segunda-etapa-de-implantacao-do-hospital-do-homem\/\"]}]},{\"@type\":\"ImageObject\",\"inLanguage\":\"pt-PT\",\"@id\":\"https:\/\/brasilnoticias.org\/site\/governo-inaugura-segunda-etapa-de-implantacao-do-hospital-do-homem\/#primaryimage\",\"url\":\"https:\/\/brasilnoticias.org\/site\/wp-content\/uploads\/2023\/04\/Artigo-Destaque_01224940_00.jpg\",\"contentUrl\":\"https:\/\/brasilnoticias.org\/site\/wp-content\/uploads\/2023\/04\/Artigo-Destaque_01224940_00.jpg\",\"width\":1224,\"height\":816},{\"@type\":\"BreadcrumbList\",\"@id\":\"https:\/\/brasilnoticias.org\/site\/governo-inaugura-segunda-etapa-de-implantacao-do-hospital-do-homem\/#breadcrumb\",\"itemListElement\":[{\"@type\":\"ListItem\",\"position\":1,\"name\":\"In\u00edcio\",\"item\":\"https:\/\/brasilnoticias.org\/site\/\"},{\"@type\":\"ListItem\",\"position\":2,\"name\":\"Governo inaugura segunda etapa de implanta\u00e7\u00e3o do Hospital do Homem\"}]},{\"@type\":\"WebSite\",\"@id\":\"https:\/\/brasilnoticias.org\/site\/#website\",\"url\":\"https:\/\/brasilnoticias.org\/site\/\",\"name\":\"Brasil not\u00edcias\",\"description\":\"Brasil not\u00edcias\",\"publisher\":{\"@id\":\"https:\/\/brasilnoticias.org\/site\/#organization\"},\"potentialAction\":[{\"@type\":\"SearchAction\",\"target\":{\"@type\":\"EntryPoint\",\"urlTemplate\":\"https:\/\/brasilnoticias.org\/site\/?s={search_term_string}\"},\"query-input\":{\"@type\":\"PropertyValueSpecification\",\"valueRequired\":true,\"valueName\":\"search_term_string\"}}],\"inLanguage\":\"pt-PT\"},{\"@type\":\"Organization\",\"@id\":\"https:\/\/brasilnoticias.org\/site\/#organization\",\"name\":\"Brasil not\u00edcias\",\"url\":\"https:\/\/brasilnoticias.org\/site\/\",\"logo\":{\"@type\":\"ImageObject\",\"inLanguage\":\"pt-PT\",\"@id\":\"https:\/\/brasilnoticias.org\/site\/#\/schema\/logo\/image\/\",\"url\":\"https:\/\/brasilnoticias.org\/site\/wp-content\/uploads\/2022\/05\/cropped-brasilnoticias-mini.jpg\",\"contentUrl\":\"https:\/\/brasilnoticias.org\/site\/wp-content\/uploads\/2022\/05\/cropped-brasilnoticias-mini.jpg\",\"width\":314,\"height\":86,\"caption\":\"Brasil not\u00edcias\"},\"image\":{\"@id\":\"https:\/\/brasilnoticias.org\/site\/#\/schema\/logo\/image\/\"}},{\"@type\":\"Person\",\"@id\":\"https:\/\/brasilnoticias.org\/site\/#\/schema\/person\/a0e05b973ec4d15c658d51911e53507b\",\"name\":\"Reda\u00e7\u00e3o\",\"image\":{\"@type\":\"ImageObject\",\"inLanguage\":\"pt-PT\",\"@id\":\"https:\/\/brasilnoticias.org\/site\/#\/schema\/person\/image\/\",\"url\":\"https:\/\/secure.gravatar.com\/avatar\/75d8b050df2de108b08ae78dfb8e374892df24a383c67db9c46a9c604f6aee9c?s=96&d=mm&r=g\",\"contentUrl\":\"https:\/\/secure.gravatar.com\/avatar\/75d8b050df2de108b08ae78dfb8e374892df24a383c67db9c46a9c604f6aee9c?s=96&d=mm&r=g\",\"caption\":\"Reda\u00e7\u00e3o\"},\"sameAs\":[\"https:\/\/brasilnoticias.org\/site\"],\"url\":\"https:\/\/brasilnoticias.org\/site\/author\/fernandozsngmail-com\/\"}]}<\/script>\n<!-- \/ Yoast SEO plugin. -->","yoast_head_json":{"title":"Governo inaugura segunda etapa de implanta\u00e7\u00e3o do Hospital do Homem - Brasil not\u00edcias","robots":{"index":"index","follow":"follow","max-snippet":"max-snippet:-1","max-image-preview":"max-image-preview:large","max-video-preview":"max-video-preview:-1"},"canonical":"https:\/\/brasilnoticias.org\/site\/governo-inaugura-segunda-etapa-de-implantacao-do-hospital-do-homem\/","og_locale":"pt_PT","og_type":"article","og_title":"Governo inaugura segunda etapa de implanta\u00e7\u00e3o do Hospital do Homem - Brasil not\u00edcias","og_description":"O governador em exerc\u00edcio Geraldo J\u00fanior (MDB) participou da segunda etapa de implanta\u00e7\u00e3o do Hospital do Homem nesta\u00a0 quinta-feira, 6,","og_url":"https:\/\/brasilnoticias.org\/site\/governo-inaugura-segunda-etapa-de-implantacao-do-hospital-do-homem\/","og_site_name":"Brasil not\u00edcias","article_published_time":"2023-04-06T20:36:05+00:00","og_image":[{"width":1224,"height":816,"url":"https:\/\/brasilnoticias.org\/site\/wp-content\/uploads\/2023\/04\/Artigo-Destaque_01224940_00.jpg","type":"image\/jpeg"}],"author":"Reda\u00e7\u00e3o","twitter_card":"summary_large_image","twitter_misc":{"Escrito por":"Reda\u00e7\u00e3o","Tempo estimado de leitura":"2 minutos"},"schema":{"@context":"https:\/\/schema.org","@graph":[{"@type":"Article","@id":"https:\/\/brasilnoticias.org\/site\/governo-inaugura-segunda-etapa-de-implantacao-do-hospital-do-homem\/#article","isPartOf":{"@id":"https:\/\/brasilnoticias.org\/site\/governo-inaugura-segunda-etapa-de-implantacao-do-hospital-do-homem\/"},"author":{"name":"Reda\u00e7\u00e3o","@id":"https:\/\/brasilnoticias.org\/site\/#\/schema\/person\/a0e05b973ec4d15c658d51911e53507b"},"headline":"Governo inaugura segunda etapa de implanta\u00e7\u00e3o do Hospital do Homem","datePublished":"2023-04-06T20:36:05+00:00","mainEntityOfPage":{"@id":"https:\/\/brasilnoticias.org\/site\/governo-inaugura-segunda-etapa-de-implantacao-do-hospital-do-homem\/"},"wordCount":363,"commentCount":0,"publisher":{"@id":"https:\/\/brasilnoticias.org\/site\/#organization"},"image":{"@id":"https:\/\/brasilnoticias.org\/site\/governo-inaugura-segunda-etapa-de-implantacao-do-hospital-do-homem\/#primaryimage"},"thumbnailUrl":"https:\/\/brasilnoticias.org\/site\/wp-content\/uploads\/2023\/04\/Artigo-Destaque_01224940_00.jpg","articleSection":["Not\u00edcias","\u00daltimas"],"inLanguage":"pt-PT","potentialAction":[{"@type":"CommentAction","name":"Comment","target":["https:\/\/brasilnoticias.org\/site\/governo-inaugura-segunda-etapa-de-implantacao-do-hospital-do-homem\/#respond"]}]},{"@type":"WebPage","@id":"https:\/\/brasilnoticias.org\/site\/governo-inaugura-segunda-etapa-de-implantacao-do-hospital-do-homem\/","url":"https:\/\/brasilnoticias.org\/site\/governo-inaugura-segunda-etapa-de-implantacao-do-hospital-do-homem\/","name":"Governo inaugura segunda etapa de implanta\u00e7\u00e3o do Hospital do Homem - Brasil not\u00edcias","isPartOf":{"@id":"https:\/\/brasilnoticias.org\/site\/#website"},"primaryImageOfPage":{"@id":"https:\/\/brasilnoticias.org\/site\/governo-inaugura-segunda-etapa-de-implantacao-do-hospital-do-homem\/#primaryimage"},"image":{"@id":"https:\/\/brasilnoticias.org\/site\/governo-inaugura-segunda-etapa-de-implantacao-do-hospital-do-homem\/#primaryimage"},"thumbnailUrl":"https:\/\/brasilnoticias.org\/site\/wp-content\/uploads\/2023\/04\/Artigo-Destaque_01224940_00.jpg","datePublished":"2023-04-06T20:36:05+00:00","breadcrumb":{"@id":"https:\/\/brasilnoticias.org\/site\/governo-inaugura-segunda-etapa-de-implantacao-do-hospital-do-homem\/#breadcrumb"},"inLanguage":"pt-PT","potentialAction":[{"@type":"ReadAction","target":["https:\/\/brasilnoticias.org\/site\/governo-inaugura-segunda-etapa-de-implantacao-do-hospital-do-homem\/"]}]},{"@type":"ImageObject","inLanguage":"pt-PT","@id":"https:\/\/brasilnoticias.org\/site\/governo-inaugura-segunda-etapa-de-implantacao-do-hospital-do-homem\/#primaryimage","url":"https:\/\/brasilnoticias.org\/site\/wp-content\/uploads\/2023\/04\/Artigo-Destaque_01224940_00.jpg","contentUrl":"https:\/\/brasilnoticias.org\/site\/wp-content\/uploads\/2023\/04\/Artigo-Destaque_01224940_00.jpg","width":1224,"height":816},{"@type":"BreadcrumbList","@id":"https:\/\/brasilnoticias.org\/site\/governo-inaugura-segunda-etapa-de-implantacao-do-hospital-do-homem\/#breadcrumb","itemListElement":[{"@type":"ListItem","position":1,"name":"In\u00edcio","item":"https:\/\/brasilnoticias.org\/site\/"},{"@type":"ListItem","position":2,"name":"Governo inaugura segunda etapa de implanta\u00e7\u00e3o do Hospital do Homem"}]},{"@type":"WebSite","@id":"https:\/\/brasilnoticias.org\/site\/#website","url":"https:\/\/brasilnoticias.org\/site\/","name":"Brasil not\u00edcias","description":"Brasil not\u00edcias","publisher":{"@id":"https:\/\/brasilnoticias.org\/site\/#organization"},"potentialAction":[{"@type":"SearchAction","target":{"@type":"EntryPoint","urlTemplate":"https:\/\/brasilnoticias.org\/site\/?s={search_term_string}"},"query-input":{"@type":"PropertyValueSpecification","valueRequired":true,"valueName":"search_term_string"}}],"inLanguage":"pt-PT"},{"@type":"Organization","@id":"https:\/\/brasilnoticias.org\/site\/#organization","name":"Brasil not\u00edcias","url":"https:\/\/brasilnoticias.org\/site\/","logo":{"@type":"ImageObject","inLanguage":"pt-PT","@id":"https:\/\/brasilnoticias.org\/site\/#\/schema\/logo\/image\/","url":"https:\/\/brasilnoticias.org\/site\/wp-content\/uploads\/2022\/05\/cropped-brasilnoticias-mini.jpg","contentUrl":"https:\/\/brasilnoticias.org\/site\/wp-content\/uploads\/2022\/05\/cropped-brasilnoticias-mini.jpg","width":314,"height":86,"caption":"Brasil not\u00edcias"},"image":{"@id":"https:\/\/brasilnoticias.org\/site\/#\/schema\/logo\/image\/"}},{"@type":"Person","@id":"https:\/\/brasilnoticias.org\/site\/#\/schema\/person\/a0e05b973ec4d15c658d51911e53507b","name":"Reda\u00e7\u00e3o","image":{"@type":"ImageObject","inLanguage":"pt-PT","@id":"https:\/\/brasilnoticias.org\/site\/#\/schema\/person\/image\/","url":"https:\/\/secure.gravatar.com\/avatar\/75d8b050df2de108b08ae78dfb8e374892df24a383c67db9c46a9c604f6aee9c?s=96&d=mm&r=g","contentUrl":"https:\/\/secure.gravatar.com\/avatar\/75d8b050df2de108b08ae78dfb8e374892df24a383c67db9c46a9c604f6aee9c?s=96&d=mm&r=g","caption":"Reda\u00e7\u00e3o"},"sameAs":["https:\/\/brasilnoticias.org\/site"],"url":"https:\/\/brasilnoticias.org\/site\/author\/fernandozsngmail-com\/"}]}},"_links":{"self":[{"href":"https:\/\/brasilnoticias.org\/site\/wp-json\/wp\/v2\/posts\/5267","targetHints":{"allow":["GET"]}}],"collection":[{"href":"https:\/\/brasilnoticias.org\/site\/wp-json\/wp\/v2\/posts"}],"about":[{"href":"https:\/\/brasilnoticias.org\/site\/wp-json\/wp\/v2\/types\/post"}],"author":[{"embeddable":true,"href":"https:\/\/brasilnoticias.org\/site\/wp-json\/wp\/v2\/users\/1"}],"replies":[{"embeddable":true,"href":"https:\/\/brasilnoticias.org\/site\/wp-json\/wp\/v2\/comments?post=5267"}],"version-history":[{"count":1,"href":"https:\/\/brasilnoticias.org\/site\/wp-json\/wp\/v2\/posts\/5267\/revisions"}],"predecessor-version":[{"id":5269,"href":"https:\/\/brasilnoticias.org\/site\/wp-json\/wp\/v2\/posts\/5267\/revisions\/5269"}],"wp:featuredmedia":[{"embeddable":true,"href":"https:\/\/brasilnoticias.org\/site\/wp-json\/wp\/v2\/media\/5268"}],"wp:attachment":[{"href":"https:\/\/brasilnoticias.org\/site\/wp-json\/wp\/v2\/media?parent=5267"}],"wp:term":[{"taxonomy":"category","embeddable":true,"href":"https:\/\/brasilnoticias.org\/site\/wp-json\/wp\/v2\/categories?post=5267"},{"taxonomy":"post_tag","embeddable":true,"href":"https:\/\/brasilnoticias.org\/site\/wp-json\/wp\/v2\/tags?post=5267"}],"curies":[{"name":"wp","href":"https:\/\/api.w.org\/{rel}","templated":true}]}}