{"id":5270,"date":"2023-04-06T17:37:59","date_gmt":"2023-04-06T20:37:59","guid":{"rendered":"https:\/\/brasilnoticias.org\/site\/?p=5270"},"modified":"2023-04-06T17:37:59","modified_gmt":"2023-04-06T20:37:59","slug":"rui-assina-resolucao-que-pede-fim-de-privatizacao-dos-correios","status":"publish","type":"post","link":"https:\/\/brasilnoticias.org\/site\/rui-assina-resolucao-que-pede-fim-de-privatizacao-dos-correios\/","title":{"rendered":"Rui assina resolu\u00e7\u00e3o que pede fim de privatiza\u00e7\u00e3o dos Correios"},"content":{"rendered":"<p>Os ministros da Casa Civil, Rui Costa, e das Comunica\u00e7\u00f5es, Juscelino Filho, assinaram, nesta quinta-feira, 6, uma resolu\u00e7\u00e3o recomendando a exclus\u00e3o das empresas estatais Telebras e Correios do programa de privatiza\u00e7\u00e3o do governo federal. O presidente Luiz In\u00e1cio Lula da Silva j\u00e1 afirmou que n\u00e3o privatizar\u00e1 nenhuma estatal durante seu terceiro mandato e dever\u00e1 emitir um decreto para validar a recomenda\u00e7\u00e3o. A sugest\u00e3o dos ministros foi apresentada no Conselho do Programa de Parcerias e Investimentos, subordinado \u00e0 Casa Civil.<\/p>\n<p>\u201cManter os Correios e a Telebras 100% p\u00fablicas \u00e9 uma das mais importantes a\u00e7\u00f5es nesses 100 primeiros dias do governo do presidente Lula. Vamos fortalecer as empresas e o papel delas no combate \u00e0s desigualdades e no desenvolvimento econ\u00f4mico e social do nosso pa\u00eds\u201d, publicou Juscelino Filho em uma rede social.<\/p>\n<blockquote class=\"twitter-tweet\">\n<p lang=\"pt\" dir=\"ltr\">Resolu\u00e7\u00e3o assinada por mim e pelo ministro <a href=\"https:\/\/twitter.com\/costa_rui?ref_src=twsrc%5Etfw\">@costa_rui<\/a>, publicada ontem no Di\u00e1rio Oficial da Uni\u00e3o, recomenda a exclus\u00e3o dos <a href=\"https:\/\/twitter.com\/correiosBR?ref_src=twsrc%5Etfw\">@correiosBR<\/a> e da <a href=\"https:\/\/twitter.com\/Telebrasbr?ref_src=twsrc%5Etfw\">@Telebrasbr<\/a> do Programa Nacional de Desestatiza\u00e7\u00e3o. Pr\u00f3ximo passo para confirmar a medida \u00e9 um decreto do presidente <a href=\"https:\/\/twitter.com\/LulaOficial?ref_src=twsrc%5Etfw\">@LulaOficial<\/a>.<\/p>\n<p>&mdash; Juscelino Filho (@DepJuscelino) <a href=\"https:\/\/twitter.com\/DepJuscelino\/status\/1644031378147667984?ref_src=twsrc%5Etfw\">April 6, 2023<\/a><\/p><\/blockquote>\n<p> <script async src=\"https:\/\/platform.twitter.com\/widgets.js\" charset=\"utf-8\"><\/script><\/p>\n<p>Al\u00e9m dos Correios e da Telebras, o titular da Casa Civil assinou outras resolu\u00e7\u00f5es em conjunto com outros ministros pedindo pelo fim da liquida\u00e7\u00e3o de outras estatais, como o Centro Nacional de Tecnologia Eletr\u00f4nica Avan\u00e7ada, Ceitec, Serpro, Dataprev e  a Ag\u00eancia Brasileira Gestora de Fundos Garantidores e Garantidas S.A. &#8211; ABGF.<\/p>\n<p>Foto: Fabio Rodigues Pozzebom | Ag\u00eancia Brasil<br \/>\nA Tarde<\/p>\n","protected":false},"excerpt":{"rendered":"<p>Os ministros da Casa Civil, Rui Costa, e das Comunica\u00e7\u00f5es, Juscelino Filho, assinaram, nesta quinta-feira, 6, uma resolu\u00e7\u00e3o recomendando a<\/p>\n","protected":false},"author":1,"featured_media":5271,"comment_status":"open","ping_status":"open","sticky":false,"template":"","format":"standard","meta":{"colormag_page_container_layout":"default_layout","colormag_page_sidebar_layout":"default_layout","_FSMCFIC_featured_image_caption":"","_FSMCFIC_featured_image_nocaption":"","_FSMCFIC_featured_image_hide":"","footnotes":""},"categories":[5,1],"tags":[],"class_list":["post-5270","post","type-post","status-publish","format-standard","has-post-thumbnail","hentry","category-politica","category-ultimas"],"yoast_head":"<!-- This site is optimized with the Yoast SEO plugin v27.1.1 - https:\/\/yoast.com\/product\/yoast-seo-wordpress\/ -->\n<title>Rui assina resolu\u00e7\u00e3o que pede fim de privatiza\u00e7\u00e3o dos Correios - Brasil not\u00edcias<\/title>\n<meta name=\"robots\" content=\"index, follow, max-snippet:-1, max-image-preview:large, max-video-preview:-1\" \/>\n<link rel=\"canonical\" href=\"https:\/\/brasilnoticias.org\/site\/rui-assina-resolucao-que-pede-fim-de-privatizacao-dos-correios\/\" \/>\n<meta property=\"og:locale\" content=\"pt_PT\" \/>\n<meta property=\"og:type\" content=\"article\" \/>\n<meta property=\"og:title\" content=\"Rui assina resolu\u00e7\u00e3o que pede fim de privatiza\u00e7\u00e3o dos Correios - Brasil not\u00edcias\" \/>\n<meta property=\"og:description\" content=\"Os ministros da Casa Civil, Rui Costa, e das Comunica\u00e7\u00f5es, Juscelino Filho, assinaram, nesta quinta-feira, 6, uma resolu\u00e7\u00e3o recomendando a\" \/>\n<meta property=\"og:url\" content=\"https:\/\/brasilnoticias.org\/site\/rui-assina-resolucao-que-pede-fim-de-privatizacao-dos-correios\/\" \/>\n<meta property=\"og:site_name\" content=\"Brasil not\u00edcias\" \/>\n<meta property=\"article:published_time\" content=\"2023-04-06T20:37:59+00:00\" \/>\n<meta property=\"og:image\" content=\"https:\/\/brasilnoticias.org\/site\/wp-content\/uploads\/2023\/04\/Artigo-Destaque_01224939_00.jpg\" \/>\n\t<meta property=\"og:image:width\" content=\"1170\" \/>\n\t<meta property=\"og:image:height\" content=\"700\" \/>\n\t<meta property=\"og:image:type\" content=\"image\/jpeg\" \/>\n<meta name=\"author\" content=\"Reda\u00e7\u00e3o\" \/>\n<meta name=\"twitter:card\" content=\"summary_large_image\" \/>\n<meta name=\"twitter:label1\" content=\"Escrito por\" \/>\n\t<meta name=\"twitter:data1\" content=\"Reda\u00e7\u00e3o\" \/>\n<script type=\"application\/ld+json\" class=\"yoast-schema-graph\">{\"@context\":\"https:\/\/schema.org\",\"@graph\":[{\"@type\":\"Article\",\"@id\":\"https:\/\/brasilnoticias.org\/site\/rui-assina-resolucao-que-pede-fim-de-privatizacao-dos-correios\/#article\",\"isPartOf\":{\"@id\":\"https:\/\/brasilnoticias.org\/site\/rui-assina-resolucao-que-pede-fim-de-privatizacao-dos-correios\/\"},\"author\":{\"name\":\"Reda\u00e7\u00e3o\",\"@id\":\"https:\/\/brasilnoticias.org\/site\/#\/schema\/person\/a0e05b973ec4d15c658d51911e53507b\"},\"headline\":\"Rui assina resolu\u00e7\u00e3o que pede fim de privatiza\u00e7\u00e3o dos Correios\",\"datePublished\":\"2023-04-06T20:37:59+00:00\",\"mainEntityOfPage\":{\"@id\":\"https:\/\/brasilnoticias.org\/site\/rui-assina-resolucao-que-pede-fim-de-privatizacao-dos-correios\/\"},\"wordCount\":267,\"commentCount\":0,\"publisher\":{\"@id\":\"https:\/\/brasilnoticias.org\/site\/#organization\"},\"image\":{\"@id\":\"https:\/\/brasilnoticias.org\/site\/rui-assina-resolucao-que-pede-fim-de-privatizacao-dos-correios\/#primaryimage\"},\"thumbnailUrl\":\"https:\/\/brasilnoticias.org\/site\/wp-content\/uploads\/2023\/04\/Artigo-Destaque_01224939_00.jpg\",\"articleSection\":[\"Pol\u00edtica\",\"\u00daltimas\"],\"inLanguage\":\"pt-PT\",\"potentialAction\":[{\"@type\":\"CommentAction\",\"name\":\"Comment\",\"target\":[\"https:\/\/brasilnoticias.org\/site\/rui-assina-resolucao-que-pede-fim-de-privatizacao-dos-correios\/#respond\"]}]},{\"@type\":\"WebPage\",\"@id\":\"https:\/\/brasilnoticias.org\/site\/rui-assina-resolucao-que-pede-fim-de-privatizacao-dos-correios\/\",\"url\":\"https:\/\/brasilnoticias.org\/site\/rui-assina-resolucao-que-pede-fim-de-privatizacao-dos-correios\/\",\"name\":\"Rui assina resolu\u00e7\u00e3o que pede fim de privatiza\u00e7\u00e3o dos Correios - Brasil not\u00edcias\",\"isPartOf\":{\"@id\":\"https:\/\/brasilnoticias.org\/site\/#website\"},\"primaryImageOfPage\":{\"@id\":\"https:\/\/brasilnoticias.org\/site\/rui-assina-resolucao-que-pede-fim-de-privatizacao-dos-correios\/#primaryimage\"},\"image\":{\"@id\":\"https:\/\/brasilnoticias.org\/site\/rui-assina-resolucao-que-pede-fim-de-privatizacao-dos-correios\/#primaryimage\"},\"thumbnailUrl\":\"https:\/\/brasilnoticias.org\/site\/wp-content\/uploads\/2023\/04\/Artigo-Destaque_01224939_00.jpg\",\"datePublished\":\"2023-04-06T20:37:59+00:00\",\"breadcrumb\":{\"@id\":\"https:\/\/brasilnoticias.org\/site\/rui-assina-resolucao-que-pede-fim-de-privatizacao-dos-correios\/#breadcrumb\"},\"inLanguage\":\"pt-PT\",\"potentialAction\":[{\"@type\":\"ReadAction\",\"target\":[\"https:\/\/brasilnoticias.org\/site\/rui-assina-resolucao-que-pede-fim-de-privatizacao-dos-correios\/\"]}]},{\"@type\":\"ImageObject\",\"inLanguage\":\"pt-PT\",\"@id\":\"https:\/\/brasilnoticias.org\/site\/rui-assina-resolucao-que-pede-fim-de-privatizacao-dos-correios\/#primaryimage\",\"url\":\"https:\/\/brasilnoticias.org\/site\/wp-content\/uploads\/2023\/04\/Artigo-Destaque_01224939_00.jpg\",\"contentUrl\":\"https:\/\/brasilnoticias.org\/site\/wp-content\/uploads\/2023\/04\/Artigo-Destaque_01224939_00.jpg\",\"width\":1170,\"height\":700,\"caption\":\"Bras\u00edlia (DF) 22\/03\/2023 O ministro da Casa Civil, Rui Costa, participa do programa Voz do Brasil. Foto: Fabio Rodrigues-Pozzebom\/ Ag\u00eancia Brasil\"},{\"@type\":\"BreadcrumbList\",\"@id\":\"https:\/\/brasilnoticias.org\/site\/rui-assina-resolucao-que-pede-fim-de-privatizacao-dos-correios\/#breadcrumb\",\"itemListElement\":[{\"@type\":\"ListItem\",\"position\":1,\"name\":\"In\u00edcio\",\"item\":\"https:\/\/brasilnoticias.org\/site\/\"},{\"@type\":\"ListItem\",\"position\":2,\"name\":\"Rui assina resolu\u00e7\u00e3o que pede fim de privatiza\u00e7\u00e3o dos Correios\"}]},{\"@type\":\"WebSite\",\"@id\":\"https:\/\/brasilnoticias.org\/site\/#website\",\"url\":\"https:\/\/brasilnoticias.org\/site\/\",\"name\":\"Brasil not\u00edcias\",\"description\":\"Brasil not\u00edcias\",\"publisher\":{\"@id\":\"https:\/\/brasilnoticias.org\/site\/#organization\"},\"potentialAction\":[{\"@type\":\"SearchAction\",\"target\":{\"@type\":\"EntryPoint\",\"urlTemplate\":\"https:\/\/brasilnoticias.org\/site\/?s={search_term_string}\"},\"query-input\":{\"@type\":\"PropertyValueSpecification\",\"valueRequired\":true,\"valueName\":\"search_term_string\"}}],\"inLanguage\":\"pt-PT\"},{\"@type\":\"Organization\",\"@id\":\"https:\/\/brasilnoticias.org\/site\/#organization\",\"name\":\"Brasil not\u00edcias\",\"url\":\"https:\/\/brasilnoticias.org\/site\/\",\"logo\":{\"@type\":\"ImageObject\",\"inLanguage\":\"pt-PT\",\"@id\":\"https:\/\/brasilnoticias.org\/site\/#\/schema\/logo\/image\/\",\"url\":\"https:\/\/brasilnoticias.org\/site\/wp-content\/uploads\/2022\/05\/cropped-brasilnoticias-mini.jpg\",\"contentUrl\":\"https:\/\/brasilnoticias.org\/site\/wp-content\/uploads\/2022\/05\/cropped-brasilnoticias-mini.jpg\",\"width\":314,\"height\":86,\"caption\":\"Brasil not\u00edcias\"},\"image\":{\"@id\":\"https:\/\/brasilnoticias.org\/site\/#\/schema\/logo\/image\/\"}},{\"@type\":\"Person\",\"@id\":\"https:\/\/brasilnoticias.org\/site\/#\/schema\/person\/a0e05b973ec4d15c658d51911e53507b\",\"name\":\"Reda\u00e7\u00e3o\",\"image\":{\"@type\":\"ImageObject\",\"inLanguage\":\"pt-PT\",\"@id\":\"https:\/\/brasilnoticias.org\/site\/#\/schema\/person\/image\/\",\"url\":\"https:\/\/secure.gravatar.com\/avatar\/75d8b050df2de108b08ae78dfb8e374892df24a383c67db9c46a9c604f6aee9c?s=96&d=mm&r=g\",\"contentUrl\":\"https:\/\/secure.gravatar.com\/avatar\/75d8b050df2de108b08ae78dfb8e374892df24a383c67db9c46a9c604f6aee9c?s=96&d=mm&r=g\",\"caption\":\"Reda\u00e7\u00e3o\"},\"sameAs\":[\"https:\/\/brasilnoticias.org\/site\"],\"url\":\"https:\/\/brasilnoticias.org\/site\/author\/fernandozsngmail-com\/\"}]}<\/script>\n<!-- \/ Yoast SEO plugin. -->","yoast_head_json":{"title":"Rui assina resolu\u00e7\u00e3o que pede fim de privatiza\u00e7\u00e3o dos Correios - Brasil not\u00edcias","robots":{"index":"index","follow":"follow","max-snippet":"max-snippet:-1","max-image-preview":"max-image-preview:large","max-video-preview":"max-video-preview:-1"},"canonical":"https:\/\/brasilnoticias.org\/site\/rui-assina-resolucao-que-pede-fim-de-privatizacao-dos-correios\/","og_locale":"pt_PT","og_type":"article","og_title":"Rui assina resolu\u00e7\u00e3o que pede fim de privatiza\u00e7\u00e3o dos Correios - Brasil not\u00edcias","og_description":"Os ministros da Casa Civil, Rui Costa, e das Comunica\u00e7\u00f5es, Juscelino Filho, assinaram, nesta quinta-feira, 6, uma resolu\u00e7\u00e3o recomendando a","og_url":"https:\/\/brasilnoticias.org\/site\/rui-assina-resolucao-que-pede-fim-de-privatizacao-dos-correios\/","og_site_name":"Brasil not\u00edcias","article_published_time":"2023-04-06T20:37:59+00:00","og_image":[{"width":1170,"height":700,"url":"https:\/\/brasilnoticias.org\/site\/wp-content\/uploads\/2023\/04\/Artigo-Destaque_01224939_00.jpg","type":"image\/jpeg"}],"author":"Reda\u00e7\u00e3o","twitter_card":"summary_large_image","twitter_misc":{"Escrito por":"Reda\u00e7\u00e3o"},"schema":{"@context":"https:\/\/schema.org","@graph":[{"@type":"Article","@id":"https:\/\/brasilnoticias.org\/site\/rui-assina-resolucao-que-pede-fim-de-privatizacao-dos-correios\/#article","isPartOf":{"@id":"https:\/\/brasilnoticias.org\/site\/rui-assina-resolucao-que-pede-fim-de-privatizacao-dos-correios\/"},"author":{"name":"Reda\u00e7\u00e3o","@id":"https:\/\/brasilnoticias.org\/site\/#\/schema\/person\/a0e05b973ec4d15c658d51911e53507b"},"headline":"Rui assina resolu\u00e7\u00e3o que pede fim de privatiza\u00e7\u00e3o dos Correios","datePublished":"2023-04-06T20:37:59+00:00","mainEntityOfPage":{"@id":"https:\/\/brasilnoticias.org\/site\/rui-assina-resolucao-que-pede-fim-de-privatizacao-dos-correios\/"},"wordCount":267,"commentCount":0,"publisher":{"@id":"https:\/\/brasilnoticias.org\/site\/#organization"},"image":{"@id":"https:\/\/brasilnoticias.org\/site\/rui-assina-resolucao-que-pede-fim-de-privatizacao-dos-correios\/#primaryimage"},"thumbnailUrl":"https:\/\/brasilnoticias.org\/site\/wp-content\/uploads\/2023\/04\/Artigo-Destaque_01224939_00.jpg","articleSection":["Pol\u00edtica","\u00daltimas"],"inLanguage":"pt-PT","potentialAction":[{"@type":"CommentAction","name":"Comment","target":["https:\/\/brasilnoticias.org\/site\/rui-assina-resolucao-que-pede-fim-de-privatizacao-dos-correios\/#respond"]}]},{"@type":"WebPage","@id":"https:\/\/brasilnoticias.org\/site\/rui-assina-resolucao-que-pede-fim-de-privatizacao-dos-correios\/","url":"https:\/\/brasilnoticias.org\/site\/rui-assina-resolucao-que-pede-fim-de-privatizacao-dos-correios\/","name":"Rui assina resolu\u00e7\u00e3o que pede fim de privatiza\u00e7\u00e3o dos Correios - Brasil not\u00edcias","isPartOf":{"@id":"https:\/\/brasilnoticias.org\/site\/#website"},"primaryImageOfPage":{"@id":"https:\/\/brasilnoticias.org\/site\/rui-assina-resolucao-que-pede-fim-de-privatizacao-dos-correios\/#primaryimage"},"image":{"@id":"https:\/\/brasilnoticias.org\/site\/rui-assina-resolucao-que-pede-fim-de-privatizacao-dos-correios\/#primaryimage"},"thumbnailUrl":"https:\/\/brasilnoticias.org\/site\/wp-content\/uploads\/2023\/04\/Artigo-Destaque_01224939_00.jpg","datePublished":"2023-04-06T20:37:59+00:00","breadcrumb":{"@id":"https:\/\/brasilnoticias.org\/site\/rui-assina-resolucao-que-pede-fim-de-privatizacao-dos-correios\/#breadcrumb"},"inLanguage":"pt-PT","potentialAction":[{"@type":"ReadAction","target":["https:\/\/brasilnoticias.org\/site\/rui-assina-resolucao-que-pede-fim-de-privatizacao-dos-correios\/"]}]},{"@type":"ImageObject","inLanguage":"pt-PT","@id":"https:\/\/brasilnoticias.org\/site\/rui-assina-resolucao-que-pede-fim-de-privatizacao-dos-correios\/#primaryimage","url":"https:\/\/brasilnoticias.org\/site\/wp-content\/uploads\/2023\/04\/Artigo-Destaque_01224939_00.jpg","contentUrl":"https:\/\/brasilnoticias.org\/site\/wp-content\/uploads\/2023\/04\/Artigo-Destaque_01224939_00.jpg","width":1170,"height":700,"caption":"Bras\u00edlia (DF) 22\/03\/2023 O ministro da Casa Civil, Rui Costa, participa do programa Voz do Brasil. Foto: Fabio Rodrigues-Pozzebom\/ Ag\u00eancia Brasil"},{"@type":"BreadcrumbList","@id":"https:\/\/brasilnoticias.org\/site\/rui-assina-resolucao-que-pede-fim-de-privatizacao-dos-correios\/#breadcrumb","itemListElement":[{"@type":"ListItem","position":1,"name":"In\u00edcio","item":"https:\/\/brasilnoticias.org\/site\/"},{"@type":"ListItem","position":2,"name":"Rui assina resolu\u00e7\u00e3o que pede fim de privatiza\u00e7\u00e3o dos Correios"}]},{"@type":"WebSite","@id":"https:\/\/brasilnoticias.org\/site\/#website","url":"https:\/\/brasilnoticias.org\/site\/","name":"Brasil not\u00edcias","description":"Brasil not\u00edcias","publisher":{"@id":"https:\/\/brasilnoticias.org\/site\/#organization"},"potentialAction":[{"@type":"SearchAction","target":{"@type":"EntryPoint","urlTemplate":"https:\/\/brasilnoticias.org\/site\/?s={search_term_string}"},"query-input":{"@type":"PropertyValueSpecification","valueRequired":true,"valueName":"search_term_string"}}],"inLanguage":"pt-PT"},{"@type":"Organization","@id":"https:\/\/brasilnoticias.org\/site\/#organization","name":"Brasil not\u00edcias","url":"https:\/\/brasilnoticias.org\/site\/","logo":{"@type":"ImageObject","inLanguage":"pt-PT","@id":"https:\/\/brasilnoticias.org\/site\/#\/schema\/logo\/image\/","url":"https:\/\/brasilnoticias.org\/site\/wp-content\/uploads\/2022\/05\/cropped-brasilnoticias-mini.jpg","contentUrl":"https:\/\/brasilnoticias.org\/site\/wp-content\/uploads\/2022\/05\/cropped-brasilnoticias-mini.jpg","width":314,"height":86,"caption":"Brasil not\u00edcias"},"image":{"@id":"https:\/\/brasilnoticias.org\/site\/#\/schema\/logo\/image\/"}},{"@type":"Person","@id":"https:\/\/brasilnoticias.org\/site\/#\/schema\/person\/a0e05b973ec4d15c658d51911e53507b","name":"Reda\u00e7\u00e3o","image":{"@type":"ImageObject","inLanguage":"pt-PT","@id":"https:\/\/brasilnoticias.org\/site\/#\/schema\/person\/image\/","url":"https:\/\/secure.gravatar.com\/avatar\/75d8b050df2de108b08ae78dfb8e374892df24a383c67db9c46a9c604f6aee9c?s=96&d=mm&r=g","contentUrl":"https:\/\/secure.gravatar.com\/avatar\/75d8b050df2de108b08ae78dfb8e374892df24a383c67db9c46a9c604f6aee9c?s=96&d=mm&r=g","caption":"Reda\u00e7\u00e3o"},"sameAs":["https:\/\/brasilnoticias.org\/site"],"url":"https:\/\/brasilnoticias.org\/site\/author\/fernandozsngmail-com\/"}]}},"_links":{"self":[{"href":"https:\/\/brasilnoticias.org\/site\/wp-json\/wp\/v2\/posts\/5270","targetHints":{"allow":["GET"]}}],"collection":[{"href":"https:\/\/brasilnoticias.org\/site\/wp-json\/wp\/v2\/posts"}],"about":[{"href":"https:\/\/brasilnoticias.org\/site\/wp-json\/wp\/v2\/types\/post"}],"author":[{"embeddable":true,"href":"https:\/\/brasilnoticias.org\/site\/wp-json\/wp\/v2\/users\/1"}],"replies":[{"embeddable":true,"href":"https:\/\/brasilnoticias.org\/site\/wp-json\/wp\/v2\/comments?post=5270"}],"version-history":[{"count":1,"href":"https:\/\/brasilnoticias.org\/site\/wp-json\/wp\/v2\/posts\/5270\/revisions"}],"predecessor-version":[{"id":5272,"href":"https:\/\/brasilnoticias.org\/site\/wp-json\/wp\/v2\/posts\/5270\/revisions\/5272"}],"wp:featuredmedia":[{"embeddable":true,"href":"https:\/\/brasilnoticias.org\/site\/wp-json\/wp\/v2\/media\/5271"}],"wp:attachment":[{"href":"https:\/\/brasilnoticias.org\/site\/wp-json\/wp\/v2\/media?parent=5270"}],"wp:term":[{"taxonomy":"category","embeddable":true,"href":"https:\/\/brasilnoticias.org\/site\/wp-json\/wp\/v2\/categories?post=5270"},{"taxonomy":"post_tag","embeddable":true,"href":"https:\/\/brasilnoticias.org\/site\/wp-json\/wp\/v2\/tags?post=5270"}],"curies":[{"name":"wp","href":"https:\/\/api.w.org\/{rel}","templated":true}]}}