{"id":5287,"date":"2023-04-10T07:20:39","date_gmt":"2023-04-10T10:20:39","guid":{"rendered":"https:\/\/brasilnoticias.org\/site\/?p=5287"},"modified":"2023-04-09T19:00:59","modified_gmt":"2023-04-09T22:00:59","slug":"adolescente-revela-motivo-de-matar-menina-de-6-anos-na-bahia","status":"publish","type":"post","link":"https:\/\/brasilnoticias.org\/site\/adolescente-revela-motivo-de-matar-menina-de-6-anos-na-bahia\/","title":{"rendered":"Adolescente revela motivo de matar menina de 6 anos na Bahia"},"content":{"rendered":"<p>A fam\u00edlia da pequena Alice Oliveira de Moura, de seis anos, afirmou que o adolescente de 15 anos que confessou ter matado a menina em Araci, cidade baiana a 200 km de Salvador, revelou que cometeu o crime porque a garota o irritava. O suspeito \u00e9 irm\u00e3o da amiga de Alice e teria alegado em depoimento \u00e0 pol\u00edcia que a presen\u00e7a constante da menina em sua casa o incomodava.<\/p>\n<p>A m\u00e3e de Alice registrou o desaparecimento da filha na pol\u00edcia na quarta-feira, 5, ap\u00f3s a menina sair de casa para brincar e n\u00e3o retornar. A pol\u00edcia iniciou as investiga\u00e7\u00f5es e desconfiou do adolescente ao descobrir que ele estava sozinho em casa no momento em que Alice foi procurar a amiga.<\/p>\n<p>Na quinta-feira, 6, o corpo de Alice foi encontrado enterrado nos fundos da casa do suspeito e da amiga da garota, com um cinto amarrado no pesco\u00e7o e um saco pl\u00e1stico na cabe\u00e7a, pelos policiais civis da delegacia de Serrinha, cidade localizada a 175 km de Salvador.<\/p>\n<p>A m\u00e3e de Alice registrou o desaparecimento da filha na pol\u00edcia na quarta-feira, 5, ap\u00f3s a menina sair de casa para brincar e n\u00e3o retornar. A pol\u00edcia iniciou as investiga\u00e7\u00f5es e desconfiou do adolescente ao descobrir que ele estava sozinho em casa no momento em que Alice foi procurar a amiga.<\/p>\n<p>Na quinta-feira, 6, o corpo de Alice foi encontrado enterrado nos fundos da casa do suspeito e da amiga da garota, com um cinto amarrado no pesco\u00e7o e um saco pl\u00e1stico na cabe\u00e7a, pelos policiais civis da delegacia de Serrinha, cidade localizada a 175 km de Salvador.<\/p>\n<p>&#8211; Foto: Reprodu\u00e7\u00e3o<br \/>\nA Tarde<\/p>\n","protected":false},"excerpt":{"rendered":"<p>A fam\u00edlia da pequena Alice Oliveira de Moura, de seis anos, afirmou que o adolescente de 15 anos que confessou<\/p>\n","protected":false},"author":1,"featured_media":5288,"comment_status":"open","ping_status":"open","sticky":false,"template":"","format":"standard","meta":{"colormag_page_container_layout":"default_layout","colormag_page_sidebar_layout":"default_layout","_FSMCFIC_featured_image_caption":"","_FSMCFIC_featured_image_nocaption":"","_FSMCFIC_featured_image_hide":"","footnotes":""},"categories":[3,1],"tags":[],"class_list":["post-5287","post","type-post","status-publish","format-standard","has-post-thumbnail","hentry","category-policia","category-ultimas"],"yoast_head":"<!-- This site is optimized with the Yoast SEO plugin v27.1.1 - https:\/\/yoast.com\/product\/yoast-seo-wordpress\/ -->\n<title>Adolescente revela motivo de matar menina de 6 anos na Bahia - Brasil not\u00edcias<\/title>\n<meta name=\"robots\" content=\"index, follow, max-snippet:-1, max-image-preview:large, max-video-preview:-1\" \/>\n<link rel=\"canonical\" href=\"https:\/\/brasilnoticias.org\/site\/adolescente-revela-motivo-de-matar-menina-de-6-anos-na-bahia\/\" \/>\n<meta property=\"og:locale\" content=\"pt_PT\" \/>\n<meta property=\"og:type\" content=\"article\" \/>\n<meta property=\"og:title\" content=\"Adolescente revela motivo de matar menina de 6 anos na Bahia - Brasil not\u00edcias\" \/>\n<meta property=\"og:description\" content=\"A fam\u00edlia da pequena Alice Oliveira de Moura, de seis anos, afirmou que o adolescente de 15 anos que confessou\" \/>\n<meta property=\"og:url\" content=\"https:\/\/brasilnoticias.org\/site\/adolescente-revela-motivo-de-matar-menina-de-6-anos-na-bahia\/\" \/>\n<meta property=\"og:site_name\" content=\"Brasil not\u00edcias\" \/>\n<meta property=\"article:published_time\" content=\"2023-04-10T10:20:39+00:00\" \/>\n<meta property=\"og:image\" content=\"https:\/\/brasilnoticias.org\/site\/wp-content\/uploads\/2023\/04\/Artigo-Destaque_01225239_00.png\" \/>\n\t<meta property=\"og:image:width\" content=\"984\" \/>\n\t<meta property=\"og:image:height\" content=\"598\" \/>\n\t<meta property=\"og:image:type\" content=\"image\/png\" \/>\n<meta name=\"author\" content=\"Reda\u00e7\u00e3o\" \/>\n<meta name=\"twitter:card\" content=\"summary_large_image\" \/>\n<meta name=\"twitter:label1\" content=\"Escrito por\" \/>\n\t<meta name=\"twitter:data1\" content=\"Reda\u00e7\u00e3o\" \/>\n<script type=\"application\/ld+json\" class=\"yoast-schema-graph\">{\"@context\":\"https:\/\/schema.org\",\"@graph\":[{\"@type\":\"Article\",\"@id\":\"https:\/\/brasilnoticias.org\/site\/adolescente-revela-motivo-de-matar-menina-de-6-anos-na-bahia\/#article\",\"isPartOf\":{\"@id\":\"https:\/\/brasilnoticias.org\/site\/adolescente-revela-motivo-de-matar-menina-de-6-anos-na-bahia\/\"},\"author\":{\"name\":\"Reda\u00e7\u00e3o\",\"@id\":\"https:\/\/brasilnoticias.org\/site\/#\/schema\/person\/a0e05b973ec4d15c658d51911e53507b\"},\"headline\":\"Adolescente revela motivo de matar menina de 6 anos na Bahia\",\"datePublished\":\"2023-04-10T10:20:39+00:00\",\"mainEntityOfPage\":{\"@id\":\"https:\/\/brasilnoticias.org\/site\/adolescente-revela-motivo-de-matar-menina-de-6-anos-na-bahia\/\"},\"wordCount\":293,\"commentCount\":0,\"publisher\":{\"@id\":\"https:\/\/brasilnoticias.org\/site\/#organization\"},\"image\":{\"@id\":\"https:\/\/brasilnoticias.org\/site\/adolescente-revela-motivo-de-matar-menina-de-6-anos-na-bahia\/#primaryimage\"},\"thumbnailUrl\":\"https:\/\/brasilnoticias.org\/site\/wp-content\/uploads\/2023\/04\/Artigo-Destaque_01225239_00.png\",\"articleSection\":[\"Pol\u00edcia\",\"\u00daltimas\"],\"inLanguage\":\"pt-PT\",\"potentialAction\":[{\"@type\":\"CommentAction\",\"name\":\"Comment\",\"target\":[\"https:\/\/brasilnoticias.org\/site\/adolescente-revela-motivo-de-matar-menina-de-6-anos-na-bahia\/#respond\"]}]},{\"@type\":\"WebPage\",\"@id\":\"https:\/\/brasilnoticias.org\/site\/adolescente-revela-motivo-de-matar-menina-de-6-anos-na-bahia\/\",\"url\":\"https:\/\/brasilnoticias.org\/site\/adolescente-revela-motivo-de-matar-menina-de-6-anos-na-bahia\/\",\"name\":\"Adolescente revela motivo de matar menina de 6 anos na Bahia - Brasil not\u00edcias\",\"isPartOf\":{\"@id\":\"https:\/\/brasilnoticias.org\/site\/#website\"},\"primaryImageOfPage\":{\"@id\":\"https:\/\/brasilnoticias.org\/site\/adolescente-revela-motivo-de-matar-menina-de-6-anos-na-bahia\/#primaryimage\"},\"image\":{\"@id\":\"https:\/\/brasilnoticias.org\/site\/adolescente-revela-motivo-de-matar-menina-de-6-anos-na-bahia\/#primaryimage\"},\"thumbnailUrl\":\"https:\/\/brasilnoticias.org\/site\/wp-content\/uploads\/2023\/04\/Artigo-Destaque_01225239_00.png\",\"datePublished\":\"2023-04-10T10:20:39+00:00\",\"breadcrumb\":{\"@id\":\"https:\/\/brasilnoticias.org\/site\/adolescente-revela-motivo-de-matar-menina-de-6-anos-na-bahia\/#breadcrumb\"},\"inLanguage\":\"pt-PT\",\"potentialAction\":[{\"@type\":\"ReadAction\",\"target\":[\"https:\/\/brasilnoticias.org\/site\/adolescente-revela-motivo-de-matar-menina-de-6-anos-na-bahia\/\"]}]},{\"@type\":\"ImageObject\",\"inLanguage\":\"pt-PT\",\"@id\":\"https:\/\/brasilnoticias.org\/site\/adolescente-revela-motivo-de-matar-menina-de-6-anos-na-bahia\/#primaryimage\",\"url\":\"https:\/\/brasilnoticias.org\/site\/wp-content\/uploads\/2023\/04\/Artigo-Destaque_01225239_00.png\",\"contentUrl\":\"https:\/\/brasilnoticias.org\/site\/wp-content\/uploads\/2023\/04\/Artigo-Destaque_01225239_00.png\",\"width\":984,\"height\":598},{\"@type\":\"BreadcrumbList\",\"@id\":\"https:\/\/brasilnoticias.org\/site\/adolescente-revela-motivo-de-matar-menina-de-6-anos-na-bahia\/#breadcrumb\",\"itemListElement\":[{\"@type\":\"ListItem\",\"position\":1,\"name\":\"In\u00edcio\",\"item\":\"https:\/\/brasilnoticias.org\/site\/\"},{\"@type\":\"ListItem\",\"position\":2,\"name\":\"Adolescente revela motivo de matar menina de 6 anos na Bahia\"}]},{\"@type\":\"WebSite\",\"@id\":\"https:\/\/brasilnoticias.org\/site\/#website\",\"url\":\"https:\/\/brasilnoticias.org\/site\/\",\"name\":\"Brasil not\u00edcias\",\"description\":\"Brasil not\u00edcias\",\"publisher\":{\"@id\":\"https:\/\/brasilnoticias.org\/site\/#organization\"},\"potentialAction\":[{\"@type\":\"SearchAction\",\"target\":{\"@type\":\"EntryPoint\",\"urlTemplate\":\"https:\/\/brasilnoticias.org\/site\/?s={search_term_string}\"},\"query-input\":{\"@type\":\"PropertyValueSpecification\",\"valueRequired\":true,\"valueName\":\"search_term_string\"}}],\"inLanguage\":\"pt-PT\"},{\"@type\":\"Organization\",\"@id\":\"https:\/\/brasilnoticias.org\/site\/#organization\",\"name\":\"Brasil not\u00edcias\",\"url\":\"https:\/\/brasilnoticias.org\/site\/\",\"logo\":{\"@type\":\"ImageObject\",\"inLanguage\":\"pt-PT\",\"@id\":\"https:\/\/brasilnoticias.org\/site\/#\/schema\/logo\/image\/\",\"url\":\"https:\/\/brasilnoticias.org\/site\/wp-content\/uploads\/2022\/05\/cropped-brasilnoticias-mini.jpg\",\"contentUrl\":\"https:\/\/brasilnoticias.org\/site\/wp-content\/uploads\/2022\/05\/cropped-brasilnoticias-mini.jpg\",\"width\":314,\"height\":86,\"caption\":\"Brasil not\u00edcias\"},\"image\":{\"@id\":\"https:\/\/brasilnoticias.org\/site\/#\/schema\/logo\/image\/\"}},{\"@type\":\"Person\",\"@id\":\"https:\/\/brasilnoticias.org\/site\/#\/schema\/person\/a0e05b973ec4d15c658d51911e53507b\",\"name\":\"Reda\u00e7\u00e3o\",\"image\":{\"@type\":\"ImageObject\",\"inLanguage\":\"pt-PT\",\"@id\":\"https:\/\/brasilnoticias.org\/site\/#\/schema\/person\/image\/\",\"url\":\"https:\/\/secure.gravatar.com\/avatar\/75d8b050df2de108b08ae78dfb8e374892df24a383c67db9c46a9c604f6aee9c?s=96&d=mm&r=g\",\"contentUrl\":\"https:\/\/secure.gravatar.com\/avatar\/75d8b050df2de108b08ae78dfb8e374892df24a383c67db9c46a9c604f6aee9c?s=96&d=mm&r=g\",\"caption\":\"Reda\u00e7\u00e3o\"},\"sameAs\":[\"https:\/\/brasilnoticias.org\/site\"],\"url\":\"https:\/\/brasilnoticias.org\/site\/author\/fernandozsngmail-com\/\"}]}<\/script>\n<!-- \/ Yoast SEO plugin. -->","yoast_head_json":{"title":"Adolescente revela motivo de matar menina de 6 anos na Bahia - Brasil not\u00edcias","robots":{"index":"index","follow":"follow","max-snippet":"max-snippet:-1","max-image-preview":"max-image-preview:large","max-video-preview":"max-video-preview:-1"},"canonical":"https:\/\/brasilnoticias.org\/site\/adolescente-revela-motivo-de-matar-menina-de-6-anos-na-bahia\/","og_locale":"pt_PT","og_type":"article","og_title":"Adolescente revela motivo de matar menina de 6 anos na Bahia - Brasil not\u00edcias","og_description":"A fam\u00edlia da pequena Alice Oliveira de Moura, de seis anos, afirmou que o adolescente de 15 anos que confessou","og_url":"https:\/\/brasilnoticias.org\/site\/adolescente-revela-motivo-de-matar-menina-de-6-anos-na-bahia\/","og_site_name":"Brasil not\u00edcias","article_published_time":"2023-04-10T10:20:39+00:00","og_image":[{"width":984,"height":598,"url":"https:\/\/brasilnoticias.org\/site\/wp-content\/uploads\/2023\/04\/Artigo-Destaque_01225239_00.png","type":"image\/png"}],"author":"Reda\u00e7\u00e3o","twitter_card":"summary_large_image","twitter_misc":{"Escrito por":"Reda\u00e7\u00e3o"},"schema":{"@context":"https:\/\/schema.org","@graph":[{"@type":"Article","@id":"https:\/\/brasilnoticias.org\/site\/adolescente-revela-motivo-de-matar-menina-de-6-anos-na-bahia\/#article","isPartOf":{"@id":"https:\/\/brasilnoticias.org\/site\/adolescente-revela-motivo-de-matar-menina-de-6-anos-na-bahia\/"},"author":{"name":"Reda\u00e7\u00e3o","@id":"https:\/\/brasilnoticias.org\/site\/#\/schema\/person\/a0e05b973ec4d15c658d51911e53507b"},"headline":"Adolescente revela motivo de matar menina de 6 anos na Bahia","datePublished":"2023-04-10T10:20:39+00:00","mainEntityOfPage":{"@id":"https:\/\/brasilnoticias.org\/site\/adolescente-revela-motivo-de-matar-menina-de-6-anos-na-bahia\/"},"wordCount":293,"commentCount":0,"publisher":{"@id":"https:\/\/brasilnoticias.org\/site\/#organization"},"image":{"@id":"https:\/\/brasilnoticias.org\/site\/adolescente-revela-motivo-de-matar-menina-de-6-anos-na-bahia\/#primaryimage"},"thumbnailUrl":"https:\/\/brasilnoticias.org\/site\/wp-content\/uploads\/2023\/04\/Artigo-Destaque_01225239_00.png","articleSection":["Pol\u00edcia","\u00daltimas"],"inLanguage":"pt-PT","potentialAction":[{"@type":"CommentAction","name":"Comment","target":["https:\/\/brasilnoticias.org\/site\/adolescente-revela-motivo-de-matar-menina-de-6-anos-na-bahia\/#respond"]}]},{"@type":"WebPage","@id":"https:\/\/brasilnoticias.org\/site\/adolescente-revela-motivo-de-matar-menina-de-6-anos-na-bahia\/","url":"https:\/\/brasilnoticias.org\/site\/adolescente-revela-motivo-de-matar-menina-de-6-anos-na-bahia\/","name":"Adolescente revela motivo de matar menina de 6 anos na Bahia - Brasil not\u00edcias","isPartOf":{"@id":"https:\/\/brasilnoticias.org\/site\/#website"},"primaryImageOfPage":{"@id":"https:\/\/brasilnoticias.org\/site\/adolescente-revela-motivo-de-matar-menina-de-6-anos-na-bahia\/#primaryimage"},"image":{"@id":"https:\/\/brasilnoticias.org\/site\/adolescente-revela-motivo-de-matar-menina-de-6-anos-na-bahia\/#primaryimage"},"thumbnailUrl":"https:\/\/brasilnoticias.org\/site\/wp-content\/uploads\/2023\/04\/Artigo-Destaque_01225239_00.png","datePublished":"2023-04-10T10:20:39+00:00","breadcrumb":{"@id":"https:\/\/brasilnoticias.org\/site\/adolescente-revela-motivo-de-matar-menina-de-6-anos-na-bahia\/#breadcrumb"},"inLanguage":"pt-PT","potentialAction":[{"@type":"ReadAction","target":["https:\/\/brasilnoticias.org\/site\/adolescente-revela-motivo-de-matar-menina-de-6-anos-na-bahia\/"]}]},{"@type":"ImageObject","inLanguage":"pt-PT","@id":"https:\/\/brasilnoticias.org\/site\/adolescente-revela-motivo-de-matar-menina-de-6-anos-na-bahia\/#primaryimage","url":"https:\/\/brasilnoticias.org\/site\/wp-content\/uploads\/2023\/04\/Artigo-Destaque_01225239_00.png","contentUrl":"https:\/\/brasilnoticias.org\/site\/wp-content\/uploads\/2023\/04\/Artigo-Destaque_01225239_00.png","width":984,"height":598},{"@type":"BreadcrumbList","@id":"https:\/\/brasilnoticias.org\/site\/adolescente-revela-motivo-de-matar-menina-de-6-anos-na-bahia\/#breadcrumb","itemListElement":[{"@type":"ListItem","position":1,"name":"In\u00edcio","item":"https:\/\/brasilnoticias.org\/site\/"},{"@type":"ListItem","position":2,"name":"Adolescente revela motivo de matar menina de 6 anos na Bahia"}]},{"@type":"WebSite","@id":"https:\/\/brasilnoticias.org\/site\/#website","url":"https:\/\/brasilnoticias.org\/site\/","name":"Brasil not\u00edcias","description":"Brasil not\u00edcias","publisher":{"@id":"https:\/\/brasilnoticias.org\/site\/#organization"},"potentialAction":[{"@type":"SearchAction","target":{"@type":"EntryPoint","urlTemplate":"https:\/\/brasilnoticias.org\/site\/?s={search_term_string}"},"query-input":{"@type":"PropertyValueSpecification","valueRequired":true,"valueName":"search_term_string"}}],"inLanguage":"pt-PT"},{"@type":"Organization","@id":"https:\/\/brasilnoticias.org\/site\/#organization","name":"Brasil not\u00edcias","url":"https:\/\/brasilnoticias.org\/site\/","logo":{"@type":"ImageObject","inLanguage":"pt-PT","@id":"https:\/\/brasilnoticias.org\/site\/#\/schema\/logo\/image\/","url":"https:\/\/brasilnoticias.org\/site\/wp-content\/uploads\/2022\/05\/cropped-brasilnoticias-mini.jpg","contentUrl":"https:\/\/brasilnoticias.org\/site\/wp-content\/uploads\/2022\/05\/cropped-brasilnoticias-mini.jpg","width":314,"height":86,"caption":"Brasil not\u00edcias"},"image":{"@id":"https:\/\/brasilnoticias.org\/site\/#\/schema\/logo\/image\/"}},{"@type":"Person","@id":"https:\/\/brasilnoticias.org\/site\/#\/schema\/person\/a0e05b973ec4d15c658d51911e53507b","name":"Reda\u00e7\u00e3o","image":{"@type":"ImageObject","inLanguage":"pt-PT","@id":"https:\/\/brasilnoticias.org\/site\/#\/schema\/person\/image\/","url":"https:\/\/secure.gravatar.com\/avatar\/75d8b050df2de108b08ae78dfb8e374892df24a383c67db9c46a9c604f6aee9c?s=96&d=mm&r=g","contentUrl":"https:\/\/secure.gravatar.com\/avatar\/75d8b050df2de108b08ae78dfb8e374892df24a383c67db9c46a9c604f6aee9c?s=96&d=mm&r=g","caption":"Reda\u00e7\u00e3o"},"sameAs":["https:\/\/brasilnoticias.org\/site"],"url":"https:\/\/brasilnoticias.org\/site\/author\/fernandozsngmail-com\/"}]}},"_links":{"self":[{"href":"https:\/\/brasilnoticias.org\/site\/wp-json\/wp\/v2\/posts\/5287","targetHints":{"allow":["GET"]}}],"collection":[{"href":"https:\/\/brasilnoticias.org\/site\/wp-json\/wp\/v2\/posts"}],"about":[{"href":"https:\/\/brasilnoticias.org\/site\/wp-json\/wp\/v2\/types\/post"}],"author":[{"embeddable":true,"href":"https:\/\/brasilnoticias.org\/site\/wp-json\/wp\/v2\/users\/1"}],"replies":[{"embeddable":true,"href":"https:\/\/brasilnoticias.org\/site\/wp-json\/wp\/v2\/comments?post=5287"}],"version-history":[{"count":1,"href":"https:\/\/brasilnoticias.org\/site\/wp-json\/wp\/v2\/posts\/5287\/revisions"}],"predecessor-version":[{"id":5289,"href":"https:\/\/brasilnoticias.org\/site\/wp-json\/wp\/v2\/posts\/5287\/revisions\/5289"}],"wp:featuredmedia":[{"embeddable":true,"href":"https:\/\/brasilnoticias.org\/site\/wp-json\/wp\/v2\/media\/5288"}],"wp:attachment":[{"href":"https:\/\/brasilnoticias.org\/site\/wp-json\/wp\/v2\/media?parent=5287"}],"wp:term":[{"taxonomy":"category","embeddable":true,"href":"https:\/\/brasilnoticias.org\/site\/wp-json\/wp\/v2\/categories?post=5287"},{"taxonomy":"post_tag","embeddable":true,"href":"https:\/\/brasilnoticias.org\/site\/wp-json\/wp\/v2\/tags?post=5287"}],"curies":[{"name":"wp","href":"https:\/\/api.w.org\/{rel}","templated":true}]}}