{"id":5298,"date":"2023-04-10T13:56:45","date_gmt":"2023-04-10T16:56:45","guid":{"rendered":"https:\/\/brasilnoticias.org\/site\/?p=5298"},"modified":"2023-04-10T13:56:45","modified_gmt":"2023-04-10T16:56:45","slug":"onde-estao-os-lacradores-da-esquerda-feminista-questiona-capitao-alden-apos-bahia-ser-o-unico-estado-do-nordeste-que-nao-tem-delegacias-da-mulher-com-funcionamento-24h","status":"publish","type":"post","link":"https:\/\/brasilnoticias.org\/site\/onde-estao-os-lacradores-da-esquerda-feminista-questiona-capitao-alden-apos-bahia-ser-o-unico-estado-do-nordeste-que-nao-tem-delegacias-da-mulher-com-funcionamento-24h\/","title":{"rendered":"\u201cOnde est\u00e3o os lacradores da esquerda feminista?\u201d, questiona Capit\u00e3o Alden ap\u00f3s Bahia ser o \u00fanico estado do Nordeste que n\u00e3o tem delegacias da mulher com funcionamento 24h"},"content":{"rendered":"<p>Reagindo \u00e0 not\u00edcia de que a Bahia \u00e9 o \u00fanico estado do Nordeste a n\u00e3o possuir delegacias da mulher com funcionamento 24h, o deputado federal Capit\u00e3o Alden (PL-BA) cobrou da milit\u00e2ncia da esquerda posicionamento sobre o tema, j\u00e1 que o estado aparece em terceiro lugar no pa\u00eds em n\u00famero de casos de viol\u00eancia contra mulher registrados em 2022, e lidera em compara\u00e7\u00e3o com os dados de 2021 e tamb\u00e9m em n\u00famero de feminic\u00eddios em todo a regi\u00e3o. <\/p>\n<p>De acordo com o levantamento feito pelo G1 junto aos governos estaduais, a Bahia aparece em terceiro lugar no pa\u00eds em n\u00famero de casos de viol\u00eancia contra mulher registrados em 2022, e lidera em compara\u00e7\u00e3o com os dados de 2021 e tamb\u00e9m em n\u00famero de feminic\u00eddios em todo o Nordeste. <\/p>\n<p>\u201cOnde est\u00e1 a milit\u00e2ncia de esquerda, que brada ser feminista e defensora de direitos iguais? Est\u00e1 calada! Eles vivem de discurso, s\u00e3o le\u00f5es de tribuna, das redes sociais, mas viram gatinhos quando precisam cobrar que problemas como esses sejam solucionados. N\u00e3o \u00e9 pelo povo, mas sim pela lacra\u00e7\u00e3o\u201d, bradou o Capit\u00e3o Alden. <\/p>\n<p>Segundo a Rede de Observat\u00f3rios da Seguran\u00e7a, a Bahia fechou o ano passado com 316 casos de viol\u00eancia, contra 200 contabilizados em 2021. A varia\u00e7\u00e3o entre os dois anos representa um crescimento de 58%. Em n\u00fameros totais, o estado fica atr\u00e1s apenas de S\u00e3o Paulo, que teve 898 casos; e do Rio de Janeiro, que fechou o ano com 545 crimes do tipo. J\u00e1 em rela\u00e7\u00e3o aos feminic\u00eddios, o estado teve 91 somente em 2022.<\/p>\n","protected":false},"excerpt":{"rendered":"<p>Reagindo \u00e0 not\u00edcia de que a Bahia \u00e9 o \u00fanico estado do Nordeste a n\u00e3o possuir delegacias da mulher com<\/p>\n","protected":false},"author":1,"featured_media":5299,"comment_status":"open","ping_status":"open","sticky":false,"template":"","format":"standard","meta":{"colormag_page_container_layout":"default_layout","colormag_page_sidebar_layout":"default_layout","_FSMCFIC_featured_image_caption":"","_FSMCFIC_featured_image_nocaption":"","_FSMCFIC_featured_image_hide":"","footnotes":""},"categories":[5,1],"tags":[],"class_list":["post-5298","post","type-post","status-publish","format-standard","has-post-thumbnail","hentry","category-politica","category-ultimas"],"yoast_head":"<!-- This site is optimized with the Yoast SEO plugin v27.1.1 - https:\/\/yoast.com\/product\/yoast-seo-wordpress\/ -->\n<title>\u201cOnde est\u00e3o os lacradores da esquerda feminista?\u201d, questiona Capit\u00e3o Alden ap\u00f3s Bahia ser o \u00fanico estado do Nordeste que n\u00e3o tem delegacias da mulher com funcionamento 24h - Brasil not\u00edcias<\/title>\n<meta name=\"robots\" content=\"index, follow, max-snippet:-1, max-image-preview:large, max-video-preview:-1\" \/>\n<link rel=\"canonical\" href=\"https:\/\/brasilnoticias.org\/site\/onde-estao-os-lacradores-da-esquerda-feminista-questiona-capitao-alden-apos-bahia-ser-o-unico-estado-do-nordeste-que-nao-tem-delegacias-da-mulher-com-funcionamento-24h\/\" \/>\n<meta property=\"og:locale\" content=\"pt_PT\" \/>\n<meta property=\"og:type\" content=\"article\" \/>\n<meta property=\"og:title\" content=\"\u201cOnde est\u00e3o os lacradores da esquerda feminista?\u201d, questiona Capit\u00e3o Alden ap\u00f3s Bahia ser o \u00fanico estado do Nordeste que n\u00e3o tem delegacias da mulher com funcionamento 24h - Brasil not\u00edcias\" \/>\n<meta property=\"og:description\" content=\"Reagindo \u00e0 not\u00edcia de que a Bahia \u00e9 o \u00fanico estado do Nordeste a n\u00e3o possuir delegacias da mulher com\" \/>\n<meta property=\"og:url\" content=\"https:\/\/brasilnoticias.org\/site\/onde-estao-os-lacradores-da-esquerda-feminista-questiona-capitao-alden-apos-bahia-ser-o-unico-estado-do-nordeste-que-nao-tem-delegacias-da-mulher-com-funcionamento-24h\/\" \/>\n<meta property=\"og:site_name\" content=\"Brasil not\u00edcias\" \/>\n<meta property=\"article:published_time\" content=\"2023-04-10T16:56:45+00:00\" \/>\n<meta property=\"og:image\" content=\"https:\/\/brasilnoticias.org\/site\/wp-content\/uploads\/2023\/04\/WhatsApp-Image-2023-04-10-at-13.45.39.jpeg\" \/>\n\t<meta property=\"og:image:width\" content=\"1000\" \/>\n\t<meta property=\"og:image:height\" content=\"667\" \/>\n\t<meta property=\"og:image:type\" content=\"image\/jpeg\" \/>\n<meta name=\"author\" content=\"Reda\u00e7\u00e3o\" \/>\n<meta name=\"twitter:card\" content=\"summary_large_image\" \/>\n<meta name=\"twitter:label1\" content=\"Escrito por\" \/>\n\t<meta name=\"twitter:data1\" content=\"Reda\u00e7\u00e3o\" \/>\n<script type=\"application\/ld+json\" class=\"yoast-schema-graph\">{\"@context\":\"https:\/\/schema.org\",\"@graph\":[{\"@type\":\"Article\",\"@id\":\"https:\/\/brasilnoticias.org\/site\/onde-estao-os-lacradores-da-esquerda-feminista-questiona-capitao-alden-apos-bahia-ser-o-unico-estado-do-nordeste-que-nao-tem-delegacias-da-mulher-com-funcionamento-24h\/#article\",\"isPartOf\":{\"@id\":\"https:\/\/brasilnoticias.org\/site\/onde-estao-os-lacradores-da-esquerda-feminista-questiona-capitao-alden-apos-bahia-ser-o-unico-estado-do-nordeste-que-nao-tem-delegacias-da-mulher-com-funcionamento-24h\/\"},\"author\":{\"name\":\"Reda\u00e7\u00e3o\",\"@id\":\"https:\/\/brasilnoticias.org\/site\/#\/schema\/person\/a0e05b973ec4d15c658d51911e53507b\"},\"headline\":\"\u201cOnde est\u00e3o os lacradores da esquerda feminista?\u201d, questiona Capit\u00e3o Alden ap\u00f3s Bahia ser o \u00fanico estado do Nordeste que n\u00e3o tem delegacias da mulher com funcionamento 24h\",\"datePublished\":\"2023-04-10T16:56:45+00:00\",\"mainEntityOfPage\":{\"@id\":\"https:\/\/brasilnoticias.org\/site\/onde-estao-os-lacradores-da-esquerda-feminista-questiona-capitao-alden-apos-bahia-ser-o-unico-estado-do-nordeste-que-nao-tem-delegacias-da-mulher-com-funcionamento-24h\/\"},\"wordCount\":304,\"commentCount\":0,\"publisher\":{\"@id\":\"https:\/\/brasilnoticias.org\/site\/#organization\"},\"image\":{\"@id\":\"https:\/\/brasilnoticias.org\/site\/onde-estao-os-lacradores-da-esquerda-feminista-questiona-capitao-alden-apos-bahia-ser-o-unico-estado-do-nordeste-que-nao-tem-delegacias-da-mulher-com-funcionamento-24h\/#primaryimage\"},\"thumbnailUrl\":\"https:\/\/brasilnoticias.org\/site\/wp-content\/uploads\/2023\/04\/WhatsApp-Image-2023-04-10-at-13.45.39.jpeg\",\"articleSection\":[\"Pol\u00edtica\",\"\u00daltimas\"],\"inLanguage\":\"pt-PT\",\"potentialAction\":[{\"@type\":\"CommentAction\",\"name\":\"Comment\",\"target\":[\"https:\/\/brasilnoticias.org\/site\/onde-estao-os-lacradores-da-esquerda-feminista-questiona-capitao-alden-apos-bahia-ser-o-unico-estado-do-nordeste-que-nao-tem-delegacias-da-mulher-com-funcionamento-24h\/#respond\"]}]},{\"@type\":\"WebPage\",\"@id\":\"https:\/\/brasilnoticias.org\/site\/onde-estao-os-lacradores-da-esquerda-feminista-questiona-capitao-alden-apos-bahia-ser-o-unico-estado-do-nordeste-que-nao-tem-delegacias-da-mulher-com-funcionamento-24h\/\",\"url\":\"https:\/\/brasilnoticias.org\/site\/onde-estao-os-lacradores-da-esquerda-feminista-questiona-capitao-alden-apos-bahia-ser-o-unico-estado-do-nordeste-que-nao-tem-delegacias-da-mulher-com-funcionamento-24h\/\",\"name\":\"\u201cOnde est\u00e3o os lacradores da esquerda feminista?\u201d, questiona Capit\u00e3o Alden ap\u00f3s Bahia ser o \u00fanico estado do Nordeste que n\u00e3o tem delegacias da mulher com funcionamento 24h - Brasil not\u00edcias\",\"isPartOf\":{\"@id\":\"https:\/\/brasilnoticias.org\/site\/#website\"},\"primaryImageOfPage\":{\"@id\":\"https:\/\/brasilnoticias.org\/site\/onde-estao-os-lacradores-da-esquerda-feminista-questiona-capitao-alden-apos-bahia-ser-o-unico-estado-do-nordeste-que-nao-tem-delegacias-da-mulher-com-funcionamento-24h\/#primaryimage\"},\"image\":{\"@id\":\"https:\/\/brasilnoticias.org\/site\/onde-estao-os-lacradores-da-esquerda-feminista-questiona-capitao-alden-apos-bahia-ser-o-unico-estado-do-nordeste-que-nao-tem-delegacias-da-mulher-com-funcionamento-24h\/#primaryimage\"},\"thumbnailUrl\":\"https:\/\/brasilnoticias.org\/site\/wp-content\/uploads\/2023\/04\/WhatsApp-Image-2023-04-10-at-13.45.39.jpeg\",\"datePublished\":\"2023-04-10T16:56:45+00:00\",\"breadcrumb\":{\"@id\":\"https:\/\/brasilnoticias.org\/site\/onde-estao-os-lacradores-da-esquerda-feminista-questiona-capitao-alden-apos-bahia-ser-o-unico-estado-do-nordeste-que-nao-tem-delegacias-da-mulher-com-funcionamento-24h\/#breadcrumb\"},\"inLanguage\":\"pt-PT\",\"potentialAction\":[{\"@type\":\"ReadAction\",\"target\":[\"https:\/\/brasilnoticias.org\/site\/onde-estao-os-lacradores-da-esquerda-feminista-questiona-capitao-alden-apos-bahia-ser-o-unico-estado-do-nordeste-que-nao-tem-delegacias-da-mulher-com-funcionamento-24h\/\"]}]},{\"@type\":\"ImageObject\",\"inLanguage\":\"pt-PT\",\"@id\":\"https:\/\/brasilnoticias.org\/site\/onde-estao-os-lacradores-da-esquerda-feminista-questiona-capitao-alden-apos-bahia-ser-o-unico-estado-do-nordeste-que-nao-tem-delegacias-da-mulher-com-funcionamento-24h\/#primaryimage\",\"url\":\"https:\/\/brasilnoticias.org\/site\/wp-content\/uploads\/2023\/04\/WhatsApp-Image-2023-04-10-at-13.45.39.jpeg\",\"contentUrl\":\"https:\/\/brasilnoticias.org\/site\/wp-content\/uploads\/2023\/04\/WhatsApp-Image-2023-04-10-at-13.45.39.jpeg\",\"width\":1000,\"height\":667},{\"@type\":\"BreadcrumbList\",\"@id\":\"https:\/\/brasilnoticias.org\/site\/onde-estao-os-lacradores-da-esquerda-feminista-questiona-capitao-alden-apos-bahia-ser-o-unico-estado-do-nordeste-que-nao-tem-delegacias-da-mulher-com-funcionamento-24h\/#breadcrumb\",\"itemListElement\":[{\"@type\":\"ListItem\",\"position\":1,\"name\":\"In\u00edcio\",\"item\":\"https:\/\/brasilnoticias.org\/site\/\"},{\"@type\":\"ListItem\",\"position\":2,\"name\":\"\u201cOnde est\u00e3o os lacradores da esquerda feminista?\u201d, questiona Capit\u00e3o Alden ap\u00f3s Bahia ser o \u00fanico estado do Nordeste que n\u00e3o tem delegacias da mulher com funcionamento 24h\"}]},{\"@type\":\"WebSite\",\"@id\":\"https:\/\/brasilnoticias.org\/site\/#website\",\"url\":\"https:\/\/brasilnoticias.org\/site\/\",\"name\":\"Brasil not\u00edcias\",\"description\":\"Brasil not\u00edcias\",\"publisher\":{\"@id\":\"https:\/\/brasilnoticias.org\/site\/#organization\"},\"potentialAction\":[{\"@type\":\"SearchAction\",\"target\":{\"@type\":\"EntryPoint\",\"urlTemplate\":\"https:\/\/brasilnoticias.org\/site\/?s={search_term_string}\"},\"query-input\":{\"@type\":\"PropertyValueSpecification\",\"valueRequired\":true,\"valueName\":\"search_term_string\"}}],\"inLanguage\":\"pt-PT\"},{\"@type\":\"Organization\",\"@id\":\"https:\/\/brasilnoticias.org\/site\/#organization\",\"name\":\"Brasil not\u00edcias\",\"url\":\"https:\/\/brasilnoticias.org\/site\/\",\"logo\":{\"@type\":\"ImageObject\",\"inLanguage\":\"pt-PT\",\"@id\":\"https:\/\/brasilnoticias.org\/site\/#\/schema\/logo\/image\/\",\"url\":\"https:\/\/brasilnoticias.org\/site\/wp-content\/uploads\/2022\/05\/cropped-brasilnoticias-mini.jpg\",\"contentUrl\":\"https:\/\/brasilnoticias.org\/site\/wp-content\/uploads\/2022\/05\/cropped-brasilnoticias-mini.jpg\",\"width\":314,\"height\":86,\"caption\":\"Brasil not\u00edcias\"},\"image\":{\"@id\":\"https:\/\/brasilnoticias.org\/site\/#\/schema\/logo\/image\/\"}},{\"@type\":\"Person\",\"@id\":\"https:\/\/brasilnoticias.org\/site\/#\/schema\/person\/a0e05b973ec4d15c658d51911e53507b\",\"name\":\"Reda\u00e7\u00e3o\",\"image\":{\"@type\":\"ImageObject\",\"inLanguage\":\"pt-PT\",\"@id\":\"https:\/\/brasilnoticias.org\/site\/#\/schema\/person\/image\/\",\"url\":\"https:\/\/secure.gravatar.com\/avatar\/75d8b050df2de108b08ae78dfb8e374892df24a383c67db9c46a9c604f6aee9c?s=96&d=mm&r=g\",\"contentUrl\":\"https:\/\/secure.gravatar.com\/avatar\/75d8b050df2de108b08ae78dfb8e374892df24a383c67db9c46a9c604f6aee9c?s=96&d=mm&r=g\",\"caption\":\"Reda\u00e7\u00e3o\"},\"sameAs\":[\"https:\/\/brasilnoticias.org\/site\"],\"url\":\"https:\/\/brasilnoticias.org\/site\/author\/fernandozsngmail-com\/\"}]}<\/script>\n<!-- \/ Yoast SEO plugin. -->","yoast_head_json":{"title":"\u201cOnde est\u00e3o os lacradores da esquerda feminista?\u201d, questiona Capit\u00e3o Alden ap\u00f3s Bahia ser o \u00fanico estado do Nordeste que n\u00e3o tem delegacias da mulher com funcionamento 24h - Brasil not\u00edcias","robots":{"index":"index","follow":"follow","max-snippet":"max-snippet:-1","max-image-preview":"max-image-preview:large","max-video-preview":"max-video-preview:-1"},"canonical":"https:\/\/brasilnoticias.org\/site\/onde-estao-os-lacradores-da-esquerda-feminista-questiona-capitao-alden-apos-bahia-ser-o-unico-estado-do-nordeste-que-nao-tem-delegacias-da-mulher-com-funcionamento-24h\/","og_locale":"pt_PT","og_type":"article","og_title":"\u201cOnde est\u00e3o os lacradores da esquerda feminista?\u201d, questiona Capit\u00e3o Alden ap\u00f3s Bahia ser o \u00fanico estado do Nordeste que n\u00e3o tem delegacias da mulher com funcionamento 24h - Brasil not\u00edcias","og_description":"Reagindo \u00e0 not\u00edcia de que a Bahia \u00e9 o \u00fanico estado do Nordeste a n\u00e3o possuir delegacias da mulher com","og_url":"https:\/\/brasilnoticias.org\/site\/onde-estao-os-lacradores-da-esquerda-feminista-questiona-capitao-alden-apos-bahia-ser-o-unico-estado-do-nordeste-que-nao-tem-delegacias-da-mulher-com-funcionamento-24h\/","og_site_name":"Brasil not\u00edcias","article_published_time":"2023-04-10T16:56:45+00:00","og_image":[{"width":1000,"height":667,"url":"https:\/\/brasilnoticias.org\/site\/wp-content\/uploads\/2023\/04\/WhatsApp-Image-2023-04-10-at-13.45.39.jpeg","type":"image\/jpeg"}],"author":"Reda\u00e7\u00e3o","twitter_card":"summary_large_image","twitter_misc":{"Escrito por":"Reda\u00e7\u00e3o"},"schema":{"@context":"https:\/\/schema.org","@graph":[{"@type":"Article","@id":"https:\/\/brasilnoticias.org\/site\/onde-estao-os-lacradores-da-esquerda-feminista-questiona-capitao-alden-apos-bahia-ser-o-unico-estado-do-nordeste-que-nao-tem-delegacias-da-mulher-com-funcionamento-24h\/#article","isPartOf":{"@id":"https:\/\/brasilnoticias.org\/site\/onde-estao-os-lacradores-da-esquerda-feminista-questiona-capitao-alden-apos-bahia-ser-o-unico-estado-do-nordeste-que-nao-tem-delegacias-da-mulher-com-funcionamento-24h\/"},"author":{"name":"Reda\u00e7\u00e3o","@id":"https:\/\/brasilnoticias.org\/site\/#\/schema\/person\/a0e05b973ec4d15c658d51911e53507b"},"headline":"\u201cOnde est\u00e3o os lacradores da esquerda feminista?\u201d, questiona Capit\u00e3o Alden ap\u00f3s Bahia ser o \u00fanico estado do Nordeste que n\u00e3o tem delegacias da mulher com funcionamento 24h","datePublished":"2023-04-10T16:56:45+00:00","mainEntityOfPage":{"@id":"https:\/\/brasilnoticias.org\/site\/onde-estao-os-lacradores-da-esquerda-feminista-questiona-capitao-alden-apos-bahia-ser-o-unico-estado-do-nordeste-que-nao-tem-delegacias-da-mulher-com-funcionamento-24h\/"},"wordCount":304,"commentCount":0,"publisher":{"@id":"https:\/\/brasilnoticias.org\/site\/#organization"},"image":{"@id":"https:\/\/brasilnoticias.org\/site\/onde-estao-os-lacradores-da-esquerda-feminista-questiona-capitao-alden-apos-bahia-ser-o-unico-estado-do-nordeste-que-nao-tem-delegacias-da-mulher-com-funcionamento-24h\/#primaryimage"},"thumbnailUrl":"https:\/\/brasilnoticias.org\/site\/wp-content\/uploads\/2023\/04\/WhatsApp-Image-2023-04-10-at-13.45.39.jpeg","articleSection":["Pol\u00edtica","\u00daltimas"],"inLanguage":"pt-PT","potentialAction":[{"@type":"CommentAction","name":"Comment","target":["https:\/\/brasilnoticias.org\/site\/onde-estao-os-lacradores-da-esquerda-feminista-questiona-capitao-alden-apos-bahia-ser-o-unico-estado-do-nordeste-que-nao-tem-delegacias-da-mulher-com-funcionamento-24h\/#respond"]}]},{"@type":"WebPage","@id":"https:\/\/brasilnoticias.org\/site\/onde-estao-os-lacradores-da-esquerda-feminista-questiona-capitao-alden-apos-bahia-ser-o-unico-estado-do-nordeste-que-nao-tem-delegacias-da-mulher-com-funcionamento-24h\/","url":"https:\/\/brasilnoticias.org\/site\/onde-estao-os-lacradores-da-esquerda-feminista-questiona-capitao-alden-apos-bahia-ser-o-unico-estado-do-nordeste-que-nao-tem-delegacias-da-mulher-com-funcionamento-24h\/","name":"\u201cOnde est\u00e3o os lacradores da esquerda feminista?\u201d, questiona Capit\u00e3o Alden ap\u00f3s Bahia ser o \u00fanico estado do Nordeste que n\u00e3o tem delegacias da mulher com funcionamento 24h - Brasil not\u00edcias","isPartOf":{"@id":"https:\/\/brasilnoticias.org\/site\/#website"},"primaryImageOfPage":{"@id":"https:\/\/brasilnoticias.org\/site\/onde-estao-os-lacradores-da-esquerda-feminista-questiona-capitao-alden-apos-bahia-ser-o-unico-estado-do-nordeste-que-nao-tem-delegacias-da-mulher-com-funcionamento-24h\/#primaryimage"},"image":{"@id":"https:\/\/brasilnoticias.org\/site\/onde-estao-os-lacradores-da-esquerda-feminista-questiona-capitao-alden-apos-bahia-ser-o-unico-estado-do-nordeste-que-nao-tem-delegacias-da-mulher-com-funcionamento-24h\/#primaryimage"},"thumbnailUrl":"https:\/\/brasilnoticias.org\/site\/wp-content\/uploads\/2023\/04\/WhatsApp-Image-2023-04-10-at-13.45.39.jpeg","datePublished":"2023-04-10T16:56:45+00:00","breadcrumb":{"@id":"https:\/\/brasilnoticias.org\/site\/onde-estao-os-lacradores-da-esquerda-feminista-questiona-capitao-alden-apos-bahia-ser-o-unico-estado-do-nordeste-que-nao-tem-delegacias-da-mulher-com-funcionamento-24h\/#breadcrumb"},"inLanguage":"pt-PT","potentialAction":[{"@type":"ReadAction","target":["https:\/\/brasilnoticias.org\/site\/onde-estao-os-lacradores-da-esquerda-feminista-questiona-capitao-alden-apos-bahia-ser-o-unico-estado-do-nordeste-que-nao-tem-delegacias-da-mulher-com-funcionamento-24h\/"]}]},{"@type":"ImageObject","inLanguage":"pt-PT","@id":"https:\/\/brasilnoticias.org\/site\/onde-estao-os-lacradores-da-esquerda-feminista-questiona-capitao-alden-apos-bahia-ser-o-unico-estado-do-nordeste-que-nao-tem-delegacias-da-mulher-com-funcionamento-24h\/#primaryimage","url":"https:\/\/brasilnoticias.org\/site\/wp-content\/uploads\/2023\/04\/WhatsApp-Image-2023-04-10-at-13.45.39.jpeg","contentUrl":"https:\/\/brasilnoticias.org\/site\/wp-content\/uploads\/2023\/04\/WhatsApp-Image-2023-04-10-at-13.45.39.jpeg","width":1000,"height":667},{"@type":"BreadcrumbList","@id":"https:\/\/brasilnoticias.org\/site\/onde-estao-os-lacradores-da-esquerda-feminista-questiona-capitao-alden-apos-bahia-ser-o-unico-estado-do-nordeste-que-nao-tem-delegacias-da-mulher-com-funcionamento-24h\/#breadcrumb","itemListElement":[{"@type":"ListItem","position":1,"name":"In\u00edcio","item":"https:\/\/brasilnoticias.org\/site\/"},{"@type":"ListItem","position":2,"name":"\u201cOnde est\u00e3o os lacradores da esquerda feminista?\u201d, questiona Capit\u00e3o Alden ap\u00f3s Bahia ser o \u00fanico estado do Nordeste que n\u00e3o tem delegacias da mulher com funcionamento 24h"}]},{"@type":"WebSite","@id":"https:\/\/brasilnoticias.org\/site\/#website","url":"https:\/\/brasilnoticias.org\/site\/","name":"Brasil not\u00edcias","description":"Brasil not\u00edcias","publisher":{"@id":"https:\/\/brasilnoticias.org\/site\/#organization"},"potentialAction":[{"@type":"SearchAction","target":{"@type":"EntryPoint","urlTemplate":"https:\/\/brasilnoticias.org\/site\/?s={search_term_string}"},"query-input":{"@type":"PropertyValueSpecification","valueRequired":true,"valueName":"search_term_string"}}],"inLanguage":"pt-PT"},{"@type":"Organization","@id":"https:\/\/brasilnoticias.org\/site\/#organization","name":"Brasil not\u00edcias","url":"https:\/\/brasilnoticias.org\/site\/","logo":{"@type":"ImageObject","inLanguage":"pt-PT","@id":"https:\/\/brasilnoticias.org\/site\/#\/schema\/logo\/image\/","url":"https:\/\/brasilnoticias.org\/site\/wp-content\/uploads\/2022\/05\/cropped-brasilnoticias-mini.jpg","contentUrl":"https:\/\/brasilnoticias.org\/site\/wp-content\/uploads\/2022\/05\/cropped-brasilnoticias-mini.jpg","width":314,"height":86,"caption":"Brasil not\u00edcias"},"image":{"@id":"https:\/\/brasilnoticias.org\/site\/#\/schema\/logo\/image\/"}},{"@type":"Person","@id":"https:\/\/brasilnoticias.org\/site\/#\/schema\/person\/a0e05b973ec4d15c658d51911e53507b","name":"Reda\u00e7\u00e3o","image":{"@type":"ImageObject","inLanguage":"pt-PT","@id":"https:\/\/brasilnoticias.org\/site\/#\/schema\/person\/image\/","url":"https:\/\/secure.gravatar.com\/avatar\/75d8b050df2de108b08ae78dfb8e374892df24a383c67db9c46a9c604f6aee9c?s=96&d=mm&r=g","contentUrl":"https:\/\/secure.gravatar.com\/avatar\/75d8b050df2de108b08ae78dfb8e374892df24a383c67db9c46a9c604f6aee9c?s=96&d=mm&r=g","caption":"Reda\u00e7\u00e3o"},"sameAs":["https:\/\/brasilnoticias.org\/site"],"url":"https:\/\/brasilnoticias.org\/site\/author\/fernandozsngmail-com\/"}]}},"_links":{"self":[{"href":"https:\/\/brasilnoticias.org\/site\/wp-json\/wp\/v2\/posts\/5298","targetHints":{"allow":["GET"]}}],"collection":[{"href":"https:\/\/brasilnoticias.org\/site\/wp-json\/wp\/v2\/posts"}],"about":[{"href":"https:\/\/brasilnoticias.org\/site\/wp-json\/wp\/v2\/types\/post"}],"author":[{"embeddable":true,"href":"https:\/\/brasilnoticias.org\/site\/wp-json\/wp\/v2\/users\/1"}],"replies":[{"embeddable":true,"href":"https:\/\/brasilnoticias.org\/site\/wp-json\/wp\/v2\/comments?post=5298"}],"version-history":[{"count":1,"href":"https:\/\/brasilnoticias.org\/site\/wp-json\/wp\/v2\/posts\/5298\/revisions"}],"predecessor-version":[{"id":5300,"href":"https:\/\/brasilnoticias.org\/site\/wp-json\/wp\/v2\/posts\/5298\/revisions\/5300"}],"wp:featuredmedia":[{"embeddable":true,"href":"https:\/\/brasilnoticias.org\/site\/wp-json\/wp\/v2\/media\/5299"}],"wp:attachment":[{"href":"https:\/\/brasilnoticias.org\/site\/wp-json\/wp\/v2\/media?parent=5298"}],"wp:term":[{"taxonomy":"category","embeddable":true,"href":"https:\/\/brasilnoticias.org\/site\/wp-json\/wp\/v2\/categories?post=5298"},{"taxonomy":"post_tag","embeddable":true,"href":"https:\/\/brasilnoticias.org\/site\/wp-json\/wp\/v2\/tags?post=5298"}],"curies":[{"name":"wp","href":"https:\/\/api.w.org\/{rel}","templated":true}]}}