{"id":53,"date":"2022-05-10T14:58:33","date_gmt":"2022-05-10T17:58:33","guid":{"rendered":"https:\/\/brasilnoticias.org\/site\/?p=53"},"modified":"2022-05-03T15:01:19","modified_gmt":"2022-05-03T18:01:19","slug":"massa-fm-chega-a-salvador-segunda-cidade-do-nordeste-a-receber-emissora","status":"publish","type":"post","link":"https:\/\/brasilnoticias.org\/site\/massa-fm-chega-a-salvador-segunda-cidade-do-nordeste-a-receber-emissora\/","title":{"rendered":"Massa FM chega a Salvador, segunda cidade do Nordeste a receber emissora"},"content":{"rendered":"<div id=\"content\" class=\"clearfix\">\n<article id=\"post-14457\" class=\"post-14457 post type-post status-publish format-standard hentry category-noticias category-ultimas\">\n<div class=\"article-content clearfix\">\n<div class=\"entry-content clearfix\">\n<p>A rede liderada pelas r\u00e1dios Massa FM, emissora do apresentador Ratinho, confirmou a instaura\u00e7\u00e3o na capital baiana. A partir de abril, a Nazar\u00e9 FM passa a ser Massa FM na mesma sintonia: 100.7. A emissora \u00e9 a segunda afiliada da marca a operar numa capital nordestina, a rede est\u00e1 presente em S\u00e3o Lu\u00eds (MA) desde fevereiro do ano passado.<\/p>\n<p>Em entrevista ao Bahia Not\u00edcias, o radialista e respons\u00e1vel pela emissora na capital, Andr\u00e9 Sp\u00ednola, confirmou a estreia da Massa FM para o pr\u00f3ximo dia 4 de abril. \u201cHoje, ela est\u00e1 entre as tr\u00eas maiores redes de r\u00e1dio do Brasil e em plena expans\u00e3o, Salvador \u00e9 uma pra\u00e7a importante para eles e a gente acabou fazendo essa parceria\u201d, conta Andr\u00e9. A r\u00e1dio conta com programa\u00e7\u00e3o musical e noticiosa, tanto local como nacional. \u201cTeremos o programa de jornalismo em dois hor\u00e1rios que se chama \u2018Microfone Aberto\u2019 e a programa\u00e7\u00e3o musical com o \u2018Manh\u00e3 da Massa\u2019\u201d, explica.<\/p>\n<p>Entre as novidades, tamb\u00e9m est\u00e3o o \u201cAmarelinho da Massa\u201d e a \u201cBike Massa\u201d, com rep\u00f3rteres realizando externas pela cidade. O programa nacional do apresentador Ratinho, \u2018A Turma do Ratinho\u2019, tamb\u00e9m ser\u00e1 transmitido pela r\u00e1dio.<\/p>\n<p>No turno vespertino a programa\u00e7\u00e3o tamb\u00e9m conta com o \u2018Metendo a Colher\u2019. Durante a noite \u00e9 a vez do \u2018Na Geral\u2019 e a programa\u00e7\u00e3o esportiva.<\/p>\n<p>Confira a programa\u00e7\u00e3o completa:<\/p>\n<p>-\u00c0s 6h \u2013 Microfone Aberto Apresenta\u00e7\u00e3o: Igor Guimar\u00e3es e C\u00edntia Keli<\/p>\n<p>-\u00c0s 7h \u2013 Microfone Aberto Apresenta\u00e7\u00e3o: Andr\u00e9 Sp\u00ednola e Daniel Alencar<\/p>\n<p>-Das 8h \u00e0s 12h \u2013 Manh\u00e3 da Massa Luiz Henrique<\/p>\n<p>\u2013 Das 12h \u00e0s 14h \u2013 A turma do Ratinho Apresenta\u00e7\u00e3o: Ratinho e equipe Das 14h \u00e0s 17h<\/p>\n<p>\u2013 Metendo a Colher Apresenta\u00e7\u00e3o: Gil Dillon e Al\u00ea Jardim Das 17h \u00e0s 18h<\/p>\n<p>-Na Geral (Programa\u00e7\u00e3o da Rede) Das 18h \u00e0s 19h<\/p>\n<p>\u2013 Na Geral Apresenta\u00e7\u00e3o: Lu\u00eds Carlos Su\u00edca, Evil\u00e1sio Junior e Mateus Oliveira Das 20h \u00e0s 6h<\/p>\n<p>Programa\u00e7\u00e3o da Rede<\/p>\n<p>&nbsp;<\/p>\n<p>&nbsp;<\/p>\n<p>&nbsp;<\/p>\n<p>Bahia Not\u00edcias<\/p>\n<\/div>\n<\/div>\n<\/article>\n<\/div>\n","protected":false},"excerpt":{"rendered":"<p>A rede liderada pelas r\u00e1dios Massa FM, emissora do apresentador Ratinho, confirmou a instaura\u00e7\u00e3o na capital baiana. A partir de<\/p>\n","protected":false},"author":1,"featured_media":49,"comment_status":"open","ping_status":"open","sticky":false,"template":"","format":"standard","meta":{"colormag_page_container_layout":"default_layout","colormag_page_sidebar_layout":"default_layout","_FSMCFIC_featured_image_caption":"","_FSMCFIC_featured_image_nocaption":"","_FSMCFIC_featured_image_hide":"","footnotes":""},"categories":[2,1],"tags":[],"class_list":["post-53","post","type-post","status-publish","format-standard","has-post-thumbnail","hentry","category-noticias","category-ultimas"],"yoast_head":"<!-- This site is optimized with the Yoast SEO plugin v27.1.1 - https:\/\/yoast.com\/product\/yoast-seo-wordpress\/ -->\n<title>Massa FM chega a Salvador, segunda cidade do Nordeste a receber emissora - Brasil not\u00edcias<\/title>\n<meta name=\"robots\" content=\"index, follow, max-snippet:-1, max-image-preview:large, max-video-preview:-1\" \/>\n<link rel=\"canonical\" href=\"https:\/\/brasilnoticias.org\/site\/massa-fm-chega-a-salvador-segunda-cidade-do-nordeste-a-receber-emissora\/\" \/>\n<meta property=\"og:locale\" content=\"pt_PT\" \/>\n<meta property=\"og:type\" content=\"article\" \/>\n<meta property=\"og:title\" content=\"Massa FM chega a Salvador, segunda cidade do Nordeste a receber emissora - Brasil not\u00edcias\" \/>\n<meta property=\"og:description\" content=\"A rede liderada pelas r\u00e1dios Massa FM, emissora do apresentador Ratinho, confirmou a instaura\u00e7\u00e3o na capital baiana. A partir de\" \/>\n<meta property=\"og:url\" content=\"https:\/\/brasilnoticias.org\/site\/massa-fm-chega-a-salvador-segunda-cidade-do-nordeste-a-receber-emissora\/\" \/>\n<meta property=\"og:site_name\" content=\"Brasil not\u00edcias\" \/>\n<meta property=\"article:published_time\" content=\"2022-05-10T17:58:33+00:00\" \/>\n<meta property=\"og:image\" content=\"https:\/\/brasilnoticias.org\/site\/wp-content\/uploads\/2022\/05\/6229580259748-450x445-1.png\" \/>\n\t<meta property=\"og:image:width\" content=\"450\" \/>\n\t<meta property=\"og:image:height\" content=\"445\" \/>\n\t<meta property=\"og:image:type\" content=\"image\/png\" \/>\n<meta name=\"author\" content=\"Reda\u00e7\u00e3o\" \/>\n<meta name=\"twitter:card\" content=\"summary_large_image\" \/>\n<meta name=\"twitter:label1\" content=\"Escrito por\" \/>\n\t<meta name=\"twitter:data1\" content=\"Reda\u00e7\u00e3o\" \/>\n\t<meta name=\"twitter:label2\" content=\"Tempo estimado de leitura\" \/>\n\t<meta name=\"twitter:data2\" content=\"2 minutos\" \/>\n<script type=\"application\/ld+json\" class=\"yoast-schema-graph\">{\"@context\":\"https:\/\/schema.org\",\"@graph\":[{\"@type\":\"Article\",\"@id\":\"https:\/\/brasilnoticias.org\/site\/massa-fm-chega-a-salvador-segunda-cidade-do-nordeste-a-receber-emissora\/#article\",\"isPartOf\":{\"@id\":\"https:\/\/brasilnoticias.org\/site\/massa-fm-chega-a-salvador-segunda-cidade-do-nordeste-a-receber-emissora\/\"},\"author\":{\"name\":\"Reda\u00e7\u00e3o\",\"@id\":\"https:\/\/brasilnoticias.org\/site\/#\/schema\/person\/a0e05b973ec4d15c658d51911e53507b\"},\"headline\":\"Massa FM chega a Salvador, segunda cidade do Nordeste a receber emissora\",\"datePublished\":\"2022-05-10T17:58:33+00:00\",\"mainEntityOfPage\":{\"@id\":\"https:\/\/brasilnoticias.org\/site\/massa-fm-chega-a-salvador-segunda-cidade-do-nordeste-a-receber-emissora\/\"},\"wordCount\":355,\"commentCount\":0,\"publisher\":{\"@id\":\"https:\/\/brasilnoticias.org\/site\/#organization\"},\"image\":{\"@id\":\"https:\/\/brasilnoticias.org\/site\/massa-fm-chega-a-salvador-segunda-cidade-do-nordeste-a-receber-emissora\/#primaryimage\"},\"thumbnailUrl\":\"https:\/\/brasilnoticias.org\/site\/wp-content\/uploads\/2022\/05\/6229580259748-450x445-1.png\",\"articleSection\":[\"Not\u00edcias\",\"\u00daltimas\"],\"inLanguage\":\"pt-PT\",\"potentialAction\":[{\"@type\":\"CommentAction\",\"name\":\"Comment\",\"target\":[\"https:\/\/brasilnoticias.org\/site\/massa-fm-chega-a-salvador-segunda-cidade-do-nordeste-a-receber-emissora\/#respond\"]}]},{\"@type\":\"WebPage\",\"@id\":\"https:\/\/brasilnoticias.org\/site\/massa-fm-chega-a-salvador-segunda-cidade-do-nordeste-a-receber-emissora\/\",\"url\":\"https:\/\/brasilnoticias.org\/site\/massa-fm-chega-a-salvador-segunda-cidade-do-nordeste-a-receber-emissora\/\",\"name\":\"Massa FM chega a Salvador, segunda cidade do Nordeste a receber emissora - Brasil not\u00edcias\",\"isPartOf\":{\"@id\":\"https:\/\/brasilnoticias.org\/site\/#website\"},\"primaryImageOfPage\":{\"@id\":\"https:\/\/brasilnoticias.org\/site\/massa-fm-chega-a-salvador-segunda-cidade-do-nordeste-a-receber-emissora\/#primaryimage\"},\"image\":{\"@id\":\"https:\/\/brasilnoticias.org\/site\/massa-fm-chega-a-salvador-segunda-cidade-do-nordeste-a-receber-emissora\/#primaryimage\"},\"thumbnailUrl\":\"https:\/\/brasilnoticias.org\/site\/wp-content\/uploads\/2022\/05\/6229580259748-450x445-1.png\",\"datePublished\":\"2022-05-10T17:58:33+00:00\",\"breadcrumb\":{\"@id\":\"https:\/\/brasilnoticias.org\/site\/massa-fm-chega-a-salvador-segunda-cidade-do-nordeste-a-receber-emissora\/#breadcrumb\"},\"inLanguage\":\"pt-PT\",\"potentialAction\":[{\"@type\":\"ReadAction\",\"target\":[\"https:\/\/brasilnoticias.org\/site\/massa-fm-chega-a-salvador-segunda-cidade-do-nordeste-a-receber-emissora\/\"]}]},{\"@type\":\"ImageObject\",\"inLanguage\":\"pt-PT\",\"@id\":\"https:\/\/brasilnoticias.org\/site\/massa-fm-chega-a-salvador-segunda-cidade-do-nordeste-a-receber-emissora\/#primaryimage\",\"url\":\"https:\/\/brasilnoticias.org\/site\/wp-content\/uploads\/2022\/05\/6229580259748-450x445-1.png\",\"contentUrl\":\"https:\/\/brasilnoticias.org\/site\/wp-content\/uploads\/2022\/05\/6229580259748-450x445-1.png\",\"width\":450,\"height\":445},{\"@type\":\"BreadcrumbList\",\"@id\":\"https:\/\/brasilnoticias.org\/site\/massa-fm-chega-a-salvador-segunda-cidade-do-nordeste-a-receber-emissora\/#breadcrumb\",\"itemListElement\":[{\"@type\":\"ListItem\",\"position\":1,\"name\":\"In\u00edcio\",\"item\":\"https:\/\/brasilnoticias.org\/site\/\"},{\"@type\":\"ListItem\",\"position\":2,\"name\":\"Massa FM chega a Salvador, segunda cidade do Nordeste a receber emissora\"}]},{\"@type\":\"WebSite\",\"@id\":\"https:\/\/brasilnoticias.org\/site\/#website\",\"url\":\"https:\/\/brasilnoticias.org\/site\/\",\"name\":\"Brasil not\u00edcias\",\"description\":\"Brasil not\u00edcias\",\"publisher\":{\"@id\":\"https:\/\/brasilnoticias.org\/site\/#organization\"},\"potentialAction\":[{\"@type\":\"SearchAction\",\"target\":{\"@type\":\"EntryPoint\",\"urlTemplate\":\"https:\/\/brasilnoticias.org\/site\/?s={search_term_string}\"},\"query-input\":{\"@type\":\"PropertyValueSpecification\",\"valueRequired\":true,\"valueName\":\"search_term_string\"}}],\"inLanguage\":\"pt-PT\"},{\"@type\":\"Organization\",\"@id\":\"https:\/\/brasilnoticias.org\/site\/#organization\",\"name\":\"Brasil not\u00edcias\",\"url\":\"https:\/\/brasilnoticias.org\/site\/\",\"logo\":{\"@type\":\"ImageObject\",\"inLanguage\":\"pt-PT\",\"@id\":\"https:\/\/brasilnoticias.org\/site\/#\/schema\/logo\/image\/\",\"url\":\"https:\/\/brasilnoticias.org\/site\/wp-content\/uploads\/2022\/05\/cropped-brasilnoticias-mini.jpg\",\"contentUrl\":\"https:\/\/brasilnoticias.org\/site\/wp-content\/uploads\/2022\/05\/cropped-brasilnoticias-mini.jpg\",\"width\":314,\"height\":86,\"caption\":\"Brasil not\u00edcias\"},\"image\":{\"@id\":\"https:\/\/brasilnoticias.org\/site\/#\/schema\/logo\/image\/\"}},{\"@type\":\"Person\",\"@id\":\"https:\/\/brasilnoticias.org\/site\/#\/schema\/person\/a0e05b973ec4d15c658d51911e53507b\",\"name\":\"Reda\u00e7\u00e3o\",\"image\":{\"@type\":\"ImageObject\",\"inLanguage\":\"pt-PT\",\"@id\":\"https:\/\/brasilnoticias.org\/site\/#\/schema\/person\/image\/\",\"url\":\"https:\/\/secure.gravatar.com\/avatar\/75d8b050df2de108b08ae78dfb8e374892df24a383c67db9c46a9c604f6aee9c?s=96&d=mm&r=g\",\"contentUrl\":\"https:\/\/secure.gravatar.com\/avatar\/75d8b050df2de108b08ae78dfb8e374892df24a383c67db9c46a9c604f6aee9c?s=96&d=mm&r=g\",\"caption\":\"Reda\u00e7\u00e3o\"},\"sameAs\":[\"https:\/\/brasilnoticias.org\/site\"],\"url\":\"https:\/\/brasilnoticias.org\/site\/author\/fernandozsngmail-com\/\"}]}<\/script>\n<!-- \/ Yoast SEO plugin. -->","yoast_head_json":{"title":"Massa FM chega a Salvador, segunda cidade do Nordeste a receber emissora - Brasil not\u00edcias","robots":{"index":"index","follow":"follow","max-snippet":"max-snippet:-1","max-image-preview":"max-image-preview:large","max-video-preview":"max-video-preview:-1"},"canonical":"https:\/\/brasilnoticias.org\/site\/massa-fm-chega-a-salvador-segunda-cidade-do-nordeste-a-receber-emissora\/","og_locale":"pt_PT","og_type":"article","og_title":"Massa FM chega a Salvador, segunda cidade do Nordeste a receber emissora - Brasil not\u00edcias","og_description":"A rede liderada pelas r\u00e1dios Massa FM, emissora do apresentador Ratinho, confirmou a instaura\u00e7\u00e3o na capital baiana. A partir de","og_url":"https:\/\/brasilnoticias.org\/site\/massa-fm-chega-a-salvador-segunda-cidade-do-nordeste-a-receber-emissora\/","og_site_name":"Brasil not\u00edcias","article_published_time":"2022-05-10T17:58:33+00:00","og_image":[{"width":450,"height":445,"url":"https:\/\/brasilnoticias.org\/site\/wp-content\/uploads\/2022\/05\/6229580259748-450x445-1.png","type":"image\/png"}],"author":"Reda\u00e7\u00e3o","twitter_card":"summary_large_image","twitter_misc":{"Escrito por":"Reda\u00e7\u00e3o","Tempo estimado de leitura":"2 minutos"},"schema":{"@context":"https:\/\/schema.org","@graph":[{"@type":"Article","@id":"https:\/\/brasilnoticias.org\/site\/massa-fm-chega-a-salvador-segunda-cidade-do-nordeste-a-receber-emissora\/#article","isPartOf":{"@id":"https:\/\/brasilnoticias.org\/site\/massa-fm-chega-a-salvador-segunda-cidade-do-nordeste-a-receber-emissora\/"},"author":{"name":"Reda\u00e7\u00e3o","@id":"https:\/\/brasilnoticias.org\/site\/#\/schema\/person\/a0e05b973ec4d15c658d51911e53507b"},"headline":"Massa FM chega a Salvador, segunda cidade do Nordeste a receber emissora","datePublished":"2022-05-10T17:58:33+00:00","mainEntityOfPage":{"@id":"https:\/\/brasilnoticias.org\/site\/massa-fm-chega-a-salvador-segunda-cidade-do-nordeste-a-receber-emissora\/"},"wordCount":355,"commentCount":0,"publisher":{"@id":"https:\/\/brasilnoticias.org\/site\/#organization"},"image":{"@id":"https:\/\/brasilnoticias.org\/site\/massa-fm-chega-a-salvador-segunda-cidade-do-nordeste-a-receber-emissora\/#primaryimage"},"thumbnailUrl":"https:\/\/brasilnoticias.org\/site\/wp-content\/uploads\/2022\/05\/6229580259748-450x445-1.png","articleSection":["Not\u00edcias","\u00daltimas"],"inLanguage":"pt-PT","potentialAction":[{"@type":"CommentAction","name":"Comment","target":["https:\/\/brasilnoticias.org\/site\/massa-fm-chega-a-salvador-segunda-cidade-do-nordeste-a-receber-emissora\/#respond"]}]},{"@type":"WebPage","@id":"https:\/\/brasilnoticias.org\/site\/massa-fm-chega-a-salvador-segunda-cidade-do-nordeste-a-receber-emissora\/","url":"https:\/\/brasilnoticias.org\/site\/massa-fm-chega-a-salvador-segunda-cidade-do-nordeste-a-receber-emissora\/","name":"Massa FM chega a Salvador, segunda cidade do Nordeste a receber emissora - Brasil not\u00edcias","isPartOf":{"@id":"https:\/\/brasilnoticias.org\/site\/#website"},"primaryImageOfPage":{"@id":"https:\/\/brasilnoticias.org\/site\/massa-fm-chega-a-salvador-segunda-cidade-do-nordeste-a-receber-emissora\/#primaryimage"},"image":{"@id":"https:\/\/brasilnoticias.org\/site\/massa-fm-chega-a-salvador-segunda-cidade-do-nordeste-a-receber-emissora\/#primaryimage"},"thumbnailUrl":"https:\/\/brasilnoticias.org\/site\/wp-content\/uploads\/2022\/05\/6229580259748-450x445-1.png","datePublished":"2022-05-10T17:58:33+00:00","breadcrumb":{"@id":"https:\/\/brasilnoticias.org\/site\/massa-fm-chega-a-salvador-segunda-cidade-do-nordeste-a-receber-emissora\/#breadcrumb"},"inLanguage":"pt-PT","potentialAction":[{"@type":"ReadAction","target":["https:\/\/brasilnoticias.org\/site\/massa-fm-chega-a-salvador-segunda-cidade-do-nordeste-a-receber-emissora\/"]}]},{"@type":"ImageObject","inLanguage":"pt-PT","@id":"https:\/\/brasilnoticias.org\/site\/massa-fm-chega-a-salvador-segunda-cidade-do-nordeste-a-receber-emissora\/#primaryimage","url":"https:\/\/brasilnoticias.org\/site\/wp-content\/uploads\/2022\/05\/6229580259748-450x445-1.png","contentUrl":"https:\/\/brasilnoticias.org\/site\/wp-content\/uploads\/2022\/05\/6229580259748-450x445-1.png","width":450,"height":445},{"@type":"BreadcrumbList","@id":"https:\/\/brasilnoticias.org\/site\/massa-fm-chega-a-salvador-segunda-cidade-do-nordeste-a-receber-emissora\/#breadcrumb","itemListElement":[{"@type":"ListItem","position":1,"name":"In\u00edcio","item":"https:\/\/brasilnoticias.org\/site\/"},{"@type":"ListItem","position":2,"name":"Massa FM chega a Salvador, segunda cidade do Nordeste a receber emissora"}]},{"@type":"WebSite","@id":"https:\/\/brasilnoticias.org\/site\/#website","url":"https:\/\/brasilnoticias.org\/site\/","name":"Brasil not\u00edcias","description":"Brasil not\u00edcias","publisher":{"@id":"https:\/\/brasilnoticias.org\/site\/#organization"},"potentialAction":[{"@type":"SearchAction","target":{"@type":"EntryPoint","urlTemplate":"https:\/\/brasilnoticias.org\/site\/?s={search_term_string}"},"query-input":{"@type":"PropertyValueSpecification","valueRequired":true,"valueName":"search_term_string"}}],"inLanguage":"pt-PT"},{"@type":"Organization","@id":"https:\/\/brasilnoticias.org\/site\/#organization","name":"Brasil not\u00edcias","url":"https:\/\/brasilnoticias.org\/site\/","logo":{"@type":"ImageObject","inLanguage":"pt-PT","@id":"https:\/\/brasilnoticias.org\/site\/#\/schema\/logo\/image\/","url":"https:\/\/brasilnoticias.org\/site\/wp-content\/uploads\/2022\/05\/cropped-brasilnoticias-mini.jpg","contentUrl":"https:\/\/brasilnoticias.org\/site\/wp-content\/uploads\/2022\/05\/cropped-brasilnoticias-mini.jpg","width":314,"height":86,"caption":"Brasil not\u00edcias"},"image":{"@id":"https:\/\/brasilnoticias.org\/site\/#\/schema\/logo\/image\/"}},{"@type":"Person","@id":"https:\/\/brasilnoticias.org\/site\/#\/schema\/person\/a0e05b973ec4d15c658d51911e53507b","name":"Reda\u00e7\u00e3o","image":{"@type":"ImageObject","inLanguage":"pt-PT","@id":"https:\/\/brasilnoticias.org\/site\/#\/schema\/person\/image\/","url":"https:\/\/secure.gravatar.com\/avatar\/75d8b050df2de108b08ae78dfb8e374892df24a383c67db9c46a9c604f6aee9c?s=96&d=mm&r=g","contentUrl":"https:\/\/secure.gravatar.com\/avatar\/75d8b050df2de108b08ae78dfb8e374892df24a383c67db9c46a9c604f6aee9c?s=96&d=mm&r=g","caption":"Reda\u00e7\u00e3o"},"sameAs":["https:\/\/brasilnoticias.org\/site"],"url":"https:\/\/brasilnoticias.org\/site\/author\/fernandozsngmail-com\/"}]}},"_links":{"self":[{"href":"https:\/\/brasilnoticias.org\/site\/wp-json\/wp\/v2\/posts\/53","targetHints":{"allow":["GET"]}}],"collection":[{"href":"https:\/\/brasilnoticias.org\/site\/wp-json\/wp\/v2\/posts"}],"about":[{"href":"https:\/\/brasilnoticias.org\/site\/wp-json\/wp\/v2\/types\/post"}],"author":[{"embeddable":true,"href":"https:\/\/brasilnoticias.org\/site\/wp-json\/wp\/v2\/users\/1"}],"replies":[{"embeddable":true,"href":"https:\/\/brasilnoticias.org\/site\/wp-json\/wp\/v2\/comments?post=53"}],"version-history":[{"count":1,"href":"https:\/\/brasilnoticias.org\/site\/wp-json\/wp\/v2\/posts\/53\/revisions"}],"predecessor-version":[{"id":54,"href":"https:\/\/brasilnoticias.org\/site\/wp-json\/wp\/v2\/posts\/53\/revisions\/54"}],"wp:featuredmedia":[{"embeddable":true,"href":"https:\/\/brasilnoticias.org\/site\/wp-json\/wp\/v2\/media\/49"}],"wp:attachment":[{"href":"https:\/\/brasilnoticias.org\/site\/wp-json\/wp\/v2\/media?parent=53"}],"wp:term":[{"taxonomy":"category","embeddable":true,"href":"https:\/\/brasilnoticias.org\/site\/wp-json\/wp\/v2\/categories?post=53"},{"taxonomy":"post_tag","embeddable":true,"href":"https:\/\/brasilnoticias.org\/site\/wp-json\/wp\/v2\/tags?post=53"}],"curies":[{"name":"wp","href":"https:\/\/api.w.org\/{rel}","templated":true}]}}