{"id":530,"date":"2022-05-24T13:11:03","date_gmt":"2022-05-24T16:11:03","guid":{"rendered":"https:\/\/brasilnoticias.org\/site\/?p=530"},"modified":"2022-05-24T13:11:03","modified_gmt":"2022-05-24T16:11:03","slug":"lira-determina-instalacao-de-comissao-sobre-reforma-tributaria","status":"publish","type":"post","link":"https:\/\/brasilnoticias.org\/site\/lira-determina-instalacao-de-comissao-sobre-reforma-tributaria\/","title":{"rendered":"LIRA DETERMINA INSTALA\u00c7\u00c3O DE COMISS\u00c3O SOBRE REFORMA TRIBUT\u00c1RIA"},"content":{"rendered":"<p>O presidente da C\u00e2mara dos Deputados, Arthur Lira (PP-AL), determinou nesta ter\u00e7a-feira (24) a instala\u00e7\u00e3o de comiss\u00e3o especial para analisar a PEC 7\/20, que altera os sistemas tribut\u00e1rios do pa\u00eds. Pelo texto, os sistemas tribut\u00e1rios do pa\u00eds s\u00e3o substitu\u00eddos por tr\u00eas categorias de impostos: renda, consumo e propriedade.<\/p>\n<p>O texto da PEC \u00e9 de autoria do deputado Luiz Philippe Bragan\u00e7a (PL-SP). O grupo especial ainda ter\u00e1 o presidente definido. Os impostos de renda, consumo e propriedade poder\u00e3o ser cobrados de modo indistinto pelas esferas federais, estaduais e municipais.<\/p>\n<p>Pelo atual sistema brasileiro, a Uni\u00e3o tributa de forma majorit\u00e1ria a renda das pessoas f\u00edsicas e jur\u00eddicas. Cabendo aos estados a tributa\u00e7\u00e3o sobre a circula\u00e7\u00e3o de mercadorias e os munic\u00edpios aquela que fica sobre os servi\u00e7os.<\/p>\n<p>Ainda segundo a PEC, estados e munic\u00edpios poder\u00e3o criar seus impostos sobre renda e patrim\u00f4nio na forma de um adicional do imposto federal, delegando sua cobran\u00e7a ao fisco federal.<\/p>\n<p>&nbsp;<\/p>\n<p>&nbsp;<\/p>\n<p>&nbsp;<\/p>\n<p>Bnews<\/p>\n","protected":false},"excerpt":{"rendered":"<p>O presidente da C\u00e2mara dos Deputados, Arthur Lira (PP-AL), determinou nesta ter\u00e7a-feira (24) a instala\u00e7\u00e3o de comiss\u00e3o especial para analisar<\/p>\n","protected":false},"author":2,"featured_media":531,"comment_status":"open","ping_status":"open","sticky":false,"template":"","format":"standard","meta":{"colormag_page_container_layout":"default_layout","colormag_page_sidebar_layout":"default_layout","_FSMCFIC_featured_image_caption":"","_FSMCFIC_featured_image_nocaption":"","_FSMCFIC_featured_image_hide":"","footnotes":""},"categories":[5,1],"tags":[],"class_list":["post-530","post","type-post","status-publish","format-standard","has-post-thumbnail","hentry","category-politica","category-ultimas"],"yoast_head":"<!-- This site is optimized with the Yoast SEO plugin v27.1.1 - https:\/\/yoast.com\/product\/yoast-seo-wordpress\/ -->\n<title>LIRA DETERMINA INSTALA\u00c7\u00c3O DE COMISS\u00c3O SOBRE REFORMA TRIBUT\u00c1RIA - Brasil not\u00edcias<\/title>\n<meta name=\"robots\" content=\"index, follow, max-snippet:-1, max-image-preview:large, max-video-preview:-1\" \/>\n<link rel=\"canonical\" href=\"https:\/\/brasilnoticias.org\/site\/lira-determina-instalacao-de-comissao-sobre-reforma-tributaria\/\" \/>\n<meta property=\"og:locale\" content=\"pt_PT\" \/>\n<meta property=\"og:type\" content=\"article\" \/>\n<meta property=\"og:title\" content=\"LIRA DETERMINA INSTALA\u00c7\u00c3O DE COMISS\u00c3O SOBRE REFORMA TRIBUT\u00c1RIA - Brasil not\u00edcias\" \/>\n<meta property=\"og:description\" content=\"O presidente da C\u00e2mara dos Deputados, Arthur Lira (PP-AL), determinou nesta ter\u00e7a-feira (24) a instala\u00e7\u00e3o de comiss\u00e3o especial para analisar\" \/>\n<meta property=\"og:url\" content=\"https:\/\/brasilnoticias.org\/site\/lira-determina-instalacao-de-comissao-sobre-reforma-tributaria\/\" \/>\n<meta property=\"og:site_name\" content=\"Brasil not\u00edcias\" \/>\n<meta property=\"article:published_time\" content=\"2022-05-24T16:11:03+00:00\" \/>\n<meta property=\"og:image\" content=\"https:\/\/brasilnoticias.org\/site\/wp-content\/uploads\/2022\/05\/lira_widelg.jpg\" \/>\n\t<meta property=\"og:image:width\" content=\"800\" \/>\n\t<meta property=\"og:image:height\" content=\"450\" \/>\n\t<meta property=\"og:image:type\" content=\"image\/jpeg\" \/>\n<meta name=\"author\" content=\"Reda\u00e7\u00e3o\" \/>\n<meta name=\"twitter:card\" content=\"summary_large_image\" \/>\n<meta name=\"twitter:label1\" content=\"Escrito por\" \/>\n\t<meta name=\"twitter:data1\" content=\"Reda\u00e7\u00e3o\" \/>\n\t<meta name=\"twitter:label2\" content=\"Tempo estimado de leitura\" \/>\n\t<meta name=\"twitter:data2\" content=\"1 minuto\" \/>\n<script type=\"application\/ld+json\" class=\"yoast-schema-graph\">{\"@context\":\"https:\/\/schema.org\",\"@graph\":[{\"@type\":\"Article\",\"@id\":\"https:\/\/brasilnoticias.org\/site\/lira-determina-instalacao-de-comissao-sobre-reforma-tributaria\/#article\",\"isPartOf\":{\"@id\":\"https:\/\/brasilnoticias.org\/site\/lira-determina-instalacao-de-comissao-sobre-reforma-tributaria\/\"},\"author\":{\"name\":\"Reda\u00e7\u00e3o\",\"@id\":\"https:\/\/brasilnoticias.org\/site\/#\/schema\/person\/f609fa847b5314f1c8b983342f34c798\"},\"headline\":\"LIRA DETERMINA INSTALA\u00c7\u00c3O DE COMISS\u00c3O SOBRE REFORMA TRIBUT\u00c1RIA\",\"datePublished\":\"2022-05-24T16:11:03+00:00\",\"mainEntityOfPage\":{\"@id\":\"https:\/\/brasilnoticias.org\/site\/lira-determina-instalacao-de-comissao-sobre-reforma-tributaria\/\"},\"wordCount\":190,\"commentCount\":0,\"publisher\":{\"@id\":\"https:\/\/brasilnoticias.org\/site\/#organization\"},\"image\":{\"@id\":\"https:\/\/brasilnoticias.org\/site\/lira-determina-instalacao-de-comissao-sobre-reforma-tributaria\/#primaryimage\"},\"thumbnailUrl\":\"https:\/\/brasilnoticias.org\/site\/wp-content\/uploads\/2022\/05\/lira_widelg.jpg\",\"articleSection\":[\"Pol\u00edtica\",\"\u00daltimas\"],\"inLanguage\":\"pt-PT\",\"potentialAction\":[{\"@type\":\"CommentAction\",\"name\":\"Comment\",\"target\":[\"https:\/\/brasilnoticias.org\/site\/lira-determina-instalacao-de-comissao-sobre-reforma-tributaria\/#respond\"]}]},{\"@type\":\"WebPage\",\"@id\":\"https:\/\/brasilnoticias.org\/site\/lira-determina-instalacao-de-comissao-sobre-reforma-tributaria\/\",\"url\":\"https:\/\/brasilnoticias.org\/site\/lira-determina-instalacao-de-comissao-sobre-reforma-tributaria\/\",\"name\":\"LIRA DETERMINA INSTALA\u00c7\u00c3O DE COMISS\u00c3O SOBRE REFORMA TRIBUT\u00c1RIA - Brasil not\u00edcias\",\"isPartOf\":{\"@id\":\"https:\/\/brasilnoticias.org\/site\/#website\"},\"primaryImageOfPage\":{\"@id\":\"https:\/\/brasilnoticias.org\/site\/lira-determina-instalacao-de-comissao-sobre-reforma-tributaria\/#primaryimage\"},\"image\":{\"@id\":\"https:\/\/brasilnoticias.org\/site\/lira-determina-instalacao-de-comissao-sobre-reforma-tributaria\/#primaryimage\"},\"thumbnailUrl\":\"https:\/\/brasilnoticias.org\/site\/wp-content\/uploads\/2022\/05\/lira_widelg.jpg\",\"datePublished\":\"2022-05-24T16:11:03+00:00\",\"breadcrumb\":{\"@id\":\"https:\/\/brasilnoticias.org\/site\/lira-determina-instalacao-de-comissao-sobre-reforma-tributaria\/#breadcrumb\"},\"inLanguage\":\"pt-PT\",\"potentialAction\":[{\"@type\":\"ReadAction\",\"target\":[\"https:\/\/brasilnoticias.org\/site\/lira-determina-instalacao-de-comissao-sobre-reforma-tributaria\/\"]}]},{\"@type\":\"ImageObject\",\"inLanguage\":\"pt-PT\",\"@id\":\"https:\/\/brasilnoticias.org\/site\/lira-determina-instalacao-de-comissao-sobre-reforma-tributaria\/#primaryimage\",\"url\":\"https:\/\/brasilnoticias.org\/site\/wp-content\/uploads\/2022\/05\/lira_widelg.jpg\",\"contentUrl\":\"https:\/\/brasilnoticias.org\/site\/wp-content\/uploads\/2022\/05\/lira_widelg.jpg\",\"width\":800,\"height\":450},{\"@type\":\"BreadcrumbList\",\"@id\":\"https:\/\/brasilnoticias.org\/site\/lira-determina-instalacao-de-comissao-sobre-reforma-tributaria\/#breadcrumb\",\"itemListElement\":[{\"@type\":\"ListItem\",\"position\":1,\"name\":\"In\u00edcio\",\"item\":\"https:\/\/brasilnoticias.org\/site\/\"},{\"@type\":\"ListItem\",\"position\":2,\"name\":\"LIRA DETERMINA INSTALA\u00c7\u00c3O DE COMISS\u00c3O SOBRE REFORMA TRIBUT\u00c1RIA\"}]},{\"@type\":\"WebSite\",\"@id\":\"https:\/\/brasilnoticias.org\/site\/#website\",\"url\":\"https:\/\/brasilnoticias.org\/site\/\",\"name\":\"Brasil not\u00edcias\",\"description\":\"Brasil not\u00edcias\",\"publisher\":{\"@id\":\"https:\/\/brasilnoticias.org\/site\/#organization\"},\"potentialAction\":[{\"@type\":\"SearchAction\",\"target\":{\"@type\":\"EntryPoint\",\"urlTemplate\":\"https:\/\/brasilnoticias.org\/site\/?s={search_term_string}\"},\"query-input\":{\"@type\":\"PropertyValueSpecification\",\"valueRequired\":true,\"valueName\":\"search_term_string\"}}],\"inLanguage\":\"pt-PT\"},{\"@type\":\"Organization\",\"@id\":\"https:\/\/brasilnoticias.org\/site\/#organization\",\"name\":\"Brasil not\u00edcias\",\"url\":\"https:\/\/brasilnoticias.org\/site\/\",\"logo\":{\"@type\":\"ImageObject\",\"inLanguage\":\"pt-PT\",\"@id\":\"https:\/\/brasilnoticias.org\/site\/#\/schema\/logo\/image\/\",\"url\":\"https:\/\/brasilnoticias.org\/site\/wp-content\/uploads\/2022\/05\/cropped-brasilnoticias-mini.jpg\",\"contentUrl\":\"https:\/\/brasilnoticias.org\/site\/wp-content\/uploads\/2022\/05\/cropped-brasilnoticias-mini.jpg\",\"width\":314,\"height\":86,\"caption\":\"Brasil not\u00edcias\"},\"image\":{\"@id\":\"https:\/\/brasilnoticias.org\/site\/#\/schema\/logo\/image\/\"}},{\"@type\":\"Person\",\"@id\":\"https:\/\/brasilnoticias.org\/site\/#\/schema\/person\/f609fa847b5314f1c8b983342f34c798\",\"name\":\"Reda\u00e7\u00e3o\",\"image\":{\"@type\":\"ImageObject\",\"inLanguage\":\"pt-PT\",\"@id\":\"https:\/\/brasilnoticias.org\/site\/#\/schema\/person\/image\/\",\"url\":\"https:\/\/secure.gravatar.com\/avatar\/447284c06c1ad8b46465a36de9cd0d8326b73387a22799b8b1ffb1fbcff2ed0c?s=96&d=mm&r=g\",\"contentUrl\":\"https:\/\/secure.gravatar.com\/avatar\/447284c06c1ad8b46465a36de9cd0d8326b73387a22799b8b1ffb1fbcff2ed0c?s=96&d=mm&r=g\",\"caption\":\"Reda\u00e7\u00e3o\"},\"url\":\"https:\/\/brasilnoticias.org\/site\/author\/redacao\/\"}]}<\/script>\n<!-- \/ Yoast SEO plugin. -->","yoast_head_json":{"title":"LIRA DETERMINA INSTALA\u00c7\u00c3O DE COMISS\u00c3O SOBRE REFORMA TRIBUT\u00c1RIA - Brasil not\u00edcias","robots":{"index":"index","follow":"follow","max-snippet":"max-snippet:-1","max-image-preview":"max-image-preview:large","max-video-preview":"max-video-preview:-1"},"canonical":"https:\/\/brasilnoticias.org\/site\/lira-determina-instalacao-de-comissao-sobre-reforma-tributaria\/","og_locale":"pt_PT","og_type":"article","og_title":"LIRA DETERMINA INSTALA\u00c7\u00c3O DE COMISS\u00c3O SOBRE REFORMA TRIBUT\u00c1RIA - Brasil not\u00edcias","og_description":"O presidente da C\u00e2mara dos Deputados, Arthur Lira (PP-AL), determinou nesta ter\u00e7a-feira (24) a instala\u00e7\u00e3o de comiss\u00e3o especial para analisar","og_url":"https:\/\/brasilnoticias.org\/site\/lira-determina-instalacao-de-comissao-sobre-reforma-tributaria\/","og_site_name":"Brasil not\u00edcias","article_published_time":"2022-05-24T16:11:03+00:00","og_image":[{"width":800,"height":450,"url":"https:\/\/brasilnoticias.org\/site\/wp-content\/uploads\/2022\/05\/lira_widelg.jpg","type":"image\/jpeg"}],"author":"Reda\u00e7\u00e3o","twitter_card":"summary_large_image","twitter_misc":{"Escrito por":"Reda\u00e7\u00e3o","Tempo estimado de leitura":"1 minuto"},"schema":{"@context":"https:\/\/schema.org","@graph":[{"@type":"Article","@id":"https:\/\/brasilnoticias.org\/site\/lira-determina-instalacao-de-comissao-sobre-reforma-tributaria\/#article","isPartOf":{"@id":"https:\/\/brasilnoticias.org\/site\/lira-determina-instalacao-de-comissao-sobre-reforma-tributaria\/"},"author":{"name":"Reda\u00e7\u00e3o","@id":"https:\/\/brasilnoticias.org\/site\/#\/schema\/person\/f609fa847b5314f1c8b983342f34c798"},"headline":"LIRA DETERMINA INSTALA\u00c7\u00c3O DE COMISS\u00c3O SOBRE REFORMA TRIBUT\u00c1RIA","datePublished":"2022-05-24T16:11:03+00:00","mainEntityOfPage":{"@id":"https:\/\/brasilnoticias.org\/site\/lira-determina-instalacao-de-comissao-sobre-reforma-tributaria\/"},"wordCount":190,"commentCount":0,"publisher":{"@id":"https:\/\/brasilnoticias.org\/site\/#organization"},"image":{"@id":"https:\/\/brasilnoticias.org\/site\/lira-determina-instalacao-de-comissao-sobre-reforma-tributaria\/#primaryimage"},"thumbnailUrl":"https:\/\/brasilnoticias.org\/site\/wp-content\/uploads\/2022\/05\/lira_widelg.jpg","articleSection":["Pol\u00edtica","\u00daltimas"],"inLanguage":"pt-PT","potentialAction":[{"@type":"CommentAction","name":"Comment","target":["https:\/\/brasilnoticias.org\/site\/lira-determina-instalacao-de-comissao-sobre-reforma-tributaria\/#respond"]}]},{"@type":"WebPage","@id":"https:\/\/brasilnoticias.org\/site\/lira-determina-instalacao-de-comissao-sobre-reforma-tributaria\/","url":"https:\/\/brasilnoticias.org\/site\/lira-determina-instalacao-de-comissao-sobre-reforma-tributaria\/","name":"LIRA DETERMINA INSTALA\u00c7\u00c3O DE COMISS\u00c3O SOBRE REFORMA TRIBUT\u00c1RIA - Brasil not\u00edcias","isPartOf":{"@id":"https:\/\/brasilnoticias.org\/site\/#website"},"primaryImageOfPage":{"@id":"https:\/\/brasilnoticias.org\/site\/lira-determina-instalacao-de-comissao-sobre-reforma-tributaria\/#primaryimage"},"image":{"@id":"https:\/\/brasilnoticias.org\/site\/lira-determina-instalacao-de-comissao-sobre-reforma-tributaria\/#primaryimage"},"thumbnailUrl":"https:\/\/brasilnoticias.org\/site\/wp-content\/uploads\/2022\/05\/lira_widelg.jpg","datePublished":"2022-05-24T16:11:03+00:00","breadcrumb":{"@id":"https:\/\/brasilnoticias.org\/site\/lira-determina-instalacao-de-comissao-sobre-reforma-tributaria\/#breadcrumb"},"inLanguage":"pt-PT","potentialAction":[{"@type":"ReadAction","target":["https:\/\/brasilnoticias.org\/site\/lira-determina-instalacao-de-comissao-sobre-reforma-tributaria\/"]}]},{"@type":"ImageObject","inLanguage":"pt-PT","@id":"https:\/\/brasilnoticias.org\/site\/lira-determina-instalacao-de-comissao-sobre-reforma-tributaria\/#primaryimage","url":"https:\/\/brasilnoticias.org\/site\/wp-content\/uploads\/2022\/05\/lira_widelg.jpg","contentUrl":"https:\/\/brasilnoticias.org\/site\/wp-content\/uploads\/2022\/05\/lira_widelg.jpg","width":800,"height":450},{"@type":"BreadcrumbList","@id":"https:\/\/brasilnoticias.org\/site\/lira-determina-instalacao-de-comissao-sobre-reforma-tributaria\/#breadcrumb","itemListElement":[{"@type":"ListItem","position":1,"name":"In\u00edcio","item":"https:\/\/brasilnoticias.org\/site\/"},{"@type":"ListItem","position":2,"name":"LIRA DETERMINA INSTALA\u00c7\u00c3O DE COMISS\u00c3O SOBRE REFORMA TRIBUT\u00c1RIA"}]},{"@type":"WebSite","@id":"https:\/\/brasilnoticias.org\/site\/#website","url":"https:\/\/brasilnoticias.org\/site\/","name":"Brasil not\u00edcias","description":"Brasil not\u00edcias","publisher":{"@id":"https:\/\/brasilnoticias.org\/site\/#organization"},"potentialAction":[{"@type":"SearchAction","target":{"@type":"EntryPoint","urlTemplate":"https:\/\/brasilnoticias.org\/site\/?s={search_term_string}"},"query-input":{"@type":"PropertyValueSpecification","valueRequired":true,"valueName":"search_term_string"}}],"inLanguage":"pt-PT"},{"@type":"Organization","@id":"https:\/\/brasilnoticias.org\/site\/#organization","name":"Brasil not\u00edcias","url":"https:\/\/brasilnoticias.org\/site\/","logo":{"@type":"ImageObject","inLanguage":"pt-PT","@id":"https:\/\/brasilnoticias.org\/site\/#\/schema\/logo\/image\/","url":"https:\/\/brasilnoticias.org\/site\/wp-content\/uploads\/2022\/05\/cropped-brasilnoticias-mini.jpg","contentUrl":"https:\/\/brasilnoticias.org\/site\/wp-content\/uploads\/2022\/05\/cropped-brasilnoticias-mini.jpg","width":314,"height":86,"caption":"Brasil not\u00edcias"},"image":{"@id":"https:\/\/brasilnoticias.org\/site\/#\/schema\/logo\/image\/"}},{"@type":"Person","@id":"https:\/\/brasilnoticias.org\/site\/#\/schema\/person\/f609fa847b5314f1c8b983342f34c798","name":"Reda\u00e7\u00e3o","image":{"@type":"ImageObject","inLanguage":"pt-PT","@id":"https:\/\/brasilnoticias.org\/site\/#\/schema\/person\/image\/","url":"https:\/\/secure.gravatar.com\/avatar\/447284c06c1ad8b46465a36de9cd0d8326b73387a22799b8b1ffb1fbcff2ed0c?s=96&d=mm&r=g","contentUrl":"https:\/\/secure.gravatar.com\/avatar\/447284c06c1ad8b46465a36de9cd0d8326b73387a22799b8b1ffb1fbcff2ed0c?s=96&d=mm&r=g","caption":"Reda\u00e7\u00e3o"},"url":"https:\/\/brasilnoticias.org\/site\/author\/redacao\/"}]}},"_links":{"self":[{"href":"https:\/\/brasilnoticias.org\/site\/wp-json\/wp\/v2\/posts\/530","targetHints":{"allow":["GET"]}}],"collection":[{"href":"https:\/\/brasilnoticias.org\/site\/wp-json\/wp\/v2\/posts"}],"about":[{"href":"https:\/\/brasilnoticias.org\/site\/wp-json\/wp\/v2\/types\/post"}],"author":[{"embeddable":true,"href":"https:\/\/brasilnoticias.org\/site\/wp-json\/wp\/v2\/users\/2"}],"replies":[{"embeddable":true,"href":"https:\/\/brasilnoticias.org\/site\/wp-json\/wp\/v2\/comments?post=530"}],"version-history":[{"count":1,"href":"https:\/\/brasilnoticias.org\/site\/wp-json\/wp\/v2\/posts\/530\/revisions"}],"predecessor-version":[{"id":532,"href":"https:\/\/brasilnoticias.org\/site\/wp-json\/wp\/v2\/posts\/530\/revisions\/532"}],"wp:featuredmedia":[{"embeddable":true,"href":"https:\/\/brasilnoticias.org\/site\/wp-json\/wp\/v2\/media\/531"}],"wp:attachment":[{"href":"https:\/\/brasilnoticias.org\/site\/wp-json\/wp\/v2\/media?parent=530"}],"wp:term":[{"taxonomy":"category","embeddable":true,"href":"https:\/\/brasilnoticias.org\/site\/wp-json\/wp\/v2\/categories?post=530"},{"taxonomy":"post_tag","embeddable":true,"href":"https:\/\/brasilnoticias.org\/site\/wp-json\/wp\/v2\/tags?post=530"}],"curies":[{"name":"wp","href":"https:\/\/api.w.org\/{rel}","templated":true}]}}