{"id":5304,"date":"2023-04-10T18:04:22","date_gmt":"2023-04-10T21:04:22","guid":{"rendered":"https:\/\/brasilnoticias.org\/site\/?p=5304"},"modified":"2023-04-10T18:04:22","modified_gmt":"2023-04-10T21:04:22","slug":"justica-condena-delegado-da-bahia-a-29-anos-de-prisao-por-participar-de-organizacao-criminosa","status":"publish","type":"post","link":"https:\/\/brasilnoticias.org\/site\/justica-condena-delegado-da-bahia-a-29-anos-de-prisao-por-participar-de-organizacao-criminosa\/","title":{"rendered":"Justi\u00e7a condena delegado da Bahia a 29 anos de pris\u00e3o por participar de organiza\u00e7\u00e3o criminosa"},"content":{"rendered":"<p>O Tribunal de Justi\u00e7a da Bahia (TJ-BA) condenou a 29 anos de pris\u00e3o, nesta segunda-feira (10), um delegado da Pol\u00edcia Civil do estado, por associa\u00e7\u00e3o \u00e0 organiza\u00e7\u00e3o criminosa e ao tr\u00e1fico, envolvimento com tr\u00e1fico de drogas, obstru\u00e7\u00e3o de Justi\u00e7a, peculato e concuss\u00e3o.<\/p>\n<p>O nome do delegado foi apontado como um dos envolvidos em um esquema de propina com um empres\u00e1rio, descoberto ap\u00f3s uma investiga\u00e7\u00e3o de plantio de maconha no povoado de Baixio da Aguada, em Seabra.<\/p>\n<p>Por causa disso, o delegado, que n\u00e3o teve sua identidade divulgada, se tornou o principal investigado em 2021 pela &#8220;Opera\u00e7\u00e3o Casmurro&#8221;, deflagrada pela Corregedoria-Geral da Secretaria da Seguran\u00e7a P\u00fablica (SSP) e pelo Minist\u00e9rio P\u00fablico da Bahia (MP).<\/p>\n<p>Al\u00e9m dele, outros tr\u00eas criminosos foram condenados a 11 e 14 anos de pris\u00e3o. Eles eram investigadores da 13\u00aa Coordenadoria Regional de Pol\u00edcia do Interior (Coorpin) de Seabra.<\/p>\n<p>Foto: Divulga\u00e7\u00e3o\/PCBA<br \/>\nPor: Metro1 <\/p>\n","protected":false},"excerpt":{"rendered":"<p>O Tribunal de Justi\u00e7a da Bahia (TJ-BA) condenou a 29 anos de pris\u00e3o, nesta segunda-feira (10), um delegado da Pol\u00edcia<\/p>\n","protected":false},"author":1,"featured_media":5305,"comment_status":"open","ping_status":"open","sticky":false,"template":"","format":"standard","meta":{"colormag_page_container_layout":"default_layout","colormag_page_sidebar_layout":"default_layout","_FSMCFIC_featured_image_caption":"","_FSMCFIC_featured_image_nocaption":"","_FSMCFIC_featured_image_hide":"","footnotes":""},"categories":[3,1],"tags":[],"class_list":["post-5304","post","type-post","status-publish","format-standard","has-post-thumbnail","hentry","category-policia","category-ultimas"],"yoast_head":"<!-- This site is optimized with the Yoast SEO plugin v27.1.1 - https:\/\/yoast.com\/product\/yoast-seo-wordpress\/ -->\n<title>Justi\u00e7a condena delegado da Bahia a 29 anos de pris\u00e3o por participar de organiza\u00e7\u00e3o criminosa - Brasil not\u00edcias<\/title>\n<meta name=\"robots\" content=\"index, follow, max-snippet:-1, max-image-preview:large, max-video-preview:-1\" \/>\n<link rel=\"canonical\" href=\"https:\/\/brasilnoticias.org\/site\/justica-condena-delegado-da-bahia-a-29-anos-de-prisao-por-participar-de-organizacao-criminosa\/\" \/>\n<meta property=\"og:locale\" content=\"pt_PT\" \/>\n<meta property=\"og:type\" content=\"article\" \/>\n<meta property=\"og:title\" content=\"Justi\u00e7a condena delegado da Bahia a 29 anos de pris\u00e3o por participar de organiza\u00e7\u00e3o criminosa - Brasil not\u00edcias\" \/>\n<meta property=\"og:description\" content=\"O Tribunal de Justi\u00e7a da Bahia (TJ-BA) condenou a 29 anos de pris\u00e3o, nesta segunda-feira (10), um delegado da Pol\u00edcia\" \/>\n<meta property=\"og:url\" content=\"https:\/\/brasilnoticias.org\/site\/justica-condena-delegado-da-bahia-a-29-anos-de-prisao-por-participar-de-organizacao-criminosa\/\" \/>\n<meta property=\"og:site_name\" content=\"Brasil not\u00edcias\" \/>\n<meta property=\"article:published_time\" content=\"2023-04-10T21:04:22+00:00\" \/>\n<meta property=\"og:image\" content=\"https:\/\/brasilnoticias.org\/site\/wp-content\/uploads\/2023\/04\/134986justica-condena-delegado-da-bahia-a-29-anos-de-prisao-por-participar-de-organizacao-criminosa-3.jpg\" \/>\n\t<meta property=\"og:image:width\" content=\"1600\" \/>\n\t<meta property=\"og:image:height\" content=\"752\" \/>\n\t<meta property=\"og:image:type\" content=\"image\/jpeg\" \/>\n<meta name=\"author\" content=\"Reda\u00e7\u00e3o\" \/>\n<meta name=\"twitter:card\" content=\"summary_large_image\" \/>\n<meta name=\"twitter:label1\" content=\"Escrito por\" \/>\n\t<meta name=\"twitter:data1\" content=\"Reda\u00e7\u00e3o\" \/>\n<script type=\"application\/ld+json\" class=\"yoast-schema-graph\">{\"@context\":\"https:\/\/schema.org\",\"@graph\":[{\"@type\":\"Article\",\"@id\":\"https:\/\/brasilnoticias.org\/site\/justica-condena-delegado-da-bahia-a-29-anos-de-prisao-por-participar-de-organizacao-criminosa\/#article\",\"isPartOf\":{\"@id\":\"https:\/\/brasilnoticias.org\/site\/justica-condena-delegado-da-bahia-a-29-anos-de-prisao-por-participar-de-organizacao-criminosa\/\"},\"author\":{\"name\":\"Reda\u00e7\u00e3o\",\"@id\":\"https:\/\/brasilnoticias.org\/site\/#\/schema\/person\/a0e05b973ec4d15c658d51911e53507b\"},\"headline\":\"Justi\u00e7a condena delegado da Bahia a 29 anos de pris\u00e3o por participar de organiza\u00e7\u00e3o criminosa\",\"datePublished\":\"2023-04-10T21:04:22+00:00\",\"mainEntityOfPage\":{\"@id\":\"https:\/\/brasilnoticias.org\/site\/justica-condena-delegado-da-bahia-a-29-anos-de-prisao-por-participar-de-organizacao-criminosa\/\"},\"wordCount\":180,\"commentCount\":0,\"publisher\":{\"@id\":\"https:\/\/brasilnoticias.org\/site\/#organization\"},\"image\":{\"@id\":\"https:\/\/brasilnoticias.org\/site\/justica-condena-delegado-da-bahia-a-29-anos-de-prisao-por-participar-de-organizacao-criminosa\/#primaryimage\"},\"thumbnailUrl\":\"https:\/\/brasilnoticias.org\/site\/wp-content\/uploads\/2023\/04\/134986justica-condena-delegado-da-bahia-a-29-anos-de-prisao-por-participar-de-organizacao-criminosa-3.jpg\",\"articleSection\":[\"Pol\u00edcia\",\"\u00daltimas\"],\"inLanguage\":\"pt-PT\",\"potentialAction\":[{\"@type\":\"CommentAction\",\"name\":\"Comment\",\"target\":[\"https:\/\/brasilnoticias.org\/site\/justica-condena-delegado-da-bahia-a-29-anos-de-prisao-por-participar-de-organizacao-criminosa\/#respond\"]}]},{\"@type\":\"WebPage\",\"@id\":\"https:\/\/brasilnoticias.org\/site\/justica-condena-delegado-da-bahia-a-29-anos-de-prisao-por-participar-de-organizacao-criminosa\/\",\"url\":\"https:\/\/brasilnoticias.org\/site\/justica-condena-delegado-da-bahia-a-29-anos-de-prisao-por-participar-de-organizacao-criminosa\/\",\"name\":\"Justi\u00e7a condena delegado da Bahia a 29 anos de pris\u00e3o por participar de organiza\u00e7\u00e3o criminosa - Brasil not\u00edcias\",\"isPartOf\":{\"@id\":\"https:\/\/brasilnoticias.org\/site\/#website\"},\"primaryImageOfPage\":{\"@id\":\"https:\/\/brasilnoticias.org\/site\/justica-condena-delegado-da-bahia-a-29-anos-de-prisao-por-participar-de-organizacao-criminosa\/#primaryimage\"},\"image\":{\"@id\":\"https:\/\/brasilnoticias.org\/site\/justica-condena-delegado-da-bahia-a-29-anos-de-prisao-por-participar-de-organizacao-criminosa\/#primaryimage\"},\"thumbnailUrl\":\"https:\/\/brasilnoticias.org\/site\/wp-content\/uploads\/2023\/04\/134986justica-condena-delegado-da-bahia-a-29-anos-de-prisao-por-participar-de-organizacao-criminosa-3.jpg\",\"datePublished\":\"2023-04-10T21:04:22+00:00\",\"breadcrumb\":{\"@id\":\"https:\/\/brasilnoticias.org\/site\/justica-condena-delegado-da-bahia-a-29-anos-de-prisao-por-participar-de-organizacao-criminosa\/#breadcrumb\"},\"inLanguage\":\"pt-PT\",\"potentialAction\":[{\"@type\":\"ReadAction\",\"target\":[\"https:\/\/brasilnoticias.org\/site\/justica-condena-delegado-da-bahia-a-29-anos-de-prisao-por-participar-de-organizacao-criminosa\/\"]}]},{\"@type\":\"ImageObject\",\"inLanguage\":\"pt-PT\",\"@id\":\"https:\/\/brasilnoticias.org\/site\/justica-condena-delegado-da-bahia-a-29-anos-de-prisao-por-participar-de-organizacao-criminosa\/#primaryimage\",\"url\":\"https:\/\/brasilnoticias.org\/site\/wp-content\/uploads\/2023\/04\/134986justica-condena-delegado-da-bahia-a-29-anos-de-prisao-por-participar-de-organizacao-criminosa-3.jpg\",\"contentUrl\":\"https:\/\/brasilnoticias.org\/site\/wp-content\/uploads\/2023\/04\/134986justica-condena-delegado-da-bahia-a-29-anos-de-prisao-por-participar-de-organizacao-criminosa-3.jpg\",\"width\":1600,\"height\":752},{\"@type\":\"BreadcrumbList\",\"@id\":\"https:\/\/brasilnoticias.org\/site\/justica-condena-delegado-da-bahia-a-29-anos-de-prisao-por-participar-de-organizacao-criminosa\/#breadcrumb\",\"itemListElement\":[{\"@type\":\"ListItem\",\"position\":1,\"name\":\"In\u00edcio\",\"item\":\"https:\/\/brasilnoticias.org\/site\/\"},{\"@type\":\"ListItem\",\"position\":2,\"name\":\"Justi\u00e7a condena delegado da Bahia a 29 anos de pris\u00e3o por participar de organiza\u00e7\u00e3o criminosa\"}]},{\"@type\":\"WebSite\",\"@id\":\"https:\/\/brasilnoticias.org\/site\/#website\",\"url\":\"https:\/\/brasilnoticias.org\/site\/\",\"name\":\"Brasil not\u00edcias\",\"description\":\"Brasil not\u00edcias\",\"publisher\":{\"@id\":\"https:\/\/brasilnoticias.org\/site\/#organization\"},\"potentialAction\":[{\"@type\":\"SearchAction\",\"target\":{\"@type\":\"EntryPoint\",\"urlTemplate\":\"https:\/\/brasilnoticias.org\/site\/?s={search_term_string}\"},\"query-input\":{\"@type\":\"PropertyValueSpecification\",\"valueRequired\":true,\"valueName\":\"search_term_string\"}}],\"inLanguage\":\"pt-PT\"},{\"@type\":\"Organization\",\"@id\":\"https:\/\/brasilnoticias.org\/site\/#organization\",\"name\":\"Brasil not\u00edcias\",\"url\":\"https:\/\/brasilnoticias.org\/site\/\",\"logo\":{\"@type\":\"ImageObject\",\"inLanguage\":\"pt-PT\",\"@id\":\"https:\/\/brasilnoticias.org\/site\/#\/schema\/logo\/image\/\",\"url\":\"https:\/\/brasilnoticias.org\/site\/wp-content\/uploads\/2022\/05\/cropped-brasilnoticias-mini.jpg\",\"contentUrl\":\"https:\/\/brasilnoticias.org\/site\/wp-content\/uploads\/2022\/05\/cropped-brasilnoticias-mini.jpg\",\"width\":314,\"height\":86,\"caption\":\"Brasil not\u00edcias\"},\"image\":{\"@id\":\"https:\/\/brasilnoticias.org\/site\/#\/schema\/logo\/image\/\"}},{\"@type\":\"Person\",\"@id\":\"https:\/\/brasilnoticias.org\/site\/#\/schema\/person\/a0e05b973ec4d15c658d51911e53507b\",\"name\":\"Reda\u00e7\u00e3o\",\"image\":{\"@type\":\"ImageObject\",\"inLanguage\":\"pt-PT\",\"@id\":\"https:\/\/brasilnoticias.org\/site\/#\/schema\/person\/image\/\",\"url\":\"https:\/\/secure.gravatar.com\/avatar\/75d8b050df2de108b08ae78dfb8e374892df24a383c67db9c46a9c604f6aee9c?s=96&d=mm&r=g\",\"contentUrl\":\"https:\/\/secure.gravatar.com\/avatar\/75d8b050df2de108b08ae78dfb8e374892df24a383c67db9c46a9c604f6aee9c?s=96&d=mm&r=g\",\"caption\":\"Reda\u00e7\u00e3o\"},\"sameAs\":[\"https:\/\/brasilnoticias.org\/site\"],\"url\":\"https:\/\/brasilnoticias.org\/site\/author\/fernandozsngmail-com\/\"}]}<\/script>\n<!-- \/ Yoast SEO plugin. -->","yoast_head_json":{"title":"Justi\u00e7a condena delegado da Bahia a 29 anos de pris\u00e3o por participar de organiza\u00e7\u00e3o criminosa - Brasil not\u00edcias","robots":{"index":"index","follow":"follow","max-snippet":"max-snippet:-1","max-image-preview":"max-image-preview:large","max-video-preview":"max-video-preview:-1"},"canonical":"https:\/\/brasilnoticias.org\/site\/justica-condena-delegado-da-bahia-a-29-anos-de-prisao-por-participar-de-organizacao-criminosa\/","og_locale":"pt_PT","og_type":"article","og_title":"Justi\u00e7a condena delegado da Bahia a 29 anos de pris\u00e3o por participar de organiza\u00e7\u00e3o criminosa - Brasil not\u00edcias","og_description":"O Tribunal de Justi\u00e7a da Bahia (TJ-BA) condenou a 29 anos de pris\u00e3o, nesta segunda-feira (10), um delegado da Pol\u00edcia","og_url":"https:\/\/brasilnoticias.org\/site\/justica-condena-delegado-da-bahia-a-29-anos-de-prisao-por-participar-de-organizacao-criminosa\/","og_site_name":"Brasil not\u00edcias","article_published_time":"2023-04-10T21:04:22+00:00","og_image":[{"width":1600,"height":752,"url":"https:\/\/brasilnoticias.org\/site\/wp-content\/uploads\/2023\/04\/134986justica-condena-delegado-da-bahia-a-29-anos-de-prisao-por-participar-de-organizacao-criminosa-3.jpg","type":"image\/jpeg"}],"author":"Reda\u00e7\u00e3o","twitter_card":"summary_large_image","twitter_misc":{"Escrito por":"Reda\u00e7\u00e3o"},"schema":{"@context":"https:\/\/schema.org","@graph":[{"@type":"Article","@id":"https:\/\/brasilnoticias.org\/site\/justica-condena-delegado-da-bahia-a-29-anos-de-prisao-por-participar-de-organizacao-criminosa\/#article","isPartOf":{"@id":"https:\/\/brasilnoticias.org\/site\/justica-condena-delegado-da-bahia-a-29-anos-de-prisao-por-participar-de-organizacao-criminosa\/"},"author":{"name":"Reda\u00e7\u00e3o","@id":"https:\/\/brasilnoticias.org\/site\/#\/schema\/person\/a0e05b973ec4d15c658d51911e53507b"},"headline":"Justi\u00e7a condena delegado da Bahia a 29 anos de pris\u00e3o por participar de organiza\u00e7\u00e3o criminosa","datePublished":"2023-04-10T21:04:22+00:00","mainEntityOfPage":{"@id":"https:\/\/brasilnoticias.org\/site\/justica-condena-delegado-da-bahia-a-29-anos-de-prisao-por-participar-de-organizacao-criminosa\/"},"wordCount":180,"commentCount":0,"publisher":{"@id":"https:\/\/brasilnoticias.org\/site\/#organization"},"image":{"@id":"https:\/\/brasilnoticias.org\/site\/justica-condena-delegado-da-bahia-a-29-anos-de-prisao-por-participar-de-organizacao-criminosa\/#primaryimage"},"thumbnailUrl":"https:\/\/brasilnoticias.org\/site\/wp-content\/uploads\/2023\/04\/134986justica-condena-delegado-da-bahia-a-29-anos-de-prisao-por-participar-de-organizacao-criminosa-3.jpg","articleSection":["Pol\u00edcia","\u00daltimas"],"inLanguage":"pt-PT","potentialAction":[{"@type":"CommentAction","name":"Comment","target":["https:\/\/brasilnoticias.org\/site\/justica-condena-delegado-da-bahia-a-29-anos-de-prisao-por-participar-de-organizacao-criminosa\/#respond"]}]},{"@type":"WebPage","@id":"https:\/\/brasilnoticias.org\/site\/justica-condena-delegado-da-bahia-a-29-anos-de-prisao-por-participar-de-organizacao-criminosa\/","url":"https:\/\/brasilnoticias.org\/site\/justica-condena-delegado-da-bahia-a-29-anos-de-prisao-por-participar-de-organizacao-criminosa\/","name":"Justi\u00e7a condena delegado da Bahia a 29 anos de pris\u00e3o por participar de organiza\u00e7\u00e3o criminosa - Brasil not\u00edcias","isPartOf":{"@id":"https:\/\/brasilnoticias.org\/site\/#website"},"primaryImageOfPage":{"@id":"https:\/\/brasilnoticias.org\/site\/justica-condena-delegado-da-bahia-a-29-anos-de-prisao-por-participar-de-organizacao-criminosa\/#primaryimage"},"image":{"@id":"https:\/\/brasilnoticias.org\/site\/justica-condena-delegado-da-bahia-a-29-anos-de-prisao-por-participar-de-organizacao-criminosa\/#primaryimage"},"thumbnailUrl":"https:\/\/brasilnoticias.org\/site\/wp-content\/uploads\/2023\/04\/134986justica-condena-delegado-da-bahia-a-29-anos-de-prisao-por-participar-de-organizacao-criminosa-3.jpg","datePublished":"2023-04-10T21:04:22+00:00","breadcrumb":{"@id":"https:\/\/brasilnoticias.org\/site\/justica-condena-delegado-da-bahia-a-29-anos-de-prisao-por-participar-de-organizacao-criminosa\/#breadcrumb"},"inLanguage":"pt-PT","potentialAction":[{"@type":"ReadAction","target":["https:\/\/brasilnoticias.org\/site\/justica-condena-delegado-da-bahia-a-29-anos-de-prisao-por-participar-de-organizacao-criminosa\/"]}]},{"@type":"ImageObject","inLanguage":"pt-PT","@id":"https:\/\/brasilnoticias.org\/site\/justica-condena-delegado-da-bahia-a-29-anos-de-prisao-por-participar-de-organizacao-criminosa\/#primaryimage","url":"https:\/\/brasilnoticias.org\/site\/wp-content\/uploads\/2023\/04\/134986justica-condena-delegado-da-bahia-a-29-anos-de-prisao-por-participar-de-organizacao-criminosa-3.jpg","contentUrl":"https:\/\/brasilnoticias.org\/site\/wp-content\/uploads\/2023\/04\/134986justica-condena-delegado-da-bahia-a-29-anos-de-prisao-por-participar-de-organizacao-criminosa-3.jpg","width":1600,"height":752},{"@type":"BreadcrumbList","@id":"https:\/\/brasilnoticias.org\/site\/justica-condena-delegado-da-bahia-a-29-anos-de-prisao-por-participar-de-organizacao-criminosa\/#breadcrumb","itemListElement":[{"@type":"ListItem","position":1,"name":"In\u00edcio","item":"https:\/\/brasilnoticias.org\/site\/"},{"@type":"ListItem","position":2,"name":"Justi\u00e7a condena delegado da Bahia a 29 anos de pris\u00e3o por participar de organiza\u00e7\u00e3o criminosa"}]},{"@type":"WebSite","@id":"https:\/\/brasilnoticias.org\/site\/#website","url":"https:\/\/brasilnoticias.org\/site\/","name":"Brasil not\u00edcias","description":"Brasil not\u00edcias","publisher":{"@id":"https:\/\/brasilnoticias.org\/site\/#organization"},"potentialAction":[{"@type":"SearchAction","target":{"@type":"EntryPoint","urlTemplate":"https:\/\/brasilnoticias.org\/site\/?s={search_term_string}"},"query-input":{"@type":"PropertyValueSpecification","valueRequired":true,"valueName":"search_term_string"}}],"inLanguage":"pt-PT"},{"@type":"Organization","@id":"https:\/\/brasilnoticias.org\/site\/#organization","name":"Brasil not\u00edcias","url":"https:\/\/brasilnoticias.org\/site\/","logo":{"@type":"ImageObject","inLanguage":"pt-PT","@id":"https:\/\/brasilnoticias.org\/site\/#\/schema\/logo\/image\/","url":"https:\/\/brasilnoticias.org\/site\/wp-content\/uploads\/2022\/05\/cropped-brasilnoticias-mini.jpg","contentUrl":"https:\/\/brasilnoticias.org\/site\/wp-content\/uploads\/2022\/05\/cropped-brasilnoticias-mini.jpg","width":314,"height":86,"caption":"Brasil not\u00edcias"},"image":{"@id":"https:\/\/brasilnoticias.org\/site\/#\/schema\/logo\/image\/"}},{"@type":"Person","@id":"https:\/\/brasilnoticias.org\/site\/#\/schema\/person\/a0e05b973ec4d15c658d51911e53507b","name":"Reda\u00e7\u00e3o","image":{"@type":"ImageObject","inLanguage":"pt-PT","@id":"https:\/\/brasilnoticias.org\/site\/#\/schema\/person\/image\/","url":"https:\/\/secure.gravatar.com\/avatar\/75d8b050df2de108b08ae78dfb8e374892df24a383c67db9c46a9c604f6aee9c?s=96&d=mm&r=g","contentUrl":"https:\/\/secure.gravatar.com\/avatar\/75d8b050df2de108b08ae78dfb8e374892df24a383c67db9c46a9c604f6aee9c?s=96&d=mm&r=g","caption":"Reda\u00e7\u00e3o"},"sameAs":["https:\/\/brasilnoticias.org\/site"],"url":"https:\/\/brasilnoticias.org\/site\/author\/fernandozsngmail-com\/"}]}},"_links":{"self":[{"href":"https:\/\/brasilnoticias.org\/site\/wp-json\/wp\/v2\/posts\/5304","targetHints":{"allow":["GET"]}}],"collection":[{"href":"https:\/\/brasilnoticias.org\/site\/wp-json\/wp\/v2\/posts"}],"about":[{"href":"https:\/\/brasilnoticias.org\/site\/wp-json\/wp\/v2\/types\/post"}],"author":[{"embeddable":true,"href":"https:\/\/brasilnoticias.org\/site\/wp-json\/wp\/v2\/users\/1"}],"replies":[{"embeddable":true,"href":"https:\/\/brasilnoticias.org\/site\/wp-json\/wp\/v2\/comments?post=5304"}],"version-history":[{"count":1,"href":"https:\/\/brasilnoticias.org\/site\/wp-json\/wp\/v2\/posts\/5304\/revisions"}],"predecessor-version":[{"id":5306,"href":"https:\/\/brasilnoticias.org\/site\/wp-json\/wp\/v2\/posts\/5304\/revisions\/5306"}],"wp:featuredmedia":[{"embeddable":true,"href":"https:\/\/brasilnoticias.org\/site\/wp-json\/wp\/v2\/media\/5305"}],"wp:attachment":[{"href":"https:\/\/brasilnoticias.org\/site\/wp-json\/wp\/v2\/media?parent=5304"}],"wp:term":[{"taxonomy":"category","embeddable":true,"href":"https:\/\/brasilnoticias.org\/site\/wp-json\/wp\/v2\/categories?post=5304"},{"taxonomy":"post_tag","embeddable":true,"href":"https:\/\/brasilnoticias.org\/site\/wp-json\/wp\/v2\/tags?post=5304"}],"curies":[{"name":"wp","href":"https:\/\/api.w.org\/{rel}","templated":true}]}}