{"id":5307,"date":"2023-04-10T18:05:35","date_gmt":"2023-04-10T21:05:35","guid":{"rendered":"https:\/\/brasilnoticias.org\/site\/?p=5307"},"modified":"2023-04-10T18:05:35","modified_gmt":"2023-04-10T21:05:35","slug":"apos-ofensas-vereadoras-de-mandato-coletivo-protestam-com-cadeiras-de-praia-em-sessao-na-camara-de-salvador","status":"publish","type":"post","link":"https:\/\/brasilnoticias.org\/site\/apos-ofensas-vereadoras-de-mandato-coletivo-protestam-com-cadeiras-de-praia-em-sessao-na-camara-de-salvador\/","title":{"rendered":"Ap\u00f3s ofensas, vereadoras de mandato coletivo protestam com cadeiras de praia em sess\u00e3o na C\u00e2mara de Salvador"},"content":{"rendered":"<p>As co-vereadoras do mandato coletivo Pretas por Salvador (Psol), Laina Cris\u00f3stomo e Cleide Coutinho levaram cadeiras de praia para a sess\u00e3o ordin\u00e1ria da C\u00e2mara Municipal nesta segunda-feira (10). O protesto veio em resposta \u00e0 expuls\u00e3o sofrida pelo coletivo na \u00faltima segunda-feira (3).<\/p>\n<p>Durante a sess\u00e3o da \u00faltima segunda, os parlamentares retiraram a co-vereadora Cleide Coutinho do plen\u00e1rio da C\u00e2mara Municipal de Salvador. Em v\u00eddeo postado nas redes sociais ap\u00f3s a situa\u00e7\u00e3o, Laina refor\u00e7ou que o mandato Pretas por Salvador \u00e9 coletivo e leg\u00edtimo.<\/p>\n<p>\u201cO debate nunca foi sobre cadeira, mas se eles est\u00e3o dizendo que s\u00f3 tem 43 cadeiras e n\u00e3o v\u00e3o abrir a possibilidade de uma co-vereadora se sentar, foi um ato de protesto mesmo, de dizer \u2018se o problema \u00e9 a cadeira eu estou trazendo a minha para voc\u00eas n\u00e3o criarem mais crise sobre isso\u2019\u201d, declarou Laina em entrevista ao Metro1. \u201cNa \u00faltima segunda-feira, foi um processo de muita viol\u00eancia de retirar Cleide, que est\u00e1 h\u00e1 dois anos sentando na cadeira e atuando como co-vereadora\u201d.<\/p>\n<p>A sess\u00e3o desta segunda foi encerrada no momento em que as co-vereadoras iriam se pronunciar na C\u00e2mara. \u201cQuando a gente ia falar no pinga-fogo, a bancada do governo pediu verifica\u00e7\u00e3o de qu\u00f3rum e derrubou a sess\u00e3o. Ent\u00e3o, a gente s\u00f3 conseguiu fazer a fala pela TV C\u00e2mara naquelas entrevistas que acontecem p\u00f3s sess\u00e3o\u201d, relatou Laina.<\/p>\n<p>A parlamentar municipal contou que a situa\u00e7\u00e3o de derrubada de qu\u00f3rum, que \u00e9 o encerramento de sess\u00e3o pelo baixo n\u00famero de presen\u00e7as, tem sido recorrente e que n\u00e3o houve nenhuma retrata\u00e7\u00e3o por parte da C\u00e2mara sobre o assunto. O ato gerou repercuss\u00e3o e foi compartilhado nas redes sociais. <\/p>\n<p>Laina Cris\u00f3stomo falou sobre a quest\u00e3o da deslegitima\u00e7\u00e3o de mandatos coletivos durante entrevista ao A\u00ed Vem Elas na \u00faltima ter\u00e7a-feira (4). No programa, Cris\u00f3stomo rebateu as cr\u00edticas do vereador Henrique Carballal (PDT) a essa modalidade de mandato.<\/p>\n<p>Foto: Matheus Simoni\/Leitor Metro1<br \/>\nPor: Mariana Brasil<\/p>\n","protected":false},"excerpt":{"rendered":"<p>As co-vereadoras do mandato coletivo Pretas por Salvador (Psol), Laina Cris\u00f3stomo e Cleide Coutinho levaram cadeiras de praia para a<\/p>\n","protected":false},"author":1,"featured_media":5308,"comment_status":"open","ping_status":"open","sticky":false,"template":"","format":"standard","meta":{"colormag_page_container_layout":"default_layout","colormag_page_sidebar_layout":"default_layout","_FSMCFIC_featured_image_caption":"","_FSMCFIC_featured_image_nocaption":"","_FSMCFIC_featured_image_hide":"","footnotes":""},"categories":[5,1],"tags":[],"class_list":["post-5307","post","type-post","status-publish","format-standard","has-post-thumbnail","hentry","category-politica","category-ultimas"],"yoast_head":"<!-- This site is optimized with the Yoast SEO plugin v27.1.1 - https:\/\/yoast.com\/product\/yoast-seo-wordpress\/ -->\n<title>Ap\u00f3s ofensas, vereadoras de mandato coletivo protestam com cadeiras de praia em sess\u00e3o na C\u00e2mara de Salvador - Brasil not\u00edcias<\/title>\n<meta name=\"robots\" content=\"index, follow, max-snippet:-1, max-image-preview:large, max-video-preview:-1\" \/>\n<link rel=\"canonical\" href=\"https:\/\/brasilnoticias.org\/site\/apos-ofensas-vereadoras-de-mandato-coletivo-protestam-com-cadeiras-de-praia-em-sessao-na-camara-de-salvador\/\" \/>\n<meta property=\"og:locale\" content=\"pt_PT\" \/>\n<meta property=\"og:type\" content=\"article\" \/>\n<meta property=\"og:title\" content=\"Ap\u00f3s ofensas, vereadoras de mandato coletivo protestam com cadeiras de praia em sess\u00e3o na C\u00e2mara de Salvador - Brasil not\u00edcias\" \/>\n<meta property=\"og:description\" content=\"As co-vereadoras do mandato coletivo Pretas por Salvador (Psol), Laina Cris\u00f3stomo e Cleide Coutinho levaram cadeiras de praia para a\" \/>\n<meta property=\"og:url\" content=\"https:\/\/brasilnoticias.org\/site\/apos-ofensas-vereadoras-de-mandato-coletivo-protestam-com-cadeiras-de-praia-em-sessao-na-camara-de-salvador\/\" \/>\n<meta property=\"og:site_name\" content=\"Brasil not\u00edcias\" \/>\n<meta property=\"article:published_time\" content=\"2023-04-10T21:05:35+00:00\" \/>\n<meta property=\"og:image\" content=\"https:\/\/brasilnoticias.org\/site\/wp-content\/uploads\/2023\/04\/134987apos-ofensas-vereadoras-de-mandato-coletivo-protestam-com-cadeiras-de-praia-em-sessao-na-camarade-salvador-3.jpg\" \/>\n\t<meta property=\"og:image:width\" content=\"1600\" \/>\n\t<meta property=\"og:image:height\" content=\"752\" \/>\n\t<meta property=\"og:image:type\" content=\"image\/jpeg\" \/>\n<meta name=\"author\" content=\"Reda\u00e7\u00e3o\" \/>\n<meta name=\"twitter:card\" content=\"summary_large_image\" \/>\n<meta name=\"twitter:label1\" content=\"Escrito por\" \/>\n\t<meta name=\"twitter:data1\" content=\"Reda\u00e7\u00e3o\" \/>\n<script type=\"application\/ld+json\" class=\"yoast-schema-graph\">{\"@context\":\"https:\/\/schema.org\",\"@graph\":[{\"@type\":\"Article\",\"@id\":\"https:\/\/brasilnoticias.org\/site\/apos-ofensas-vereadoras-de-mandato-coletivo-protestam-com-cadeiras-de-praia-em-sessao-na-camara-de-salvador\/#article\",\"isPartOf\":{\"@id\":\"https:\/\/brasilnoticias.org\/site\/apos-ofensas-vereadoras-de-mandato-coletivo-protestam-com-cadeiras-de-praia-em-sessao-na-camara-de-salvador\/\"},\"author\":{\"name\":\"Reda\u00e7\u00e3o\",\"@id\":\"https:\/\/brasilnoticias.org\/site\/#\/schema\/person\/a0e05b973ec4d15c658d51911e53507b\"},\"headline\":\"Ap\u00f3s ofensas, vereadoras de mandato coletivo protestam com cadeiras de praia em sess\u00e3o na C\u00e2mara de Salvador\",\"datePublished\":\"2023-04-10T21:05:35+00:00\",\"mainEntityOfPage\":{\"@id\":\"https:\/\/brasilnoticias.org\/site\/apos-ofensas-vereadoras-de-mandato-coletivo-protestam-com-cadeiras-de-praia-em-sessao-na-camara-de-salvador\/\"},\"wordCount\":370,\"commentCount\":0,\"publisher\":{\"@id\":\"https:\/\/brasilnoticias.org\/site\/#organization\"},\"image\":{\"@id\":\"https:\/\/brasilnoticias.org\/site\/apos-ofensas-vereadoras-de-mandato-coletivo-protestam-com-cadeiras-de-praia-em-sessao-na-camara-de-salvador\/#primaryimage\"},\"thumbnailUrl\":\"https:\/\/brasilnoticias.org\/site\/wp-content\/uploads\/2023\/04\/134987apos-ofensas-vereadoras-de-mandato-coletivo-protestam-com-cadeiras-de-praia-em-sessao-na-camarade-salvador-3.jpg\",\"articleSection\":[\"Pol\u00edtica\",\"\u00daltimas\"],\"inLanguage\":\"pt-PT\",\"potentialAction\":[{\"@type\":\"CommentAction\",\"name\":\"Comment\",\"target\":[\"https:\/\/brasilnoticias.org\/site\/apos-ofensas-vereadoras-de-mandato-coletivo-protestam-com-cadeiras-de-praia-em-sessao-na-camara-de-salvador\/#respond\"]}]},{\"@type\":\"WebPage\",\"@id\":\"https:\/\/brasilnoticias.org\/site\/apos-ofensas-vereadoras-de-mandato-coletivo-protestam-com-cadeiras-de-praia-em-sessao-na-camara-de-salvador\/\",\"url\":\"https:\/\/brasilnoticias.org\/site\/apos-ofensas-vereadoras-de-mandato-coletivo-protestam-com-cadeiras-de-praia-em-sessao-na-camara-de-salvador\/\",\"name\":\"Ap\u00f3s ofensas, vereadoras de mandato coletivo protestam com cadeiras de praia em sess\u00e3o na C\u00e2mara de Salvador - Brasil not\u00edcias\",\"isPartOf\":{\"@id\":\"https:\/\/brasilnoticias.org\/site\/#website\"},\"primaryImageOfPage\":{\"@id\":\"https:\/\/brasilnoticias.org\/site\/apos-ofensas-vereadoras-de-mandato-coletivo-protestam-com-cadeiras-de-praia-em-sessao-na-camara-de-salvador\/#primaryimage\"},\"image\":{\"@id\":\"https:\/\/brasilnoticias.org\/site\/apos-ofensas-vereadoras-de-mandato-coletivo-protestam-com-cadeiras-de-praia-em-sessao-na-camara-de-salvador\/#primaryimage\"},\"thumbnailUrl\":\"https:\/\/brasilnoticias.org\/site\/wp-content\/uploads\/2023\/04\/134987apos-ofensas-vereadoras-de-mandato-coletivo-protestam-com-cadeiras-de-praia-em-sessao-na-camarade-salvador-3.jpg\",\"datePublished\":\"2023-04-10T21:05:35+00:00\",\"breadcrumb\":{\"@id\":\"https:\/\/brasilnoticias.org\/site\/apos-ofensas-vereadoras-de-mandato-coletivo-protestam-com-cadeiras-de-praia-em-sessao-na-camara-de-salvador\/#breadcrumb\"},\"inLanguage\":\"pt-PT\",\"potentialAction\":[{\"@type\":\"ReadAction\",\"target\":[\"https:\/\/brasilnoticias.org\/site\/apos-ofensas-vereadoras-de-mandato-coletivo-protestam-com-cadeiras-de-praia-em-sessao-na-camara-de-salvador\/\"]}]},{\"@type\":\"ImageObject\",\"inLanguage\":\"pt-PT\",\"@id\":\"https:\/\/brasilnoticias.org\/site\/apos-ofensas-vereadoras-de-mandato-coletivo-protestam-com-cadeiras-de-praia-em-sessao-na-camara-de-salvador\/#primaryimage\",\"url\":\"https:\/\/brasilnoticias.org\/site\/wp-content\/uploads\/2023\/04\/134987apos-ofensas-vereadoras-de-mandato-coletivo-protestam-com-cadeiras-de-praia-em-sessao-na-camarade-salvador-3.jpg\",\"contentUrl\":\"https:\/\/brasilnoticias.org\/site\/wp-content\/uploads\/2023\/04\/134987apos-ofensas-vereadoras-de-mandato-coletivo-protestam-com-cadeiras-de-praia-em-sessao-na-camarade-salvador-3.jpg\",\"width\":1600,\"height\":752},{\"@type\":\"BreadcrumbList\",\"@id\":\"https:\/\/brasilnoticias.org\/site\/apos-ofensas-vereadoras-de-mandato-coletivo-protestam-com-cadeiras-de-praia-em-sessao-na-camara-de-salvador\/#breadcrumb\",\"itemListElement\":[{\"@type\":\"ListItem\",\"position\":1,\"name\":\"In\u00edcio\",\"item\":\"https:\/\/brasilnoticias.org\/site\/\"},{\"@type\":\"ListItem\",\"position\":2,\"name\":\"Ap\u00f3s ofensas, vereadoras de mandato coletivo protestam com cadeiras de praia em sess\u00e3o na C\u00e2mara de Salvador\"}]},{\"@type\":\"WebSite\",\"@id\":\"https:\/\/brasilnoticias.org\/site\/#website\",\"url\":\"https:\/\/brasilnoticias.org\/site\/\",\"name\":\"Brasil not\u00edcias\",\"description\":\"Brasil not\u00edcias\",\"publisher\":{\"@id\":\"https:\/\/brasilnoticias.org\/site\/#organization\"},\"potentialAction\":[{\"@type\":\"SearchAction\",\"target\":{\"@type\":\"EntryPoint\",\"urlTemplate\":\"https:\/\/brasilnoticias.org\/site\/?s={search_term_string}\"},\"query-input\":{\"@type\":\"PropertyValueSpecification\",\"valueRequired\":true,\"valueName\":\"search_term_string\"}}],\"inLanguage\":\"pt-PT\"},{\"@type\":\"Organization\",\"@id\":\"https:\/\/brasilnoticias.org\/site\/#organization\",\"name\":\"Brasil not\u00edcias\",\"url\":\"https:\/\/brasilnoticias.org\/site\/\",\"logo\":{\"@type\":\"ImageObject\",\"inLanguage\":\"pt-PT\",\"@id\":\"https:\/\/brasilnoticias.org\/site\/#\/schema\/logo\/image\/\",\"url\":\"https:\/\/brasilnoticias.org\/site\/wp-content\/uploads\/2022\/05\/cropped-brasilnoticias-mini.jpg\",\"contentUrl\":\"https:\/\/brasilnoticias.org\/site\/wp-content\/uploads\/2022\/05\/cropped-brasilnoticias-mini.jpg\",\"width\":314,\"height\":86,\"caption\":\"Brasil not\u00edcias\"},\"image\":{\"@id\":\"https:\/\/brasilnoticias.org\/site\/#\/schema\/logo\/image\/\"}},{\"@type\":\"Person\",\"@id\":\"https:\/\/brasilnoticias.org\/site\/#\/schema\/person\/a0e05b973ec4d15c658d51911e53507b\",\"name\":\"Reda\u00e7\u00e3o\",\"image\":{\"@type\":\"ImageObject\",\"inLanguage\":\"pt-PT\",\"@id\":\"https:\/\/brasilnoticias.org\/site\/#\/schema\/person\/image\/\",\"url\":\"https:\/\/secure.gravatar.com\/avatar\/75d8b050df2de108b08ae78dfb8e374892df24a383c67db9c46a9c604f6aee9c?s=96&d=mm&r=g\",\"contentUrl\":\"https:\/\/secure.gravatar.com\/avatar\/75d8b050df2de108b08ae78dfb8e374892df24a383c67db9c46a9c604f6aee9c?s=96&d=mm&r=g\",\"caption\":\"Reda\u00e7\u00e3o\"},\"sameAs\":[\"https:\/\/brasilnoticias.org\/site\"],\"url\":\"https:\/\/brasilnoticias.org\/site\/author\/fernandozsngmail-com\/\"}]}<\/script>\n<!-- \/ Yoast SEO plugin. -->","yoast_head_json":{"title":"Ap\u00f3s ofensas, vereadoras de mandato coletivo protestam com cadeiras de praia em sess\u00e3o na C\u00e2mara de Salvador - Brasil not\u00edcias","robots":{"index":"index","follow":"follow","max-snippet":"max-snippet:-1","max-image-preview":"max-image-preview:large","max-video-preview":"max-video-preview:-1"},"canonical":"https:\/\/brasilnoticias.org\/site\/apos-ofensas-vereadoras-de-mandato-coletivo-protestam-com-cadeiras-de-praia-em-sessao-na-camara-de-salvador\/","og_locale":"pt_PT","og_type":"article","og_title":"Ap\u00f3s ofensas, vereadoras de mandato coletivo protestam com cadeiras de praia em sess\u00e3o na C\u00e2mara de Salvador - Brasil not\u00edcias","og_description":"As co-vereadoras do mandato coletivo Pretas por Salvador (Psol), Laina Cris\u00f3stomo e Cleide Coutinho levaram cadeiras de praia para a","og_url":"https:\/\/brasilnoticias.org\/site\/apos-ofensas-vereadoras-de-mandato-coletivo-protestam-com-cadeiras-de-praia-em-sessao-na-camara-de-salvador\/","og_site_name":"Brasil not\u00edcias","article_published_time":"2023-04-10T21:05:35+00:00","og_image":[{"width":1600,"height":752,"url":"https:\/\/brasilnoticias.org\/site\/wp-content\/uploads\/2023\/04\/134987apos-ofensas-vereadoras-de-mandato-coletivo-protestam-com-cadeiras-de-praia-em-sessao-na-camarade-salvador-3.jpg","type":"image\/jpeg"}],"author":"Reda\u00e7\u00e3o","twitter_card":"summary_large_image","twitter_misc":{"Escrito por":"Reda\u00e7\u00e3o"},"schema":{"@context":"https:\/\/schema.org","@graph":[{"@type":"Article","@id":"https:\/\/brasilnoticias.org\/site\/apos-ofensas-vereadoras-de-mandato-coletivo-protestam-com-cadeiras-de-praia-em-sessao-na-camara-de-salvador\/#article","isPartOf":{"@id":"https:\/\/brasilnoticias.org\/site\/apos-ofensas-vereadoras-de-mandato-coletivo-protestam-com-cadeiras-de-praia-em-sessao-na-camara-de-salvador\/"},"author":{"name":"Reda\u00e7\u00e3o","@id":"https:\/\/brasilnoticias.org\/site\/#\/schema\/person\/a0e05b973ec4d15c658d51911e53507b"},"headline":"Ap\u00f3s ofensas, vereadoras de mandato coletivo protestam com cadeiras de praia em sess\u00e3o na C\u00e2mara de Salvador","datePublished":"2023-04-10T21:05:35+00:00","mainEntityOfPage":{"@id":"https:\/\/brasilnoticias.org\/site\/apos-ofensas-vereadoras-de-mandato-coletivo-protestam-com-cadeiras-de-praia-em-sessao-na-camara-de-salvador\/"},"wordCount":370,"commentCount":0,"publisher":{"@id":"https:\/\/brasilnoticias.org\/site\/#organization"},"image":{"@id":"https:\/\/brasilnoticias.org\/site\/apos-ofensas-vereadoras-de-mandato-coletivo-protestam-com-cadeiras-de-praia-em-sessao-na-camara-de-salvador\/#primaryimage"},"thumbnailUrl":"https:\/\/brasilnoticias.org\/site\/wp-content\/uploads\/2023\/04\/134987apos-ofensas-vereadoras-de-mandato-coletivo-protestam-com-cadeiras-de-praia-em-sessao-na-camarade-salvador-3.jpg","articleSection":["Pol\u00edtica","\u00daltimas"],"inLanguage":"pt-PT","potentialAction":[{"@type":"CommentAction","name":"Comment","target":["https:\/\/brasilnoticias.org\/site\/apos-ofensas-vereadoras-de-mandato-coletivo-protestam-com-cadeiras-de-praia-em-sessao-na-camara-de-salvador\/#respond"]}]},{"@type":"WebPage","@id":"https:\/\/brasilnoticias.org\/site\/apos-ofensas-vereadoras-de-mandato-coletivo-protestam-com-cadeiras-de-praia-em-sessao-na-camara-de-salvador\/","url":"https:\/\/brasilnoticias.org\/site\/apos-ofensas-vereadoras-de-mandato-coletivo-protestam-com-cadeiras-de-praia-em-sessao-na-camara-de-salvador\/","name":"Ap\u00f3s ofensas, vereadoras de mandato coletivo protestam com cadeiras de praia em sess\u00e3o na C\u00e2mara de Salvador - Brasil not\u00edcias","isPartOf":{"@id":"https:\/\/brasilnoticias.org\/site\/#website"},"primaryImageOfPage":{"@id":"https:\/\/brasilnoticias.org\/site\/apos-ofensas-vereadoras-de-mandato-coletivo-protestam-com-cadeiras-de-praia-em-sessao-na-camara-de-salvador\/#primaryimage"},"image":{"@id":"https:\/\/brasilnoticias.org\/site\/apos-ofensas-vereadoras-de-mandato-coletivo-protestam-com-cadeiras-de-praia-em-sessao-na-camara-de-salvador\/#primaryimage"},"thumbnailUrl":"https:\/\/brasilnoticias.org\/site\/wp-content\/uploads\/2023\/04\/134987apos-ofensas-vereadoras-de-mandato-coletivo-protestam-com-cadeiras-de-praia-em-sessao-na-camarade-salvador-3.jpg","datePublished":"2023-04-10T21:05:35+00:00","breadcrumb":{"@id":"https:\/\/brasilnoticias.org\/site\/apos-ofensas-vereadoras-de-mandato-coletivo-protestam-com-cadeiras-de-praia-em-sessao-na-camara-de-salvador\/#breadcrumb"},"inLanguage":"pt-PT","potentialAction":[{"@type":"ReadAction","target":["https:\/\/brasilnoticias.org\/site\/apos-ofensas-vereadoras-de-mandato-coletivo-protestam-com-cadeiras-de-praia-em-sessao-na-camara-de-salvador\/"]}]},{"@type":"ImageObject","inLanguage":"pt-PT","@id":"https:\/\/brasilnoticias.org\/site\/apos-ofensas-vereadoras-de-mandato-coletivo-protestam-com-cadeiras-de-praia-em-sessao-na-camara-de-salvador\/#primaryimage","url":"https:\/\/brasilnoticias.org\/site\/wp-content\/uploads\/2023\/04\/134987apos-ofensas-vereadoras-de-mandato-coletivo-protestam-com-cadeiras-de-praia-em-sessao-na-camarade-salvador-3.jpg","contentUrl":"https:\/\/brasilnoticias.org\/site\/wp-content\/uploads\/2023\/04\/134987apos-ofensas-vereadoras-de-mandato-coletivo-protestam-com-cadeiras-de-praia-em-sessao-na-camarade-salvador-3.jpg","width":1600,"height":752},{"@type":"BreadcrumbList","@id":"https:\/\/brasilnoticias.org\/site\/apos-ofensas-vereadoras-de-mandato-coletivo-protestam-com-cadeiras-de-praia-em-sessao-na-camara-de-salvador\/#breadcrumb","itemListElement":[{"@type":"ListItem","position":1,"name":"In\u00edcio","item":"https:\/\/brasilnoticias.org\/site\/"},{"@type":"ListItem","position":2,"name":"Ap\u00f3s ofensas, vereadoras de mandato coletivo protestam com cadeiras de praia em sess\u00e3o na C\u00e2mara de Salvador"}]},{"@type":"WebSite","@id":"https:\/\/brasilnoticias.org\/site\/#website","url":"https:\/\/brasilnoticias.org\/site\/","name":"Brasil not\u00edcias","description":"Brasil not\u00edcias","publisher":{"@id":"https:\/\/brasilnoticias.org\/site\/#organization"},"potentialAction":[{"@type":"SearchAction","target":{"@type":"EntryPoint","urlTemplate":"https:\/\/brasilnoticias.org\/site\/?s={search_term_string}"},"query-input":{"@type":"PropertyValueSpecification","valueRequired":true,"valueName":"search_term_string"}}],"inLanguage":"pt-PT"},{"@type":"Organization","@id":"https:\/\/brasilnoticias.org\/site\/#organization","name":"Brasil not\u00edcias","url":"https:\/\/brasilnoticias.org\/site\/","logo":{"@type":"ImageObject","inLanguage":"pt-PT","@id":"https:\/\/brasilnoticias.org\/site\/#\/schema\/logo\/image\/","url":"https:\/\/brasilnoticias.org\/site\/wp-content\/uploads\/2022\/05\/cropped-brasilnoticias-mini.jpg","contentUrl":"https:\/\/brasilnoticias.org\/site\/wp-content\/uploads\/2022\/05\/cropped-brasilnoticias-mini.jpg","width":314,"height":86,"caption":"Brasil not\u00edcias"},"image":{"@id":"https:\/\/brasilnoticias.org\/site\/#\/schema\/logo\/image\/"}},{"@type":"Person","@id":"https:\/\/brasilnoticias.org\/site\/#\/schema\/person\/a0e05b973ec4d15c658d51911e53507b","name":"Reda\u00e7\u00e3o","image":{"@type":"ImageObject","inLanguage":"pt-PT","@id":"https:\/\/brasilnoticias.org\/site\/#\/schema\/person\/image\/","url":"https:\/\/secure.gravatar.com\/avatar\/75d8b050df2de108b08ae78dfb8e374892df24a383c67db9c46a9c604f6aee9c?s=96&d=mm&r=g","contentUrl":"https:\/\/secure.gravatar.com\/avatar\/75d8b050df2de108b08ae78dfb8e374892df24a383c67db9c46a9c604f6aee9c?s=96&d=mm&r=g","caption":"Reda\u00e7\u00e3o"},"sameAs":["https:\/\/brasilnoticias.org\/site"],"url":"https:\/\/brasilnoticias.org\/site\/author\/fernandozsngmail-com\/"}]}},"_links":{"self":[{"href":"https:\/\/brasilnoticias.org\/site\/wp-json\/wp\/v2\/posts\/5307","targetHints":{"allow":["GET"]}}],"collection":[{"href":"https:\/\/brasilnoticias.org\/site\/wp-json\/wp\/v2\/posts"}],"about":[{"href":"https:\/\/brasilnoticias.org\/site\/wp-json\/wp\/v2\/types\/post"}],"author":[{"embeddable":true,"href":"https:\/\/brasilnoticias.org\/site\/wp-json\/wp\/v2\/users\/1"}],"replies":[{"embeddable":true,"href":"https:\/\/brasilnoticias.org\/site\/wp-json\/wp\/v2\/comments?post=5307"}],"version-history":[{"count":1,"href":"https:\/\/brasilnoticias.org\/site\/wp-json\/wp\/v2\/posts\/5307\/revisions"}],"predecessor-version":[{"id":5309,"href":"https:\/\/brasilnoticias.org\/site\/wp-json\/wp\/v2\/posts\/5307\/revisions\/5309"}],"wp:featuredmedia":[{"embeddable":true,"href":"https:\/\/brasilnoticias.org\/site\/wp-json\/wp\/v2\/media\/5308"}],"wp:attachment":[{"href":"https:\/\/brasilnoticias.org\/site\/wp-json\/wp\/v2\/media?parent=5307"}],"wp:term":[{"taxonomy":"category","embeddable":true,"href":"https:\/\/brasilnoticias.org\/site\/wp-json\/wp\/v2\/categories?post=5307"},{"taxonomy":"post_tag","embeddable":true,"href":"https:\/\/brasilnoticias.org\/site\/wp-json\/wp\/v2\/tags?post=5307"}],"curies":[{"name":"wp","href":"https:\/\/api.w.org\/{rel}","templated":true}]}}