{"id":5320,"date":"2023-04-11T06:11:34","date_gmt":"2023-04-11T09:11:34","guid":{"rendered":"https:\/\/brasilnoticias.org\/site\/?p=5320"},"modified":"2023-04-11T06:11:34","modified_gmt":"2023-04-11T09:11:34","slug":"apos-fake-news-policia-identifica-adolescentes-responsaveis-por-ameacas","status":"publish","type":"post","link":"https:\/\/brasilnoticias.org\/site\/apos-fake-news-policia-identifica-adolescentes-responsaveis-por-ameacas\/","title":{"rendered":"Ap\u00f3s fake news, pol\u00edcia identifica adolescentes respons\u00e1veis por amea\u00e7as"},"content":{"rendered":"<p>Ap\u00f3s fake news anunciando ataques em escolas de Vit\u00f3ria da Conquistas e em outros munic\u00edpios baianos, a Pol\u00edcia Civil identificou nesta segunda-feira (10) os adolescentes respons\u00e1veis por essa a\u00e7\u00e3o.<\/p>\n<p>A 10\u00aa Coordenadoria Regional de Pol\u00edcia do Interior (Coorpin\/Vit\u00f3ria da Conquista) conseguiu identificar o menor que amea\u00e7ou no \u00faltimo domingo (09) alunos e funcion\u00e1rios de uma escola da regi\u00e3o.<\/p>\n<p>O adolescente foi acompanhado por seu pai e levado para o N\u00facleo para o Adolescente Infrator (NAI) e foi registrado um boletim de ocorr\u00eancia pelo ato infracional an\u00e1logo ao crime de amea\u00e7a. O Centro de Refer\u00eancia Especializado de Assist\u00eancia Social (Creas) acompanhar\u00e1 o jovem. <\/p>\n<p>Um segundo caso foi registrado na cidade de Itarantim. Funcion\u00e1rios do local registraram uma ocorr\u00eancia de um perfil falso nas redes sociais. Foi averiguado que um aluno da institui\u00e7\u00e3o era o respons\u00e1vel pelas mensagens e, junto com ele, foi encontrado um celular e um caderno com desenhos que remetiam ao nazismo. Ele foi apreendido e um BOC foi registrado pelos  infracionais an\u00e1logos aos crimes de amea\u00e7a e apologia ao crime.<\/p>\n<p>Foto Haeckel Dias\/Ascom-PC (Ilustrativa)<br \/>\nBNews<\/p>\n","protected":false},"excerpt":{"rendered":"<p>Ap\u00f3s fake news anunciando ataques em escolas de Vit\u00f3ria da Conquistas e em outros munic\u00edpios baianos, a Pol\u00edcia Civil identificou<\/p>\n","protected":false},"author":1,"featured_media":5321,"comment_status":"open","ping_status":"open","sticky":false,"template":"","format":"standard","meta":{"colormag_page_container_layout":"default_layout","colormag_page_sidebar_layout":"default_layout","_FSMCFIC_featured_image_caption":"","_FSMCFIC_featured_image_nocaption":"","_FSMCFIC_featured_image_hide":"","footnotes":""},"categories":[2,1],"tags":[],"class_list":["post-5320","post","type-post","status-publish","format-standard","has-post-thumbnail","hentry","category-noticias","category-ultimas"],"yoast_head":"<!-- This site is optimized with the Yoast SEO plugin v27.1.1 - https:\/\/yoast.com\/product\/yoast-seo-wordpress\/ -->\n<title>Ap\u00f3s fake news, pol\u00edcia identifica adolescentes respons\u00e1veis por amea\u00e7as - Brasil not\u00edcias<\/title>\n<meta name=\"robots\" content=\"index, follow, max-snippet:-1, max-image-preview:large, max-video-preview:-1\" \/>\n<link rel=\"canonical\" href=\"https:\/\/brasilnoticias.org\/site\/apos-fake-news-policia-identifica-adolescentes-responsaveis-por-ameacas\/\" \/>\n<meta property=\"og:locale\" content=\"pt_PT\" \/>\n<meta property=\"og:type\" content=\"article\" \/>\n<meta property=\"og:title\" content=\"Ap\u00f3s fake news, pol\u00edcia identifica adolescentes respons\u00e1veis por amea\u00e7as - Brasil not\u00edcias\" \/>\n<meta property=\"og:description\" content=\"Ap\u00f3s fake news anunciando ataques em escolas de Vit\u00f3ria da Conquistas e em outros munic\u00edpios baianos, a Pol\u00edcia Civil identificou\" \/>\n<meta property=\"og:url\" content=\"https:\/\/brasilnoticias.org\/site\/apos-fake-news-policia-identifica-adolescentes-responsaveis-por-ameacas\/\" \/>\n<meta property=\"og:site_name\" content=\"Brasil not\u00edcias\" \/>\n<meta property=\"article:published_time\" content=\"2023-04-11T09:11:34+00:00\" \/>\n<meta property=\"og:image\" content=\"https:\/\/brasilnoticias.org\/site\/wp-content\/uploads\/2023\/04\/whatsapp_image_2023-04-10_at_18.21.51_widelg.jpeg\" \/>\n\t<meta property=\"og:image:width\" content=\"800\" \/>\n\t<meta property=\"og:image:height\" content=\"450\" \/>\n\t<meta property=\"og:image:type\" content=\"image\/jpeg\" \/>\n<meta name=\"author\" content=\"Reda\u00e7\u00e3o\" \/>\n<meta name=\"twitter:card\" content=\"summary_large_image\" \/>\n<meta name=\"twitter:label1\" content=\"Escrito por\" \/>\n\t<meta name=\"twitter:data1\" content=\"Reda\u00e7\u00e3o\" \/>\n<script type=\"application\/ld+json\" class=\"yoast-schema-graph\">{\"@context\":\"https:\/\/schema.org\",\"@graph\":[{\"@type\":\"Article\",\"@id\":\"https:\/\/brasilnoticias.org\/site\/apos-fake-news-policia-identifica-adolescentes-responsaveis-por-ameacas\/#article\",\"isPartOf\":{\"@id\":\"https:\/\/brasilnoticias.org\/site\/apos-fake-news-policia-identifica-adolescentes-responsaveis-por-ameacas\/\"},\"author\":{\"name\":\"Reda\u00e7\u00e3o\",\"@id\":\"https:\/\/brasilnoticias.org\/site\/#\/schema\/person\/a0e05b973ec4d15c658d51911e53507b\"},\"headline\":\"Ap\u00f3s fake news, pol\u00edcia identifica adolescentes respons\u00e1veis por amea\u00e7as\",\"datePublished\":\"2023-04-11T09:11:34+00:00\",\"mainEntityOfPage\":{\"@id\":\"https:\/\/brasilnoticias.org\/site\/apos-fake-news-policia-identifica-adolescentes-responsaveis-por-ameacas\/\"},\"wordCount\":212,\"commentCount\":0,\"publisher\":{\"@id\":\"https:\/\/brasilnoticias.org\/site\/#organization\"},\"image\":{\"@id\":\"https:\/\/brasilnoticias.org\/site\/apos-fake-news-policia-identifica-adolescentes-responsaveis-por-ameacas\/#primaryimage\"},\"thumbnailUrl\":\"https:\/\/brasilnoticias.org\/site\/wp-content\/uploads\/2023\/04\/whatsapp_image_2023-04-10_at_18.21.51_widelg.jpeg\",\"articleSection\":[\"Not\u00edcias\",\"\u00daltimas\"],\"inLanguage\":\"pt-PT\",\"potentialAction\":[{\"@type\":\"CommentAction\",\"name\":\"Comment\",\"target\":[\"https:\/\/brasilnoticias.org\/site\/apos-fake-news-policia-identifica-adolescentes-responsaveis-por-ameacas\/#respond\"]}]},{\"@type\":\"WebPage\",\"@id\":\"https:\/\/brasilnoticias.org\/site\/apos-fake-news-policia-identifica-adolescentes-responsaveis-por-ameacas\/\",\"url\":\"https:\/\/brasilnoticias.org\/site\/apos-fake-news-policia-identifica-adolescentes-responsaveis-por-ameacas\/\",\"name\":\"Ap\u00f3s fake news, pol\u00edcia identifica adolescentes respons\u00e1veis por amea\u00e7as - Brasil not\u00edcias\",\"isPartOf\":{\"@id\":\"https:\/\/brasilnoticias.org\/site\/#website\"},\"primaryImageOfPage\":{\"@id\":\"https:\/\/brasilnoticias.org\/site\/apos-fake-news-policia-identifica-adolescentes-responsaveis-por-ameacas\/#primaryimage\"},\"image\":{\"@id\":\"https:\/\/brasilnoticias.org\/site\/apos-fake-news-policia-identifica-adolescentes-responsaveis-por-ameacas\/#primaryimage\"},\"thumbnailUrl\":\"https:\/\/brasilnoticias.org\/site\/wp-content\/uploads\/2023\/04\/whatsapp_image_2023-04-10_at_18.21.51_widelg.jpeg\",\"datePublished\":\"2023-04-11T09:11:34+00:00\",\"breadcrumb\":{\"@id\":\"https:\/\/brasilnoticias.org\/site\/apos-fake-news-policia-identifica-adolescentes-responsaveis-por-ameacas\/#breadcrumb\"},\"inLanguage\":\"pt-PT\",\"potentialAction\":[{\"@type\":\"ReadAction\",\"target\":[\"https:\/\/brasilnoticias.org\/site\/apos-fake-news-policia-identifica-adolescentes-responsaveis-por-ameacas\/\"]}]},{\"@type\":\"ImageObject\",\"inLanguage\":\"pt-PT\",\"@id\":\"https:\/\/brasilnoticias.org\/site\/apos-fake-news-policia-identifica-adolescentes-responsaveis-por-ameacas\/#primaryimage\",\"url\":\"https:\/\/brasilnoticias.org\/site\/wp-content\/uploads\/2023\/04\/whatsapp_image_2023-04-10_at_18.21.51_widelg.jpeg\",\"contentUrl\":\"https:\/\/brasilnoticias.org\/site\/wp-content\/uploads\/2023\/04\/whatsapp_image_2023-04-10_at_18.21.51_widelg.jpeg\",\"width\":800,\"height\":450},{\"@type\":\"BreadcrumbList\",\"@id\":\"https:\/\/brasilnoticias.org\/site\/apos-fake-news-policia-identifica-adolescentes-responsaveis-por-ameacas\/#breadcrumb\",\"itemListElement\":[{\"@type\":\"ListItem\",\"position\":1,\"name\":\"In\u00edcio\",\"item\":\"https:\/\/brasilnoticias.org\/site\/\"},{\"@type\":\"ListItem\",\"position\":2,\"name\":\"Ap\u00f3s fake news, pol\u00edcia identifica adolescentes respons\u00e1veis por amea\u00e7as\"}]},{\"@type\":\"WebSite\",\"@id\":\"https:\/\/brasilnoticias.org\/site\/#website\",\"url\":\"https:\/\/brasilnoticias.org\/site\/\",\"name\":\"Brasil not\u00edcias\",\"description\":\"Brasil not\u00edcias\",\"publisher\":{\"@id\":\"https:\/\/brasilnoticias.org\/site\/#organization\"},\"potentialAction\":[{\"@type\":\"SearchAction\",\"target\":{\"@type\":\"EntryPoint\",\"urlTemplate\":\"https:\/\/brasilnoticias.org\/site\/?s={search_term_string}\"},\"query-input\":{\"@type\":\"PropertyValueSpecification\",\"valueRequired\":true,\"valueName\":\"search_term_string\"}}],\"inLanguage\":\"pt-PT\"},{\"@type\":\"Organization\",\"@id\":\"https:\/\/brasilnoticias.org\/site\/#organization\",\"name\":\"Brasil not\u00edcias\",\"url\":\"https:\/\/brasilnoticias.org\/site\/\",\"logo\":{\"@type\":\"ImageObject\",\"inLanguage\":\"pt-PT\",\"@id\":\"https:\/\/brasilnoticias.org\/site\/#\/schema\/logo\/image\/\",\"url\":\"https:\/\/brasilnoticias.org\/site\/wp-content\/uploads\/2022\/05\/cropped-brasilnoticias-mini.jpg\",\"contentUrl\":\"https:\/\/brasilnoticias.org\/site\/wp-content\/uploads\/2022\/05\/cropped-brasilnoticias-mini.jpg\",\"width\":314,\"height\":86,\"caption\":\"Brasil not\u00edcias\"},\"image\":{\"@id\":\"https:\/\/brasilnoticias.org\/site\/#\/schema\/logo\/image\/\"}},{\"@type\":\"Person\",\"@id\":\"https:\/\/brasilnoticias.org\/site\/#\/schema\/person\/a0e05b973ec4d15c658d51911e53507b\",\"name\":\"Reda\u00e7\u00e3o\",\"image\":{\"@type\":\"ImageObject\",\"inLanguage\":\"pt-PT\",\"@id\":\"https:\/\/brasilnoticias.org\/site\/#\/schema\/person\/image\/\",\"url\":\"https:\/\/secure.gravatar.com\/avatar\/75d8b050df2de108b08ae78dfb8e374892df24a383c67db9c46a9c604f6aee9c?s=96&d=mm&r=g\",\"contentUrl\":\"https:\/\/secure.gravatar.com\/avatar\/75d8b050df2de108b08ae78dfb8e374892df24a383c67db9c46a9c604f6aee9c?s=96&d=mm&r=g\",\"caption\":\"Reda\u00e7\u00e3o\"},\"sameAs\":[\"https:\/\/brasilnoticias.org\/site\"],\"url\":\"https:\/\/brasilnoticias.org\/site\/author\/fernandozsngmail-com\/\"}]}<\/script>\n<!-- \/ Yoast SEO plugin. -->","yoast_head_json":{"title":"Ap\u00f3s fake news, pol\u00edcia identifica adolescentes respons\u00e1veis por amea\u00e7as - Brasil not\u00edcias","robots":{"index":"index","follow":"follow","max-snippet":"max-snippet:-1","max-image-preview":"max-image-preview:large","max-video-preview":"max-video-preview:-1"},"canonical":"https:\/\/brasilnoticias.org\/site\/apos-fake-news-policia-identifica-adolescentes-responsaveis-por-ameacas\/","og_locale":"pt_PT","og_type":"article","og_title":"Ap\u00f3s fake news, pol\u00edcia identifica adolescentes respons\u00e1veis por amea\u00e7as - Brasil not\u00edcias","og_description":"Ap\u00f3s fake news anunciando ataques em escolas de Vit\u00f3ria da Conquistas e em outros munic\u00edpios baianos, a Pol\u00edcia Civil identificou","og_url":"https:\/\/brasilnoticias.org\/site\/apos-fake-news-policia-identifica-adolescentes-responsaveis-por-ameacas\/","og_site_name":"Brasil not\u00edcias","article_published_time":"2023-04-11T09:11:34+00:00","og_image":[{"width":800,"height":450,"url":"https:\/\/brasilnoticias.org\/site\/wp-content\/uploads\/2023\/04\/whatsapp_image_2023-04-10_at_18.21.51_widelg.jpeg","type":"image\/jpeg"}],"author":"Reda\u00e7\u00e3o","twitter_card":"summary_large_image","twitter_misc":{"Escrito por":"Reda\u00e7\u00e3o"},"schema":{"@context":"https:\/\/schema.org","@graph":[{"@type":"Article","@id":"https:\/\/brasilnoticias.org\/site\/apos-fake-news-policia-identifica-adolescentes-responsaveis-por-ameacas\/#article","isPartOf":{"@id":"https:\/\/brasilnoticias.org\/site\/apos-fake-news-policia-identifica-adolescentes-responsaveis-por-ameacas\/"},"author":{"name":"Reda\u00e7\u00e3o","@id":"https:\/\/brasilnoticias.org\/site\/#\/schema\/person\/a0e05b973ec4d15c658d51911e53507b"},"headline":"Ap\u00f3s fake news, pol\u00edcia identifica adolescentes respons\u00e1veis por amea\u00e7as","datePublished":"2023-04-11T09:11:34+00:00","mainEntityOfPage":{"@id":"https:\/\/brasilnoticias.org\/site\/apos-fake-news-policia-identifica-adolescentes-responsaveis-por-ameacas\/"},"wordCount":212,"commentCount":0,"publisher":{"@id":"https:\/\/brasilnoticias.org\/site\/#organization"},"image":{"@id":"https:\/\/brasilnoticias.org\/site\/apos-fake-news-policia-identifica-adolescentes-responsaveis-por-ameacas\/#primaryimage"},"thumbnailUrl":"https:\/\/brasilnoticias.org\/site\/wp-content\/uploads\/2023\/04\/whatsapp_image_2023-04-10_at_18.21.51_widelg.jpeg","articleSection":["Not\u00edcias","\u00daltimas"],"inLanguage":"pt-PT","potentialAction":[{"@type":"CommentAction","name":"Comment","target":["https:\/\/brasilnoticias.org\/site\/apos-fake-news-policia-identifica-adolescentes-responsaveis-por-ameacas\/#respond"]}]},{"@type":"WebPage","@id":"https:\/\/brasilnoticias.org\/site\/apos-fake-news-policia-identifica-adolescentes-responsaveis-por-ameacas\/","url":"https:\/\/brasilnoticias.org\/site\/apos-fake-news-policia-identifica-adolescentes-responsaveis-por-ameacas\/","name":"Ap\u00f3s fake news, pol\u00edcia identifica adolescentes respons\u00e1veis por amea\u00e7as - Brasil not\u00edcias","isPartOf":{"@id":"https:\/\/brasilnoticias.org\/site\/#website"},"primaryImageOfPage":{"@id":"https:\/\/brasilnoticias.org\/site\/apos-fake-news-policia-identifica-adolescentes-responsaveis-por-ameacas\/#primaryimage"},"image":{"@id":"https:\/\/brasilnoticias.org\/site\/apos-fake-news-policia-identifica-adolescentes-responsaveis-por-ameacas\/#primaryimage"},"thumbnailUrl":"https:\/\/brasilnoticias.org\/site\/wp-content\/uploads\/2023\/04\/whatsapp_image_2023-04-10_at_18.21.51_widelg.jpeg","datePublished":"2023-04-11T09:11:34+00:00","breadcrumb":{"@id":"https:\/\/brasilnoticias.org\/site\/apos-fake-news-policia-identifica-adolescentes-responsaveis-por-ameacas\/#breadcrumb"},"inLanguage":"pt-PT","potentialAction":[{"@type":"ReadAction","target":["https:\/\/brasilnoticias.org\/site\/apos-fake-news-policia-identifica-adolescentes-responsaveis-por-ameacas\/"]}]},{"@type":"ImageObject","inLanguage":"pt-PT","@id":"https:\/\/brasilnoticias.org\/site\/apos-fake-news-policia-identifica-adolescentes-responsaveis-por-ameacas\/#primaryimage","url":"https:\/\/brasilnoticias.org\/site\/wp-content\/uploads\/2023\/04\/whatsapp_image_2023-04-10_at_18.21.51_widelg.jpeg","contentUrl":"https:\/\/brasilnoticias.org\/site\/wp-content\/uploads\/2023\/04\/whatsapp_image_2023-04-10_at_18.21.51_widelg.jpeg","width":800,"height":450},{"@type":"BreadcrumbList","@id":"https:\/\/brasilnoticias.org\/site\/apos-fake-news-policia-identifica-adolescentes-responsaveis-por-ameacas\/#breadcrumb","itemListElement":[{"@type":"ListItem","position":1,"name":"In\u00edcio","item":"https:\/\/brasilnoticias.org\/site\/"},{"@type":"ListItem","position":2,"name":"Ap\u00f3s fake news, pol\u00edcia identifica adolescentes respons\u00e1veis por amea\u00e7as"}]},{"@type":"WebSite","@id":"https:\/\/brasilnoticias.org\/site\/#website","url":"https:\/\/brasilnoticias.org\/site\/","name":"Brasil not\u00edcias","description":"Brasil not\u00edcias","publisher":{"@id":"https:\/\/brasilnoticias.org\/site\/#organization"},"potentialAction":[{"@type":"SearchAction","target":{"@type":"EntryPoint","urlTemplate":"https:\/\/brasilnoticias.org\/site\/?s={search_term_string}"},"query-input":{"@type":"PropertyValueSpecification","valueRequired":true,"valueName":"search_term_string"}}],"inLanguage":"pt-PT"},{"@type":"Organization","@id":"https:\/\/brasilnoticias.org\/site\/#organization","name":"Brasil not\u00edcias","url":"https:\/\/brasilnoticias.org\/site\/","logo":{"@type":"ImageObject","inLanguage":"pt-PT","@id":"https:\/\/brasilnoticias.org\/site\/#\/schema\/logo\/image\/","url":"https:\/\/brasilnoticias.org\/site\/wp-content\/uploads\/2022\/05\/cropped-brasilnoticias-mini.jpg","contentUrl":"https:\/\/brasilnoticias.org\/site\/wp-content\/uploads\/2022\/05\/cropped-brasilnoticias-mini.jpg","width":314,"height":86,"caption":"Brasil not\u00edcias"},"image":{"@id":"https:\/\/brasilnoticias.org\/site\/#\/schema\/logo\/image\/"}},{"@type":"Person","@id":"https:\/\/brasilnoticias.org\/site\/#\/schema\/person\/a0e05b973ec4d15c658d51911e53507b","name":"Reda\u00e7\u00e3o","image":{"@type":"ImageObject","inLanguage":"pt-PT","@id":"https:\/\/brasilnoticias.org\/site\/#\/schema\/person\/image\/","url":"https:\/\/secure.gravatar.com\/avatar\/75d8b050df2de108b08ae78dfb8e374892df24a383c67db9c46a9c604f6aee9c?s=96&d=mm&r=g","contentUrl":"https:\/\/secure.gravatar.com\/avatar\/75d8b050df2de108b08ae78dfb8e374892df24a383c67db9c46a9c604f6aee9c?s=96&d=mm&r=g","caption":"Reda\u00e7\u00e3o"},"sameAs":["https:\/\/brasilnoticias.org\/site"],"url":"https:\/\/brasilnoticias.org\/site\/author\/fernandozsngmail-com\/"}]}},"_links":{"self":[{"href":"https:\/\/brasilnoticias.org\/site\/wp-json\/wp\/v2\/posts\/5320","targetHints":{"allow":["GET"]}}],"collection":[{"href":"https:\/\/brasilnoticias.org\/site\/wp-json\/wp\/v2\/posts"}],"about":[{"href":"https:\/\/brasilnoticias.org\/site\/wp-json\/wp\/v2\/types\/post"}],"author":[{"embeddable":true,"href":"https:\/\/brasilnoticias.org\/site\/wp-json\/wp\/v2\/users\/1"}],"replies":[{"embeddable":true,"href":"https:\/\/brasilnoticias.org\/site\/wp-json\/wp\/v2\/comments?post=5320"}],"version-history":[{"count":1,"href":"https:\/\/brasilnoticias.org\/site\/wp-json\/wp\/v2\/posts\/5320\/revisions"}],"predecessor-version":[{"id":5322,"href":"https:\/\/brasilnoticias.org\/site\/wp-json\/wp\/v2\/posts\/5320\/revisions\/5322"}],"wp:featuredmedia":[{"embeddable":true,"href":"https:\/\/brasilnoticias.org\/site\/wp-json\/wp\/v2\/media\/5321"}],"wp:attachment":[{"href":"https:\/\/brasilnoticias.org\/site\/wp-json\/wp\/v2\/media?parent=5320"}],"wp:term":[{"taxonomy":"category","embeddable":true,"href":"https:\/\/brasilnoticias.org\/site\/wp-json\/wp\/v2\/categories?post=5320"},{"taxonomy":"post_tag","embeddable":true,"href":"https:\/\/brasilnoticias.org\/site\/wp-json\/wp\/v2\/tags?post=5320"}],"curies":[{"name":"wp","href":"https:\/\/api.w.org\/{rel}","templated":true}]}}