{"id":5323,"date":"2023-04-11T06:12:41","date_gmt":"2023-04-11T09:12:41","guid":{"rendered":"https:\/\/brasilnoticias.org\/site\/?p=5323"},"modified":"2023-04-11T06:12:41","modified_gmt":"2023-04-11T09:12:41","slug":"homem-foragido-ha-30-anos-por-homicidio-do-companheiro-da-ex-e-preso-no-interior-da-bahia","status":"publish","type":"post","link":"https:\/\/brasilnoticias.org\/site\/homem-foragido-ha-30-anos-por-homicidio-do-companheiro-da-ex-e-preso-no-interior-da-bahia\/","title":{"rendered":"Homem foragido h\u00e1 30 anos por homic\u00eddio do companheiro da ex \u00e9 preso no interior da Bahia"},"content":{"rendered":"<p>Um homem que estava foragido da Justi\u00e7a por homic\u00eddio qualificado do companheiro da ex-esposa, e tentativa de homic\u00eddio da mulher, em S\u00e3o Paulo, foi preso no \u00faltimo domingo (9) em Rio das Contas, no interior da Bahia, em a\u00e7\u00e3o conjunta dos policiais civis da Delegacia Territorial (DT) e militares da 46\u00aa Companhia Independente da Pol\u00edcia Militar (CIPM), ambas unidades de Livramento de Nossa Senhora.<\/p>\n<p>O delegado Ant\u00f4nio Cl\u00e1udio Pereira, que comandou a a\u00e7\u00e3o, contou que o homem cometeu os crimes h\u00e1 30 anos. \u201cEle falou que, ao longo deste tempo, passou por diversas cidades se refugiando\u201d, explicou.<\/p>\n<p>Ainda de acordo com o titular, o fugitivo, natural de Rio das Contas, foi encontrado ap\u00f3s a pol\u00edcia iniciar investiga\u00e7\u00e3o a partir do endere\u00e7o onde ele nasceu. &#8220;Confirmamos a presen\u00e7a dele em uma resid\u00eancia, \u00e0s margens da BA-148\u201d.<\/p>\n<p>Ainda de acordo com o titular, o fugitivo, natural de Rio das Contas, foi encontrado ap\u00f3s a pol\u00edcia iniciar investiga\u00e7\u00e3o a partir do endere\u00e7o onde ele nasceu. &#8220;Confirmamos a presen\u00e7a dele em uma resid\u00eancia, \u00e0s margens da BA-148\u201d.<\/p>\n<p>Foto Haeckel Dias<br \/>\nBNews<\/p>\n","protected":false},"excerpt":{"rendered":"<p>Um homem que estava foragido da Justi\u00e7a por homic\u00eddio qualificado do companheiro da ex-esposa, e tentativa de homic\u00eddio da mulher,<\/p>\n","protected":false},"author":1,"featured_media":5324,"comment_status":"open","ping_status":"open","sticky":false,"template":"","format":"standard","meta":{"colormag_page_container_layout":"default_layout","colormag_page_sidebar_layout":"default_layout","_FSMCFIC_featured_image_caption":"","_FSMCFIC_featured_image_nocaption":"","_FSMCFIC_featured_image_hide":"","footnotes":""},"categories":[3,1],"tags":[],"class_list":["post-5323","post","type-post","status-publish","format-standard","has-post-thumbnail","hentry","category-policia","category-ultimas"],"yoast_head":"<!-- This site is optimized with the Yoast SEO plugin v27.1.1 - https:\/\/yoast.com\/product\/yoast-seo-wordpress\/ -->\n<title>Homem foragido h\u00e1 30 anos por homic\u00eddio do companheiro da ex \u00e9 preso no interior da Bahia - Brasil not\u00edcias<\/title>\n<meta name=\"robots\" content=\"index, follow, max-snippet:-1, max-image-preview:large, max-video-preview:-1\" \/>\n<link rel=\"canonical\" href=\"https:\/\/brasilnoticias.org\/site\/homem-foragido-ha-30-anos-por-homicidio-do-companheiro-da-ex-e-preso-no-interior-da-bahia\/\" \/>\n<meta property=\"og:locale\" content=\"pt_PT\" \/>\n<meta property=\"og:type\" content=\"article\" \/>\n<meta property=\"og:title\" content=\"Homem foragido h\u00e1 30 anos por homic\u00eddio do companheiro da ex \u00e9 preso no interior da Bahia - Brasil not\u00edcias\" \/>\n<meta property=\"og:description\" content=\"Um homem que estava foragido da Justi\u00e7a por homic\u00eddio qualificado do companheiro da ex-esposa, e tentativa de homic\u00eddio da mulher,\" \/>\n<meta property=\"og:url\" content=\"https:\/\/brasilnoticias.org\/site\/homem-foragido-ha-30-anos-por-homicidio-do-companheiro-da-ex-e-preso-no-interior-da-bahia\/\" \/>\n<meta property=\"og:site_name\" content=\"Brasil not\u00edcias\" \/>\n<meta property=\"article:published_time\" content=\"2023-04-11T09:12:41+00:00\" \/>\n<meta property=\"og:image\" content=\"https:\/\/brasilnoticias.org\/site\/wp-content\/uploads\/2023\/04\/imagem_do_whatsapp_de_2023-04-10_as_18.38.28_widelg.jpg\" \/>\n\t<meta property=\"og:image:width\" content=\"800\" \/>\n\t<meta property=\"og:image:height\" content=\"450\" \/>\n\t<meta property=\"og:image:type\" content=\"image\/jpeg\" \/>\n<meta name=\"author\" content=\"Reda\u00e7\u00e3o\" \/>\n<meta name=\"twitter:card\" content=\"summary_large_image\" \/>\n<meta name=\"twitter:label1\" content=\"Escrito por\" \/>\n\t<meta name=\"twitter:data1\" content=\"Reda\u00e7\u00e3o\" \/>\n<script type=\"application\/ld+json\" class=\"yoast-schema-graph\">{\"@context\":\"https:\/\/schema.org\",\"@graph\":[{\"@type\":\"Article\",\"@id\":\"https:\/\/brasilnoticias.org\/site\/homem-foragido-ha-30-anos-por-homicidio-do-companheiro-da-ex-e-preso-no-interior-da-bahia\/#article\",\"isPartOf\":{\"@id\":\"https:\/\/brasilnoticias.org\/site\/homem-foragido-ha-30-anos-por-homicidio-do-companheiro-da-ex-e-preso-no-interior-da-bahia\/\"},\"author\":{\"name\":\"Reda\u00e7\u00e3o\",\"@id\":\"https:\/\/brasilnoticias.org\/site\/#\/schema\/person\/a0e05b973ec4d15c658d51911e53507b\"},\"headline\":\"Homem foragido h\u00e1 30 anos por homic\u00eddio do companheiro da ex \u00e9 preso no interior da Bahia\",\"datePublished\":\"2023-04-11T09:12:41+00:00\",\"mainEntityOfPage\":{\"@id\":\"https:\/\/brasilnoticias.org\/site\/homem-foragido-ha-30-anos-por-homicidio-do-companheiro-da-ex-e-preso-no-interior-da-bahia\/\"},\"wordCount\":211,\"commentCount\":0,\"publisher\":{\"@id\":\"https:\/\/brasilnoticias.org\/site\/#organization\"},\"image\":{\"@id\":\"https:\/\/brasilnoticias.org\/site\/homem-foragido-ha-30-anos-por-homicidio-do-companheiro-da-ex-e-preso-no-interior-da-bahia\/#primaryimage\"},\"thumbnailUrl\":\"https:\/\/brasilnoticias.org\/site\/wp-content\/uploads\/2023\/04\/imagem_do_whatsapp_de_2023-04-10_as_18.38.28_widelg.jpg\",\"articleSection\":[\"Pol\u00edcia\",\"\u00daltimas\"],\"inLanguage\":\"pt-PT\",\"potentialAction\":[{\"@type\":\"CommentAction\",\"name\":\"Comment\",\"target\":[\"https:\/\/brasilnoticias.org\/site\/homem-foragido-ha-30-anos-por-homicidio-do-companheiro-da-ex-e-preso-no-interior-da-bahia\/#respond\"]}]},{\"@type\":\"WebPage\",\"@id\":\"https:\/\/brasilnoticias.org\/site\/homem-foragido-ha-30-anos-por-homicidio-do-companheiro-da-ex-e-preso-no-interior-da-bahia\/\",\"url\":\"https:\/\/brasilnoticias.org\/site\/homem-foragido-ha-30-anos-por-homicidio-do-companheiro-da-ex-e-preso-no-interior-da-bahia\/\",\"name\":\"Homem foragido h\u00e1 30 anos por homic\u00eddio do companheiro da ex \u00e9 preso no interior da Bahia - Brasil not\u00edcias\",\"isPartOf\":{\"@id\":\"https:\/\/brasilnoticias.org\/site\/#website\"},\"primaryImageOfPage\":{\"@id\":\"https:\/\/brasilnoticias.org\/site\/homem-foragido-ha-30-anos-por-homicidio-do-companheiro-da-ex-e-preso-no-interior-da-bahia\/#primaryimage\"},\"image\":{\"@id\":\"https:\/\/brasilnoticias.org\/site\/homem-foragido-ha-30-anos-por-homicidio-do-companheiro-da-ex-e-preso-no-interior-da-bahia\/#primaryimage\"},\"thumbnailUrl\":\"https:\/\/brasilnoticias.org\/site\/wp-content\/uploads\/2023\/04\/imagem_do_whatsapp_de_2023-04-10_as_18.38.28_widelg.jpg\",\"datePublished\":\"2023-04-11T09:12:41+00:00\",\"breadcrumb\":{\"@id\":\"https:\/\/brasilnoticias.org\/site\/homem-foragido-ha-30-anos-por-homicidio-do-companheiro-da-ex-e-preso-no-interior-da-bahia\/#breadcrumb\"},\"inLanguage\":\"pt-PT\",\"potentialAction\":[{\"@type\":\"ReadAction\",\"target\":[\"https:\/\/brasilnoticias.org\/site\/homem-foragido-ha-30-anos-por-homicidio-do-companheiro-da-ex-e-preso-no-interior-da-bahia\/\"]}]},{\"@type\":\"ImageObject\",\"inLanguage\":\"pt-PT\",\"@id\":\"https:\/\/brasilnoticias.org\/site\/homem-foragido-ha-30-anos-por-homicidio-do-companheiro-da-ex-e-preso-no-interior-da-bahia\/#primaryimage\",\"url\":\"https:\/\/brasilnoticias.org\/site\/wp-content\/uploads\/2023\/04\/imagem_do_whatsapp_de_2023-04-10_as_18.38.28_widelg.jpg\",\"contentUrl\":\"https:\/\/brasilnoticias.org\/site\/wp-content\/uploads\/2023\/04\/imagem_do_whatsapp_de_2023-04-10_as_18.38.28_widelg.jpg\",\"width\":800,\"height\":450},{\"@type\":\"BreadcrumbList\",\"@id\":\"https:\/\/brasilnoticias.org\/site\/homem-foragido-ha-30-anos-por-homicidio-do-companheiro-da-ex-e-preso-no-interior-da-bahia\/#breadcrumb\",\"itemListElement\":[{\"@type\":\"ListItem\",\"position\":1,\"name\":\"In\u00edcio\",\"item\":\"https:\/\/brasilnoticias.org\/site\/\"},{\"@type\":\"ListItem\",\"position\":2,\"name\":\"Homem foragido h\u00e1 30 anos por homic\u00eddio do companheiro da ex \u00e9 preso no interior da Bahia\"}]},{\"@type\":\"WebSite\",\"@id\":\"https:\/\/brasilnoticias.org\/site\/#website\",\"url\":\"https:\/\/brasilnoticias.org\/site\/\",\"name\":\"Brasil not\u00edcias\",\"description\":\"Brasil not\u00edcias\",\"publisher\":{\"@id\":\"https:\/\/brasilnoticias.org\/site\/#organization\"},\"potentialAction\":[{\"@type\":\"SearchAction\",\"target\":{\"@type\":\"EntryPoint\",\"urlTemplate\":\"https:\/\/brasilnoticias.org\/site\/?s={search_term_string}\"},\"query-input\":{\"@type\":\"PropertyValueSpecification\",\"valueRequired\":true,\"valueName\":\"search_term_string\"}}],\"inLanguage\":\"pt-PT\"},{\"@type\":\"Organization\",\"@id\":\"https:\/\/brasilnoticias.org\/site\/#organization\",\"name\":\"Brasil not\u00edcias\",\"url\":\"https:\/\/brasilnoticias.org\/site\/\",\"logo\":{\"@type\":\"ImageObject\",\"inLanguage\":\"pt-PT\",\"@id\":\"https:\/\/brasilnoticias.org\/site\/#\/schema\/logo\/image\/\",\"url\":\"https:\/\/brasilnoticias.org\/site\/wp-content\/uploads\/2022\/05\/cropped-brasilnoticias-mini.jpg\",\"contentUrl\":\"https:\/\/brasilnoticias.org\/site\/wp-content\/uploads\/2022\/05\/cropped-brasilnoticias-mini.jpg\",\"width\":314,\"height\":86,\"caption\":\"Brasil not\u00edcias\"},\"image\":{\"@id\":\"https:\/\/brasilnoticias.org\/site\/#\/schema\/logo\/image\/\"}},{\"@type\":\"Person\",\"@id\":\"https:\/\/brasilnoticias.org\/site\/#\/schema\/person\/a0e05b973ec4d15c658d51911e53507b\",\"name\":\"Reda\u00e7\u00e3o\",\"image\":{\"@type\":\"ImageObject\",\"inLanguage\":\"pt-PT\",\"@id\":\"https:\/\/brasilnoticias.org\/site\/#\/schema\/person\/image\/\",\"url\":\"https:\/\/secure.gravatar.com\/avatar\/75d8b050df2de108b08ae78dfb8e374892df24a383c67db9c46a9c604f6aee9c?s=96&d=mm&r=g\",\"contentUrl\":\"https:\/\/secure.gravatar.com\/avatar\/75d8b050df2de108b08ae78dfb8e374892df24a383c67db9c46a9c604f6aee9c?s=96&d=mm&r=g\",\"caption\":\"Reda\u00e7\u00e3o\"},\"sameAs\":[\"https:\/\/brasilnoticias.org\/site\"],\"url\":\"https:\/\/brasilnoticias.org\/site\/author\/fernandozsngmail-com\/\"}]}<\/script>\n<!-- \/ Yoast SEO plugin. -->","yoast_head_json":{"title":"Homem foragido h\u00e1 30 anos por homic\u00eddio do companheiro da ex \u00e9 preso no interior da Bahia - Brasil not\u00edcias","robots":{"index":"index","follow":"follow","max-snippet":"max-snippet:-1","max-image-preview":"max-image-preview:large","max-video-preview":"max-video-preview:-1"},"canonical":"https:\/\/brasilnoticias.org\/site\/homem-foragido-ha-30-anos-por-homicidio-do-companheiro-da-ex-e-preso-no-interior-da-bahia\/","og_locale":"pt_PT","og_type":"article","og_title":"Homem foragido h\u00e1 30 anos por homic\u00eddio do companheiro da ex \u00e9 preso no interior da Bahia - Brasil not\u00edcias","og_description":"Um homem que estava foragido da Justi\u00e7a por homic\u00eddio qualificado do companheiro da ex-esposa, e tentativa de homic\u00eddio da mulher,","og_url":"https:\/\/brasilnoticias.org\/site\/homem-foragido-ha-30-anos-por-homicidio-do-companheiro-da-ex-e-preso-no-interior-da-bahia\/","og_site_name":"Brasil not\u00edcias","article_published_time":"2023-04-11T09:12:41+00:00","og_image":[{"width":800,"height":450,"url":"https:\/\/brasilnoticias.org\/site\/wp-content\/uploads\/2023\/04\/imagem_do_whatsapp_de_2023-04-10_as_18.38.28_widelg.jpg","type":"image\/jpeg"}],"author":"Reda\u00e7\u00e3o","twitter_card":"summary_large_image","twitter_misc":{"Escrito por":"Reda\u00e7\u00e3o"},"schema":{"@context":"https:\/\/schema.org","@graph":[{"@type":"Article","@id":"https:\/\/brasilnoticias.org\/site\/homem-foragido-ha-30-anos-por-homicidio-do-companheiro-da-ex-e-preso-no-interior-da-bahia\/#article","isPartOf":{"@id":"https:\/\/brasilnoticias.org\/site\/homem-foragido-ha-30-anos-por-homicidio-do-companheiro-da-ex-e-preso-no-interior-da-bahia\/"},"author":{"name":"Reda\u00e7\u00e3o","@id":"https:\/\/brasilnoticias.org\/site\/#\/schema\/person\/a0e05b973ec4d15c658d51911e53507b"},"headline":"Homem foragido h\u00e1 30 anos por homic\u00eddio do companheiro da ex \u00e9 preso no interior da Bahia","datePublished":"2023-04-11T09:12:41+00:00","mainEntityOfPage":{"@id":"https:\/\/brasilnoticias.org\/site\/homem-foragido-ha-30-anos-por-homicidio-do-companheiro-da-ex-e-preso-no-interior-da-bahia\/"},"wordCount":211,"commentCount":0,"publisher":{"@id":"https:\/\/brasilnoticias.org\/site\/#organization"},"image":{"@id":"https:\/\/brasilnoticias.org\/site\/homem-foragido-ha-30-anos-por-homicidio-do-companheiro-da-ex-e-preso-no-interior-da-bahia\/#primaryimage"},"thumbnailUrl":"https:\/\/brasilnoticias.org\/site\/wp-content\/uploads\/2023\/04\/imagem_do_whatsapp_de_2023-04-10_as_18.38.28_widelg.jpg","articleSection":["Pol\u00edcia","\u00daltimas"],"inLanguage":"pt-PT","potentialAction":[{"@type":"CommentAction","name":"Comment","target":["https:\/\/brasilnoticias.org\/site\/homem-foragido-ha-30-anos-por-homicidio-do-companheiro-da-ex-e-preso-no-interior-da-bahia\/#respond"]}]},{"@type":"WebPage","@id":"https:\/\/brasilnoticias.org\/site\/homem-foragido-ha-30-anos-por-homicidio-do-companheiro-da-ex-e-preso-no-interior-da-bahia\/","url":"https:\/\/brasilnoticias.org\/site\/homem-foragido-ha-30-anos-por-homicidio-do-companheiro-da-ex-e-preso-no-interior-da-bahia\/","name":"Homem foragido h\u00e1 30 anos por homic\u00eddio do companheiro da ex \u00e9 preso no interior da Bahia - Brasil not\u00edcias","isPartOf":{"@id":"https:\/\/brasilnoticias.org\/site\/#website"},"primaryImageOfPage":{"@id":"https:\/\/brasilnoticias.org\/site\/homem-foragido-ha-30-anos-por-homicidio-do-companheiro-da-ex-e-preso-no-interior-da-bahia\/#primaryimage"},"image":{"@id":"https:\/\/brasilnoticias.org\/site\/homem-foragido-ha-30-anos-por-homicidio-do-companheiro-da-ex-e-preso-no-interior-da-bahia\/#primaryimage"},"thumbnailUrl":"https:\/\/brasilnoticias.org\/site\/wp-content\/uploads\/2023\/04\/imagem_do_whatsapp_de_2023-04-10_as_18.38.28_widelg.jpg","datePublished":"2023-04-11T09:12:41+00:00","breadcrumb":{"@id":"https:\/\/brasilnoticias.org\/site\/homem-foragido-ha-30-anos-por-homicidio-do-companheiro-da-ex-e-preso-no-interior-da-bahia\/#breadcrumb"},"inLanguage":"pt-PT","potentialAction":[{"@type":"ReadAction","target":["https:\/\/brasilnoticias.org\/site\/homem-foragido-ha-30-anos-por-homicidio-do-companheiro-da-ex-e-preso-no-interior-da-bahia\/"]}]},{"@type":"ImageObject","inLanguage":"pt-PT","@id":"https:\/\/brasilnoticias.org\/site\/homem-foragido-ha-30-anos-por-homicidio-do-companheiro-da-ex-e-preso-no-interior-da-bahia\/#primaryimage","url":"https:\/\/brasilnoticias.org\/site\/wp-content\/uploads\/2023\/04\/imagem_do_whatsapp_de_2023-04-10_as_18.38.28_widelg.jpg","contentUrl":"https:\/\/brasilnoticias.org\/site\/wp-content\/uploads\/2023\/04\/imagem_do_whatsapp_de_2023-04-10_as_18.38.28_widelg.jpg","width":800,"height":450},{"@type":"BreadcrumbList","@id":"https:\/\/brasilnoticias.org\/site\/homem-foragido-ha-30-anos-por-homicidio-do-companheiro-da-ex-e-preso-no-interior-da-bahia\/#breadcrumb","itemListElement":[{"@type":"ListItem","position":1,"name":"In\u00edcio","item":"https:\/\/brasilnoticias.org\/site\/"},{"@type":"ListItem","position":2,"name":"Homem foragido h\u00e1 30 anos por homic\u00eddio do companheiro da ex \u00e9 preso no interior da Bahia"}]},{"@type":"WebSite","@id":"https:\/\/brasilnoticias.org\/site\/#website","url":"https:\/\/brasilnoticias.org\/site\/","name":"Brasil not\u00edcias","description":"Brasil not\u00edcias","publisher":{"@id":"https:\/\/brasilnoticias.org\/site\/#organization"},"potentialAction":[{"@type":"SearchAction","target":{"@type":"EntryPoint","urlTemplate":"https:\/\/brasilnoticias.org\/site\/?s={search_term_string}"},"query-input":{"@type":"PropertyValueSpecification","valueRequired":true,"valueName":"search_term_string"}}],"inLanguage":"pt-PT"},{"@type":"Organization","@id":"https:\/\/brasilnoticias.org\/site\/#organization","name":"Brasil not\u00edcias","url":"https:\/\/brasilnoticias.org\/site\/","logo":{"@type":"ImageObject","inLanguage":"pt-PT","@id":"https:\/\/brasilnoticias.org\/site\/#\/schema\/logo\/image\/","url":"https:\/\/brasilnoticias.org\/site\/wp-content\/uploads\/2022\/05\/cropped-brasilnoticias-mini.jpg","contentUrl":"https:\/\/brasilnoticias.org\/site\/wp-content\/uploads\/2022\/05\/cropped-brasilnoticias-mini.jpg","width":314,"height":86,"caption":"Brasil not\u00edcias"},"image":{"@id":"https:\/\/brasilnoticias.org\/site\/#\/schema\/logo\/image\/"}},{"@type":"Person","@id":"https:\/\/brasilnoticias.org\/site\/#\/schema\/person\/a0e05b973ec4d15c658d51911e53507b","name":"Reda\u00e7\u00e3o","image":{"@type":"ImageObject","inLanguage":"pt-PT","@id":"https:\/\/brasilnoticias.org\/site\/#\/schema\/person\/image\/","url":"https:\/\/secure.gravatar.com\/avatar\/75d8b050df2de108b08ae78dfb8e374892df24a383c67db9c46a9c604f6aee9c?s=96&d=mm&r=g","contentUrl":"https:\/\/secure.gravatar.com\/avatar\/75d8b050df2de108b08ae78dfb8e374892df24a383c67db9c46a9c604f6aee9c?s=96&d=mm&r=g","caption":"Reda\u00e7\u00e3o"},"sameAs":["https:\/\/brasilnoticias.org\/site"],"url":"https:\/\/brasilnoticias.org\/site\/author\/fernandozsngmail-com\/"}]}},"_links":{"self":[{"href":"https:\/\/brasilnoticias.org\/site\/wp-json\/wp\/v2\/posts\/5323","targetHints":{"allow":["GET"]}}],"collection":[{"href":"https:\/\/brasilnoticias.org\/site\/wp-json\/wp\/v2\/posts"}],"about":[{"href":"https:\/\/brasilnoticias.org\/site\/wp-json\/wp\/v2\/types\/post"}],"author":[{"embeddable":true,"href":"https:\/\/brasilnoticias.org\/site\/wp-json\/wp\/v2\/users\/1"}],"replies":[{"embeddable":true,"href":"https:\/\/brasilnoticias.org\/site\/wp-json\/wp\/v2\/comments?post=5323"}],"version-history":[{"count":1,"href":"https:\/\/brasilnoticias.org\/site\/wp-json\/wp\/v2\/posts\/5323\/revisions"}],"predecessor-version":[{"id":5325,"href":"https:\/\/brasilnoticias.org\/site\/wp-json\/wp\/v2\/posts\/5323\/revisions\/5325"}],"wp:featuredmedia":[{"embeddable":true,"href":"https:\/\/brasilnoticias.org\/site\/wp-json\/wp\/v2\/media\/5324"}],"wp:attachment":[{"href":"https:\/\/brasilnoticias.org\/site\/wp-json\/wp\/v2\/media?parent=5323"}],"wp:term":[{"taxonomy":"category","embeddable":true,"href":"https:\/\/brasilnoticias.org\/site\/wp-json\/wp\/v2\/categories?post=5323"},{"taxonomy":"post_tag","embeddable":true,"href":"https:\/\/brasilnoticias.org\/site\/wp-json\/wp\/v2\/tags?post=5323"}],"curies":[{"name":"wp","href":"https:\/\/api.w.org\/{rel}","templated":true}]}}