{"id":5328,"date":"2023-04-11T16:40:10","date_gmt":"2023-04-11T19:40:10","guid":{"rendered":"https:\/\/brasilnoticias.org\/site\/?p=5328"},"modified":"2023-04-11T16:40:10","modified_gmt":"2023-04-11T19:40:10","slug":"capitao-alden-aponta-abuso-de-poder-de-rui-costa-em-novo-cargo-que-elevara-seu-salario","status":"publish","type":"post","link":"https:\/\/brasilnoticias.org\/site\/capitao-alden-aponta-abuso-de-poder-de-rui-costa-em-novo-cargo-que-elevara-seu-salario\/","title":{"rendered":"Capit\u00e3o Alden aponta \u201cabuso de poder\u201d de Rui Costa em novo cargo que elevar\u00e1 seu sal\u00e1rio"},"content":{"rendered":"<p>Ao tomar conhecimento de que o ministro da Casa Civil Rui Costa (PT), ex-governador da Bahia, foi nomeado como conselheiro de Itaipu, o que elevar\u00e1 os recebimentos mensais do petista, o deputado federal Capit\u00e3o Alden (PL-BA) afirmou que a medida \u00e9 um \u201cverdadeiro absurdo\u201d e que a \u201cpromo\u00e7\u00e3o\u201d beira ao \u201cabuso de poder\u201d. <\/p>\n<p>Rui Costa, al\u00e9m do sal\u00e1rio de ministro, que \u00e9 de cerca de R$ 41 mil, receber\u00e1 mais  R$ 27 mil mensais com a nova atividade. Das seis cadeiras que o Brasil tem direito no Conselho, cinco ser\u00e3o ocupadas pelos ministros Rui Costa, Fernando Haddad, Alexandre Silveira, Esther Dweck. O parlamentar bolsonarista ainda lembrou que, no m\u00eas passado, a esposa do ministro, a ex-primeira-dama Aline Peixoto, foi nomeada conselheira do Tribunal de Contas dos Munic\u00edpios (TCM), com um sal\u00e1rio vital\u00edcio de R$ 41 mil. <\/p>\n<p>\u201cO que o ex-governador Rui Costa faz com a m\u00e1quina p\u00fablica para beneficiar os seus interesses \u00e9 absurdo. N\u00e3o tem vergonha alguma de fazer o que est\u00e1 fazendo. Usando da m\u00e1quina p\u00fablica para benef\u00edcios pr\u00f3prios beira ao abuso de poder. N\u00e3o podemos aceitar. Voltamos ao tempo do coronelismo?&#8221;, questionou Alden. <\/p>\n<p>Al\u00e9m do ex-governador da Bahia, esposas de outros tr\u00eas ministros do presidente Luiz In\u00e1cio Lula da Silva (PT) s\u00e3o conselheiras em tribunais de contas estaduais e municipais. Os chefes de pastas federais casados com as conselheiras s\u00e3o Rui Costa, da Casa Civil; Wellington Dias, do Desenvolvimento e Assist\u00eancia Social, Fam\u00edlia e Combate \u00e0 Fome; Renan Filho, dos Transportes; e Waldez G\u00f3es, da Integra\u00e7\u00e3o e Desenvolvimento Regional.<\/p>\n<p>\u201cBenef\u00edcios vital\u00edcios para eles, mas para o povo brasileiro um aumento no sal\u00e1rio m\u00ednimo de R$ 18. \u00c9 um verdadeiro tapa na cara da sociedade. Um absurdo, uma vergonha&#8221;, completou.<\/p>\n","protected":false},"excerpt":{"rendered":"<p>Ao tomar conhecimento de que o ministro da Casa Civil Rui Costa (PT), ex-governador da Bahia, foi nomeado como conselheiro<\/p>\n","protected":false},"author":1,"featured_media":5329,"comment_status":"open","ping_status":"open","sticky":false,"template":"","format":"standard","meta":{"colormag_page_container_layout":"default_layout","colormag_page_sidebar_layout":"default_layout","_FSMCFIC_featured_image_caption":"","_FSMCFIC_featured_image_nocaption":"","_FSMCFIC_featured_image_hide":"","footnotes":""},"categories":[5,1],"tags":[],"class_list":["post-5328","post","type-post","status-publish","format-standard","has-post-thumbnail","hentry","category-politica","category-ultimas"],"yoast_head":"<!-- This site is optimized with the Yoast SEO plugin v27.1.1 - https:\/\/yoast.com\/product\/yoast-seo-wordpress\/ -->\n<title>Capit\u00e3o Alden aponta \u201cabuso de poder\u201d de Rui Costa em novo cargo que elevar\u00e1 seu sal\u00e1rio - Brasil not\u00edcias<\/title>\n<meta name=\"robots\" content=\"index, follow, max-snippet:-1, max-image-preview:large, max-video-preview:-1\" \/>\n<link rel=\"canonical\" href=\"https:\/\/brasilnoticias.org\/site\/capitao-alden-aponta-abuso-de-poder-de-rui-costa-em-novo-cargo-que-elevara-seu-salario\/\" \/>\n<meta property=\"og:locale\" content=\"pt_PT\" \/>\n<meta property=\"og:type\" content=\"article\" \/>\n<meta property=\"og:title\" content=\"Capit\u00e3o Alden aponta \u201cabuso de poder\u201d de Rui Costa em novo cargo que elevar\u00e1 seu sal\u00e1rio - Brasil not\u00edcias\" \/>\n<meta property=\"og:description\" content=\"Ao tomar conhecimento de que o ministro da Casa Civil Rui Costa (PT), ex-governador da Bahia, foi nomeado como conselheiro\" \/>\n<meta property=\"og:url\" content=\"https:\/\/brasilnoticias.org\/site\/capitao-alden-aponta-abuso-de-poder-de-rui-costa-em-novo-cargo-que-elevara-seu-salario\/\" \/>\n<meta property=\"og:site_name\" content=\"Brasil not\u00edcias\" \/>\n<meta property=\"article:published_time\" content=\"2023-04-11T19:40:10+00:00\" \/>\n<meta property=\"og:image\" content=\"https:\/\/brasilnoticias.org\/site\/wp-content\/uploads\/2023\/04\/WhatsApp-Image-2023-04-11-at-13.43.54.jpeg\" \/>\n\t<meta property=\"og:image:width\" content=\"1024\" \/>\n\t<meta property=\"og:image:height\" content=\"683\" \/>\n\t<meta property=\"og:image:type\" content=\"image\/jpeg\" \/>\n<meta name=\"author\" content=\"Reda\u00e7\u00e3o\" \/>\n<meta name=\"twitter:card\" content=\"summary_large_image\" \/>\n<meta name=\"twitter:label1\" content=\"Escrito por\" \/>\n\t<meta name=\"twitter:data1\" content=\"Reda\u00e7\u00e3o\" \/>\n<script type=\"application\/ld+json\" class=\"yoast-schema-graph\">{\"@context\":\"https:\/\/schema.org\",\"@graph\":[{\"@type\":\"Article\",\"@id\":\"https:\/\/brasilnoticias.org\/site\/capitao-alden-aponta-abuso-de-poder-de-rui-costa-em-novo-cargo-que-elevara-seu-salario\/#article\",\"isPartOf\":{\"@id\":\"https:\/\/brasilnoticias.org\/site\/capitao-alden-aponta-abuso-de-poder-de-rui-costa-em-novo-cargo-que-elevara-seu-salario\/\"},\"author\":{\"name\":\"Reda\u00e7\u00e3o\",\"@id\":\"https:\/\/brasilnoticias.org\/site\/#\/schema\/person\/a0e05b973ec4d15c658d51911e53507b\"},\"headline\":\"Capit\u00e3o Alden aponta \u201cabuso de poder\u201d de Rui Costa em novo cargo que elevar\u00e1 seu sal\u00e1rio\",\"datePublished\":\"2023-04-11T19:40:10+00:00\",\"mainEntityOfPage\":{\"@id\":\"https:\/\/brasilnoticias.org\/site\/capitao-alden-aponta-abuso-de-poder-de-rui-costa-em-novo-cargo-que-elevara-seu-salario\/\"},\"wordCount\":321,\"commentCount\":0,\"publisher\":{\"@id\":\"https:\/\/brasilnoticias.org\/site\/#organization\"},\"image\":{\"@id\":\"https:\/\/brasilnoticias.org\/site\/capitao-alden-aponta-abuso-de-poder-de-rui-costa-em-novo-cargo-que-elevara-seu-salario\/#primaryimage\"},\"thumbnailUrl\":\"https:\/\/brasilnoticias.org\/site\/wp-content\/uploads\/2023\/04\/WhatsApp-Image-2023-04-11-at-13.43.54.jpeg\",\"articleSection\":[\"Pol\u00edtica\",\"\u00daltimas\"],\"inLanguage\":\"pt-PT\",\"potentialAction\":[{\"@type\":\"CommentAction\",\"name\":\"Comment\",\"target\":[\"https:\/\/brasilnoticias.org\/site\/capitao-alden-aponta-abuso-de-poder-de-rui-costa-em-novo-cargo-que-elevara-seu-salario\/#respond\"]}]},{\"@type\":\"WebPage\",\"@id\":\"https:\/\/brasilnoticias.org\/site\/capitao-alden-aponta-abuso-de-poder-de-rui-costa-em-novo-cargo-que-elevara-seu-salario\/\",\"url\":\"https:\/\/brasilnoticias.org\/site\/capitao-alden-aponta-abuso-de-poder-de-rui-costa-em-novo-cargo-que-elevara-seu-salario\/\",\"name\":\"Capit\u00e3o Alden aponta \u201cabuso de poder\u201d de Rui Costa em novo cargo que elevar\u00e1 seu sal\u00e1rio - Brasil not\u00edcias\",\"isPartOf\":{\"@id\":\"https:\/\/brasilnoticias.org\/site\/#website\"},\"primaryImageOfPage\":{\"@id\":\"https:\/\/brasilnoticias.org\/site\/capitao-alden-aponta-abuso-de-poder-de-rui-costa-em-novo-cargo-que-elevara-seu-salario\/#primaryimage\"},\"image\":{\"@id\":\"https:\/\/brasilnoticias.org\/site\/capitao-alden-aponta-abuso-de-poder-de-rui-costa-em-novo-cargo-que-elevara-seu-salario\/#primaryimage\"},\"thumbnailUrl\":\"https:\/\/brasilnoticias.org\/site\/wp-content\/uploads\/2023\/04\/WhatsApp-Image-2023-04-11-at-13.43.54.jpeg\",\"datePublished\":\"2023-04-11T19:40:10+00:00\",\"breadcrumb\":{\"@id\":\"https:\/\/brasilnoticias.org\/site\/capitao-alden-aponta-abuso-de-poder-de-rui-costa-em-novo-cargo-que-elevara-seu-salario\/#breadcrumb\"},\"inLanguage\":\"pt-PT\",\"potentialAction\":[{\"@type\":\"ReadAction\",\"target\":[\"https:\/\/brasilnoticias.org\/site\/capitao-alden-aponta-abuso-de-poder-de-rui-costa-em-novo-cargo-que-elevara-seu-salario\/\"]}]},{\"@type\":\"ImageObject\",\"inLanguage\":\"pt-PT\",\"@id\":\"https:\/\/brasilnoticias.org\/site\/capitao-alden-aponta-abuso-de-poder-de-rui-costa-em-novo-cargo-que-elevara-seu-salario\/#primaryimage\",\"url\":\"https:\/\/brasilnoticias.org\/site\/wp-content\/uploads\/2023\/04\/WhatsApp-Image-2023-04-11-at-13.43.54.jpeg\",\"contentUrl\":\"https:\/\/brasilnoticias.org\/site\/wp-content\/uploads\/2023\/04\/WhatsApp-Image-2023-04-11-at-13.43.54.jpeg\",\"width\":1024,\"height\":683},{\"@type\":\"BreadcrumbList\",\"@id\":\"https:\/\/brasilnoticias.org\/site\/capitao-alden-aponta-abuso-de-poder-de-rui-costa-em-novo-cargo-que-elevara-seu-salario\/#breadcrumb\",\"itemListElement\":[{\"@type\":\"ListItem\",\"position\":1,\"name\":\"In\u00edcio\",\"item\":\"https:\/\/brasilnoticias.org\/site\/\"},{\"@type\":\"ListItem\",\"position\":2,\"name\":\"Capit\u00e3o Alden aponta \u201cabuso de poder\u201d de Rui Costa em novo cargo que elevar\u00e1 seu sal\u00e1rio\"}]},{\"@type\":\"WebSite\",\"@id\":\"https:\/\/brasilnoticias.org\/site\/#website\",\"url\":\"https:\/\/brasilnoticias.org\/site\/\",\"name\":\"Brasil not\u00edcias\",\"description\":\"Brasil not\u00edcias\",\"publisher\":{\"@id\":\"https:\/\/brasilnoticias.org\/site\/#organization\"},\"potentialAction\":[{\"@type\":\"SearchAction\",\"target\":{\"@type\":\"EntryPoint\",\"urlTemplate\":\"https:\/\/brasilnoticias.org\/site\/?s={search_term_string}\"},\"query-input\":{\"@type\":\"PropertyValueSpecification\",\"valueRequired\":true,\"valueName\":\"search_term_string\"}}],\"inLanguage\":\"pt-PT\"},{\"@type\":\"Organization\",\"@id\":\"https:\/\/brasilnoticias.org\/site\/#organization\",\"name\":\"Brasil not\u00edcias\",\"url\":\"https:\/\/brasilnoticias.org\/site\/\",\"logo\":{\"@type\":\"ImageObject\",\"inLanguage\":\"pt-PT\",\"@id\":\"https:\/\/brasilnoticias.org\/site\/#\/schema\/logo\/image\/\",\"url\":\"https:\/\/brasilnoticias.org\/site\/wp-content\/uploads\/2022\/05\/cropped-brasilnoticias-mini.jpg\",\"contentUrl\":\"https:\/\/brasilnoticias.org\/site\/wp-content\/uploads\/2022\/05\/cropped-brasilnoticias-mini.jpg\",\"width\":314,\"height\":86,\"caption\":\"Brasil not\u00edcias\"},\"image\":{\"@id\":\"https:\/\/brasilnoticias.org\/site\/#\/schema\/logo\/image\/\"}},{\"@type\":\"Person\",\"@id\":\"https:\/\/brasilnoticias.org\/site\/#\/schema\/person\/a0e05b973ec4d15c658d51911e53507b\",\"name\":\"Reda\u00e7\u00e3o\",\"image\":{\"@type\":\"ImageObject\",\"inLanguage\":\"pt-PT\",\"@id\":\"https:\/\/brasilnoticias.org\/site\/#\/schema\/person\/image\/\",\"url\":\"https:\/\/secure.gravatar.com\/avatar\/75d8b050df2de108b08ae78dfb8e374892df24a383c67db9c46a9c604f6aee9c?s=96&d=mm&r=g\",\"contentUrl\":\"https:\/\/secure.gravatar.com\/avatar\/75d8b050df2de108b08ae78dfb8e374892df24a383c67db9c46a9c604f6aee9c?s=96&d=mm&r=g\",\"caption\":\"Reda\u00e7\u00e3o\"},\"sameAs\":[\"https:\/\/brasilnoticias.org\/site\"],\"url\":\"https:\/\/brasilnoticias.org\/site\/author\/fernandozsngmail-com\/\"}]}<\/script>\n<!-- \/ Yoast SEO plugin. -->","yoast_head_json":{"title":"Capit\u00e3o Alden aponta \u201cabuso de poder\u201d de Rui Costa em novo cargo que elevar\u00e1 seu sal\u00e1rio - Brasil not\u00edcias","robots":{"index":"index","follow":"follow","max-snippet":"max-snippet:-1","max-image-preview":"max-image-preview:large","max-video-preview":"max-video-preview:-1"},"canonical":"https:\/\/brasilnoticias.org\/site\/capitao-alden-aponta-abuso-de-poder-de-rui-costa-em-novo-cargo-que-elevara-seu-salario\/","og_locale":"pt_PT","og_type":"article","og_title":"Capit\u00e3o Alden aponta \u201cabuso de poder\u201d de Rui Costa em novo cargo que elevar\u00e1 seu sal\u00e1rio - Brasil not\u00edcias","og_description":"Ao tomar conhecimento de que o ministro da Casa Civil Rui Costa (PT), ex-governador da Bahia, foi nomeado como conselheiro","og_url":"https:\/\/brasilnoticias.org\/site\/capitao-alden-aponta-abuso-de-poder-de-rui-costa-em-novo-cargo-que-elevara-seu-salario\/","og_site_name":"Brasil not\u00edcias","article_published_time":"2023-04-11T19:40:10+00:00","og_image":[{"width":1024,"height":683,"url":"https:\/\/brasilnoticias.org\/site\/wp-content\/uploads\/2023\/04\/WhatsApp-Image-2023-04-11-at-13.43.54.jpeg","type":"image\/jpeg"}],"author":"Reda\u00e7\u00e3o","twitter_card":"summary_large_image","twitter_misc":{"Escrito por":"Reda\u00e7\u00e3o"},"schema":{"@context":"https:\/\/schema.org","@graph":[{"@type":"Article","@id":"https:\/\/brasilnoticias.org\/site\/capitao-alden-aponta-abuso-de-poder-de-rui-costa-em-novo-cargo-que-elevara-seu-salario\/#article","isPartOf":{"@id":"https:\/\/brasilnoticias.org\/site\/capitao-alden-aponta-abuso-de-poder-de-rui-costa-em-novo-cargo-que-elevara-seu-salario\/"},"author":{"name":"Reda\u00e7\u00e3o","@id":"https:\/\/brasilnoticias.org\/site\/#\/schema\/person\/a0e05b973ec4d15c658d51911e53507b"},"headline":"Capit\u00e3o Alden aponta \u201cabuso de poder\u201d de Rui Costa em novo cargo que elevar\u00e1 seu sal\u00e1rio","datePublished":"2023-04-11T19:40:10+00:00","mainEntityOfPage":{"@id":"https:\/\/brasilnoticias.org\/site\/capitao-alden-aponta-abuso-de-poder-de-rui-costa-em-novo-cargo-que-elevara-seu-salario\/"},"wordCount":321,"commentCount":0,"publisher":{"@id":"https:\/\/brasilnoticias.org\/site\/#organization"},"image":{"@id":"https:\/\/brasilnoticias.org\/site\/capitao-alden-aponta-abuso-de-poder-de-rui-costa-em-novo-cargo-que-elevara-seu-salario\/#primaryimage"},"thumbnailUrl":"https:\/\/brasilnoticias.org\/site\/wp-content\/uploads\/2023\/04\/WhatsApp-Image-2023-04-11-at-13.43.54.jpeg","articleSection":["Pol\u00edtica","\u00daltimas"],"inLanguage":"pt-PT","potentialAction":[{"@type":"CommentAction","name":"Comment","target":["https:\/\/brasilnoticias.org\/site\/capitao-alden-aponta-abuso-de-poder-de-rui-costa-em-novo-cargo-que-elevara-seu-salario\/#respond"]}]},{"@type":"WebPage","@id":"https:\/\/brasilnoticias.org\/site\/capitao-alden-aponta-abuso-de-poder-de-rui-costa-em-novo-cargo-que-elevara-seu-salario\/","url":"https:\/\/brasilnoticias.org\/site\/capitao-alden-aponta-abuso-de-poder-de-rui-costa-em-novo-cargo-que-elevara-seu-salario\/","name":"Capit\u00e3o Alden aponta \u201cabuso de poder\u201d de Rui Costa em novo cargo que elevar\u00e1 seu sal\u00e1rio - Brasil not\u00edcias","isPartOf":{"@id":"https:\/\/brasilnoticias.org\/site\/#website"},"primaryImageOfPage":{"@id":"https:\/\/brasilnoticias.org\/site\/capitao-alden-aponta-abuso-de-poder-de-rui-costa-em-novo-cargo-que-elevara-seu-salario\/#primaryimage"},"image":{"@id":"https:\/\/brasilnoticias.org\/site\/capitao-alden-aponta-abuso-de-poder-de-rui-costa-em-novo-cargo-que-elevara-seu-salario\/#primaryimage"},"thumbnailUrl":"https:\/\/brasilnoticias.org\/site\/wp-content\/uploads\/2023\/04\/WhatsApp-Image-2023-04-11-at-13.43.54.jpeg","datePublished":"2023-04-11T19:40:10+00:00","breadcrumb":{"@id":"https:\/\/brasilnoticias.org\/site\/capitao-alden-aponta-abuso-de-poder-de-rui-costa-em-novo-cargo-que-elevara-seu-salario\/#breadcrumb"},"inLanguage":"pt-PT","potentialAction":[{"@type":"ReadAction","target":["https:\/\/brasilnoticias.org\/site\/capitao-alden-aponta-abuso-de-poder-de-rui-costa-em-novo-cargo-que-elevara-seu-salario\/"]}]},{"@type":"ImageObject","inLanguage":"pt-PT","@id":"https:\/\/brasilnoticias.org\/site\/capitao-alden-aponta-abuso-de-poder-de-rui-costa-em-novo-cargo-que-elevara-seu-salario\/#primaryimage","url":"https:\/\/brasilnoticias.org\/site\/wp-content\/uploads\/2023\/04\/WhatsApp-Image-2023-04-11-at-13.43.54.jpeg","contentUrl":"https:\/\/brasilnoticias.org\/site\/wp-content\/uploads\/2023\/04\/WhatsApp-Image-2023-04-11-at-13.43.54.jpeg","width":1024,"height":683},{"@type":"BreadcrumbList","@id":"https:\/\/brasilnoticias.org\/site\/capitao-alden-aponta-abuso-de-poder-de-rui-costa-em-novo-cargo-que-elevara-seu-salario\/#breadcrumb","itemListElement":[{"@type":"ListItem","position":1,"name":"In\u00edcio","item":"https:\/\/brasilnoticias.org\/site\/"},{"@type":"ListItem","position":2,"name":"Capit\u00e3o Alden aponta \u201cabuso de poder\u201d de Rui Costa em novo cargo que elevar\u00e1 seu sal\u00e1rio"}]},{"@type":"WebSite","@id":"https:\/\/brasilnoticias.org\/site\/#website","url":"https:\/\/brasilnoticias.org\/site\/","name":"Brasil not\u00edcias","description":"Brasil not\u00edcias","publisher":{"@id":"https:\/\/brasilnoticias.org\/site\/#organization"},"potentialAction":[{"@type":"SearchAction","target":{"@type":"EntryPoint","urlTemplate":"https:\/\/brasilnoticias.org\/site\/?s={search_term_string}"},"query-input":{"@type":"PropertyValueSpecification","valueRequired":true,"valueName":"search_term_string"}}],"inLanguage":"pt-PT"},{"@type":"Organization","@id":"https:\/\/brasilnoticias.org\/site\/#organization","name":"Brasil not\u00edcias","url":"https:\/\/brasilnoticias.org\/site\/","logo":{"@type":"ImageObject","inLanguage":"pt-PT","@id":"https:\/\/brasilnoticias.org\/site\/#\/schema\/logo\/image\/","url":"https:\/\/brasilnoticias.org\/site\/wp-content\/uploads\/2022\/05\/cropped-brasilnoticias-mini.jpg","contentUrl":"https:\/\/brasilnoticias.org\/site\/wp-content\/uploads\/2022\/05\/cropped-brasilnoticias-mini.jpg","width":314,"height":86,"caption":"Brasil not\u00edcias"},"image":{"@id":"https:\/\/brasilnoticias.org\/site\/#\/schema\/logo\/image\/"}},{"@type":"Person","@id":"https:\/\/brasilnoticias.org\/site\/#\/schema\/person\/a0e05b973ec4d15c658d51911e53507b","name":"Reda\u00e7\u00e3o","image":{"@type":"ImageObject","inLanguage":"pt-PT","@id":"https:\/\/brasilnoticias.org\/site\/#\/schema\/person\/image\/","url":"https:\/\/secure.gravatar.com\/avatar\/75d8b050df2de108b08ae78dfb8e374892df24a383c67db9c46a9c604f6aee9c?s=96&d=mm&r=g","contentUrl":"https:\/\/secure.gravatar.com\/avatar\/75d8b050df2de108b08ae78dfb8e374892df24a383c67db9c46a9c604f6aee9c?s=96&d=mm&r=g","caption":"Reda\u00e7\u00e3o"},"sameAs":["https:\/\/brasilnoticias.org\/site"],"url":"https:\/\/brasilnoticias.org\/site\/author\/fernandozsngmail-com\/"}]}},"_links":{"self":[{"href":"https:\/\/brasilnoticias.org\/site\/wp-json\/wp\/v2\/posts\/5328","targetHints":{"allow":["GET"]}}],"collection":[{"href":"https:\/\/brasilnoticias.org\/site\/wp-json\/wp\/v2\/posts"}],"about":[{"href":"https:\/\/brasilnoticias.org\/site\/wp-json\/wp\/v2\/types\/post"}],"author":[{"embeddable":true,"href":"https:\/\/brasilnoticias.org\/site\/wp-json\/wp\/v2\/users\/1"}],"replies":[{"embeddable":true,"href":"https:\/\/brasilnoticias.org\/site\/wp-json\/wp\/v2\/comments?post=5328"}],"version-history":[{"count":1,"href":"https:\/\/brasilnoticias.org\/site\/wp-json\/wp\/v2\/posts\/5328\/revisions"}],"predecessor-version":[{"id":5330,"href":"https:\/\/brasilnoticias.org\/site\/wp-json\/wp\/v2\/posts\/5328\/revisions\/5330"}],"wp:featuredmedia":[{"embeddable":true,"href":"https:\/\/brasilnoticias.org\/site\/wp-json\/wp\/v2\/media\/5329"}],"wp:attachment":[{"href":"https:\/\/brasilnoticias.org\/site\/wp-json\/wp\/v2\/media?parent=5328"}],"wp:term":[{"taxonomy":"category","embeddable":true,"href":"https:\/\/brasilnoticias.org\/site\/wp-json\/wp\/v2\/categories?post=5328"},{"taxonomy":"post_tag","embeddable":true,"href":"https:\/\/brasilnoticias.org\/site\/wp-json\/wp\/v2\/tags?post=5328"}],"curies":[{"name":"wp","href":"https:\/\/api.w.org\/{rel}","templated":true}]}}