{"id":5331,"date":"2023-04-11T16:42:10","date_gmt":"2023-04-11T19:42:10","guid":{"rendered":"https:\/\/brasilnoticias.org\/site\/?p=5331"},"modified":"2023-04-11T16:42:10","modified_gmt":"2023-04-11T19:42:10","slug":"prefeitura-inicia-nesta-terca-11-inscricoes-para-aulas-gratuitas-de-natacao-e-hidroginastica-na-arena-aquatica","status":"publish","type":"post","link":"https:\/\/brasilnoticias.org\/site\/prefeitura-inicia-nesta-terca-11-inscricoes-para-aulas-gratuitas-de-natacao-e-hidroginastica-na-arena-aquatica\/","title":{"rendered":"Prefeitura inicia nesta ter\u00e7a (11) inscri\u00e7\u00f5es para aulas gratuitas de nata\u00e7\u00e3o e hidrogin\u00e1stica na Arena Aqu\u00e1tica"},"content":{"rendered":"<p>Foto: Jefferson Peixoto\/ Secom<\/p>\n<p>A Prefeitura de Salvador, por meio da Secretaria Municipal de Promo\u00e7\u00e3o Social, Combate \u00e0 Pobreza, Esportes e Lazer (Sempre), inicia nesta ter\u00e7a-feira (11) as inscri\u00e7\u00f5es para aulas gratuitas de nata\u00e7\u00e3o e hidrogin\u00e1stica na Arena Aqu\u00e1tica. Para se inscrever, os interessados devem acessar o site www. arenaaquatica.salvador.ba.gov.br e fazer o cadastro.<\/p>\n<p>Cada turma tem a dura\u00e7\u00e3o de quatro meses. Podem participar das atividades crian\u00e7as com idade m\u00ednima de seis anos, para a nata\u00e7\u00e3o. J\u00e1 para a hidrogin\u00e1stica, \u00e9 necess\u00e1rio ter a partir de 18 anos. As aulas acontecem nos turnos da manh\u00e3 ou da tarde, com dura\u00e7\u00e3o m\u00e9dia de 50 minutos. As inscri\u00e7\u00f5es seguem at\u00e9 a pr\u00f3xima quinta-feira (13).<\/p>\n<p>Ap\u00f3s esta etapa, os cadastrados devem aguardar at\u00e9 a pr\u00f3xima sexta-feira (14), quando ser\u00e1 realizado o sorteio. \u201cPor esse motivo, \u00e9 importante acompanhar o site da Arena Aqu\u00e1tica e as redes sociais, para verificar se o nome estar\u00e1 na lista de convocados. Os selecionados devem conferir a lista de documentos a serem apresentados para efetiva\u00e7\u00e3o da matr\u00edcula, no prazo de 30 dias, a partir da segunda-feira, dia 17\u201d, ressaltou J\u00fanior Magalh\u00e3es, secret\u00e1rio da Sempre.<\/p>\n<p>O gestor da pasta destaca ainda que, \u201cuma vez que a demanda para participa\u00e7\u00e3o da aulas de nata\u00e7\u00e3o e hidrogin\u00e1stica aumenta a cada ano, a fase de sorteio eletr\u00f4nico foi a forma mais democr\u00e1tica encontrada pela gest\u00e3o para realizar o processo de inscri\u00e7\u00e3o, pois garante que todos os interessados possam concorrer em condi\u00e7\u00f5es de igualdade, e assim, implementamos a pol\u00edtica de esporte municipal de esporte e lazer\u201d.<\/p>\n","protected":false},"excerpt":{"rendered":"<p>Foto: Jefferson Peixoto\/ Secom A Prefeitura de Salvador, por meio da Secretaria Municipal de Promo\u00e7\u00e3o Social, Combate \u00e0 Pobreza, Esportes<\/p>\n","protected":false},"author":1,"featured_media":5332,"comment_status":"open","ping_status":"open","sticky":false,"template":"","format":"standard","meta":{"colormag_page_container_layout":"default_layout","colormag_page_sidebar_layout":"default_layout","_FSMCFIC_featured_image_caption":"","_FSMCFIC_featured_image_nocaption":"","_FSMCFIC_featured_image_hide":"","footnotes":""},"categories":[2,1],"tags":[],"class_list":["post-5331","post","type-post","status-publish","format-standard","has-post-thumbnail","hentry","category-noticias","category-ultimas"],"yoast_head":"<!-- This site is optimized with the Yoast SEO plugin v27.1.1 - https:\/\/yoast.com\/product\/yoast-seo-wordpress\/ -->\n<title>Prefeitura inicia nesta ter\u00e7a (11) inscri\u00e7\u00f5es para aulas gratuitas de nata\u00e7\u00e3o e hidrogin\u00e1stica na Arena Aqu\u00e1tica - Brasil not\u00edcias<\/title>\n<meta name=\"robots\" content=\"index, follow, max-snippet:-1, max-image-preview:large, max-video-preview:-1\" \/>\n<link rel=\"canonical\" href=\"https:\/\/brasilnoticias.org\/site\/prefeitura-inicia-nesta-terca-11-inscricoes-para-aulas-gratuitas-de-natacao-e-hidroginastica-na-arena-aquatica\/\" \/>\n<meta property=\"og:locale\" content=\"pt_PT\" \/>\n<meta property=\"og:type\" content=\"article\" \/>\n<meta property=\"og:title\" content=\"Prefeitura inicia nesta ter\u00e7a (11) inscri\u00e7\u00f5es para aulas gratuitas de nata\u00e7\u00e3o e hidrogin\u00e1stica na Arena Aqu\u00e1tica - Brasil not\u00edcias\" \/>\n<meta property=\"og:description\" content=\"Foto: Jefferson Peixoto\/ Secom A Prefeitura de Salvador, por meio da Secretaria Municipal de Promo\u00e7\u00e3o Social, Combate \u00e0 Pobreza, Esportes\" \/>\n<meta property=\"og:url\" content=\"https:\/\/brasilnoticias.org\/site\/prefeitura-inicia-nesta-terca-11-inscricoes-para-aulas-gratuitas-de-natacao-e-hidroginastica-na-arena-aquatica\/\" \/>\n<meta property=\"og:site_name\" content=\"Brasil not\u00edcias\" \/>\n<meta property=\"article:published_time\" content=\"2023-04-11T19:42:10+00:00\" \/>\n<meta property=\"og:image\" content=\"https:\/\/brasilnoticias.org\/site\/wp-content\/uploads\/2023\/04\/WhatsApp-Image-2023-04-10-at-18.39.50.jpeg\" \/>\n\t<meta property=\"og:image:width\" content=\"1600\" \/>\n\t<meta property=\"og:image:height\" content=\"1068\" \/>\n\t<meta property=\"og:image:type\" content=\"image\/jpeg\" \/>\n<meta name=\"author\" content=\"Reda\u00e7\u00e3o\" \/>\n<meta name=\"twitter:card\" content=\"summary_large_image\" \/>\n<meta name=\"twitter:label1\" content=\"Escrito por\" \/>\n\t<meta name=\"twitter:data1\" content=\"Reda\u00e7\u00e3o\" \/>\n<script type=\"application\/ld+json\" class=\"yoast-schema-graph\">{\"@context\":\"https:\/\/schema.org\",\"@graph\":[{\"@type\":\"Article\",\"@id\":\"https:\/\/brasilnoticias.org\/site\/prefeitura-inicia-nesta-terca-11-inscricoes-para-aulas-gratuitas-de-natacao-e-hidroginastica-na-arena-aquatica\/#article\",\"isPartOf\":{\"@id\":\"https:\/\/brasilnoticias.org\/site\/prefeitura-inicia-nesta-terca-11-inscricoes-para-aulas-gratuitas-de-natacao-e-hidroginastica-na-arena-aquatica\/\"},\"author\":{\"name\":\"Reda\u00e7\u00e3o\",\"@id\":\"https:\/\/brasilnoticias.org\/site\/#\/schema\/person\/a0e05b973ec4d15c658d51911e53507b\"},\"headline\":\"Prefeitura inicia nesta ter\u00e7a (11) inscri\u00e7\u00f5es para aulas gratuitas de nata\u00e7\u00e3o e hidrogin\u00e1stica na Arena Aqu\u00e1tica\",\"datePublished\":\"2023-04-11T19:42:10+00:00\",\"mainEntityOfPage\":{\"@id\":\"https:\/\/brasilnoticias.org\/site\/prefeitura-inicia-nesta-terca-11-inscricoes-para-aulas-gratuitas-de-natacao-e-hidroginastica-na-arena-aquatica\/\"},\"wordCount\":300,\"commentCount\":0,\"publisher\":{\"@id\":\"https:\/\/brasilnoticias.org\/site\/#organization\"},\"image\":{\"@id\":\"https:\/\/brasilnoticias.org\/site\/prefeitura-inicia-nesta-terca-11-inscricoes-para-aulas-gratuitas-de-natacao-e-hidroginastica-na-arena-aquatica\/#primaryimage\"},\"thumbnailUrl\":\"https:\/\/brasilnoticias.org\/site\/wp-content\/uploads\/2023\/04\/WhatsApp-Image-2023-04-10-at-18.39.50.jpeg\",\"articleSection\":[\"Not\u00edcias\",\"\u00daltimas\"],\"inLanguage\":\"pt-PT\",\"potentialAction\":[{\"@type\":\"CommentAction\",\"name\":\"Comment\",\"target\":[\"https:\/\/brasilnoticias.org\/site\/prefeitura-inicia-nesta-terca-11-inscricoes-para-aulas-gratuitas-de-natacao-e-hidroginastica-na-arena-aquatica\/#respond\"]}]},{\"@type\":\"WebPage\",\"@id\":\"https:\/\/brasilnoticias.org\/site\/prefeitura-inicia-nesta-terca-11-inscricoes-para-aulas-gratuitas-de-natacao-e-hidroginastica-na-arena-aquatica\/\",\"url\":\"https:\/\/brasilnoticias.org\/site\/prefeitura-inicia-nesta-terca-11-inscricoes-para-aulas-gratuitas-de-natacao-e-hidroginastica-na-arena-aquatica\/\",\"name\":\"Prefeitura inicia nesta ter\u00e7a (11) inscri\u00e7\u00f5es para aulas gratuitas de nata\u00e7\u00e3o e hidrogin\u00e1stica na Arena Aqu\u00e1tica - Brasil not\u00edcias\",\"isPartOf\":{\"@id\":\"https:\/\/brasilnoticias.org\/site\/#website\"},\"primaryImageOfPage\":{\"@id\":\"https:\/\/brasilnoticias.org\/site\/prefeitura-inicia-nesta-terca-11-inscricoes-para-aulas-gratuitas-de-natacao-e-hidroginastica-na-arena-aquatica\/#primaryimage\"},\"image\":{\"@id\":\"https:\/\/brasilnoticias.org\/site\/prefeitura-inicia-nesta-terca-11-inscricoes-para-aulas-gratuitas-de-natacao-e-hidroginastica-na-arena-aquatica\/#primaryimage\"},\"thumbnailUrl\":\"https:\/\/brasilnoticias.org\/site\/wp-content\/uploads\/2023\/04\/WhatsApp-Image-2023-04-10-at-18.39.50.jpeg\",\"datePublished\":\"2023-04-11T19:42:10+00:00\",\"breadcrumb\":{\"@id\":\"https:\/\/brasilnoticias.org\/site\/prefeitura-inicia-nesta-terca-11-inscricoes-para-aulas-gratuitas-de-natacao-e-hidroginastica-na-arena-aquatica\/#breadcrumb\"},\"inLanguage\":\"pt-PT\",\"potentialAction\":[{\"@type\":\"ReadAction\",\"target\":[\"https:\/\/brasilnoticias.org\/site\/prefeitura-inicia-nesta-terca-11-inscricoes-para-aulas-gratuitas-de-natacao-e-hidroginastica-na-arena-aquatica\/\"]}]},{\"@type\":\"ImageObject\",\"inLanguage\":\"pt-PT\",\"@id\":\"https:\/\/brasilnoticias.org\/site\/prefeitura-inicia-nesta-terca-11-inscricoes-para-aulas-gratuitas-de-natacao-e-hidroginastica-na-arena-aquatica\/#primaryimage\",\"url\":\"https:\/\/brasilnoticias.org\/site\/wp-content\/uploads\/2023\/04\/WhatsApp-Image-2023-04-10-at-18.39.50.jpeg\",\"contentUrl\":\"https:\/\/brasilnoticias.org\/site\/wp-content\/uploads\/2023\/04\/WhatsApp-Image-2023-04-10-at-18.39.50.jpeg\",\"width\":1600,\"height\":1068},{\"@type\":\"BreadcrumbList\",\"@id\":\"https:\/\/brasilnoticias.org\/site\/prefeitura-inicia-nesta-terca-11-inscricoes-para-aulas-gratuitas-de-natacao-e-hidroginastica-na-arena-aquatica\/#breadcrumb\",\"itemListElement\":[{\"@type\":\"ListItem\",\"position\":1,\"name\":\"In\u00edcio\",\"item\":\"https:\/\/brasilnoticias.org\/site\/\"},{\"@type\":\"ListItem\",\"position\":2,\"name\":\"Prefeitura inicia nesta ter\u00e7a (11) inscri\u00e7\u00f5es para aulas gratuitas de nata\u00e7\u00e3o e hidrogin\u00e1stica na Arena Aqu\u00e1tica\"}]},{\"@type\":\"WebSite\",\"@id\":\"https:\/\/brasilnoticias.org\/site\/#website\",\"url\":\"https:\/\/brasilnoticias.org\/site\/\",\"name\":\"Brasil not\u00edcias\",\"description\":\"Brasil not\u00edcias\",\"publisher\":{\"@id\":\"https:\/\/brasilnoticias.org\/site\/#organization\"},\"potentialAction\":[{\"@type\":\"SearchAction\",\"target\":{\"@type\":\"EntryPoint\",\"urlTemplate\":\"https:\/\/brasilnoticias.org\/site\/?s={search_term_string}\"},\"query-input\":{\"@type\":\"PropertyValueSpecification\",\"valueRequired\":true,\"valueName\":\"search_term_string\"}}],\"inLanguage\":\"pt-PT\"},{\"@type\":\"Organization\",\"@id\":\"https:\/\/brasilnoticias.org\/site\/#organization\",\"name\":\"Brasil not\u00edcias\",\"url\":\"https:\/\/brasilnoticias.org\/site\/\",\"logo\":{\"@type\":\"ImageObject\",\"inLanguage\":\"pt-PT\",\"@id\":\"https:\/\/brasilnoticias.org\/site\/#\/schema\/logo\/image\/\",\"url\":\"https:\/\/brasilnoticias.org\/site\/wp-content\/uploads\/2022\/05\/cropped-brasilnoticias-mini.jpg\",\"contentUrl\":\"https:\/\/brasilnoticias.org\/site\/wp-content\/uploads\/2022\/05\/cropped-brasilnoticias-mini.jpg\",\"width\":314,\"height\":86,\"caption\":\"Brasil not\u00edcias\"},\"image\":{\"@id\":\"https:\/\/brasilnoticias.org\/site\/#\/schema\/logo\/image\/\"}},{\"@type\":\"Person\",\"@id\":\"https:\/\/brasilnoticias.org\/site\/#\/schema\/person\/a0e05b973ec4d15c658d51911e53507b\",\"name\":\"Reda\u00e7\u00e3o\",\"image\":{\"@type\":\"ImageObject\",\"inLanguage\":\"pt-PT\",\"@id\":\"https:\/\/brasilnoticias.org\/site\/#\/schema\/person\/image\/\",\"url\":\"https:\/\/secure.gravatar.com\/avatar\/75d8b050df2de108b08ae78dfb8e374892df24a383c67db9c46a9c604f6aee9c?s=96&d=mm&r=g\",\"contentUrl\":\"https:\/\/secure.gravatar.com\/avatar\/75d8b050df2de108b08ae78dfb8e374892df24a383c67db9c46a9c604f6aee9c?s=96&d=mm&r=g\",\"caption\":\"Reda\u00e7\u00e3o\"},\"sameAs\":[\"https:\/\/brasilnoticias.org\/site\"],\"url\":\"https:\/\/brasilnoticias.org\/site\/author\/fernandozsngmail-com\/\"}]}<\/script>\n<!-- \/ Yoast SEO plugin. -->","yoast_head_json":{"title":"Prefeitura inicia nesta ter\u00e7a (11) inscri\u00e7\u00f5es para aulas gratuitas de nata\u00e7\u00e3o e hidrogin\u00e1stica na Arena Aqu\u00e1tica - Brasil not\u00edcias","robots":{"index":"index","follow":"follow","max-snippet":"max-snippet:-1","max-image-preview":"max-image-preview:large","max-video-preview":"max-video-preview:-1"},"canonical":"https:\/\/brasilnoticias.org\/site\/prefeitura-inicia-nesta-terca-11-inscricoes-para-aulas-gratuitas-de-natacao-e-hidroginastica-na-arena-aquatica\/","og_locale":"pt_PT","og_type":"article","og_title":"Prefeitura inicia nesta ter\u00e7a (11) inscri\u00e7\u00f5es para aulas gratuitas de nata\u00e7\u00e3o e hidrogin\u00e1stica na Arena Aqu\u00e1tica - Brasil not\u00edcias","og_description":"Foto: Jefferson Peixoto\/ Secom A Prefeitura de Salvador, por meio da Secretaria Municipal de Promo\u00e7\u00e3o Social, Combate \u00e0 Pobreza, Esportes","og_url":"https:\/\/brasilnoticias.org\/site\/prefeitura-inicia-nesta-terca-11-inscricoes-para-aulas-gratuitas-de-natacao-e-hidroginastica-na-arena-aquatica\/","og_site_name":"Brasil not\u00edcias","article_published_time":"2023-04-11T19:42:10+00:00","og_image":[{"width":1600,"height":1068,"url":"https:\/\/brasilnoticias.org\/site\/wp-content\/uploads\/2023\/04\/WhatsApp-Image-2023-04-10-at-18.39.50.jpeg","type":"image\/jpeg"}],"author":"Reda\u00e7\u00e3o","twitter_card":"summary_large_image","twitter_misc":{"Escrito por":"Reda\u00e7\u00e3o"},"schema":{"@context":"https:\/\/schema.org","@graph":[{"@type":"Article","@id":"https:\/\/brasilnoticias.org\/site\/prefeitura-inicia-nesta-terca-11-inscricoes-para-aulas-gratuitas-de-natacao-e-hidroginastica-na-arena-aquatica\/#article","isPartOf":{"@id":"https:\/\/brasilnoticias.org\/site\/prefeitura-inicia-nesta-terca-11-inscricoes-para-aulas-gratuitas-de-natacao-e-hidroginastica-na-arena-aquatica\/"},"author":{"name":"Reda\u00e7\u00e3o","@id":"https:\/\/brasilnoticias.org\/site\/#\/schema\/person\/a0e05b973ec4d15c658d51911e53507b"},"headline":"Prefeitura inicia nesta ter\u00e7a (11) inscri\u00e7\u00f5es para aulas gratuitas de nata\u00e7\u00e3o e hidrogin\u00e1stica na Arena Aqu\u00e1tica","datePublished":"2023-04-11T19:42:10+00:00","mainEntityOfPage":{"@id":"https:\/\/brasilnoticias.org\/site\/prefeitura-inicia-nesta-terca-11-inscricoes-para-aulas-gratuitas-de-natacao-e-hidroginastica-na-arena-aquatica\/"},"wordCount":300,"commentCount":0,"publisher":{"@id":"https:\/\/brasilnoticias.org\/site\/#organization"},"image":{"@id":"https:\/\/brasilnoticias.org\/site\/prefeitura-inicia-nesta-terca-11-inscricoes-para-aulas-gratuitas-de-natacao-e-hidroginastica-na-arena-aquatica\/#primaryimage"},"thumbnailUrl":"https:\/\/brasilnoticias.org\/site\/wp-content\/uploads\/2023\/04\/WhatsApp-Image-2023-04-10-at-18.39.50.jpeg","articleSection":["Not\u00edcias","\u00daltimas"],"inLanguage":"pt-PT","potentialAction":[{"@type":"CommentAction","name":"Comment","target":["https:\/\/brasilnoticias.org\/site\/prefeitura-inicia-nesta-terca-11-inscricoes-para-aulas-gratuitas-de-natacao-e-hidroginastica-na-arena-aquatica\/#respond"]}]},{"@type":"WebPage","@id":"https:\/\/brasilnoticias.org\/site\/prefeitura-inicia-nesta-terca-11-inscricoes-para-aulas-gratuitas-de-natacao-e-hidroginastica-na-arena-aquatica\/","url":"https:\/\/brasilnoticias.org\/site\/prefeitura-inicia-nesta-terca-11-inscricoes-para-aulas-gratuitas-de-natacao-e-hidroginastica-na-arena-aquatica\/","name":"Prefeitura inicia nesta ter\u00e7a (11) inscri\u00e7\u00f5es para aulas gratuitas de nata\u00e7\u00e3o e hidrogin\u00e1stica na Arena Aqu\u00e1tica - Brasil not\u00edcias","isPartOf":{"@id":"https:\/\/brasilnoticias.org\/site\/#website"},"primaryImageOfPage":{"@id":"https:\/\/brasilnoticias.org\/site\/prefeitura-inicia-nesta-terca-11-inscricoes-para-aulas-gratuitas-de-natacao-e-hidroginastica-na-arena-aquatica\/#primaryimage"},"image":{"@id":"https:\/\/brasilnoticias.org\/site\/prefeitura-inicia-nesta-terca-11-inscricoes-para-aulas-gratuitas-de-natacao-e-hidroginastica-na-arena-aquatica\/#primaryimage"},"thumbnailUrl":"https:\/\/brasilnoticias.org\/site\/wp-content\/uploads\/2023\/04\/WhatsApp-Image-2023-04-10-at-18.39.50.jpeg","datePublished":"2023-04-11T19:42:10+00:00","breadcrumb":{"@id":"https:\/\/brasilnoticias.org\/site\/prefeitura-inicia-nesta-terca-11-inscricoes-para-aulas-gratuitas-de-natacao-e-hidroginastica-na-arena-aquatica\/#breadcrumb"},"inLanguage":"pt-PT","potentialAction":[{"@type":"ReadAction","target":["https:\/\/brasilnoticias.org\/site\/prefeitura-inicia-nesta-terca-11-inscricoes-para-aulas-gratuitas-de-natacao-e-hidroginastica-na-arena-aquatica\/"]}]},{"@type":"ImageObject","inLanguage":"pt-PT","@id":"https:\/\/brasilnoticias.org\/site\/prefeitura-inicia-nesta-terca-11-inscricoes-para-aulas-gratuitas-de-natacao-e-hidroginastica-na-arena-aquatica\/#primaryimage","url":"https:\/\/brasilnoticias.org\/site\/wp-content\/uploads\/2023\/04\/WhatsApp-Image-2023-04-10-at-18.39.50.jpeg","contentUrl":"https:\/\/brasilnoticias.org\/site\/wp-content\/uploads\/2023\/04\/WhatsApp-Image-2023-04-10-at-18.39.50.jpeg","width":1600,"height":1068},{"@type":"BreadcrumbList","@id":"https:\/\/brasilnoticias.org\/site\/prefeitura-inicia-nesta-terca-11-inscricoes-para-aulas-gratuitas-de-natacao-e-hidroginastica-na-arena-aquatica\/#breadcrumb","itemListElement":[{"@type":"ListItem","position":1,"name":"In\u00edcio","item":"https:\/\/brasilnoticias.org\/site\/"},{"@type":"ListItem","position":2,"name":"Prefeitura inicia nesta ter\u00e7a (11) inscri\u00e7\u00f5es para aulas gratuitas de nata\u00e7\u00e3o e hidrogin\u00e1stica na Arena Aqu\u00e1tica"}]},{"@type":"WebSite","@id":"https:\/\/brasilnoticias.org\/site\/#website","url":"https:\/\/brasilnoticias.org\/site\/","name":"Brasil not\u00edcias","description":"Brasil not\u00edcias","publisher":{"@id":"https:\/\/brasilnoticias.org\/site\/#organization"},"potentialAction":[{"@type":"SearchAction","target":{"@type":"EntryPoint","urlTemplate":"https:\/\/brasilnoticias.org\/site\/?s={search_term_string}"},"query-input":{"@type":"PropertyValueSpecification","valueRequired":true,"valueName":"search_term_string"}}],"inLanguage":"pt-PT"},{"@type":"Organization","@id":"https:\/\/brasilnoticias.org\/site\/#organization","name":"Brasil not\u00edcias","url":"https:\/\/brasilnoticias.org\/site\/","logo":{"@type":"ImageObject","inLanguage":"pt-PT","@id":"https:\/\/brasilnoticias.org\/site\/#\/schema\/logo\/image\/","url":"https:\/\/brasilnoticias.org\/site\/wp-content\/uploads\/2022\/05\/cropped-brasilnoticias-mini.jpg","contentUrl":"https:\/\/brasilnoticias.org\/site\/wp-content\/uploads\/2022\/05\/cropped-brasilnoticias-mini.jpg","width":314,"height":86,"caption":"Brasil not\u00edcias"},"image":{"@id":"https:\/\/brasilnoticias.org\/site\/#\/schema\/logo\/image\/"}},{"@type":"Person","@id":"https:\/\/brasilnoticias.org\/site\/#\/schema\/person\/a0e05b973ec4d15c658d51911e53507b","name":"Reda\u00e7\u00e3o","image":{"@type":"ImageObject","inLanguage":"pt-PT","@id":"https:\/\/brasilnoticias.org\/site\/#\/schema\/person\/image\/","url":"https:\/\/secure.gravatar.com\/avatar\/75d8b050df2de108b08ae78dfb8e374892df24a383c67db9c46a9c604f6aee9c?s=96&d=mm&r=g","contentUrl":"https:\/\/secure.gravatar.com\/avatar\/75d8b050df2de108b08ae78dfb8e374892df24a383c67db9c46a9c604f6aee9c?s=96&d=mm&r=g","caption":"Reda\u00e7\u00e3o"},"sameAs":["https:\/\/brasilnoticias.org\/site"],"url":"https:\/\/brasilnoticias.org\/site\/author\/fernandozsngmail-com\/"}]}},"_links":{"self":[{"href":"https:\/\/brasilnoticias.org\/site\/wp-json\/wp\/v2\/posts\/5331","targetHints":{"allow":["GET"]}}],"collection":[{"href":"https:\/\/brasilnoticias.org\/site\/wp-json\/wp\/v2\/posts"}],"about":[{"href":"https:\/\/brasilnoticias.org\/site\/wp-json\/wp\/v2\/types\/post"}],"author":[{"embeddable":true,"href":"https:\/\/brasilnoticias.org\/site\/wp-json\/wp\/v2\/users\/1"}],"replies":[{"embeddable":true,"href":"https:\/\/brasilnoticias.org\/site\/wp-json\/wp\/v2\/comments?post=5331"}],"version-history":[{"count":1,"href":"https:\/\/brasilnoticias.org\/site\/wp-json\/wp\/v2\/posts\/5331\/revisions"}],"predecessor-version":[{"id":5333,"href":"https:\/\/brasilnoticias.org\/site\/wp-json\/wp\/v2\/posts\/5331\/revisions\/5333"}],"wp:featuredmedia":[{"embeddable":true,"href":"https:\/\/brasilnoticias.org\/site\/wp-json\/wp\/v2\/media\/5332"}],"wp:attachment":[{"href":"https:\/\/brasilnoticias.org\/site\/wp-json\/wp\/v2\/media?parent=5331"}],"wp:term":[{"taxonomy":"category","embeddable":true,"href":"https:\/\/brasilnoticias.org\/site\/wp-json\/wp\/v2\/categories?post=5331"},{"taxonomy":"post_tag","embeddable":true,"href":"https:\/\/brasilnoticias.org\/site\/wp-json\/wp\/v2\/tags?post=5331"}],"curies":[{"name":"wp","href":"https:\/\/api.w.org\/{rel}","templated":true}]}}