{"id":5334,"date":"2023-04-11T16:44:14","date_gmt":"2023-04-11T19:44:14","guid":{"rendered":"https:\/\/brasilnoticias.org\/site\/?p=5334"},"modified":"2023-04-11T16:44:14","modified_gmt":"2023-04-11T19:44:14","slug":"prefeitura-encaminha-a-camara-projeto-para-ampliar-idade-maxima-de-veiculos-de-taxi-mototaxi-e-aplicativos","status":"publish","type":"post","link":"https:\/\/brasilnoticias.org\/site\/prefeitura-encaminha-a-camara-projeto-para-ampliar-idade-maxima-de-veiculos-de-taxi-mototaxi-e-aplicativos\/","title":{"rendered":"Prefeitura encaminha \u00e0 C\u00e2mara projeto para ampliar idade m\u00e1xima de ve\u00edculos de t\u00e1xi, motot\u00e1xi e aplicativos"},"content":{"rendered":"<p>Fotos: Lucas Moura\/ Secom<br \/>\nReportagem: Vitor Villar\/ Secom<\/p>\n<p>A Prefeitura de Salvador encaminhou nesta segunda-feira (10) \u00e0 C\u00e2mara Municipal (CMS) um projeto de lei que prop\u00f5e a amplia\u00e7\u00e3o da idade m\u00e1xima de ve\u00edculos de t\u00e1xi, motot\u00e1xi e aplicativos de transporte. A proposta prev\u00ea o aumento de oito para dez anos o tempo limite dos ve\u00edculos que s\u00e3o utilizados por estas categorias &#8211; tanto para motos quanto para carros. <\/p>\n<p>A proposta busca mitigar os efeitos negativos deixados pela pandemia no setor de transporte e foi resultado de um processo de di\u00e1logo com as categorias. O prazo dessa flexibiliza\u00e7\u00e3o ser\u00e1 de 24 meses. A ideia, segundo o executivo municipal, \u00e9 driblar, por tempo determinado, as dificuldades que os profissionais t\u00eam enfrentado para adquirir novos autom\u00f3veis.<\/p>\n<p>\u201cA pandemia trouxe um aumento expressivo a todos os custos do transporte, incluindo o pre\u00e7o dos ve\u00edculos novos e usados, dificultando assim a troca de carros e motos por parte dessas categorias. Ent\u00e3o, a nossa proposta \u00e9 abrir uma janela para que essa exig\u00eancia seja flexibilizada por dois anos, at\u00e9 que a conjuntura econ\u00f4mica mude\u201d, explicou o secret\u00e1rio de Mobilidade de Salvador (Semob), Fabr\u00edzzio Muller.<\/p>\n<p>O prefeito Bruno Reis destacou que a proposta foi formulada ap\u00f3s uma s\u00e9rie de audi\u00eancias com os profissionais. \u201cEsse projeto foi criado em conjunto. Ouvimos todas as categorias e buscamos reunir na proposta as principais demandas dos profissionais para enfrentar esse momento em que os reflexos da pandemia ainda imp\u00f5em dificuldades ao transporte urbano como um todo. Reunimos esses pedidos numa proposi\u00e7\u00e3o consistente, que n\u00e3o vai levar preju\u00edzo \u00e0 qualidade dos servi\u00e7os. Tenho certeza que os vereadores v\u00e3o avaliar e v\u00e3o entender a necessidade de flexibilizar temporariamente algumas exig\u00eancias\u201d, disse.<\/p>\n<p>Mudan\u00e7as &#8211; Outro t\u00f3pico do projeto de lei \u00e9 vincular o prazo de validade dos crach\u00e1s dos taxistas \u00e0s suas carteiras de habilita\u00e7\u00e3o. Portanto, se o condutor tiver acabado de renovar a sua CNH, a licen\u00e7a do taxista pode durar at\u00e9 10 anos, conforme nova regra definida pelo Governo Federal.<\/p>\n<p>Essa concess\u00e3o, no entanto, ser\u00e1 feita apenas aos motoristas que s\u00e3o donos dos alvar\u00e1s dos t\u00e1xis. Aos condutores chamados de auxiliares, que dirigem a servi\u00e7o do autorizat\u00e1rio, a regra seguir\u00e1 a mesma, cujo prazo m\u00e1ximo de crach\u00e1 \u00e9 de 24 meses.<\/p>\n<p>O projeto de lei encaminhado \u00e0 CMS tamb\u00e9m busca retirar a exig\u00eancia de capacidade m\u00ednima dos porta-malas dos t\u00e1xis. Na legisla\u00e7\u00e3o atual, os ve\u00edculos precisam ter um bagageiro de pelo menos 280 litros, limitando os motoristas a circularem apenas com ve\u00edculos maiores e, portanto, mais caros.<\/p>\n<p>\u201cNas audi\u00eancias, chegamos \u00e0 conclus\u00e3o de que n\u00e3o h\u00e1 mais a necessidade de limitar um tamanho de bagageiro. A proposta \u00e9 que essa escolha agora seja do pr\u00f3prio motorista, de acordo com o servi\u00e7o que ele deseja prestar. \u00c9 claro que o profissional que optar por um porta-malas menor ter\u00e1 uma limita\u00e7\u00e3o maior dos servi\u00e7os que pode prestar\u201d, explicou Fabr\u00edzzio Muller.<\/p>\n","protected":false},"excerpt":{"rendered":"<p>Fotos: Lucas Moura\/ Secom Reportagem: Vitor Villar\/ Secom A Prefeitura de Salvador encaminhou nesta segunda-feira (10) \u00e0 C\u00e2mara Municipal (CMS)<\/p>\n","protected":false},"author":1,"featured_media":5335,"comment_status":"open","ping_status":"open","sticky":false,"template":"","format":"standard","meta":{"colormag_page_container_layout":"default_layout","colormag_page_sidebar_layout":"default_layout","_FSMCFIC_featured_image_caption":"","_FSMCFIC_featured_image_nocaption":"","_FSMCFIC_featured_image_hide":"","footnotes":""},"categories":[2,1],"tags":[],"class_list":["post-5334","post","type-post","status-publish","format-standard","has-post-thumbnail","hentry","category-noticias","category-ultimas"],"yoast_head":"<!-- This site is optimized with the Yoast SEO plugin v27.1.1 - https:\/\/yoast.com\/product\/yoast-seo-wordpress\/ -->\n<title>Prefeitura encaminha \u00e0 C\u00e2mara projeto para ampliar idade m\u00e1xima de ve\u00edculos de t\u00e1xi, motot\u00e1xi e aplicativos - Brasil not\u00edcias<\/title>\n<meta name=\"robots\" content=\"index, follow, max-snippet:-1, max-image-preview:large, max-video-preview:-1\" \/>\n<link rel=\"canonical\" href=\"https:\/\/brasilnoticias.org\/site\/prefeitura-encaminha-a-camara-projeto-para-ampliar-idade-maxima-de-veiculos-de-taxi-mototaxi-e-aplicativos\/\" \/>\n<meta property=\"og:locale\" content=\"pt_PT\" \/>\n<meta property=\"og:type\" content=\"article\" \/>\n<meta property=\"og:title\" content=\"Prefeitura encaminha \u00e0 C\u00e2mara projeto para ampliar idade m\u00e1xima de ve\u00edculos de t\u00e1xi, motot\u00e1xi e aplicativos - Brasil not\u00edcias\" \/>\n<meta property=\"og:description\" content=\"Fotos: Lucas Moura\/ Secom Reportagem: Vitor Villar\/ Secom A Prefeitura de Salvador encaminhou nesta segunda-feira (10) \u00e0 C\u00e2mara Municipal (CMS)\" \/>\n<meta property=\"og:url\" content=\"https:\/\/brasilnoticias.org\/site\/prefeitura-encaminha-a-camara-projeto-para-ampliar-idade-maxima-de-veiculos-de-taxi-mototaxi-e-aplicativos\/\" \/>\n<meta property=\"og:site_name\" content=\"Brasil not\u00edcias\" \/>\n<meta property=\"article:published_time\" content=\"2023-04-11T19:44:14+00:00\" \/>\n<meta property=\"og:image\" content=\"https:\/\/brasilnoticias.org\/site\/wp-content\/uploads\/2023\/04\/WhatsApp-Image-2023-04-10-at-18.40.01.jpeg\" \/>\n\t<meta property=\"og:image:width\" content=\"999\" \/>\n\t<meta property=\"og:image:height\" content=\"667\" \/>\n\t<meta property=\"og:image:type\" content=\"image\/jpeg\" \/>\n<meta name=\"author\" content=\"Reda\u00e7\u00e3o\" \/>\n<meta name=\"twitter:card\" content=\"summary_large_image\" \/>\n<meta name=\"twitter:label1\" content=\"Escrito por\" \/>\n\t<meta name=\"twitter:data1\" content=\"Reda\u00e7\u00e3o\" \/>\n<script type=\"application\/ld+json\" class=\"yoast-schema-graph\">{\"@context\":\"https:\/\/schema.org\",\"@graph\":[{\"@type\":\"Article\",\"@id\":\"https:\/\/brasilnoticias.org\/site\/prefeitura-encaminha-a-camara-projeto-para-ampliar-idade-maxima-de-veiculos-de-taxi-mototaxi-e-aplicativos\/#article\",\"isPartOf\":{\"@id\":\"https:\/\/brasilnoticias.org\/site\/prefeitura-encaminha-a-camara-projeto-para-ampliar-idade-maxima-de-veiculos-de-taxi-mototaxi-e-aplicativos\/\"},\"author\":{\"name\":\"Reda\u00e7\u00e3o\",\"@id\":\"https:\/\/brasilnoticias.org\/site\/#\/schema\/person\/a0e05b973ec4d15c658d51911e53507b\"},\"headline\":\"Prefeitura encaminha \u00e0 C\u00e2mara projeto para ampliar idade m\u00e1xima de ve\u00edculos de t\u00e1xi, motot\u00e1xi e aplicativos\",\"datePublished\":\"2023-04-11T19:44:14+00:00\",\"mainEntityOfPage\":{\"@id\":\"https:\/\/brasilnoticias.org\/site\/prefeitura-encaminha-a-camara-projeto-para-ampliar-idade-maxima-de-veiculos-de-taxi-mototaxi-e-aplicativos\/\"},\"wordCount\":539,\"commentCount\":0,\"publisher\":{\"@id\":\"https:\/\/brasilnoticias.org\/site\/#organization\"},\"image\":{\"@id\":\"https:\/\/brasilnoticias.org\/site\/prefeitura-encaminha-a-camara-projeto-para-ampliar-idade-maxima-de-veiculos-de-taxi-mototaxi-e-aplicativos\/#primaryimage\"},\"thumbnailUrl\":\"https:\/\/brasilnoticias.org\/site\/wp-content\/uploads\/2023\/04\/WhatsApp-Image-2023-04-10-at-18.40.01.jpeg\",\"articleSection\":[\"Not\u00edcias\",\"\u00daltimas\"],\"inLanguage\":\"pt-PT\",\"potentialAction\":[{\"@type\":\"CommentAction\",\"name\":\"Comment\",\"target\":[\"https:\/\/brasilnoticias.org\/site\/prefeitura-encaminha-a-camara-projeto-para-ampliar-idade-maxima-de-veiculos-de-taxi-mototaxi-e-aplicativos\/#respond\"]}]},{\"@type\":\"WebPage\",\"@id\":\"https:\/\/brasilnoticias.org\/site\/prefeitura-encaminha-a-camara-projeto-para-ampliar-idade-maxima-de-veiculos-de-taxi-mototaxi-e-aplicativos\/\",\"url\":\"https:\/\/brasilnoticias.org\/site\/prefeitura-encaminha-a-camara-projeto-para-ampliar-idade-maxima-de-veiculos-de-taxi-mototaxi-e-aplicativos\/\",\"name\":\"Prefeitura encaminha \u00e0 C\u00e2mara projeto para ampliar idade m\u00e1xima de ve\u00edculos de t\u00e1xi, motot\u00e1xi e aplicativos - Brasil not\u00edcias\",\"isPartOf\":{\"@id\":\"https:\/\/brasilnoticias.org\/site\/#website\"},\"primaryImageOfPage\":{\"@id\":\"https:\/\/brasilnoticias.org\/site\/prefeitura-encaminha-a-camara-projeto-para-ampliar-idade-maxima-de-veiculos-de-taxi-mototaxi-e-aplicativos\/#primaryimage\"},\"image\":{\"@id\":\"https:\/\/brasilnoticias.org\/site\/prefeitura-encaminha-a-camara-projeto-para-ampliar-idade-maxima-de-veiculos-de-taxi-mototaxi-e-aplicativos\/#primaryimage\"},\"thumbnailUrl\":\"https:\/\/brasilnoticias.org\/site\/wp-content\/uploads\/2023\/04\/WhatsApp-Image-2023-04-10-at-18.40.01.jpeg\",\"datePublished\":\"2023-04-11T19:44:14+00:00\",\"breadcrumb\":{\"@id\":\"https:\/\/brasilnoticias.org\/site\/prefeitura-encaminha-a-camara-projeto-para-ampliar-idade-maxima-de-veiculos-de-taxi-mototaxi-e-aplicativos\/#breadcrumb\"},\"inLanguage\":\"pt-PT\",\"potentialAction\":[{\"@type\":\"ReadAction\",\"target\":[\"https:\/\/brasilnoticias.org\/site\/prefeitura-encaminha-a-camara-projeto-para-ampliar-idade-maxima-de-veiculos-de-taxi-mototaxi-e-aplicativos\/\"]}]},{\"@type\":\"ImageObject\",\"inLanguage\":\"pt-PT\",\"@id\":\"https:\/\/brasilnoticias.org\/site\/prefeitura-encaminha-a-camara-projeto-para-ampliar-idade-maxima-de-veiculos-de-taxi-mototaxi-e-aplicativos\/#primaryimage\",\"url\":\"https:\/\/brasilnoticias.org\/site\/wp-content\/uploads\/2023\/04\/WhatsApp-Image-2023-04-10-at-18.40.01.jpeg\",\"contentUrl\":\"https:\/\/brasilnoticias.org\/site\/wp-content\/uploads\/2023\/04\/WhatsApp-Image-2023-04-10-at-18.40.01.jpeg\",\"width\":999,\"height\":667},{\"@type\":\"BreadcrumbList\",\"@id\":\"https:\/\/brasilnoticias.org\/site\/prefeitura-encaminha-a-camara-projeto-para-ampliar-idade-maxima-de-veiculos-de-taxi-mototaxi-e-aplicativos\/#breadcrumb\",\"itemListElement\":[{\"@type\":\"ListItem\",\"position\":1,\"name\":\"In\u00edcio\",\"item\":\"https:\/\/brasilnoticias.org\/site\/\"},{\"@type\":\"ListItem\",\"position\":2,\"name\":\"Prefeitura encaminha \u00e0 C\u00e2mara projeto para ampliar idade m\u00e1xima de ve\u00edculos de t\u00e1xi, motot\u00e1xi e aplicativos\"}]},{\"@type\":\"WebSite\",\"@id\":\"https:\/\/brasilnoticias.org\/site\/#website\",\"url\":\"https:\/\/brasilnoticias.org\/site\/\",\"name\":\"Brasil not\u00edcias\",\"description\":\"Brasil not\u00edcias\",\"publisher\":{\"@id\":\"https:\/\/brasilnoticias.org\/site\/#organization\"},\"potentialAction\":[{\"@type\":\"SearchAction\",\"target\":{\"@type\":\"EntryPoint\",\"urlTemplate\":\"https:\/\/brasilnoticias.org\/site\/?s={search_term_string}\"},\"query-input\":{\"@type\":\"PropertyValueSpecification\",\"valueRequired\":true,\"valueName\":\"search_term_string\"}}],\"inLanguage\":\"pt-PT\"},{\"@type\":\"Organization\",\"@id\":\"https:\/\/brasilnoticias.org\/site\/#organization\",\"name\":\"Brasil not\u00edcias\",\"url\":\"https:\/\/brasilnoticias.org\/site\/\",\"logo\":{\"@type\":\"ImageObject\",\"inLanguage\":\"pt-PT\",\"@id\":\"https:\/\/brasilnoticias.org\/site\/#\/schema\/logo\/image\/\",\"url\":\"https:\/\/brasilnoticias.org\/site\/wp-content\/uploads\/2022\/05\/cropped-brasilnoticias-mini.jpg\",\"contentUrl\":\"https:\/\/brasilnoticias.org\/site\/wp-content\/uploads\/2022\/05\/cropped-brasilnoticias-mini.jpg\",\"width\":314,\"height\":86,\"caption\":\"Brasil not\u00edcias\"},\"image\":{\"@id\":\"https:\/\/brasilnoticias.org\/site\/#\/schema\/logo\/image\/\"}},{\"@type\":\"Person\",\"@id\":\"https:\/\/brasilnoticias.org\/site\/#\/schema\/person\/a0e05b973ec4d15c658d51911e53507b\",\"name\":\"Reda\u00e7\u00e3o\",\"image\":{\"@type\":\"ImageObject\",\"inLanguage\":\"pt-PT\",\"@id\":\"https:\/\/brasilnoticias.org\/site\/#\/schema\/person\/image\/\",\"url\":\"https:\/\/secure.gravatar.com\/avatar\/75d8b050df2de108b08ae78dfb8e374892df24a383c67db9c46a9c604f6aee9c?s=96&d=mm&r=g\",\"contentUrl\":\"https:\/\/secure.gravatar.com\/avatar\/75d8b050df2de108b08ae78dfb8e374892df24a383c67db9c46a9c604f6aee9c?s=96&d=mm&r=g\",\"caption\":\"Reda\u00e7\u00e3o\"},\"sameAs\":[\"https:\/\/brasilnoticias.org\/site\"],\"url\":\"https:\/\/brasilnoticias.org\/site\/author\/fernandozsngmail-com\/\"}]}<\/script>\n<!-- \/ Yoast SEO plugin. -->","yoast_head_json":{"title":"Prefeitura encaminha \u00e0 C\u00e2mara projeto para ampliar idade m\u00e1xima de ve\u00edculos de t\u00e1xi, motot\u00e1xi e aplicativos - Brasil not\u00edcias","robots":{"index":"index","follow":"follow","max-snippet":"max-snippet:-1","max-image-preview":"max-image-preview:large","max-video-preview":"max-video-preview:-1"},"canonical":"https:\/\/brasilnoticias.org\/site\/prefeitura-encaminha-a-camara-projeto-para-ampliar-idade-maxima-de-veiculos-de-taxi-mototaxi-e-aplicativos\/","og_locale":"pt_PT","og_type":"article","og_title":"Prefeitura encaminha \u00e0 C\u00e2mara projeto para ampliar idade m\u00e1xima de ve\u00edculos de t\u00e1xi, motot\u00e1xi e aplicativos - Brasil not\u00edcias","og_description":"Fotos: Lucas Moura\/ Secom Reportagem: Vitor Villar\/ Secom A Prefeitura de Salvador encaminhou nesta segunda-feira (10) \u00e0 C\u00e2mara Municipal (CMS)","og_url":"https:\/\/brasilnoticias.org\/site\/prefeitura-encaminha-a-camara-projeto-para-ampliar-idade-maxima-de-veiculos-de-taxi-mototaxi-e-aplicativos\/","og_site_name":"Brasil not\u00edcias","article_published_time":"2023-04-11T19:44:14+00:00","og_image":[{"width":999,"height":667,"url":"https:\/\/brasilnoticias.org\/site\/wp-content\/uploads\/2023\/04\/WhatsApp-Image-2023-04-10-at-18.40.01.jpeg","type":"image\/jpeg"}],"author":"Reda\u00e7\u00e3o","twitter_card":"summary_large_image","twitter_misc":{"Escrito por":"Reda\u00e7\u00e3o"},"schema":{"@context":"https:\/\/schema.org","@graph":[{"@type":"Article","@id":"https:\/\/brasilnoticias.org\/site\/prefeitura-encaminha-a-camara-projeto-para-ampliar-idade-maxima-de-veiculos-de-taxi-mototaxi-e-aplicativos\/#article","isPartOf":{"@id":"https:\/\/brasilnoticias.org\/site\/prefeitura-encaminha-a-camara-projeto-para-ampliar-idade-maxima-de-veiculos-de-taxi-mototaxi-e-aplicativos\/"},"author":{"name":"Reda\u00e7\u00e3o","@id":"https:\/\/brasilnoticias.org\/site\/#\/schema\/person\/a0e05b973ec4d15c658d51911e53507b"},"headline":"Prefeitura encaminha \u00e0 C\u00e2mara projeto para ampliar idade m\u00e1xima de ve\u00edculos de t\u00e1xi, motot\u00e1xi e aplicativos","datePublished":"2023-04-11T19:44:14+00:00","mainEntityOfPage":{"@id":"https:\/\/brasilnoticias.org\/site\/prefeitura-encaminha-a-camara-projeto-para-ampliar-idade-maxima-de-veiculos-de-taxi-mototaxi-e-aplicativos\/"},"wordCount":539,"commentCount":0,"publisher":{"@id":"https:\/\/brasilnoticias.org\/site\/#organization"},"image":{"@id":"https:\/\/brasilnoticias.org\/site\/prefeitura-encaminha-a-camara-projeto-para-ampliar-idade-maxima-de-veiculos-de-taxi-mototaxi-e-aplicativos\/#primaryimage"},"thumbnailUrl":"https:\/\/brasilnoticias.org\/site\/wp-content\/uploads\/2023\/04\/WhatsApp-Image-2023-04-10-at-18.40.01.jpeg","articleSection":["Not\u00edcias","\u00daltimas"],"inLanguage":"pt-PT","potentialAction":[{"@type":"CommentAction","name":"Comment","target":["https:\/\/brasilnoticias.org\/site\/prefeitura-encaminha-a-camara-projeto-para-ampliar-idade-maxima-de-veiculos-de-taxi-mototaxi-e-aplicativos\/#respond"]}]},{"@type":"WebPage","@id":"https:\/\/brasilnoticias.org\/site\/prefeitura-encaminha-a-camara-projeto-para-ampliar-idade-maxima-de-veiculos-de-taxi-mototaxi-e-aplicativos\/","url":"https:\/\/brasilnoticias.org\/site\/prefeitura-encaminha-a-camara-projeto-para-ampliar-idade-maxima-de-veiculos-de-taxi-mototaxi-e-aplicativos\/","name":"Prefeitura encaminha \u00e0 C\u00e2mara projeto para ampliar idade m\u00e1xima de ve\u00edculos de t\u00e1xi, motot\u00e1xi e aplicativos - Brasil not\u00edcias","isPartOf":{"@id":"https:\/\/brasilnoticias.org\/site\/#website"},"primaryImageOfPage":{"@id":"https:\/\/brasilnoticias.org\/site\/prefeitura-encaminha-a-camara-projeto-para-ampliar-idade-maxima-de-veiculos-de-taxi-mototaxi-e-aplicativos\/#primaryimage"},"image":{"@id":"https:\/\/brasilnoticias.org\/site\/prefeitura-encaminha-a-camara-projeto-para-ampliar-idade-maxima-de-veiculos-de-taxi-mototaxi-e-aplicativos\/#primaryimage"},"thumbnailUrl":"https:\/\/brasilnoticias.org\/site\/wp-content\/uploads\/2023\/04\/WhatsApp-Image-2023-04-10-at-18.40.01.jpeg","datePublished":"2023-04-11T19:44:14+00:00","breadcrumb":{"@id":"https:\/\/brasilnoticias.org\/site\/prefeitura-encaminha-a-camara-projeto-para-ampliar-idade-maxima-de-veiculos-de-taxi-mototaxi-e-aplicativos\/#breadcrumb"},"inLanguage":"pt-PT","potentialAction":[{"@type":"ReadAction","target":["https:\/\/brasilnoticias.org\/site\/prefeitura-encaminha-a-camara-projeto-para-ampliar-idade-maxima-de-veiculos-de-taxi-mototaxi-e-aplicativos\/"]}]},{"@type":"ImageObject","inLanguage":"pt-PT","@id":"https:\/\/brasilnoticias.org\/site\/prefeitura-encaminha-a-camara-projeto-para-ampliar-idade-maxima-de-veiculos-de-taxi-mototaxi-e-aplicativos\/#primaryimage","url":"https:\/\/brasilnoticias.org\/site\/wp-content\/uploads\/2023\/04\/WhatsApp-Image-2023-04-10-at-18.40.01.jpeg","contentUrl":"https:\/\/brasilnoticias.org\/site\/wp-content\/uploads\/2023\/04\/WhatsApp-Image-2023-04-10-at-18.40.01.jpeg","width":999,"height":667},{"@type":"BreadcrumbList","@id":"https:\/\/brasilnoticias.org\/site\/prefeitura-encaminha-a-camara-projeto-para-ampliar-idade-maxima-de-veiculos-de-taxi-mototaxi-e-aplicativos\/#breadcrumb","itemListElement":[{"@type":"ListItem","position":1,"name":"In\u00edcio","item":"https:\/\/brasilnoticias.org\/site\/"},{"@type":"ListItem","position":2,"name":"Prefeitura encaminha \u00e0 C\u00e2mara projeto para ampliar idade m\u00e1xima de ve\u00edculos de t\u00e1xi, motot\u00e1xi e aplicativos"}]},{"@type":"WebSite","@id":"https:\/\/brasilnoticias.org\/site\/#website","url":"https:\/\/brasilnoticias.org\/site\/","name":"Brasil not\u00edcias","description":"Brasil not\u00edcias","publisher":{"@id":"https:\/\/brasilnoticias.org\/site\/#organization"},"potentialAction":[{"@type":"SearchAction","target":{"@type":"EntryPoint","urlTemplate":"https:\/\/brasilnoticias.org\/site\/?s={search_term_string}"},"query-input":{"@type":"PropertyValueSpecification","valueRequired":true,"valueName":"search_term_string"}}],"inLanguage":"pt-PT"},{"@type":"Organization","@id":"https:\/\/brasilnoticias.org\/site\/#organization","name":"Brasil not\u00edcias","url":"https:\/\/brasilnoticias.org\/site\/","logo":{"@type":"ImageObject","inLanguage":"pt-PT","@id":"https:\/\/brasilnoticias.org\/site\/#\/schema\/logo\/image\/","url":"https:\/\/brasilnoticias.org\/site\/wp-content\/uploads\/2022\/05\/cropped-brasilnoticias-mini.jpg","contentUrl":"https:\/\/brasilnoticias.org\/site\/wp-content\/uploads\/2022\/05\/cropped-brasilnoticias-mini.jpg","width":314,"height":86,"caption":"Brasil not\u00edcias"},"image":{"@id":"https:\/\/brasilnoticias.org\/site\/#\/schema\/logo\/image\/"}},{"@type":"Person","@id":"https:\/\/brasilnoticias.org\/site\/#\/schema\/person\/a0e05b973ec4d15c658d51911e53507b","name":"Reda\u00e7\u00e3o","image":{"@type":"ImageObject","inLanguage":"pt-PT","@id":"https:\/\/brasilnoticias.org\/site\/#\/schema\/person\/image\/","url":"https:\/\/secure.gravatar.com\/avatar\/75d8b050df2de108b08ae78dfb8e374892df24a383c67db9c46a9c604f6aee9c?s=96&d=mm&r=g","contentUrl":"https:\/\/secure.gravatar.com\/avatar\/75d8b050df2de108b08ae78dfb8e374892df24a383c67db9c46a9c604f6aee9c?s=96&d=mm&r=g","caption":"Reda\u00e7\u00e3o"},"sameAs":["https:\/\/brasilnoticias.org\/site"],"url":"https:\/\/brasilnoticias.org\/site\/author\/fernandozsngmail-com\/"}]}},"_links":{"self":[{"href":"https:\/\/brasilnoticias.org\/site\/wp-json\/wp\/v2\/posts\/5334","targetHints":{"allow":["GET"]}}],"collection":[{"href":"https:\/\/brasilnoticias.org\/site\/wp-json\/wp\/v2\/posts"}],"about":[{"href":"https:\/\/brasilnoticias.org\/site\/wp-json\/wp\/v2\/types\/post"}],"author":[{"embeddable":true,"href":"https:\/\/brasilnoticias.org\/site\/wp-json\/wp\/v2\/users\/1"}],"replies":[{"embeddable":true,"href":"https:\/\/brasilnoticias.org\/site\/wp-json\/wp\/v2\/comments?post=5334"}],"version-history":[{"count":1,"href":"https:\/\/brasilnoticias.org\/site\/wp-json\/wp\/v2\/posts\/5334\/revisions"}],"predecessor-version":[{"id":5336,"href":"https:\/\/brasilnoticias.org\/site\/wp-json\/wp\/v2\/posts\/5334\/revisions\/5336"}],"wp:featuredmedia":[{"embeddable":true,"href":"https:\/\/brasilnoticias.org\/site\/wp-json\/wp\/v2\/media\/5335"}],"wp:attachment":[{"href":"https:\/\/brasilnoticias.org\/site\/wp-json\/wp\/v2\/media?parent=5334"}],"wp:term":[{"taxonomy":"category","embeddable":true,"href":"https:\/\/brasilnoticias.org\/site\/wp-json\/wp\/v2\/categories?post=5334"},{"taxonomy":"post_tag","embeddable":true,"href":"https:\/\/brasilnoticias.org\/site\/wp-json\/wp\/v2\/tags?post=5334"}],"curies":[{"name":"wp","href":"https:\/\/api.w.org\/{rel}","templated":true}]}}