{"id":5349,"date":"2023-04-12T06:39:24","date_gmt":"2023-04-12T09:39:24","guid":{"rendered":"https:\/\/brasilnoticias.org\/site\/?p=5349"},"modified":"2023-04-12T06:39:24","modified_gmt":"2023-04-12T09:39:24","slug":"bahia-adolescentes-que-publicaram-ameacas-de-ataques-sao-capturados-pela-policia","status":"publish","type":"post","link":"https:\/\/brasilnoticias.org\/site\/bahia-adolescentes-que-publicaram-ameacas-de-ataques-sao-capturados-pela-policia\/","title":{"rendered":"Bahia: Adolescentes que publicaram amea\u00e7as de ataques s\u00e3o capturados pela pol\u00edcia"},"content":{"rendered":"<p>Um adolescente que gravou mensagens amea\u00e7adoras para estudantes do distrito de Jo\u00e3o Amaro foi capturado nesta ter\u00e7a-feira (11) por policiais da Delegacia Territorial (DT) de Ia\u00e7u, na Chapada Diamantina.<\/p>\n<p>O garoto, de 16 anos, tamb\u00e9m teve o notebook apreendido. O titular da DT\/Ia\u00e7u, delegado Thiago Costa, explicou que ser\u00e1 solicitada uma autoriza\u00e7\u00e3o judicial para ter acesso ao conte\u00fado do aparelho e esclarece que as investiga\u00e7\u00f5es continuar\u00e3o.<\/p>\n<p>J\u00e1 em Maiquinique, um adolescente de 15 anos foi encaminhado \u00e0 unidade policial, ap\u00f3s publicar mensagens em uma rede social. A conta foi interceptada inicialmente pelo Minist\u00e9rio da Justi\u00e7a, e encaminhada para a Coordena\u00e7\u00e3o de Intelig\u00eancia Cibern\u00e9tica (Cyberlab). Depois da apura\u00e7\u00e3o da DT\/Maiquinique, foi solicitada a busca no im\u00f3vel e apreendido um celular e uma m\u00e1scara.<\/p>\n<p>No munic\u00edpio de Paratinga, um garoto de 16 anos criou um perfil e publicou mensagens amea\u00e7ando um ataque a mais uma institui\u00e7\u00e3o de ensino. Ele foi identificado a partir das investiga\u00e7\u00f5es e encaminhado \u00e0 DT para prestar esclarecimentos.<\/p>\n<p>Equipes do Departamento de Pol\u00edcia do Interior (Depin) tem contado com o apoio da Cyberlab e do Departamento de Intelig\u00eancia Policial (DIP) para prevenir e reprimir ataques \u00e0s institui\u00e7\u00f5es de ensino, integrando a Opera\u00e7\u00e3o Escola Segura, deflagrada pelo Minist\u00e9rio da Justi\u00e7a e Seguran\u00e7a P\u00fablica (MJSP), por meio da Secretaria Nacional de Seguran\u00e7a P\u00fablica (Senasp).<\/p>\n<p>Ascom-PC\/Divulga\u00e7\u00e3o<br \/>\n    BNews<\/p>\n","protected":false},"excerpt":{"rendered":"<p>Um adolescente que gravou mensagens amea\u00e7adoras para estudantes do distrito de Jo\u00e3o Amaro foi capturado nesta ter\u00e7a-feira (11) por policiais<\/p>\n","protected":false},"author":1,"featured_media":5350,"comment_status":"open","ping_status":"open","sticky":false,"template":"","format":"standard","meta":{"colormag_page_container_layout":"default_layout","colormag_page_sidebar_layout":"default_layout","_FSMCFIC_featured_image_caption":"","_FSMCFIC_featured_image_nocaption":"","_FSMCFIC_featured_image_hide":"","footnotes":""},"categories":[3,1],"tags":[],"class_list":["post-5349","post","type-post","status-publish","format-standard","has-post-thumbnail","hentry","category-policia","category-ultimas"],"yoast_head":"<!-- This site is optimized with the Yoast SEO plugin v27.1.1 - https:\/\/yoast.com\/product\/yoast-seo-wordpress\/ -->\n<title>Bahia: Adolescentes que publicaram amea\u00e7as de ataques s\u00e3o capturados pela pol\u00edcia - Brasil not\u00edcias<\/title>\n<meta name=\"robots\" content=\"index, follow, max-snippet:-1, max-image-preview:large, max-video-preview:-1\" \/>\n<link rel=\"canonical\" href=\"https:\/\/brasilnoticias.org\/site\/bahia-adolescentes-que-publicaram-ameacas-de-ataques-sao-capturados-pela-policia\/\" \/>\n<meta property=\"og:locale\" content=\"pt_PT\" \/>\n<meta property=\"og:type\" content=\"article\" \/>\n<meta property=\"og:title\" content=\"Bahia: Adolescentes que publicaram amea\u00e7as de ataques s\u00e3o capturados pela pol\u00edcia - Brasil not\u00edcias\" \/>\n<meta property=\"og:description\" content=\"Um adolescente que gravou mensagens amea\u00e7adoras para estudantes do distrito de Jo\u00e3o Amaro foi capturado nesta ter\u00e7a-feira (11) por policiais\" \/>\n<meta property=\"og:url\" content=\"https:\/\/brasilnoticias.org\/site\/bahia-adolescentes-que-publicaram-ameacas-de-ataques-sao-capturados-pela-policia\/\" \/>\n<meta property=\"og:site_name\" content=\"Brasil not\u00edcias\" \/>\n<meta property=\"article:published_time\" content=\"2023-04-12T09:39:24+00:00\" \/>\n<meta property=\"og:image\" content=\"https:\/\/brasilnoticias.org\/site\/wp-content\/uploads\/2023\/04\/whatsapp_image_2023-04-11_at_17.52.01_widelg.jpeg\" \/>\n\t<meta property=\"og:image:width\" content=\"800\" \/>\n\t<meta property=\"og:image:height\" content=\"450\" \/>\n\t<meta property=\"og:image:type\" content=\"image\/jpeg\" \/>\n<meta name=\"author\" content=\"Reda\u00e7\u00e3o\" \/>\n<meta name=\"twitter:card\" content=\"summary_large_image\" \/>\n<meta name=\"twitter:label1\" content=\"Escrito por\" \/>\n\t<meta name=\"twitter:data1\" content=\"Reda\u00e7\u00e3o\" \/>\n<script type=\"application\/ld+json\" class=\"yoast-schema-graph\">{\"@context\":\"https:\/\/schema.org\",\"@graph\":[{\"@type\":\"Article\",\"@id\":\"https:\/\/brasilnoticias.org\/site\/bahia-adolescentes-que-publicaram-ameacas-de-ataques-sao-capturados-pela-policia\/#article\",\"isPartOf\":{\"@id\":\"https:\/\/brasilnoticias.org\/site\/bahia-adolescentes-que-publicaram-ameacas-de-ataques-sao-capturados-pela-policia\/\"},\"author\":{\"name\":\"Reda\u00e7\u00e3o\",\"@id\":\"https:\/\/brasilnoticias.org\/site\/#\/schema\/person\/a0e05b973ec4d15c658d51911e53507b\"},\"headline\":\"Bahia: Adolescentes que publicaram amea\u00e7as de ataques s\u00e3o capturados pela pol\u00edcia\",\"datePublished\":\"2023-04-12T09:39:24+00:00\",\"mainEntityOfPage\":{\"@id\":\"https:\/\/brasilnoticias.org\/site\/bahia-adolescentes-que-publicaram-ameacas-de-ataques-sao-capturados-pela-policia\/\"},\"wordCount\":261,\"commentCount\":0,\"publisher\":{\"@id\":\"https:\/\/brasilnoticias.org\/site\/#organization\"},\"image\":{\"@id\":\"https:\/\/brasilnoticias.org\/site\/bahia-adolescentes-que-publicaram-ameacas-de-ataques-sao-capturados-pela-policia\/#primaryimage\"},\"thumbnailUrl\":\"https:\/\/brasilnoticias.org\/site\/wp-content\/uploads\/2023\/04\/whatsapp_image_2023-04-11_at_17.52.01_widelg.jpeg\",\"articleSection\":[\"Pol\u00edcia\",\"\u00daltimas\"],\"inLanguage\":\"pt-PT\",\"potentialAction\":[{\"@type\":\"CommentAction\",\"name\":\"Comment\",\"target\":[\"https:\/\/brasilnoticias.org\/site\/bahia-adolescentes-que-publicaram-ameacas-de-ataques-sao-capturados-pela-policia\/#respond\"]}]},{\"@type\":\"WebPage\",\"@id\":\"https:\/\/brasilnoticias.org\/site\/bahia-adolescentes-que-publicaram-ameacas-de-ataques-sao-capturados-pela-policia\/\",\"url\":\"https:\/\/brasilnoticias.org\/site\/bahia-adolescentes-que-publicaram-ameacas-de-ataques-sao-capturados-pela-policia\/\",\"name\":\"Bahia: Adolescentes que publicaram amea\u00e7as de ataques s\u00e3o capturados pela pol\u00edcia - Brasil not\u00edcias\",\"isPartOf\":{\"@id\":\"https:\/\/brasilnoticias.org\/site\/#website\"},\"primaryImageOfPage\":{\"@id\":\"https:\/\/brasilnoticias.org\/site\/bahia-adolescentes-que-publicaram-ameacas-de-ataques-sao-capturados-pela-policia\/#primaryimage\"},\"image\":{\"@id\":\"https:\/\/brasilnoticias.org\/site\/bahia-adolescentes-que-publicaram-ameacas-de-ataques-sao-capturados-pela-policia\/#primaryimage\"},\"thumbnailUrl\":\"https:\/\/brasilnoticias.org\/site\/wp-content\/uploads\/2023\/04\/whatsapp_image_2023-04-11_at_17.52.01_widelg.jpeg\",\"datePublished\":\"2023-04-12T09:39:24+00:00\",\"breadcrumb\":{\"@id\":\"https:\/\/brasilnoticias.org\/site\/bahia-adolescentes-que-publicaram-ameacas-de-ataques-sao-capturados-pela-policia\/#breadcrumb\"},\"inLanguage\":\"pt-PT\",\"potentialAction\":[{\"@type\":\"ReadAction\",\"target\":[\"https:\/\/brasilnoticias.org\/site\/bahia-adolescentes-que-publicaram-ameacas-de-ataques-sao-capturados-pela-policia\/\"]}]},{\"@type\":\"ImageObject\",\"inLanguage\":\"pt-PT\",\"@id\":\"https:\/\/brasilnoticias.org\/site\/bahia-adolescentes-que-publicaram-ameacas-de-ataques-sao-capturados-pela-policia\/#primaryimage\",\"url\":\"https:\/\/brasilnoticias.org\/site\/wp-content\/uploads\/2023\/04\/whatsapp_image_2023-04-11_at_17.52.01_widelg.jpeg\",\"contentUrl\":\"https:\/\/brasilnoticias.org\/site\/wp-content\/uploads\/2023\/04\/whatsapp_image_2023-04-11_at_17.52.01_widelg.jpeg\",\"width\":800,\"height\":450},{\"@type\":\"BreadcrumbList\",\"@id\":\"https:\/\/brasilnoticias.org\/site\/bahia-adolescentes-que-publicaram-ameacas-de-ataques-sao-capturados-pela-policia\/#breadcrumb\",\"itemListElement\":[{\"@type\":\"ListItem\",\"position\":1,\"name\":\"In\u00edcio\",\"item\":\"https:\/\/brasilnoticias.org\/site\/\"},{\"@type\":\"ListItem\",\"position\":2,\"name\":\"Bahia: Adolescentes que publicaram amea\u00e7as de ataques s\u00e3o capturados pela pol\u00edcia\"}]},{\"@type\":\"WebSite\",\"@id\":\"https:\/\/brasilnoticias.org\/site\/#website\",\"url\":\"https:\/\/brasilnoticias.org\/site\/\",\"name\":\"Brasil not\u00edcias\",\"description\":\"Brasil not\u00edcias\",\"publisher\":{\"@id\":\"https:\/\/brasilnoticias.org\/site\/#organization\"},\"potentialAction\":[{\"@type\":\"SearchAction\",\"target\":{\"@type\":\"EntryPoint\",\"urlTemplate\":\"https:\/\/brasilnoticias.org\/site\/?s={search_term_string}\"},\"query-input\":{\"@type\":\"PropertyValueSpecification\",\"valueRequired\":true,\"valueName\":\"search_term_string\"}}],\"inLanguage\":\"pt-PT\"},{\"@type\":\"Organization\",\"@id\":\"https:\/\/brasilnoticias.org\/site\/#organization\",\"name\":\"Brasil not\u00edcias\",\"url\":\"https:\/\/brasilnoticias.org\/site\/\",\"logo\":{\"@type\":\"ImageObject\",\"inLanguage\":\"pt-PT\",\"@id\":\"https:\/\/brasilnoticias.org\/site\/#\/schema\/logo\/image\/\",\"url\":\"https:\/\/brasilnoticias.org\/site\/wp-content\/uploads\/2022\/05\/cropped-brasilnoticias-mini.jpg\",\"contentUrl\":\"https:\/\/brasilnoticias.org\/site\/wp-content\/uploads\/2022\/05\/cropped-brasilnoticias-mini.jpg\",\"width\":314,\"height\":86,\"caption\":\"Brasil not\u00edcias\"},\"image\":{\"@id\":\"https:\/\/brasilnoticias.org\/site\/#\/schema\/logo\/image\/\"}},{\"@type\":\"Person\",\"@id\":\"https:\/\/brasilnoticias.org\/site\/#\/schema\/person\/a0e05b973ec4d15c658d51911e53507b\",\"name\":\"Reda\u00e7\u00e3o\",\"image\":{\"@type\":\"ImageObject\",\"inLanguage\":\"pt-PT\",\"@id\":\"https:\/\/brasilnoticias.org\/site\/#\/schema\/person\/image\/\",\"url\":\"https:\/\/secure.gravatar.com\/avatar\/75d8b050df2de108b08ae78dfb8e374892df24a383c67db9c46a9c604f6aee9c?s=96&d=mm&r=g\",\"contentUrl\":\"https:\/\/secure.gravatar.com\/avatar\/75d8b050df2de108b08ae78dfb8e374892df24a383c67db9c46a9c604f6aee9c?s=96&d=mm&r=g\",\"caption\":\"Reda\u00e7\u00e3o\"},\"sameAs\":[\"https:\/\/brasilnoticias.org\/site\"],\"url\":\"https:\/\/brasilnoticias.org\/site\/author\/fernandozsngmail-com\/\"}]}<\/script>\n<!-- \/ Yoast SEO plugin. -->","yoast_head_json":{"title":"Bahia: Adolescentes que publicaram amea\u00e7as de ataques s\u00e3o capturados pela pol\u00edcia - Brasil not\u00edcias","robots":{"index":"index","follow":"follow","max-snippet":"max-snippet:-1","max-image-preview":"max-image-preview:large","max-video-preview":"max-video-preview:-1"},"canonical":"https:\/\/brasilnoticias.org\/site\/bahia-adolescentes-que-publicaram-ameacas-de-ataques-sao-capturados-pela-policia\/","og_locale":"pt_PT","og_type":"article","og_title":"Bahia: Adolescentes que publicaram amea\u00e7as de ataques s\u00e3o capturados pela pol\u00edcia - Brasil not\u00edcias","og_description":"Um adolescente que gravou mensagens amea\u00e7adoras para estudantes do distrito de Jo\u00e3o Amaro foi capturado nesta ter\u00e7a-feira (11) por policiais","og_url":"https:\/\/brasilnoticias.org\/site\/bahia-adolescentes-que-publicaram-ameacas-de-ataques-sao-capturados-pela-policia\/","og_site_name":"Brasil not\u00edcias","article_published_time":"2023-04-12T09:39:24+00:00","og_image":[{"width":800,"height":450,"url":"https:\/\/brasilnoticias.org\/site\/wp-content\/uploads\/2023\/04\/whatsapp_image_2023-04-11_at_17.52.01_widelg.jpeg","type":"image\/jpeg"}],"author":"Reda\u00e7\u00e3o","twitter_card":"summary_large_image","twitter_misc":{"Escrito por":"Reda\u00e7\u00e3o"},"schema":{"@context":"https:\/\/schema.org","@graph":[{"@type":"Article","@id":"https:\/\/brasilnoticias.org\/site\/bahia-adolescentes-que-publicaram-ameacas-de-ataques-sao-capturados-pela-policia\/#article","isPartOf":{"@id":"https:\/\/brasilnoticias.org\/site\/bahia-adolescentes-que-publicaram-ameacas-de-ataques-sao-capturados-pela-policia\/"},"author":{"name":"Reda\u00e7\u00e3o","@id":"https:\/\/brasilnoticias.org\/site\/#\/schema\/person\/a0e05b973ec4d15c658d51911e53507b"},"headline":"Bahia: Adolescentes que publicaram amea\u00e7as de ataques s\u00e3o capturados pela pol\u00edcia","datePublished":"2023-04-12T09:39:24+00:00","mainEntityOfPage":{"@id":"https:\/\/brasilnoticias.org\/site\/bahia-adolescentes-que-publicaram-ameacas-de-ataques-sao-capturados-pela-policia\/"},"wordCount":261,"commentCount":0,"publisher":{"@id":"https:\/\/brasilnoticias.org\/site\/#organization"},"image":{"@id":"https:\/\/brasilnoticias.org\/site\/bahia-adolescentes-que-publicaram-ameacas-de-ataques-sao-capturados-pela-policia\/#primaryimage"},"thumbnailUrl":"https:\/\/brasilnoticias.org\/site\/wp-content\/uploads\/2023\/04\/whatsapp_image_2023-04-11_at_17.52.01_widelg.jpeg","articleSection":["Pol\u00edcia","\u00daltimas"],"inLanguage":"pt-PT","potentialAction":[{"@type":"CommentAction","name":"Comment","target":["https:\/\/brasilnoticias.org\/site\/bahia-adolescentes-que-publicaram-ameacas-de-ataques-sao-capturados-pela-policia\/#respond"]}]},{"@type":"WebPage","@id":"https:\/\/brasilnoticias.org\/site\/bahia-adolescentes-que-publicaram-ameacas-de-ataques-sao-capturados-pela-policia\/","url":"https:\/\/brasilnoticias.org\/site\/bahia-adolescentes-que-publicaram-ameacas-de-ataques-sao-capturados-pela-policia\/","name":"Bahia: Adolescentes que publicaram amea\u00e7as de ataques s\u00e3o capturados pela pol\u00edcia - Brasil not\u00edcias","isPartOf":{"@id":"https:\/\/brasilnoticias.org\/site\/#website"},"primaryImageOfPage":{"@id":"https:\/\/brasilnoticias.org\/site\/bahia-adolescentes-que-publicaram-ameacas-de-ataques-sao-capturados-pela-policia\/#primaryimage"},"image":{"@id":"https:\/\/brasilnoticias.org\/site\/bahia-adolescentes-que-publicaram-ameacas-de-ataques-sao-capturados-pela-policia\/#primaryimage"},"thumbnailUrl":"https:\/\/brasilnoticias.org\/site\/wp-content\/uploads\/2023\/04\/whatsapp_image_2023-04-11_at_17.52.01_widelg.jpeg","datePublished":"2023-04-12T09:39:24+00:00","breadcrumb":{"@id":"https:\/\/brasilnoticias.org\/site\/bahia-adolescentes-que-publicaram-ameacas-de-ataques-sao-capturados-pela-policia\/#breadcrumb"},"inLanguage":"pt-PT","potentialAction":[{"@type":"ReadAction","target":["https:\/\/brasilnoticias.org\/site\/bahia-adolescentes-que-publicaram-ameacas-de-ataques-sao-capturados-pela-policia\/"]}]},{"@type":"ImageObject","inLanguage":"pt-PT","@id":"https:\/\/brasilnoticias.org\/site\/bahia-adolescentes-que-publicaram-ameacas-de-ataques-sao-capturados-pela-policia\/#primaryimage","url":"https:\/\/brasilnoticias.org\/site\/wp-content\/uploads\/2023\/04\/whatsapp_image_2023-04-11_at_17.52.01_widelg.jpeg","contentUrl":"https:\/\/brasilnoticias.org\/site\/wp-content\/uploads\/2023\/04\/whatsapp_image_2023-04-11_at_17.52.01_widelg.jpeg","width":800,"height":450},{"@type":"BreadcrumbList","@id":"https:\/\/brasilnoticias.org\/site\/bahia-adolescentes-que-publicaram-ameacas-de-ataques-sao-capturados-pela-policia\/#breadcrumb","itemListElement":[{"@type":"ListItem","position":1,"name":"In\u00edcio","item":"https:\/\/brasilnoticias.org\/site\/"},{"@type":"ListItem","position":2,"name":"Bahia: Adolescentes que publicaram amea\u00e7as de ataques s\u00e3o capturados pela pol\u00edcia"}]},{"@type":"WebSite","@id":"https:\/\/brasilnoticias.org\/site\/#website","url":"https:\/\/brasilnoticias.org\/site\/","name":"Brasil not\u00edcias","description":"Brasil not\u00edcias","publisher":{"@id":"https:\/\/brasilnoticias.org\/site\/#organization"},"potentialAction":[{"@type":"SearchAction","target":{"@type":"EntryPoint","urlTemplate":"https:\/\/brasilnoticias.org\/site\/?s={search_term_string}"},"query-input":{"@type":"PropertyValueSpecification","valueRequired":true,"valueName":"search_term_string"}}],"inLanguage":"pt-PT"},{"@type":"Organization","@id":"https:\/\/brasilnoticias.org\/site\/#organization","name":"Brasil not\u00edcias","url":"https:\/\/brasilnoticias.org\/site\/","logo":{"@type":"ImageObject","inLanguage":"pt-PT","@id":"https:\/\/brasilnoticias.org\/site\/#\/schema\/logo\/image\/","url":"https:\/\/brasilnoticias.org\/site\/wp-content\/uploads\/2022\/05\/cropped-brasilnoticias-mini.jpg","contentUrl":"https:\/\/brasilnoticias.org\/site\/wp-content\/uploads\/2022\/05\/cropped-brasilnoticias-mini.jpg","width":314,"height":86,"caption":"Brasil not\u00edcias"},"image":{"@id":"https:\/\/brasilnoticias.org\/site\/#\/schema\/logo\/image\/"}},{"@type":"Person","@id":"https:\/\/brasilnoticias.org\/site\/#\/schema\/person\/a0e05b973ec4d15c658d51911e53507b","name":"Reda\u00e7\u00e3o","image":{"@type":"ImageObject","inLanguage":"pt-PT","@id":"https:\/\/brasilnoticias.org\/site\/#\/schema\/person\/image\/","url":"https:\/\/secure.gravatar.com\/avatar\/75d8b050df2de108b08ae78dfb8e374892df24a383c67db9c46a9c604f6aee9c?s=96&d=mm&r=g","contentUrl":"https:\/\/secure.gravatar.com\/avatar\/75d8b050df2de108b08ae78dfb8e374892df24a383c67db9c46a9c604f6aee9c?s=96&d=mm&r=g","caption":"Reda\u00e7\u00e3o"},"sameAs":["https:\/\/brasilnoticias.org\/site"],"url":"https:\/\/brasilnoticias.org\/site\/author\/fernandozsngmail-com\/"}]}},"_links":{"self":[{"href":"https:\/\/brasilnoticias.org\/site\/wp-json\/wp\/v2\/posts\/5349","targetHints":{"allow":["GET"]}}],"collection":[{"href":"https:\/\/brasilnoticias.org\/site\/wp-json\/wp\/v2\/posts"}],"about":[{"href":"https:\/\/brasilnoticias.org\/site\/wp-json\/wp\/v2\/types\/post"}],"author":[{"embeddable":true,"href":"https:\/\/brasilnoticias.org\/site\/wp-json\/wp\/v2\/users\/1"}],"replies":[{"embeddable":true,"href":"https:\/\/brasilnoticias.org\/site\/wp-json\/wp\/v2\/comments?post=5349"}],"version-history":[{"count":1,"href":"https:\/\/brasilnoticias.org\/site\/wp-json\/wp\/v2\/posts\/5349\/revisions"}],"predecessor-version":[{"id":5351,"href":"https:\/\/brasilnoticias.org\/site\/wp-json\/wp\/v2\/posts\/5349\/revisions\/5351"}],"wp:featuredmedia":[{"embeddable":true,"href":"https:\/\/brasilnoticias.org\/site\/wp-json\/wp\/v2\/media\/5350"}],"wp:attachment":[{"href":"https:\/\/brasilnoticias.org\/site\/wp-json\/wp\/v2\/media?parent=5349"}],"wp:term":[{"taxonomy":"category","embeddable":true,"href":"https:\/\/brasilnoticias.org\/site\/wp-json\/wp\/v2\/categories?post=5349"},{"taxonomy":"post_tag","embeddable":true,"href":"https:\/\/brasilnoticias.org\/site\/wp-json\/wp\/v2\/tags?post=5349"}],"curies":[{"name":"wp","href":"https:\/\/api.w.org\/{rel}","templated":true}]}}