{"id":536,"date":"2022-05-24T13:15:00","date_gmt":"2022-05-24T16:15:00","guid":{"rendered":"https:\/\/brasilnoticias.org\/site\/?p=536"},"modified":"2022-05-24T13:15:00","modified_gmt":"2022-05-24T16:15:00","slug":"cabral-e-transferido-para-unidade-prisional-do-corpo-de-bombeiros-no-rio","status":"publish","type":"post","link":"https:\/\/brasilnoticias.org\/site\/cabral-e-transferido-para-unidade-prisional-do-corpo-de-bombeiros-no-rio\/","title":{"rendered":"CABRAL \u00c9 TRANSFERIDO PARA UNIDADE PRISIONAL DO CORPO DE BOMBEIROS NO RIO"},"content":{"rendered":"<p>O ex-governador S\u00e9rgio Cabral foi transferido ontem (23) para o Grupamento Especial Prisional (GEP) do Corpo de Bombeiros, por determina\u00e7\u00e3o da Justi\u00e7a do Rio de Janeiro. Ele estava\u00a0<a href=\"https:\/\/www.bnews.com.br\/noticias\/politica\/preso-sergio-cabral-gastou-r-15-mil-em-aplicativo-de-comida.html\" target=\"_blank\" rel=\"noopener\">preso desde 5 de maio no quartel dos bombeiros de Humait\u00e1<\/a>, na zona norte da cidade do Rio de Janeiro.<\/p>\n<p>Essa \u00e9 a terceira transfer\u00eancia do ex-governador em menos de um m\u00eas. Antes de chegar ao quartel dos bombeiros na zona sul, Cabral havia sido transferido da unidade prisional da Pol\u00edcia Militar (PM) para o complexo penitenci\u00e1rio de Gericin\u00f3 (Bangu) no dia 3 de maio, por suspeitas de que ele tinha regalias na pris\u00e3o da PM.<\/p>\n<p>A ideia inicial era que Cabral fosse direto de Gericin\u00f3 para o grupamento prisional dos bombeiros, que fica em S\u00e3o Crist\u00f3v\u00e3o, na zona norte da cidade. Segundo a Justi\u00e7a, no entanto, o comando do Corpo de Bombeiros informou que a unidade n\u00e3o teria condi\u00e7\u00f5es de acautelar Cabral devido a obras e por estar localizado em \u00e1rea de influ\u00eancia forte do tr\u00e1fico do morro da Mangueira e por fazer divisa com o pres\u00eddio Evaristo de Moraes.<\/p>\n<p>Por isso, Cabral foi levado para Humait\u00e1. Uma vistoria feita na unidade prisional dos bombeiros constatou, por\u00e9m, que o local \u00e9 adequado para preservar com cautela o ex-governador.<br \/>\nPor meio de nota, os advogados que defendem S\u00e9rgio Cabral informaram que a transfer\u00eancia contraria determina\u00e7\u00e3o do comando dos bombeiros, \u201cque justificou a impossibilidade da perman\u00eancia do ex-governador no GEP por quest\u00f5es de seguran\u00e7a\u201d, diz a nota.<\/p>\n<p>&nbsp;<\/p>\n<p>&nbsp;<\/p>\n<p>Bnews<\/p>\n","protected":false},"excerpt":{"rendered":"<p>O ex-governador S\u00e9rgio Cabral foi transferido ontem (23) para o Grupamento Especial Prisional (GEP) do Corpo de Bombeiros, por determina\u00e7\u00e3o<\/p>\n","protected":false},"author":2,"featured_media":537,"comment_status":"open","ping_status":"open","sticky":false,"template":"","format":"standard","meta":{"colormag_page_container_layout":"default_layout","colormag_page_sidebar_layout":"default_layout","_FSMCFIC_featured_image_caption":"","_FSMCFIC_featured_image_nocaption":"","_FSMCFIC_featured_image_hide":"","footnotes":""},"categories":[7,1],"tags":[],"class_list":["post-536","post","type-post","status-publish","format-standard","has-post-thumbnail","hentry","category-justica","category-ultimas"],"yoast_head":"<!-- This site is optimized with the Yoast SEO plugin v27.1.1 - https:\/\/yoast.com\/product\/yoast-seo-wordpress\/ -->\n<title>CABRAL \u00c9 TRANSFERIDO PARA UNIDADE PRISIONAL DO CORPO DE BOMBEIROS NO RIO - Brasil not\u00edcias<\/title>\n<meta name=\"robots\" content=\"index, follow, max-snippet:-1, max-image-preview:large, max-video-preview:-1\" \/>\n<link rel=\"canonical\" href=\"https:\/\/brasilnoticias.org\/site\/cabral-e-transferido-para-unidade-prisional-do-corpo-de-bombeiros-no-rio\/\" \/>\n<meta property=\"og:locale\" content=\"pt_PT\" \/>\n<meta property=\"og:type\" content=\"article\" \/>\n<meta property=\"og:title\" content=\"CABRAL \u00c9 TRANSFERIDO PARA UNIDADE PRISIONAL DO CORPO DE BOMBEIROS NO RIO - Brasil not\u00edcias\" \/>\n<meta property=\"og:description\" content=\"O ex-governador S\u00e9rgio Cabral foi transferido ontem (23) para o Grupamento Especial Prisional (GEP) do Corpo de Bombeiros, por determina\u00e7\u00e3o\" \/>\n<meta property=\"og:url\" content=\"https:\/\/brasilnoticias.org\/site\/cabral-e-transferido-para-unidade-prisional-do-corpo-de-bombeiros-no-rio\/\" \/>\n<meta property=\"og:site_name\" content=\"Brasil not\u00edcias\" \/>\n<meta property=\"article:published_time\" content=\"2022-05-24T16:15:00+00:00\" \/>\n<meta property=\"og:image\" content=\"https:\/\/brasilnoticias.org\/site\/wp-content\/uploads\/2022\/05\/sergio_cabral_0_widelg.jpg\" \/>\n\t<meta property=\"og:image:width\" content=\"800\" \/>\n\t<meta property=\"og:image:height\" content=\"450\" \/>\n\t<meta property=\"og:image:type\" content=\"image\/jpeg\" \/>\n<meta name=\"author\" content=\"Reda\u00e7\u00e3o\" \/>\n<meta name=\"twitter:card\" content=\"summary_large_image\" \/>\n<meta name=\"twitter:label1\" content=\"Escrito por\" \/>\n\t<meta name=\"twitter:data1\" content=\"Reda\u00e7\u00e3o\" \/>\n\t<meta name=\"twitter:label2\" content=\"Tempo estimado de leitura\" \/>\n\t<meta name=\"twitter:data2\" content=\"1 minuto\" \/>\n<script type=\"application\/ld+json\" class=\"yoast-schema-graph\">{\"@context\":\"https:\/\/schema.org\",\"@graph\":[{\"@type\":\"Article\",\"@id\":\"https:\/\/brasilnoticias.org\/site\/cabral-e-transferido-para-unidade-prisional-do-corpo-de-bombeiros-no-rio\/#article\",\"isPartOf\":{\"@id\":\"https:\/\/brasilnoticias.org\/site\/cabral-e-transferido-para-unidade-prisional-do-corpo-de-bombeiros-no-rio\/\"},\"author\":{\"name\":\"Reda\u00e7\u00e3o\",\"@id\":\"https:\/\/brasilnoticias.org\/site\/#\/schema\/person\/f609fa847b5314f1c8b983342f34c798\"},\"headline\":\"CABRAL \u00c9 TRANSFERIDO PARA UNIDADE PRISIONAL DO CORPO DE BOMBEIROS NO RIO\",\"datePublished\":\"2022-05-24T16:15:00+00:00\",\"mainEntityOfPage\":{\"@id\":\"https:\/\/brasilnoticias.org\/site\/cabral-e-transferido-para-unidade-prisional-do-corpo-de-bombeiros-no-rio\/\"},\"wordCount\":277,\"commentCount\":0,\"publisher\":{\"@id\":\"https:\/\/brasilnoticias.org\/site\/#organization\"},\"image\":{\"@id\":\"https:\/\/brasilnoticias.org\/site\/cabral-e-transferido-para-unidade-prisional-do-corpo-de-bombeiros-no-rio\/#primaryimage\"},\"thumbnailUrl\":\"https:\/\/brasilnoticias.org\/site\/wp-content\/uploads\/2022\/05\/sergio_cabral_0_widelg.jpg\",\"articleSection\":[\"Justi\u00e7a\",\"\u00daltimas\"],\"inLanguage\":\"pt-PT\",\"potentialAction\":[{\"@type\":\"CommentAction\",\"name\":\"Comment\",\"target\":[\"https:\/\/brasilnoticias.org\/site\/cabral-e-transferido-para-unidade-prisional-do-corpo-de-bombeiros-no-rio\/#respond\"]}]},{\"@type\":\"WebPage\",\"@id\":\"https:\/\/brasilnoticias.org\/site\/cabral-e-transferido-para-unidade-prisional-do-corpo-de-bombeiros-no-rio\/\",\"url\":\"https:\/\/brasilnoticias.org\/site\/cabral-e-transferido-para-unidade-prisional-do-corpo-de-bombeiros-no-rio\/\",\"name\":\"CABRAL \u00c9 TRANSFERIDO PARA UNIDADE PRISIONAL DO CORPO DE BOMBEIROS NO RIO - Brasil not\u00edcias\",\"isPartOf\":{\"@id\":\"https:\/\/brasilnoticias.org\/site\/#website\"},\"primaryImageOfPage\":{\"@id\":\"https:\/\/brasilnoticias.org\/site\/cabral-e-transferido-para-unidade-prisional-do-corpo-de-bombeiros-no-rio\/#primaryimage\"},\"image\":{\"@id\":\"https:\/\/brasilnoticias.org\/site\/cabral-e-transferido-para-unidade-prisional-do-corpo-de-bombeiros-no-rio\/#primaryimage\"},\"thumbnailUrl\":\"https:\/\/brasilnoticias.org\/site\/wp-content\/uploads\/2022\/05\/sergio_cabral_0_widelg.jpg\",\"datePublished\":\"2022-05-24T16:15:00+00:00\",\"breadcrumb\":{\"@id\":\"https:\/\/brasilnoticias.org\/site\/cabral-e-transferido-para-unidade-prisional-do-corpo-de-bombeiros-no-rio\/#breadcrumb\"},\"inLanguage\":\"pt-PT\",\"potentialAction\":[{\"@type\":\"ReadAction\",\"target\":[\"https:\/\/brasilnoticias.org\/site\/cabral-e-transferido-para-unidade-prisional-do-corpo-de-bombeiros-no-rio\/\"]}]},{\"@type\":\"ImageObject\",\"inLanguage\":\"pt-PT\",\"@id\":\"https:\/\/brasilnoticias.org\/site\/cabral-e-transferido-para-unidade-prisional-do-corpo-de-bombeiros-no-rio\/#primaryimage\",\"url\":\"https:\/\/brasilnoticias.org\/site\/wp-content\/uploads\/2022\/05\/sergio_cabral_0_widelg.jpg\",\"contentUrl\":\"https:\/\/brasilnoticias.org\/site\/wp-content\/uploads\/2022\/05\/sergio_cabral_0_widelg.jpg\",\"width\":800,\"height\":450},{\"@type\":\"BreadcrumbList\",\"@id\":\"https:\/\/brasilnoticias.org\/site\/cabral-e-transferido-para-unidade-prisional-do-corpo-de-bombeiros-no-rio\/#breadcrumb\",\"itemListElement\":[{\"@type\":\"ListItem\",\"position\":1,\"name\":\"In\u00edcio\",\"item\":\"https:\/\/brasilnoticias.org\/site\/\"},{\"@type\":\"ListItem\",\"position\":2,\"name\":\"CABRAL \u00c9 TRANSFERIDO PARA UNIDADE PRISIONAL DO CORPO DE BOMBEIROS NO RIO\"}]},{\"@type\":\"WebSite\",\"@id\":\"https:\/\/brasilnoticias.org\/site\/#website\",\"url\":\"https:\/\/brasilnoticias.org\/site\/\",\"name\":\"Brasil not\u00edcias\",\"description\":\"Brasil not\u00edcias\",\"publisher\":{\"@id\":\"https:\/\/brasilnoticias.org\/site\/#organization\"},\"potentialAction\":[{\"@type\":\"SearchAction\",\"target\":{\"@type\":\"EntryPoint\",\"urlTemplate\":\"https:\/\/brasilnoticias.org\/site\/?s={search_term_string}\"},\"query-input\":{\"@type\":\"PropertyValueSpecification\",\"valueRequired\":true,\"valueName\":\"search_term_string\"}}],\"inLanguage\":\"pt-PT\"},{\"@type\":\"Organization\",\"@id\":\"https:\/\/brasilnoticias.org\/site\/#organization\",\"name\":\"Brasil not\u00edcias\",\"url\":\"https:\/\/brasilnoticias.org\/site\/\",\"logo\":{\"@type\":\"ImageObject\",\"inLanguage\":\"pt-PT\",\"@id\":\"https:\/\/brasilnoticias.org\/site\/#\/schema\/logo\/image\/\",\"url\":\"https:\/\/brasilnoticias.org\/site\/wp-content\/uploads\/2022\/05\/cropped-brasilnoticias-mini.jpg\",\"contentUrl\":\"https:\/\/brasilnoticias.org\/site\/wp-content\/uploads\/2022\/05\/cropped-brasilnoticias-mini.jpg\",\"width\":314,\"height\":86,\"caption\":\"Brasil not\u00edcias\"},\"image\":{\"@id\":\"https:\/\/brasilnoticias.org\/site\/#\/schema\/logo\/image\/\"}},{\"@type\":\"Person\",\"@id\":\"https:\/\/brasilnoticias.org\/site\/#\/schema\/person\/f609fa847b5314f1c8b983342f34c798\",\"name\":\"Reda\u00e7\u00e3o\",\"image\":{\"@type\":\"ImageObject\",\"inLanguage\":\"pt-PT\",\"@id\":\"https:\/\/brasilnoticias.org\/site\/#\/schema\/person\/image\/\",\"url\":\"https:\/\/secure.gravatar.com\/avatar\/447284c06c1ad8b46465a36de9cd0d8326b73387a22799b8b1ffb1fbcff2ed0c?s=96&d=mm&r=g\",\"contentUrl\":\"https:\/\/secure.gravatar.com\/avatar\/447284c06c1ad8b46465a36de9cd0d8326b73387a22799b8b1ffb1fbcff2ed0c?s=96&d=mm&r=g\",\"caption\":\"Reda\u00e7\u00e3o\"},\"url\":\"https:\/\/brasilnoticias.org\/site\/author\/redacao\/\"}]}<\/script>\n<!-- \/ Yoast SEO plugin. -->","yoast_head_json":{"title":"CABRAL \u00c9 TRANSFERIDO PARA UNIDADE PRISIONAL DO CORPO DE BOMBEIROS NO RIO - Brasil not\u00edcias","robots":{"index":"index","follow":"follow","max-snippet":"max-snippet:-1","max-image-preview":"max-image-preview:large","max-video-preview":"max-video-preview:-1"},"canonical":"https:\/\/brasilnoticias.org\/site\/cabral-e-transferido-para-unidade-prisional-do-corpo-de-bombeiros-no-rio\/","og_locale":"pt_PT","og_type":"article","og_title":"CABRAL \u00c9 TRANSFERIDO PARA UNIDADE PRISIONAL DO CORPO DE BOMBEIROS NO RIO - Brasil not\u00edcias","og_description":"O ex-governador S\u00e9rgio Cabral foi transferido ontem (23) para o Grupamento Especial Prisional (GEP) do Corpo de Bombeiros, por determina\u00e7\u00e3o","og_url":"https:\/\/brasilnoticias.org\/site\/cabral-e-transferido-para-unidade-prisional-do-corpo-de-bombeiros-no-rio\/","og_site_name":"Brasil not\u00edcias","article_published_time":"2022-05-24T16:15:00+00:00","og_image":[{"width":800,"height":450,"url":"https:\/\/brasilnoticias.org\/site\/wp-content\/uploads\/2022\/05\/sergio_cabral_0_widelg.jpg","type":"image\/jpeg"}],"author":"Reda\u00e7\u00e3o","twitter_card":"summary_large_image","twitter_misc":{"Escrito por":"Reda\u00e7\u00e3o","Tempo estimado de leitura":"1 minuto"},"schema":{"@context":"https:\/\/schema.org","@graph":[{"@type":"Article","@id":"https:\/\/brasilnoticias.org\/site\/cabral-e-transferido-para-unidade-prisional-do-corpo-de-bombeiros-no-rio\/#article","isPartOf":{"@id":"https:\/\/brasilnoticias.org\/site\/cabral-e-transferido-para-unidade-prisional-do-corpo-de-bombeiros-no-rio\/"},"author":{"name":"Reda\u00e7\u00e3o","@id":"https:\/\/brasilnoticias.org\/site\/#\/schema\/person\/f609fa847b5314f1c8b983342f34c798"},"headline":"CABRAL \u00c9 TRANSFERIDO PARA UNIDADE PRISIONAL DO CORPO DE BOMBEIROS NO RIO","datePublished":"2022-05-24T16:15:00+00:00","mainEntityOfPage":{"@id":"https:\/\/brasilnoticias.org\/site\/cabral-e-transferido-para-unidade-prisional-do-corpo-de-bombeiros-no-rio\/"},"wordCount":277,"commentCount":0,"publisher":{"@id":"https:\/\/brasilnoticias.org\/site\/#organization"},"image":{"@id":"https:\/\/brasilnoticias.org\/site\/cabral-e-transferido-para-unidade-prisional-do-corpo-de-bombeiros-no-rio\/#primaryimage"},"thumbnailUrl":"https:\/\/brasilnoticias.org\/site\/wp-content\/uploads\/2022\/05\/sergio_cabral_0_widelg.jpg","articleSection":["Justi\u00e7a","\u00daltimas"],"inLanguage":"pt-PT","potentialAction":[{"@type":"CommentAction","name":"Comment","target":["https:\/\/brasilnoticias.org\/site\/cabral-e-transferido-para-unidade-prisional-do-corpo-de-bombeiros-no-rio\/#respond"]}]},{"@type":"WebPage","@id":"https:\/\/brasilnoticias.org\/site\/cabral-e-transferido-para-unidade-prisional-do-corpo-de-bombeiros-no-rio\/","url":"https:\/\/brasilnoticias.org\/site\/cabral-e-transferido-para-unidade-prisional-do-corpo-de-bombeiros-no-rio\/","name":"CABRAL \u00c9 TRANSFERIDO PARA UNIDADE PRISIONAL DO CORPO DE BOMBEIROS NO RIO - Brasil not\u00edcias","isPartOf":{"@id":"https:\/\/brasilnoticias.org\/site\/#website"},"primaryImageOfPage":{"@id":"https:\/\/brasilnoticias.org\/site\/cabral-e-transferido-para-unidade-prisional-do-corpo-de-bombeiros-no-rio\/#primaryimage"},"image":{"@id":"https:\/\/brasilnoticias.org\/site\/cabral-e-transferido-para-unidade-prisional-do-corpo-de-bombeiros-no-rio\/#primaryimage"},"thumbnailUrl":"https:\/\/brasilnoticias.org\/site\/wp-content\/uploads\/2022\/05\/sergio_cabral_0_widelg.jpg","datePublished":"2022-05-24T16:15:00+00:00","breadcrumb":{"@id":"https:\/\/brasilnoticias.org\/site\/cabral-e-transferido-para-unidade-prisional-do-corpo-de-bombeiros-no-rio\/#breadcrumb"},"inLanguage":"pt-PT","potentialAction":[{"@type":"ReadAction","target":["https:\/\/brasilnoticias.org\/site\/cabral-e-transferido-para-unidade-prisional-do-corpo-de-bombeiros-no-rio\/"]}]},{"@type":"ImageObject","inLanguage":"pt-PT","@id":"https:\/\/brasilnoticias.org\/site\/cabral-e-transferido-para-unidade-prisional-do-corpo-de-bombeiros-no-rio\/#primaryimage","url":"https:\/\/brasilnoticias.org\/site\/wp-content\/uploads\/2022\/05\/sergio_cabral_0_widelg.jpg","contentUrl":"https:\/\/brasilnoticias.org\/site\/wp-content\/uploads\/2022\/05\/sergio_cabral_0_widelg.jpg","width":800,"height":450},{"@type":"BreadcrumbList","@id":"https:\/\/brasilnoticias.org\/site\/cabral-e-transferido-para-unidade-prisional-do-corpo-de-bombeiros-no-rio\/#breadcrumb","itemListElement":[{"@type":"ListItem","position":1,"name":"In\u00edcio","item":"https:\/\/brasilnoticias.org\/site\/"},{"@type":"ListItem","position":2,"name":"CABRAL \u00c9 TRANSFERIDO PARA UNIDADE PRISIONAL DO CORPO DE BOMBEIROS NO RIO"}]},{"@type":"WebSite","@id":"https:\/\/brasilnoticias.org\/site\/#website","url":"https:\/\/brasilnoticias.org\/site\/","name":"Brasil not\u00edcias","description":"Brasil not\u00edcias","publisher":{"@id":"https:\/\/brasilnoticias.org\/site\/#organization"},"potentialAction":[{"@type":"SearchAction","target":{"@type":"EntryPoint","urlTemplate":"https:\/\/brasilnoticias.org\/site\/?s={search_term_string}"},"query-input":{"@type":"PropertyValueSpecification","valueRequired":true,"valueName":"search_term_string"}}],"inLanguage":"pt-PT"},{"@type":"Organization","@id":"https:\/\/brasilnoticias.org\/site\/#organization","name":"Brasil not\u00edcias","url":"https:\/\/brasilnoticias.org\/site\/","logo":{"@type":"ImageObject","inLanguage":"pt-PT","@id":"https:\/\/brasilnoticias.org\/site\/#\/schema\/logo\/image\/","url":"https:\/\/brasilnoticias.org\/site\/wp-content\/uploads\/2022\/05\/cropped-brasilnoticias-mini.jpg","contentUrl":"https:\/\/brasilnoticias.org\/site\/wp-content\/uploads\/2022\/05\/cropped-brasilnoticias-mini.jpg","width":314,"height":86,"caption":"Brasil not\u00edcias"},"image":{"@id":"https:\/\/brasilnoticias.org\/site\/#\/schema\/logo\/image\/"}},{"@type":"Person","@id":"https:\/\/brasilnoticias.org\/site\/#\/schema\/person\/f609fa847b5314f1c8b983342f34c798","name":"Reda\u00e7\u00e3o","image":{"@type":"ImageObject","inLanguage":"pt-PT","@id":"https:\/\/brasilnoticias.org\/site\/#\/schema\/person\/image\/","url":"https:\/\/secure.gravatar.com\/avatar\/447284c06c1ad8b46465a36de9cd0d8326b73387a22799b8b1ffb1fbcff2ed0c?s=96&d=mm&r=g","contentUrl":"https:\/\/secure.gravatar.com\/avatar\/447284c06c1ad8b46465a36de9cd0d8326b73387a22799b8b1ffb1fbcff2ed0c?s=96&d=mm&r=g","caption":"Reda\u00e7\u00e3o"},"url":"https:\/\/brasilnoticias.org\/site\/author\/redacao\/"}]}},"_links":{"self":[{"href":"https:\/\/brasilnoticias.org\/site\/wp-json\/wp\/v2\/posts\/536","targetHints":{"allow":["GET"]}}],"collection":[{"href":"https:\/\/brasilnoticias.org\/site\/wp-json\/wp\/v2\/posts"}],"about":[{"href":"https:\/\/brasilnoticias.org\/site\/wp-json\/wp\/v2\/types\/post"}],"author":[{"embeddable":true,"href":"https:\/\/brasilnoticias.org\/site\/wp-json\/wp\/v2\/users\/2"}],"replies":[{"embeddable":true,"href":"https:\/\/brasilnoticias.org\/site\/wp-json\/wp\/v2\/comments?post=536"}],"version-history":[{"count":1,"href":"https:\/\/brasilnoticias.org\/site\/wp-json\/wp\/v2\/posts\/536\/revisions"}],"predecessor-version":[{"id":538,"href":"https:\/\/brasilnoticias.org\/site\/wp-json\/wp\/v2\/posts\/536\/revisions\/538"}],"wp:featuredmedia":[{"embeddable":true,"href":"https:\/\/brasilnoticias.org\/site\/wp-json\/wp\/v2\/media\/537"}],"wp:attachment":[{"href":"https:\/\/brasilnoticias.org\/site\/wp-json\/wp\/v2\/media?parent=536"}],"wp:term":[{"taxonomy":"category","embeddable":true,"href":"https:\/\/brasilnoticias.org\/site\/wp-json\/wp\/v2\/categories?post=536"},{"taxonomy":"post_tag","embeddable":true,"href":"https:\/\/brasilnoticias.org\/site\/wp-json\/wp\/v2\/tags?post=536"}],"curies":[{"name":"wp","href":"https:\/\/api.w.org\/{rel}","templated":true}]}}